{"id":160453,"date":"2022-01-06T18:00:14","date_gmt":"2022-01-06T17:00:14","guid":{"rendered":"https:\/\/tuzlainfo.ba\/?p=160453"},"modified":"2022-01-06T16:56:48","modified_gmt":"2022-01-06T15:56:48","slug":"produzeni-kolektivni-ugovori-za-djelatnost-osnovnog-i-srednjeg-obrazovanja-u-tk","status":"publish","type":"post","link":"https:\/\/tuzlainfo.ba\/index.php\/novosti\/item\/160453-produzeni-kolektivni-ugovori-za-djelatnost-osnovnog-i-srednjeg-obrazovanja-u-tk\/","title":{"rendered":"Produ\u017eeni kolektivni ugovori za djelatnost osnovnog i srednjeg obrazovanja u TK"},"content":{"rendered":"<p>Ministar obrazovanja i nauke Tuzlanskog kantona Elvis Barakovi\u0107 potpisao je produ\u017eenje kolektivnih ugovora u oblastima osnovnog i srednjeg obrazovanja u Tuzlanskom kantonu sa predsjednikom Samostalnog sindikata radnika osnovnog obrazovanja i odgoja TK Sumedinom Kulovi\u0107em i predsjednikom Sindikata srednjeg i visokog obrazovanja, odgoja, nauke i kulture TK Admirom Terzi\u0107em.<\/p>\n<p>\u201ePotpisivanjem sporazuma o produ\u017eenju kolektivnih ugovora za djelatnost osnovnog i srednjeg obrazovanja, sa pro\u0161irenim pravima radnika sadr\u017eanim u aneksima, pokazana je spremnost Ministarstva i Vlade Tuzlanskog kantona za pobolj\u0161avanje prava radnika u sistemu odgoja i obrazovanja, kao preduslova za unaprje\u0111enje odgoja i obrazovanja, ali i partnerski odnos koji gajimo sa sindikatima. O\u010dekujem da \u0107emo i u narednom periodu imati takav pristup i odnos\u201c, istakao je ministar Barakovi\u0107 ovom prilikom.<\/p>\n<p>Sastavni dio kolektivnih ugovora su ranije potpisani aneksi, koji su u zna\u010dajnoj mjeri pobolj\u0161ali materijalni i nematerijalni status radnika u osnovnim i srednjim \u0161kolama Tuzlanskog kantona. Neke od izmjena ti\u010du se i prava na sistematski pregled svake druge godine. Prekovremenim radom od sada se smatra realizacija nastavnog sata preko norme utvr\u0111ene pedago\u0161kim standardima, kao i nadoknada neodr\u017eanih nastavnih sati uslijed bolovanja.<\/p>\n<p>Pored toga, pro\u0161irena je odredba koja se ti\u010de ote\u017eanih uslova rada, poput rada predmetnih nastavnika u kombinovanom odjeljenju, rada nastavnika pri izradi prilago\u0111enih programa za u\u010denike sa posebnim obrazovnim potrebama, rada nastavnika koji realizuje vi\u0161e od \u010detiri nastavna plana i programa kao i rada nenastavnog osoblja koji rade u dvije \u0161kole ili \u0161kolama sa preko 36 odjeljenja. Tako\u0111er, definisana je i maksimalna naknada radnika za prevoz na posao, koja sada iznosi 350 KM.<\/p>\n<p>\u201ePosljednji Aneks Kolektivnog ugovora za djelatnost osnovnog odgoja i obrazovanja koji je potpisan 14. decembra 2021. godine zna\u010dajno je pobolj\u0161ao status zaposlenih u osnovnom obrazovanju\u201c, rekao je predsjednik Samostalnog sindikata radnika osnovnog obrazovanja i odgoja TK Kulovi\u0107 uz napomenu da va\u017eenje Kolektivnog ugovora isti\u010de po\u010detkom februara 2022. godine te je bilo potrebno ugovor produ\u017eiti zajedno sa Aneksom, sastavnim dijelom Kolektivnog ugovora.<\/p>\n<p>Predsjednik Sindikata srednjeg i visokog obrazovanja, odgoja, nauke i kulture TK Terzi\u0107 je kazao da je potpisivanjem sporazuma o produ\u017eenju va\u017eenja Kolektivnog ugovora za djelatnost srednjeg obrazovanja na podru\u010dju TK uspje\u0161no zavr\u0161en pregovara\u010dki proces koji traje ve\u0107 gotovo tri mjeseca. \u201eSmatramo da je to vrlo va\u017eno iz razloga \u0161to je u Kolektivnom ugovoru sadr\u017eana ve\u0107ina prava koja se ti\u010de radnika u srednjem obrazovanju, po\u010dev od pla\u0107a, naknada, nagrada i svih ostalih nematerijalnih prava, uklju\u010duju\u0107i i ona koja smo definisali i potpisali sa Aneksom Kolektivnog ugovora. Smatramo da je jedan proces zavr\u0161en i mo\u017eemo biti zadovoljni sa ura\u0111enim poslom\u201c \u2013 istakao je Terzi\u0107.<\/p>\n","protected":false},"excerpt":{"rendered":"<p>Ministar obrazovanja i nauke Tuzlanskog kantona Elvis Barakovi\u0107 potpisao je produ\u017eenje kolektivnih ugovora u oblastima&hellip;<\/p>\n","protected":false},"author":4,"featured_media":160454,"comment_status":"open","ping_status":"closed","sticky":false,"template":"","format":"standard","meta":{"_acf_changed":false,"footnotes":""},"categories":[304,12],"tags":[2104,1634,336],"acf":[],"yoast_head":"<!-- This site is optimized with the Yoast SEO plugin v23.5 - https:\/\/yoast.com\/wordpress\/plugins\/seo\/ -->\n<title>Produ\u017eeni kolektivni ugovori za djelatnost osnovnog i srednjeg obrazovanja u TK - TuzlaInfo.ba<\/title>\n<meta name=\"robots\" content=\"index, follow, max-snippet:-1, max-image-preview:large, max-video-preview:-1\" \/>\n<link rel=\"canonical\" href=\"https:\/\/tuzlainfo.ba\/index.php\/novosti\/item\/160453-produzeni-kolektivni-ugovori-za-djelatnost-osnovnog-i-srednjeg-obrazovanja-u-tk\/\" \/>\n<meta property=\"og:locale\" content=\"bs_BA\" \/>\n<meta property=\"og:type\" content=\"article\" \/>\n<meta property=\"og:title\" content=\"Produ\u017eeni kolektivni ugovori za djelatnost osnovnog i srednjeg obrazovanja u TK - TuzlaInfo.ba\" \/>\n<meta property=\"og:description\" content=\"Ministar obrazovanja i nauke Tuzlanskog kantona Elvis Barakovi\u0107 potpisao je produ\u017eenje kolektivnih ugovora u oblastima&hellip;\" \/>\n<meta property=\"og:url\" content=\"https:\/\/tuzlainfo.ba\/index.php\/novosti\/item\/160453-produzeni-kolektivni-ugovori-za-djelatnost-osnovnog-i-srednjeg-obrazovanja-u-tk\/\" \/>\n<meta property=\"og:site_name\" content=\"TuzlaInfo.ba\" \/>\n<meta property=\"article:publisher\" content=\"https:\/\/www.facebook.com\/tuzlainfo.ba\/\" \/>\n<meta property=\"article:published_time\" content=\"2022-01-06T17:00:14+00:00\" \/>\n<meta property=\"article:modified_time\" content=\"2022-01-06T15:56:48+00:00\" \/>\n<meta property=\"og:image\" content=\"https:\/\/tuzlainfo.ba\/wp-content\/uploads\/2022\/01\/0601_aneks-kolektivni-ugovor-1-696x522-1.jpg\" \/>\n\t<meta property=\"og:image:width\" content=\"800\" \/>\n\t<meta property=\"og:image:height\" content=\"600\" \/>\n\t<meta property=\"og:image:type\" content=\"image\/jpeg\" \/>\n<meta name=\"author\" content=\"Tuzla Info\" \/>\n<meta name=\"twitter:card\" content=\"summary_large_image\" \/>\n<meta name=\"twitter:label1\" content=\"Written by\" \/>\n\t<meta name=\"twitter:data1\" content=\"Tuzla Info\" \/>\n\t<meta name=\"twitter:label2\" content=\"Est. reading time\" \/>\n\t<meta name=\"twitter:data2\" content=\"2 minute\" \/>\n<script type=\"application\/ld+json\" class=\"yoast-schema-graph\">{\"@context\":\"https:\/\/schema.org\",\"@graph\":[{\"@type\":\"Article\",\"@id\":\"https:\/\/tuzlainfo.ba\/index.php\/novosti\/item\/160453-produzeni-kolektivni-ugovori-za-djelatnost-osnovnog-i-srednjeg-obrazovanja-u-tk\/#article\",\"isPartOf\":{\"@id\":\"https:\/\/tuzlainfo.ba\/index.php\/novosti\/item\/160453-produzeni-kolektivni-ugovori-za-djelatnost-osnovnog-i-srednjeg-obrazovanja-u-tk\/\"},\"author\":{\"name\":\"Tuzla Info\",\"@id\":\"https:\/\/tuzlainfo.ba\/#\/schema\/person\/46cad4c57790cbc50781edd14870825a\"},\"headline\":\"Produ\u017eeni kolektivni ugovori za djelatnost osnovnog i srednjeg obrazovanja u TK\",\"datePublished\":\"2022-01-06T17:00:14+00:00\",\"dateModified\":\"2022-01-06T15:56:48+00:00\",\"mainEntityOfPage\":{\"@id\":\"https:\/\/tuzlainfo.ba\/index.php\/novosti\/item\/160453-produzeni-kolektivni-ugovori-za-djelatnost-osnovnog-i-srednjeg-obrazovanja-u-tk\/\"},\"wordCount\":465,\"commentCount\":0,\"publisher\":{\"@id\":\"https:\/\/tuzlainfo.ba\/#organization\"},\"image\":{\"@id\":\"https:\/\/tuzlainfo.ba\/index.php\/novosti\/item\/160453-produzeni-kolektivni-ugovori-za-djelatnost-osnovnog-i-srednjeg-obrazovanja-u-tk\/#primaryimage\"},\"thumbnailUrl\":\"https:\/\/tuzlainfo.ba\/wp-content\/uploads\/2022\/01\/0601_aneks-kolektivni-ugovor-1-696x522-1.jpg\",\"keywords\":[\"kolektivni ugovor\",\"obrazovanje\",\"vlada tk\"],\"articleSection\":[\"Istaknuto\",\"Novosti\"],\"inLanguage\":\"bs-BA\"},{\"@type\":\"WebPage\",\"@id\":\"https:\/\/tuzlainfo.ba\/index.php\/novosti\/item\/160453-produzeni-kolektivni-ugovori-za-djelatnost-osnovnog-i-srednjeg-obrazovanja-u-tk\/\",\"url\":\"https:\/\/tuzlainfo.ba\/index.php\/novosti\/item\/160453-produzeni-kolektivni-ugovori-za-djelatnost-osnovnog-i-srednjeg-obrazovanja-u-tk\/\",\"name\":\"Produ\u017eeni kolektivni ugovori za djelatnost osnovnog i srednjeg obrazovanja u TK - TuzlaInfo.ba\",\"isPartOf\":{\"@id\":\"https:\/\/tuzlainfo.ba\/#website\"},\"primaryImageOfPage\":{\"@id\":\"https:\/\/tuzlainfo.ba\/index.php\/novosti\/item\/160453-produzeni-kolektivni-ugovori-za-djelatnost-osnovnog-i-srednjeg-obrazovanja-u-tk\/#primaryimage\"},\"image\":{\"@id\":\"https:\/\/tuzlainfo.ba\/index.php\/novosti\/item\/160453-produzeni-kolektivni-ugovori-za-djelatnost-osnovnog-i-srednjeg-obrazovanja-u-tk\/#primaryimage\"},\"thumbnailUrl\":\"https:\/\/tuzlainfo.ba\/wp-content\/uploads\/2022\/01\/0601_aneks-kolektivni-ugovor-1-696x522-1.jpg\",\"datePublished\":\"2022-01-06T17:00:14+00:00\",\"dateModified\":\"2022-01-06T15:56:48+00:00\",\"breadcrumb\":{\"@id\":\"https:\/\/tuzlainfo.ba\/index.php\/novosti\/item\/160453-produzeni-kolektivni-ugovori-za-djelatnost-osnovnog-i-srednjeg-obrazovanja-u-tk\/#breadcrumb\"},\"inLanguage\":\"bs-BA\",\"potentialAction\":[{\"@type\":\"ReadAction\",\"target\":[\"https:\/\/tuzlainfo.ba\/index.php\/novosti\/item\/160453-produzeni-kolektivni-ugovori-za-djelatnost-osnovnog-i-srednjeg-obrazovanja-u-tk\/\"]}]},{\"@type\":\"ImageObject\",\"inLanguage\":\"bs-BA\",\"@id\":\"https:\/\/tuzlainfo.ba\/index.php\/novosti\/item\/160453-produzeni-kolektivni-ugovori-za-djelatnost-osnovnog-i-srednjeg-obrazovanja-u-tk\/#primaryimage\",\"url\":\"https:\/\/tuzlainfo.ba\/wp-content\/uploads\/2022\/01\/0601_aneks-kolektivni-ugovor-1-696x522-1.jpg\",\"contentUrl\":\"https:\/\/tuzlainfo.ba\/wp-content\/uploads\/2022\/01\/0601_aneks-kolektivni-ugovor-1-696x522-1.jpg\",\"width\":800,\"height\":600},{\"@type\":\"BreadcrumbList\",\"@id\":\"https:\/\/tuzlainfo.ba\/index.php\/novosti\/item\/160453-produzeni-kolektivni-ugovori-za-djelatnost-osnovnog-i-srednjeg-obrazovanja-u-tk\/#breadcrumb\",\"itemListElement\":[{\"@type\":\"ListItem\",\"position\":1,\"name\":\"Home\",\"item\":\"https:\/\/tuzlainfo.ba\/\"},{\"@type\":\"ListItem\",\"position\":2,\"name\":\"Produ\u017eeni kolektivni ugovori za djelatnost osnovnog i srednjeg obrazovanja u TK\"}]},{\"@type\":\"WebSite\",\"@id\":\"https:\/\/tuzlainfo.ba\/#website\",\"url\":\"https:\/\/tuzlainfo.ba\/\",\"name\":\"TuzlaInfo.ba\",\"description\":\"Tuzla info, gradski informator - Tuzla na dlanu\",\"publisher\":{\"@id\":\"https:\/\/tuzlainfo.ba\/#organization\"},\"potentialAction\":[{\"@type\":\"SearchAction\",\"target\":{\"@type\":\"EntryPoint\",\"urlTemplate\":\"https:\/\/tuzlainfo.ba\/?s={search_term_string}\"},\"query-input\":{\"@type\":\"PropertyValueSpecification\",\"valueRequired\":true,\"valueName\":\"search_term_string\"}}],\"inLanguage\":\"bs-BA\"},{\"@type\":\"Organization\",\"@id\":\"https:\/\/tuzlainfo.ba\/#organization\",\"name\":\"TuzlaInfo.ba\",\"url\":\"https:\/\/tuzlainfo.ba\/\",\"logo\":{\"@type\":\"ImageObject\",\"inLanguage\":\"bs-BA\",\"@id\":\"https:\/\/tuzlainfo.ba\/#\/schema\/logo\/image\/\",\"url\":\"https:\/\/tuzlainfo.ba\/wp-content\/uploads\/2021\/03\/logo-ver-3-1.png\",\"contentUrl\":\"https:\/\/tuzlainfo.ba\/wp-content\/uploads\/2021\/03\/logo-ver-3-1.png\",\"width\":350,\"height\":95,\"caption\":\"TuzlaInfo.ba\"},\"image\":{\"@id\":\"https:\/\/tuzlainfo.ba\/#\/schema\/logo\/image\/\"},\"sameAs\":[\"https:\/\/www.facebook.com\/tuzlainfo.ba\/\"]},{\"@type\":\"Person\",\"@id\":\"https:\/\/tuzlainfo.ba\/#\/schema\/person\/46cad4c57790cbc50781edd14870825a\",\"name\":\"Tuzla Info\",\"image\":{\"@type\":\"ImageObject\",\"inLanguage\":\"bs-BA\",\"@id\":\"https:\/\/tuzlainfo.ba\/#\/schema\/person\/image\/\",\"url\":\"https:\/\/tuzlainfo.ba\/wp-content\/litespeed\/avatar\/b6c453a6c38e3654f2e4416c643fc25c.jpg?ver=1777656712\",\"contentUrl\":\"https:\/\/tuzlainfo.ba\/wp-content\/litespeed\/avatar\/b6c453a6c38e3654f2e4416c643fc25c.jpg?ver=1777656712\",\"caption\":\"Tuzla Info\"}}]}<\/script>\n<!-- \/ Yoast SEO plugin. -->","yoast_head_json":{"title":"Produ\u017eeni kolektivni ugovori za djelatnost osnovnog i srednjeg obrazovanja u TK - TuzlaInfo.ba","robots":{"index":"index","follow":"follow","max-snippet":"max-snippet:-1","max-image-preview":"max-image-preview:large","max-video-preview":"max-video-preview:-1"},"canonical":"https:\/\/tuzlainfo.ba\/index.php\/novosti\/item\/160453-produzeni-kolektivni-ugovori-za-djelatnost-osnovnog-i-srednjeg-obrazovanja-u-tk\/","og_locale":"bs_BA","og_type":"article","og_title":"Produ\u017eeni kolektivni ugovori za djelatnost osnovnog i srednjeg obrazovanja u TK - TuzlaInfo.ba","og_description":"Ministar obrazovanja i nauke Tuzlanskog kantona Elvis Barakovi\u0107 potpisao je produ\u017eenje kolektivnih ugovora u oblastima&hellip;","og_url":"https:\/\/tuzlainfo.ba\/index.php\/novosti\/item\/160453-produzeni-kolektivni-ugovori-za-djelatnost-osnovnog-i-srednjeg-obrazovanja-u-tk\/","og_site_name":"TuzlaInfo.ba","article_publisher":"https:\/\/www.facebook.com\/tuzlainfo.ba\/","article_published_time":"2022-01-06T17:00:14+00:00","article_modified_time":"2022-01-06T15:56:48+00:00","og_image":[{"width":800,"height":600,"url":"https:\/\/tuzlainfo.ba\/wp-content\/uploads\/2022\/01\/0601_aneks-kolektivni-ugovor-1-696x522-1.jpg","type":"image\/jpeg"}],"author":"Tuzla Info","twitter_card":"summary_large_image","twitter_misc":{"Written by":"Tuzla Info","Est. reading time":"2 minute"},"schema":{"@context":"https:\/\/schema.org","@graph":[{"@type":"Article","@id":"https:\/\/tuzlainfo.ba\/index.php\/novosti\/item\/160453-produzeni-kolektivni-ugovori-za-djelatnost-osnovnog-i-srednjeg-obrazovanja-u-tk\/#article","isPartOf":{"@id":"https:\/\/tuzlainfo.ba\/index.php\/novosti\/item\/160453-produzeni-kolektivni-ugovori-za-djelatnost-osnovnog-i-srednjeg-obrazovanja-u-tk\/"},"author":{"name":"Tuzla Info","@id":"https:\/\/tuzlainfo.ba\/#\/schema\/person\/46cad4c57790cbc50781edd14870825a"},"headline":"Produ\u017eeni kolektivni ugovori za djelatnost osnovnog i srednjeg obrazovanja u TK","datePublished":"2022-01-06T17:00:14+00:00","dateModified":"2022-01-06T15:56:48+00:00","mainEntityOfPage":{"@id":"https:\/\/tuzlainfo.ba\/index.php\/novosti\/item\/160453-produzeni-kolektivni-ugovori-za-djelatnost-osnovnog-i-srednjeg-obrazovanja-u-tk\/"},"wordCount":465,"commentCount":0,"publisher":{"@id":"https:\/\/tuzlainfo.ba\/#organization"},"image":{"@id":"https:\/\/tuzlainfo.ba\/index.php\/novosti\/item\/160453-produzeni-kolektivni-ugovori-za-djelatnost-osnovnog-i-srednjeg-obrazovanja-u-tk\/#primaryimage"},"thumbnailUrl":"https:\/\/tuzlainfo.ba\/wp-content\/uploads\/2022\/01\/0601_aneks-kolektivni-ugovor-1-696x522-1.jpg","keywords":["kolektivni ugovor","obrazovanje","vlada tk"],"articleSection":["Istaknuto","Novosti"],"inLanguage":"bs-BA"},{"@type":"WebPage","@id":"https:\/\/tuzlainfo.ba\/index.php\/novosti\/item\/160453-produzeni-kolektivni-ugovori-za-djelatnost-osnovnog-i-srednjeg-obrazovanja-u-tk\/","url":"https:\/\/tuzlainfo.ba\/index.php\/novosti\/item\/160453-produzeni-kolektivni-ugovori-za-djelatnost-osnovnog-i-srednjeg-obrazovanja-u-tk\/","name":"Produ\u017eeni kolektivni ugovori za djelatnost osnovnog i srednjeg obrazovanja u TK - TuzlaInfo.ba","isPartOf":{"@id":"https:\/\/tuzlainfo.ba\/#website"},"primaryImageOfPage":{"@id":"https:\/\/tuzlainfo.ba\/index.php\/novosti\/item\/160453-produzeni-kolektivni-ugovori-za-djelatnost-osnovnog-i-srednjeg-obrazovanja-u-tk\/#primaryimage"},"image":{"@id":"https:\/\/tuzlainfo.ba\/index.php\/novosti\/item\/160453-produzeni-kolektivni-ugovori-za-djelatnost-osnovnog-i-srednjeg-obrazovanja-u-tk\/#primaryimage"},"thumbnailUrl":"https:\/\/tuzlainfo.ba\/wp-content\/uploads\/2022\/01\/0601_aneks-kolektivni-ugovor-1-696x522-1.jpg","datePublished":"2022-01-06T17:00:14+00:00","dateModified":"2022-01-06T15:56:48+00:00","breadcrumb":{"@id":"https:\/\/tuzlainfo.ba\/index.php\/novosti\/item\/160453-produzeni-kolektivni-ugovori-za-djelatnost-osnovnog-i-srednjeg-obrazovanja-u-tk\/#breadcrumb"},"inLanguage":"bs-BA","potentialAction":[{"@type":"ReadAction","target":["https:\/\/tuzlainfo.ba\/index.php\/novosti\/item\/160453-produzeni-kolektivni-ugovori-za-djelatnost-osnovnog-i-srednjeg-obrazovanja-u-tk\/"]}]},{"@type":"ImageObject","inLanguage":"bs-BA","@id":"https:\/\/tuzlainfo.ba\/index.php\/novosti\/item\/160453-produzeni-kolektivni-ugovori-za-djelatnost-osnovnog-i-srednjeg-obrazovanja-u-tk\/#primaryimage","url":"https:\/\/tuzlainfo.ba\/wp-content\/uploads\/2022\/01\/0601_aneks-kolektivni-ugovor-1-696x522-1.jpg","contentUrl":"https:\/\/tuzlainfo.ba\/wp-content\/uploads\/2022\/01\/0601_aneks-kolektivni-ugovor-1-696x522-1.jpg","width":800,"height":600},{"@type":"BreadcrumbList","@id":"https:\/\/tuzlainfo.ba\/index.php\/novosti\/item\/160453-produzeni-kolektivni-ugovori-za-djelatnost-osnovnog-i-srednjeg-obrazovanja-u-tk\/#breadcrumb","itemListElement":[{"@type":"ListItem","position":1,"name":"Home","item":"https:\/\/tuzlainfo.ba\/"},{"@type":"ListItem","position":2,"name":"Produ\u017eeni kolektivni ugovori za djelatnost osnovnog i srednjeg obrazovanja u TK"}]},{"@type":"WebSite","@id":"https:\/\/tuzlainfo.ba\/#website","url":"https:\/\/tuzlainfo.ba\/","name":"TuzlaInfo.ba","description":"Tuzla info, gradski informator - Tuzla na dlanu","publisher":{"@id":"https:\/\/tuzlainfo.ba\/#organization"},"potentialAction":[{"@type":"SearchAction","target":{"@type":"EntryPoint","urlTemplate":"https:\/\/tuzlainfo.ba\/?s={search_term_string}"},"query-input":{"@type":"PropertyValueSpecification","valueRequired":true,"valueName":"search_term_string"}}],"inLanguage":"bs-BA"},{"@type":"Organization","@id":"https:\/\/tuzlainfo.ba\/#organization","name":"TuzlaInfo.ba","url":"https:\/\/tuzlainfo.ba\/","logo":{"@type":"ImageObject","inLanguage":"bs-BA","@id":"https:\/\/tuzlainfo.ba\/#\/schema\/logo\/image\/","url":"https:\/\/tuzlainfo.ba\/wp-content\/uploads\/2021\/03\/logo-ver-3-1.png","contentUrl":"https:\/\/tuzlainfo.ba\/wp-content\/uploads\/2021\/03\/logo-ver-3-1.png","width":350,"height":95,"caption":"TuzlaInfo.ba"},"image":{"@id":"https:\/\/tuzlainfo.ba\/#\/schema\/logo\/image\/"},"sameAs":["https:\/\/www.facebook.com\/tuzlainfo.ba\/"]},{"@type":"Person","@id":"https:\/\/tuzlainfo.ba\/#\/schema\/person\/46cad4c57790cbc50781edd14870825a","name":"Tuzla Info","image":{"@type":"ImageObject","inLanguage":"bs-BA","@id":"https:\/\/tuzlainfo.ba\/#\/schema\/person\/image\/","url":"https:\/\/tuzlainfo.ba\/wp-content\/litespeed\/avatar\/b6c453a6c38e3654f2e4416c643fc25c.jpg?ver=1777656712","contentUrl":"https:\/\/tuzlainfo.ba\/wp-content\/litespeed\/avatar\/b6c453a6c38e3654f2e4416c643fc25c.jpg?ver=1777656712","caption":"Tuzla Info"}}]}},"_links":{"self":[{"href":"https:\/\/tuzlainfo.ba\/index.php\/wp-json\/wp\/v2\/posts\/160453"}],"collection":[{"href":"https:\/\/tuzlainfo.ba\/index.php\/wp-json\/wp\/v2\/posts"}],"about":[{"href":"https:\/\/tuzlainfo.ba\/index.php\/wp-json\/wp\/v2\/types\/post"}],"author":[{"embeddable":true,"href":"https:\/\/tuzlainfo.ba\/index.php\/wp-json\/wp\/v2\/users\/4"}],"replies":[{"embeddable":true,"href":"https:\/\/tuzlainfo.ba\/index.php\/wp-json\/wp\/v2\/comments?post=160453"}],"version-history":[{"count":0,"href":"https:\/\/tuzlainfo.ba\/index.php\/wp-json\/wp\/v2\/posts\/160453\/revisions"}],"wp:featuredmedia":[{"embeddable":true,"href":"https:\/\/tuzlainfo.ba\/index.php\/wp-json\/wp\/v2\/media\/160454"}],"wp:attachment":[{"href":"https:\/\/tuzlainfo.ba\/index.php\/wp-json\/wp\/v2\/media?parent=160453"}],"wp:term":[{"taxonomy":"category","embeddable":true,"href":"https:\/\/tuzlainfo.ba\/index.php\/wp-json\/wp\/v2\/categories?post=160453"},{"taxonomy":"post_tag","embeddable":true,"href":"https:\/\/tuzlainfo.ba\/index.php\/wp-json\/wp\/v2\/tags?post=160453"}],"curies":[{"name":"wp","href":"https:\/\/api.w.org\/{rel}","templated":true}]}}