{"id":160199,"date":"2022-01-04T09:50:42","date_gmt":"2022-01-04T08:50:42","guid":{"rendered":"https:\/\/tuzlainfo.ba\/?p=160199"},"modified":"2022-01-04T09:50:42","modified_gmt":"2022-01-04T08:50:42","slug":"grlic-radman-danas-dolazi-u-bih-u-sarajevu-tek-sutra","status":"publish","type":"post","link":"https:\/\/tuzlainfo.ba\/index.php\/uncategorized\/item\/160199-grlic-radman-danas-dolazi-u-bih-u-sarajevu-tek-sutra\/","title":{"rendered":"Grli\u0107-Radman danas dolazi u BiH, u Sarajevu tek sutra"},"content":{"rendered":"<p>Hrvatski ministar vanjskih poslova Gordan Grli\u0107-Radman danas dolazi u slu\u017ebenu posjetu Bosni i Hercegovini.<\/p>\n<p>Hrvatski \u0161ef diplomatije u 16:25 sati polo\u017eit \u0107e cvije\u0107e na spomen-obilje\u017eju u Kri\u017ean\u010devom Selu, potom \u0107e posjetiti Franjeva\u010dki samostan sv. Franje Asi\u0161kog da bi se kasnije u Vitezu sastao s predstavnicima lokalne vlasti.<\/p>\n<p>Sutra ujutru planiran je sastanak u Ministarstvu vanjskih poslova s ministricom Biserom Turkovi\u0107, potom sastanak s fra Jozom Marin\u010di\u0107em, provincijalom Bosne Srebrene, kao i susret s kardinalom Vinkom Pulji\u0107em, pi\u0161e Klix.<\/p>\n<p>Grli\u0107-Radman popodne je u Mostaru, a trebao bi se susresti s gradona\u010delnikom Marijem Kordi\u0107em.<\/p>\n<p>Nakon toga zakazan je sastanak s msgr. Petrom Pali\u0107em, biskupom mostarsko-duvanjskim i apostolskim upraviteljem trebinjsko-mrkanskim. Nakon toga trebao bi se susresti i s fra Miljenkom \u0160tekom, provincijalom Hercegova\u010dke franjeva\u010dke provincije Uznesenja Bla\u017eene Djevice Marije i predstojnikom unije franjeva\u010dkih provincijala Evrope.<\/p>\n","protected":false},"excerpt":{"rendered":"<p>Hrvatski ministar vanjskih poslova Gordan Grli\u0107-Radman danas dolazi u slu\u017ebenu posjetu Bosni i Hercegovini. Hrvatski&hellip;<\/p>\n","protected":false},"author":4,"featured_media":142749,"comment_status":"open","ping_status":"closed","sticky":false,"template":"","format":"standard","meta":{"_acf_changed":false,"footnotes":""},"categories":[291,1],"tags":[2043,2329],"acf":[],"yoast_head":"<!-- This site is optimized with the Yoast SEO plugin v23.5 - https:\/\/yoast.com\/wordpress\/plugins\/seo\/ -->\n<title>Grli\u0107-Radman danas dolazi u BiH, u Sarajevu tek sutra - TuzlaInfo.ba<\/title>\n<meta name=\"robots\" content=\"index, follow, max-snippet:-1, max-image-preview:large, max-video-preview:-1\" \/>\n<link rel=\"canonical\" href=\"https:\/\/tuzlainfo.ba\/index.php\/uncategorized\/item\/160199-grlic-radman-danas-dolazi-u-bih-u-sarajevu-tek-sutra\/\" \/>\n<meta property=\"og:locale\" content=\"bs_BA\" \/>\n<meta property=\"og:type\" content=\"article\" \/>\n<meta property=\"og:title\" content=\"Grli\u0107-Radman danas dolazi u BiH, u Sarajevu tek sutra - TuzlaInfo.ba\" \/>\n<meta property=\"og:description\" content=\"Hrvatski ministar vanjskih poslova Gordan Grli\u0107-Radman danas dolazi u slu\u017ebenu posjetu Bosni i Hercegovini. Hrvatski&hellip;\" \/>\n<meta property=\"og:url\" content=\"https:\/\/tuzlainfo.ba\/index.php\/uncategorized\/item\/160199-grlic-radman-danas-dolazi-u-bih-u-sarajevu-tek-sutra\/\" \/>\n<meta property=\"og:site_name\" content=\"TuzlaInfo.ba\" \/>\n<meta property=\"article:publisher\" content=\"https:\/\/www.facebook.com\/tuzlainfo.ba\/\" \/>\n<meta property=\"article:published_time\" content=\"2022-01-04T08:50:42+00:00\" \/>\n<meta property=\"og:image\" content=\"https:\/\/tuzlainfo.ba\/wp-content\/uploads\/2021\/07\/2307_grlic-radman.jpg\" \/>\n\t<meta property=\"og:image:width\" content=\"864\" \/>\n\t<meta property=\"og:image:height\" content=\"486\" \/>\n\t<meta property=\"og:image:type\" content=\"image\/jpeg\" \/>\n<meta name=\"author\" content=\"Tuzla Info\" \/>\n<meta name=\"twitter:card\" content=\"summary_large_image\" \/>\n<meta name=\"twitter:label1\" content=\"Written by\" \/>\n\t<meta name=\"twitter:data1\" content=\"Tuzla Info\" \/>\n\t<meta name=\"twitter:label2\" content=\"Est. reading time\" \/>\n\t<meta name=\"twitter:data2\" content=\"1 minuta\" \/>\n<script type=\"application\/ld+json\" class=\"yoast-schema-graph\">{\"@context\":\"https:\/\/schema.org\",\"@graph\":[{\"@type\":\"Article\",\"@id\":\"https:\/\/tuzlainfo.ba\/index.php\/uncategorized\/item\/160199-grlic-radman-danas-dolazi-u-bih-u-sarajevu-tek-sutra\/#article\",\"isPartOf\":{\"@id\":\"https:\/\/tuzlainfo.ba\/index.php\/uncategorized\/item\/160199-grlic-radman-danas-dolazi-u-bih-u-sarajevu-tek-sutra\/\"},\"author\":{\"name\":\"Tuzla Info\",\"@id\":\"https:\/\/tuzlainfo.ba\/#\/schema\/person\/46cad4c57790cbc50781edd14870825a\"},\"headline\":\"Grli\u0107-Radman danas dolazi u BiH, u Sarajevu tek sutra\",\"datePublished\":\"2022-01-04T08:50:42+00:00\",\"dateModified\":\"2022-01-04T08:50:42+00:00\",\"mainEntityOfPage\":{\"@id\":\"https:\/\/tuzlainfo.ba\/index.php\/uncategorized\/item\/160199-grlic-radman-danas-dolazi-u-bih-u-sarajevu-tek-sutra\/\"},\"wordCount\":162,\"commentCount\":0,\"publisher\":{\"@id\":\"https:\/\/tuzlainfo.ba\/#organization\"},\"image\":{\"@id\":\"https:\/\/tuzlainfo.ba\/index.php\/uncategorized\/item\/160199-grlic-radman-danas-dolazi-u-bih-u-sarajevu-tek-sutra\/#primaryimage\"},\"thumbnailUrl\":\"https:\/\/tuzlainfo.ba\/wp-content\/uploads\/2021\/07\/2307_grlic-radman.jpg\",\"keywords\":[\"grli\u0107-radman\",\"posjeta bih\"],\"articleSection\":[\"Bosna i Hercegovina\",\"Uncategorized\"],\"inLanguage\":\"bs-BA\"},{\"@type\":\"WebPage\",\"@id\":\"https:\/\/tuzlainfo.ba\/index.php\/uncategorized\/item\/160199-grlic-radman-danas-dolazi-u-bih-u-sarajevu-tek-sutra\/\",\"url\":\"https:\/\/tuzlainfo.ba\/index.php\/uncategorized\/item\/160199-grlic-radman-danas-dolazi-u-bih-u-sarajevu-tek-sutra\/\",\"name\":\"Grli\u0107-Radman danas dolazi u BiH, u Sarajevu tek sutra - TuzlaInfo.ba\",\"isPartOf\":{\"@id\":\"https:\/\/tuzlainfo.ba\/#website\"},\"primaryImageOfPage\":{\"@id\":\"https:\/\/tuzlainfo.ba\/index.php\/uncategorized\/item\/160199-grlic-radman-danas-dolazi-u-bih-u-sarajevu-tek-sutra\/#primaryimage\"},\"image\":{\"@id\":\"https:\/\/tuzlainfo.ba\/index.php\/uncategorized\/item\/160199-grlic-radman-danas-dolazi-u-bih-u-sarajevu-tek-sutra\/#primaryimage\"},\"thumbnailUrl\":\"https:\/\/tuzlainfo.ba\/wp-content\/uploads\/2021\/07\/2307_grlic-radman.jpg\",\"datePublished\":\"2022-01-04T08:50:42+00:00\",\"dateModified\":\"2022-01-04T08:50:42+00:00\",\"breadcrumb\":{\"@id\":\"https:\/\/tuzlainfo.ba\/index.php\/uncategorized\/item\/160199-grlic-radman-danas-dolazi-u-bih-u-sarajevu-tek-sutra\/#breadcrumb\"},\"inLanguage\":\"bs-BA\",\"potentialAction\":[{\"@type\":\"ReadAction\",\"target\":[\"https:\/\/tuzlainfo.ba\/index.php\/uncategorized\/item\/160199-grlic-radman-danas-dolazi-u-bih-u-sarajevu-tek-sutra\/\"]}]},{\"@type\":\"ImageObject\",\"inLanguage\":\"bs-BA\",\"@id\":\"https:\/\/tuzlainfo.ba\/index.php\/uncategorized\/item\/160199-grlic-radman-danas-dolazi-u-bih-u-sarajevu-tek-sutra\/#primaryimage\",\"url\":\"https:\/\/tuzlainfo.ba\/wp-content\/uploads\/2021\/07\/2307_grlic-radman.jpg\",\"contentUrl\":\"https:\/\/tuzlainfo.ba\/wp-content\/uploads\/2021\/07\/2307_grlic-radman.jpg\",\"width\":864,\"height\":486},{\"@type\":\"BreadcrumbList\",\"@id\":\"https:\/\/tuzlainfo.ba\/index.php\/uncategorized\/item\/160199-grlic-radman-danas-dolazi-u-bih-u-sarajevu-tek-sutra\/#breadcrumb\",\"itemListElement\":[{\"@type\":\"ListItem\",\"position\":1,\"name\":\"Home\",\"item\":\"https:\/\/tuzlainfo.ba\/\"},{\"@type\":\"ListItem\",\"position\":2,\"name\":\"Grli\u0107-Radman danas dolazi u BiH, u Sarajevu tek sutra\"}]},{\"@type\":\"WebSite\",\"@id\":\"https:\/\/tuzlainfo.ba\/#website\",\"url\":\"https:\/\/tuzlainfo.ba\/\",\"name\":\"TuzlaInfo.ba\",\"description\":\"Tuzla info, gradski informator - Tuzla na dlanu\",\"publisher\":{\"@id\":\"https:\/\/tuzlainfo.ba\/#organization\"},\"potentialAction\":[{\"@type\":\"SearchAction\",\"target\":{\"@type\":\"EntryPoint\",\"urlTemplate\":\"https:\/\/tuzlainfo.ba\/?s={search_term_string}\"},\"query-input\":{\"@type\":\"PropertyValueSpecification\",\"valueRequired\":true,\"valueName\":\"search_term_string\"}}],\"inLanguage\":\"bs-BA\"},{\"@type\":\"Organization\",\"@id\":\"https:\/\/tuzlainfo.ba\/#organization\",\"name\":\"TuzlaInfo.ba\",\"url\":\"https:\/\/tuzlainfo.ba\/\",\"logo\":{\"@type\":\"ImageObject\",\"inLanguage\":\"bs-BA\",\"@id\":\"https:\/\/tuzlainfo.ba\/#\/schema\/logo\/image\/\",\"url\":\"https:\/\/tuzlainfo.ba\/wp-content\/uploads\/2021\/03\/logo-ver-3-1.png\",\"contentUrl\":\"https:\/\/tuzlainfo.ba\/wp-content\/uploads\/2021\/03\/logo-ver-3-1.png\",\"width\":350,\"height\":95,\"caption\":\"TuzlaInfo.ba\"},\"image\":{\"@id\":\"https:\/\/tuzlainfo.ba\/#\/schema\/logo\/image\/\"},\"sameAs\":[\"https:\/\/www.facebook.com\/tuzlainfo.ba\/\"]},{\"@type\":\"Person\",\"@id\":\"https:\/\/tuzlainfo.ba\/#\/schema\/person\/46cad4c57790cbc50781edd14870825a\",\"name\":\"Tuzla Info\",\"image\":{\"@type\":\"ImageObject\",\"inLanguage\":\"bs-BA\",\"@id\":\"https:\/\/tuzlainfo.ba\/#\/schema\/person\/image\/\",\"url\":\"https:\/\/tuzlainfo.ba\/wp-content\/litespeed\/avatar\/b6c453a6c38e3654f2e4416c643fc25c.jpg?ver=1777051911\",\"contentUrl\":\"https:\/\/tuzlainfo.ba\/wp-content\/litespeed\/avatar\/b6c453a6c38e3654f2e4416c643fc25c.jpg?ver=1777051911\",\"caption\":\"Tuzla Info\"}}]}<\/script>\n<!-- \/ Yoast SEO plugin. -->","yoast_head_json":{"title":"Grli\u0107-Radman danas dolazi u BiH, u Sarajevu tek sutra - TuzlaInfo.ba","robots":{"index":"index","follow":"follow","max-snippet":"max-snippet:-1","max-image-preview":"max-image-preview:large","max-video-preview":"max-video-preview:-1"},"canonical":"https:\/\/tuzlainfo.ba\/index.php\/uncategorized\/item\/160199-grlic-radman-danas-dolazi-u-bih-u-sarajevu-tek-sutra\/","og_locale":"bs_BA","og_type":"article","og_title":"Grli\u0107-Radman danas dolazi u BiH, u Sarajevu tek sutra - TuzlaInfo.ba","og_description":"Hrvatski ministar vanjskih poslova Gordan Grli\u0107-Radman danas dolazi u slu\u017ebenu posjetu Bosni i Hercegovini. Hrvatski&hellip;","og_url":"https:\/\/tuzlainfo.ba\/index.php\/uncategorized\/item\/160199-grlic-radman-danas-dolazi-u-bih-u-sarajevu-tek-sutra\/","og_site_name":"TuzlaInfo.ba","article_publisher":"https:\/\/www.facebook.com\/tuzlainfo.ba\/","article_published_time":"2022-01-04T08:50:42+00:00","og_image":[{"width":864,"height":486,"url":"https:\/\/tuzlainfo.ba\/wp-content\/uploads\/2021\/07\/2307_grlic-radman.jpg","type":"image\/jpeg"}],"author":"Tuzla Info","twitter_card":"summary_large_image","twitter_misc":{"Written by":"Tuzla Info","Est. reading time":"1 minuta"},"schema":{"@context":"https:\/\/schema.org","@graph":[{"@type":"Article","@id":"https:\/\/tuzlainfo.ba\/index.php\/uncategorized\/item\/160199-grlic-radman-danas-dolazi-u-bih-u-sarajevu-tek-sutra\/#article","isPartOf":{"@id":"https:\/\/tuzlainfo.ba\/index.php\/uncategorized\/item\/160199-grlic-radman-danas-dolazi-u-bih-u-sarajevu-tek-sutra\/"},"author":{"name":"Tuzla Info","@id":"https:\/\/tuzlainfo.ba\/#\/schema\/person\/46cad4c57790cbc50781edd14870825a"},"headline":"Grli\u0107-Radman danas dolazi u BiH, u Sarajevu tek sutra","datePublished":"2022-01-04T08:50:42+00:00","dateModified":"2022-01-04T08:50:42+00:00","mainEntityOfPage":{"@id":"https:\/\/tuzlainfo.ba\/index.php\/uncategorized\/item\/160199-grlic-radman-danas-dolazi-u-bih-u-sarajevu-tek-sutra\/"},"wordCount":162,"commentCount":0,"publisher":{"@id":"https:\/\/tuzlainfo.ba\/#organization"},"image":{"@id":"https:\/\/tuzlainfo.ba\/index.php\/uncategorized\/item\/160199-grlic-radman-danas-dolazi-u-bih-u-sarajevu-tek-sutra\/#primaryimage"},"thumbnailUrl":"https:\/\/tuzlainfo.ba\/wp-content\/uploads\/2021\/07\/2307_grlic-radman.jpg","keywords":["grli\u0107-radman","posjeta bih"],"articleSection":["Bosna i Hercegovina","Uncategorized"],"inLanguage":"bs-BA"},{"@type":"WebPage","@id":"https:\/\/tuzlainfo.ba\/index.php\/uncategorized\/item\/160199-grlic-radman-danas-dolazi-u-bih-u-sarajevu-tek-sutra\/","url":"https:\/\/tuzlainfo.ba\/index.php\/uncategorized\/item\/160199-grlic-radman-danas-dolazi-u-bih-u-sarajevu-tek-sutra\/","name":"Grli\u0107-Radman danas dolazi u BiH, u Sarajevu tek sutra - TuzlaInfo.ba","isPartOf":{"@id":"https:\/\/tuzlainfo.ba\/#website"},"primaryImageOfPage":{"@id":"https:\/\/tuzlainfo.ba\/index.php\/uncategorized\/item\/160199-grlic-radman-danas-dolazi-u-bih-u-sarajevu-tek-sutra\/#primaryimage"},"image":{"@id":"https:\/\/tuzlainfo.ba\/index.php\/uncategorized\/item\/160199-grlic-radman-danas-dolazi-u-bih-u-sarajevu-tek-sutra\/#primaryimage"},"thumbnailUrl":"https:\/\/tuzlainfo.ba\/wp-content\/uploads\/2021\/07\/2307_grlic-radman.jpg","datePublished":"2022-01-04T08:50:42+00:00","dateModified":"2022-01-04T08:50:42+00:00","breadcrumb":{"@id":"https:\/\/tuzlainfo.ba\/index.php\/uncategorized\/item\/160199-grlic-radman-danas-dolazi-u-bih-u-sarajevu-tek-sutra\/#breadcrumb"},"inLanguage":"bs-BA","potentialAction":[{"@type":"ReadAction","target":["https:\/\/tuzlainfo.ba\/index.php\/uncategorized\/item\/160199-grlic-radman-danas-dolazi-u-bih-u-sarajevu-tek-sutra\/"]}]},{"@type":"ImageObject","inLanguage":"bs-BA","@id":"https:\/\/tuzlainfo.ba\/index.php\/uncategorized\/item\/160199-grlic-radman-danas-dolazi-u-bih-u-sarajevu-tek-sutra\/#primaryimage","url":"https:\/\/tuzlainfo.ba\/wp-content\/uploads\/2021\/07\/2307_grlic-radman.jpg","contentUrl":"https:\/\/tuzlainfo.ba\/wp-content\/uploads\/2021\/07\/2307_grlic-radman.jpg","width":864,"height":486},{"@type":"BreadcrumbList","@id":"https:\/\/tuzlainfo.ba\/index.php\/uncategorized\/item\/160199-grlic-radman-danas-dolazi-u-bih-u-sarajevu-tek-sutra\/#breadcrumb","itemListElement":[{"@type":"ListItem","position":1,"name":"Home","item":"https:\/\/tuzlainfo.ba\/"},{"@type":"ListItem","position":2,"name":"Grli\u0107-Radman danas dolazi u BiH, u Sarajevu tek sutra"}]},{"@type":"WebSite","@id":"https:\/\/tuzlainfo.ba\/#website","url":"https:\/\/tuzlainfo.ba\/","name":"TuzlaInfo.ba","description":"Tuzla info, gradski informator - Tuzla na dlanu","publisher":{"@id":"https:\/\/tuzlainfo.ba\/#organization"},"potentialAction":[{"@type":"SearchAction","target":{"@type":"EntryPoint","urlTemplate":"https:\/\/tuzlainfo.ba\/?s={search_term_string}"},"query-input":{"@type":"PropertyValueSpecification","valueRequired":true,"valueName":"search_term_string"}}],"inLanguage":"bs-BA"},{"@type":"Organization","@id":"https:\/\/tuzlainfo.ba\/#organization","name":"TuzlaInfo.ba","url":"https:\/\/tuzlainfo.ba\/","logo":{"@type":"ImageObject","inLanguage":"bs-BA","@id":"https:\/\/tuzlainfo.ba\/#\/schema\/logo\/image\/","url":"https:\/\/tuzlainfo.ba\/wp-content\/uploads\/2021\/03\/logo-ver-3-1.png","contentUrl":"https:\/\/tuzlainfo.ba\/wp-content\/uploads\/2021\/03\/logo-ver-3-1.png","width":350,"height":95,"caption":"TuzlaInfo.ba"},"image":{"@id":"https:\/\/tuzlainfo.ba\/#\/schema\/logo\/image\/"},"sameAs":["https:\/\/www.facebook.com\/tuzlainfo.ba\/"]},{"@type":"Person","@id":"https:\/\/tuzlainfo.ba\/#\/schema\/person\/46cad4c57790cbc50781edd14870825a","name":"Tuzla Info","image":{"@type":"ImageObject","inLanguage":"bs-BA","@id":"https:\/\/tuzlainfo.ba\/#\/schema\/person\/image\/","url":"https:\/\/tuzlainfo.ba\/wp-content\/litespeed\/avatar\/b6c453a6c38e3654f2e4416c643fc25c.jpg?ver=1777051911","contentUrl":"https:\/\/tuzlainfo.ba\/wp-content\/litespeed\/avatar\/b6c453a6c38e3654f2e4416c643fc25c.jpg?ver=1777051911","caption":"Tuzla Info"}}]}},"_links":{"self":[{"href":"https:\/\/tuzlainfo.ba\/index.php\/wp-json\/wp\/v2\/posts\/160199"}],"collection":[{"href":"https:\/\/tuzlainfo.ba\/index.php\/wp-json\/wp\/v2\/posts"}],"about":[{"href":"https:\/\/tuzlainfo.ba\/index.php\/wp-json\/wp\/v2\/types\/post"}],"author":[{"embeddable":true,"href":"https:\/\/tuzlainfo.ba\/index.php\/wp-json\/wp\/v2\/users\/4"}],"replies":[{"embeddable":true,"href":"https:\/\/tuzlainfo.ba\/index.php\/wp-json\/wp\/v2\/comments?post=160199"}],"version-history":[{"count":0,"href":"https:\/\/tuzlainfo.ba\/index.php\/wp-json\/wp\/v2\/posts\/160199\/revisions"}],"wp:featuredmedia":[{"embeddable":true,"href":"https:\/\/tuzlainfo.ba\/index.php\/wp-json\/wp\/v2\/media\/142749"}],"wp:attachment":[{"href":"https:\/\/tuzlainfo.ba\/index.php\/wp-json\/wp\/v2\/media?parent=160199"}],"wp:term":[{"taxonomy":"category","embeddable":true,"href":"https:\/\/tuzlainfo.ba\/index.php\/wp-json\/wp\/v2\/categories?post=160199"},{"taxonomy":"post_tag","embeddable":true,"href":"https:\/\/tuzlainfo.ba\/index.php\/wp-json\/wp\/v2\/tags?post=160199"}],"curies":[{"name":"wp","href":"https:\/\/api.w.org\/{rel}","templated":true}]}}