{"id":160121,"date":"2022-01-03T15:00:40","date_gmt":"2022-01-03T14:00:40","guid":{"rendered":"https:\/\/tuzlainfo.ba\/?p=160121"},"modified":"2022-01-03T10:50:44","modified_gmt":"2022-01-03T09:50:44","slug":"odrzana-5-manifestacija-bijader-atic-sahovska-legenda-tuzle","status":"publish","type":"post","link":"https:\/\/tuzlainfo.ba\/index.php\/novosti\/item\/160121-odrzana-5-manifestacija-bijader-atic-sahovska-legenda-tuzle\/","title":{"rendered":"Odr\u017eana 5. Manifestacija \u201cBIJADER ATI\u0106 \u2013 \u0160AHOVSKA LEGENDA TUZLE\u201c"},"content":{"rendered":"<p>U petak 31.12.2021. godine zavr\u0161rena je 5. Manifestacija \u201cBIJADER ATI\u0106 \u2013 \u0160AHOVSKA LEGENDA TUZLE\u201c. Na programu manifestacije je bilo 6. Brzopotezno prvenstvo T\u0160K-a \u201cSloboda\u201c. Ovom manifestacijom rukovodstvo kluba se na skroman na\u010din odu\u017euje rahmetli Bijaderu Ati\u0107u koji je 30 godina radio u klubu za afirmaciju \u0161aha.<\/p>\n<p>Brzopotezni turnir je pozivnog tipa i direktan poziv za u\u010de\u0161\u0107e su dobili slede\u0107i igra\u010di: Sabahudin Buljuba\u0161i\u0107 (Fide majstor), Igor Ivelji\u0107 (Fide majstor), Adnan Karahmetovi\u0107 (Fide majstor), Mirza Avdi\u0107 (majstorski kandidat), Mirza Atli\u0107 (majstorski kandidat), Malki\u0107 Jusuf (majstorski kandidat), Ermina Smajlovi\u0107 (majstorski kandidat), Stjepan Paligori\u0107 (majstorski kandidat), Ehlimana Babaji\u0107 (I kategorija) i Andrija Obad (Fide majstor). Otkazom u zadnjim trenutcima Andriju obada je zamijenio kadet T\u0160K \u201cSloboda\u201c, Tanaskovi\u0107 David.<\/p>\n<p>Titulu sa petog prvenstva kluba brani Fide majstor Sabahudin Buljuba\u0161i\u0107.<\/p>\n<p>Tempo igre 5 minuta plus tri sekunde bonifikacije za svaki odigrani potez. Organizotor je obezbijedio i 6 nagrada za najuspje\u0161nije.<\/p>\n<p>Prvak je Adnan Karahmetovi\u0107 koji je turnir zavr\u0161io sa 8,5 poena. Igor Ivelji\u0107 je uspio da sprije\u010di presjednika kluba da napravi sto postotni rezultat. Pro\u0161logodi\u0161nji pobjednik, Sabahudin Buljuba\u0161i\u0107 se morao zadovoljiti sa drugim mjestom dok je tre\u0107e mjesto pripalo uvijek solidnom Mirzi Avdi\u0107u.<\/p>\n<p>Tuzlainfo\/RTV7<\/p>\n","protected":false},"excerpt":{"rendered":"<p>U petak 31.12.2021. godine zavr\u0161rena je 5. Manifestacija \u201cBIJADER ATI\u0106 \u2013 \u0160AHOVSKA LEGENDA TUZLE\u201c. Na programu manifestacije je bilo 6. Brzopotezno prvenstvo T\u0160K-a \u201cSloboda\u201c. Ovom manifestacijom rukovodstvo kluba se na skroman na\u010din odu\u017euje rahmetli Bijaderu Ati\u0107u koji je 30 godina radio u klubu za afirmaciju \u0161aha. Brzopotezni turnir je pozivnog tipa i direktan poziv za [&hellip;]<\/p>\n","protected":false},"author":4,"featured_media":160122,"comment_status":"open","ping_status":"closed","sticky":false,"template":"","format":"standard","meta":{"footnotes":""},"categories":[12],"tags":[3840,3839],"class_list":["post-160121","post","type-post","status-publish","format-standard","has-post-thumbnail","hentry","category-novosti","tag-bijader-atic","tag-sah"],"yoast_head":"<!-- This site is optimized with the Yoast SEO plugin v28.4 - https:\/\/yoast.com\/product\/yoast-seo-wordpress\/ -->\n<title>Odr\u017eana 5. Manifestacija \u201cBIJADER ATI\u0106 \u2013 \u0160AHOVSKA LEGENDA TUZLE\u201c<\/title>\n<meta name=\"robots\" content=\"index, follow, max-snippet:-1, max-image-preview:large, max-video-preview:-1\" \/>\n<link rel=\"canonical\" href=\"https:\/\/tuzlainfo.ba\/index.php\/novosti\/item\/160121-odrzana-5-manifestacija-bijader-atic-sahovska-legenda-tuzle\/\" \/>\n<meta property=\"og:locale\" content=\"bs_BA\" \/>\n<meta property=\"og:type\" content=\"article\" \/>\n<meta property=\"og:title\" content=\"Odr\u017eana 5. Manifestacija \u201cBIJADER ATI\u0106 \u2013 \u0160AHOVSKA LEGENDA TUZLE\u201c\" \/>\n<meta property=\"og:description\" content=\"U petak 31.12.2021. godine zavr\u0161rena je 5. Manifestacija \u201cBIJADER ATI\u0106 \u2013 \u0160AHOVSKA LEGENDA TUZLE\u201c. Na programu manifestacije je bilo 6. Brzopotezno prvenstvo T\u0160K-a \u201cSloboda\u201c. Ovom manifestacijom rukovodstvo kluba se na skroman na\u010din odu\u017euje rahmetli Bijaderu Ati\u0107u koji je 30 godina radio u klubu za afirmaciju \u0161aha. Brzopotezni turnir je pozivnog tipa i direktan poziv za [&hellip;]\" \/>\n<meta property=\"og:url\" content=\"https:\/\/tuzlainfo.ba\/index.php\/novosti\/item\/160121-odrzana-5-manifestacija-bijader-atic-sahovska-legenda-tuzle\/\" \/>\n<meta property=\"og:site_name\" content=\"TuzlaInfo.ba\" \/>\n<meta property=\"article:publisher\" content=\"https:\/\/www.facebook.com\/tuzlainfo.ba\/\" \/>\n<meta property=\"article:published_time\" content=\"2022-01-03T14:00:40+00:00\" \/>\n<meta property=\"og:image\" content=\"https:\/\/tuzlainfo.ba\/wp-content\/uploads\/2022\/01\/inbound2813546721263733332.jpg\" \/>\n\t<meta property=\"og:image:width\" content=\"620\" \/>\n\t<meta property=\"og:image:height\" content=\"330\" \/>\n\t<meta property=\"og:image:type\" content=\"image\/jpeg\" \/>\n<meta name=\"author\" content=\"Tuzla Info\" \/>\n<meta name=\"twitter:card\" content=\"summary_large_image\" \/>\n<meta name=\"twitter:label1\" content=\"Written by\" \/>\n\t<meta name=\"twitter:data1\" content=\"Tuzla Info\" \/>\n\t<meta name=\"twitter:label2\" content=\"Est. reading time\" \/>\n\t<meta name=\"twitter:data2\" content=\"1 minuta\" \/>\n<script type=\"application\/ld+json\" class=\"yoast-schema-graph\">{\"@context\":\"https:\\\/\\\/schema.org\",\"@graph\":[{\"@type\":\"Article\",\"@id\":\"https:\\\/\\\/tuzlainfo.ba\\\/index.php\\\/novosti\\\/item\\\/160121-odrzana-5-manifestacija-bijader-atic-sahovska-legenda-tuzle\\\/#article\",\"isPartOf\":{\"@id\":\"https:\\\/\\\/tuzlainfo.ba\\\/index.php\\\/novosti\\\/item\\\/160121-odrzana-5-manifestacija-bijader-atic-sahovska-legenda-tuzle\\\/\"},\"author\":{\"name\":\"Tuzla Info\",\"@id\":\"https:\\\/\\\/tuzlainfo.ba\\\/#\\\/schema\\\/person\\\/46cad4c57790cbc50781edd14870825a\"},\"headline\":\"Odr\u017eana 5. Manifestacija \u201cBIJADER ATI\u0106 \u2013 \u0160AHOVSKA LEGENDA TUZLE\u201c\",\"datePublished\":\"2022-01-03T14:00:40+00:00\",\"mainEntityOfPage\":{\"@id\":\"https:\\\/\\\/tuzlainfo.ba\\\/index.php\\\/novosti\\\/item\\\/160121-odrzana-5-manifestacija-bijader-atic-sahovska-legenda-tuzle\\\/\"},\"wordCount\":209,\"commentCount\":0,\"publisher\":{\"@id\":\"https:\\\/\\\/tuzlainfo.ba\\\/#organization\"},\"image\":{\"@id\":\"https:\\\/\\\/tuzlainfo.ba\\\/index.php\\\/novosti\\\/item\\\/160121-odrzana-5-manifestacija-bijader-atic-sahovska-legenda-tuzle\\\/#primaryimage\"},\"thumbnailUrl\":\"https:\\\/\\\/tuzlainfo.ba\\\/wp-content\\\/uploads\\\/2022\\\/01\\\/inbound2813546721263733332.jpg\",\"keywords\":[\"Bijader Ati\u0107\",\"\u0160ah\"],\"articleSection\":[\"Novosti\"],\"inLanguage\":\"bs-BA\",\"copyrightYear\":\"2022\",\"copyrightHolder\":{\"@id\":\"https:\\\/\\\/tuzlainfo.ba\\\/#organization\"}},{\"@type\":\"WebPage\",\"@id\":\"https:\\\/\\\/tuzlainfo.ba\\\/index.php\\\/novosti\\\/item\\\/160121-odrzana-5-manifestacija-bijader-atic-sahovska-legenda-tuzle\\\/\",\"url\":\"https:\\\/\\\/tuzlainfo.ba\\\/index.php\\\/novosti\\\/item\\\/160121-odrzana-5-manifestacija-bijader-atic-sahovska-legenda-tuzle\\\/\",\"name\":\"Odr\u017eana 5. Manifestacija \u201cBIJADER ATI\u0106 \u2013 \u0160AHOVSKA LEGENDA TUZLE\u201c\",\"isPartOf\":{\"@id\":\"https:\\\/\\\/tuzlainfo.ba\\\/#website\"},\"primaryImageOfPage\":{\"@id\":\"https:\\\/\\\/tuzlainfo.ba\\\/index.php\\\/novosti\\\/item\\\/160121-odrzana-5-manifestacija-bijader-atic-sahovska-legenda-tuzle\\\/#primaryimage\"},\"image\":{\"@id\":\"https:\\\/\\\/tuzlainfo.ba\\\/index.php\\\/novosti\\\/item\\\/160121-odrzana-5-manifestacija-bijader-atic-sahovska-legenda-tuzle\\\/#primaryimage\"},\"thumbnailUrl\":\"https:\\\/\\\/tuzlainfo.ba\\\/wp-content\\\/uploads\\\/2022\\\/01\\\/inbound2813546721263733332.jpg\",\"datePublished\":\"2022-01-03T14:00:40+00:00\",\"breadcrumb\":{\"@id\":\"https:\\\/\\\/tuzlainfo.ba\\\/index.php\\\/novosti\\\/item\\\/160121-odrzana-5-manifestacija-bijader-atic-sahovska-legenda-tuzle\\\/#breadcrumb\"},\"inLanguage\":\"bs-BA\",\"potentialAction\":[{\"@type\":\"ReadAction\",\"target\":[\"https:\\\/\\\/tuzlainfo.ba\\\/index.php\\\/novosti\\\/item\\\/160121-odrzana-5-manifestacija-bijader-atic-sahovska-legenda-tuzle\\\/\"]}]},{\"@type\":\"ImageObject\",\"inLanguage\":\"bs-BA\",\"@id\":\"https:\\\/\\\/tuzlainfo.ba\\\/index.php\\\/novosti\\\/item\\\/160121-odrzana-5-manifestacija-bijader-atic-sahovska-legenda-tuzle\\\/#primaryimage\",\"url\":\"https:\\\/\\\/tuzlainfo.ba\\\/wp-content\\\/uploads\\\/2022\\\/01\\\/inbound2813546721263733332.jpg\",\"contentUrl\":\"https:\\\/\\\/tuzlainfo.ba\\\/wp-content\\\/uploads\\\/2022\\\/01\\\/inbound2813546721263733332.jpg\",\"width\":620,\"height\":330},{\"@type\":\"BreadcrumbList\",\"@id\":\"https:\\\/\\\/tuzlainfo.ba\\\/index.php\\\/novosti\\\/item\\\/160121-odrzana-5-manifestacija-bijader-atic-sahovska-legenda-tuzle\\\/#breadcrumb\",\"itemListElement\":[{\"@type\":\"ListItem\",\"position\":1,\"name\":\"Home\",\"item\":\"https:\\\/\\\/tuzlainfo.ba\\\/\"},{\"@type\":\"ListItem\",\"position\":2,\"name\":\"Odr\u017eana 5. Manifestacija \u201cBIJADER ATI\u0106 \u2013 \u0160AHOVSKA LEGENDA TUZLE\u201c\"}]},{\"@type\":\"WebSite\",\"@id\":\"https:\\\/\\\/tuzlainfo.ba\\\/#website\",\"url\":\"https:\\\/\\\/tuzlainfo.ba\\\/\",\"name\":\"TuzlaInfo.ba\",\"description\":\"Tuzla info, gradski informator - Tuzla na dlanu\",\"publisher\":{\"@id\":\"https:\\\/\\\/tuzlainfo.ba\\\/#organization\"},\"potentialAction\":[{\"@type\":\"SearchAction\",\"target\":{\"@type\":\"EntryPoint\",\"urlTemplate\":\"https:\\\/\\\/tuzlainfo.ba\\\/?s={search_term_string}\"},\"query-input\":{\"@type\":\"PropertyValueSpecification\",\"valueRequired\":true,\"valueName\":\"search_term_string\"}}],\"inLanguage\":\"bs-BA\"},{\"@type\":\"Organization\",\"@id\":\"https:\\\/\\\/tuzlainfo.ba\\\/#organization\",\"name\":\"TuzlaInfo.ba\",\"url\":\"https:\\\/\\\/tuzlainfo.ba\\\/\",\"logo\":{\"@type\":\"ImageObject\",\"inLanguage\":\"bs-BA\",\"@id\":\"https:\\\/\\\/tuzlainfo.ba\\\/#\\\/schema\\\/logo\\\/image\\\/\",\"url\":\"https:\\\/\\\/tuzlainfo.ba\\\/wp-content\\\/uploads\\\/2021\\\/03\\\/logo-ver-3-1.png\",\"contentUrl\":\"https:\\\/\\\/tuzlainfo.ba\\\/wp-content\\\/uploads\\\/2021\\\/03\\\/logo-ver-3-1.png\",\"width\":350,\"height\":95,\"caption\":\"TuzlaInfo.ba\"},\"image\":{\"@id\":\"https:\\\/\\\/tuzlainfo.ba\\\/#\\\/schema\\\/logo\\\/image\\\/\"},\"sameAs\":[\"https:\\\/\\\/www.facebook.com\\\/tuzlainfo.ba\\\/\"]},{\"@type\":\"Person\",\"@id\":\"https:\\\/\\\/tuzlainfo.ba\\\/#\\\/schema\\\/person\\\/46cad4c57790cbc50781edd14870825a\",\"name\":\"Tuzla Info\",\"image\":{\"@type\":\"ImageObject\",\"inLanguage\":\"bs-BA\",\"@id\":\"https:\\\/\\\/secure.gravatar.com\\\/avatar\\\/e980921b00fa2e552723a2386544734ce6885d2b2304ccca3f45186f9ca4031d?s=96&d=mm&r=g\",\"url\":\"https:\\\/\\\/secure.gravatar.com\\\/avatar\\\/e980921b00fa2e552723a2386544734ce6885d2b2304ccca3f45186f9ca4031d?s=96&d=mm&r=g\",\"contentUrl\":\"https:\\\/\\\/secure.gravatar.com\\\/avatar\\\/e980921b00fa2e552723a2386544734ce6885d2b2304ccca3f45186f9ca4031d?s=96&d=mm&r=g\",\"caption\":\"Tuzla Info\"}}]}<\/script>\n<!-- \/ Yoast SEO plugin. -->","yoast_head_json":{"title":"Odr\u017eana 5. Manifestacija \u201cBIJADER ATI\u0106 \u2013 \u0160AHOVSKA LEGENDA TUZLE\u201c","robots":{"index":"index","follow":"follow","max-snippet":"max-snippet:-1","max-image-preview":"max-image-preview:large","max-video-preview":"max-video-preview:-1"},"canonical":"https:\/\/tuzlainfo.ba\/index.php\/novosti\/item\/160121-odrzana-5-manifestacija-bijader-atic-sahovska-legenda-tuzle\/","og_locale":"bs_BA","og_type":"article","og_title":"Odr\u017eana 5. Manifestacija \u201cBIJADER ATI\u0106 \u2013 \u0160AHOVSKA LEGENDA TUZLE\u201c","og_description":"U petak 31.12.2021. godine zavr\u0161rena je 5. Manifestacija \u201cBIJADER ATI\u0106 \u2013 \u0160AHOVSKA LEGENDA TUZLE\u201c. Na programu manifestacije je bilo 6. Brzopotezno prvenstvo T\u0160K-a \u201cSloboda\u201c. Ovom manifestacijom rukovodstvo kluba se na skroman na\u010din odu\u017euje rahmetli Bijaderu Ati\u0107u koji je 30 godina radio u klubu za afirmaciju \u0161aha. Brzopotezni turnir je pozivnog tipa i direktan poziv za [&hellip;]","og_url":"https:\/\/tuzlainfo.ba\/index.php\/novosti\/item\/160121-odrzana-5-manifestacija-bijader-atic-sahovska-legenda-tuzle\/","og_site_name":"TuzlaInfo.ba","article_publisher":"https:\/\/www.facebook.com\/tuzlainfo.ba\/","article_published_time":"2022-01-03T14:00:40+00:00","og_image":[{"width":620,"height":330,"url":"https:\/\/tuzlainfo.ba\/wp-content\/uploads\/2022\/01\/inbound2813546721263733332.jpg","type":"image\/jpeg"}],"author":"Tuzla Info","twitter_card":"summary_large_image","twitter_misc":{"Written by":"Tuzla Info","Est. reading time":"1 minuta"},"schema":{"@context":"https:\/\/schema.org","@graph":[{"@type":"Article","@id":"https:\/\/tuzlainfo.ba\/index.php\/novosti\/item\/160121-odrzana-5-manifestacija-bijader-atic-sahovska-legenda-tuzle\/#article","isPartOf":{"@id":"https:\/\/tuzlainfo.ba\/index.php\/novosti\/item\/160121-odrzana-5-manifestacija-bijader-atic-sahovska-legenda-tuzle\/"},"author":{"name":"Tuzla Info","@id":"https:\/\/tuzlainfo.ba\/#\/schema\/person\/46cad4c57790cbc50781edd14870825a"},"headline":"Odr\u017eana 5. Manifestacija \u201cBIJADER ATI\u0106 \u2013 \u0160AHOVSKA LEGENDA TUZLE\u201c","datePublished":"2022-01-03T14:00:40+00:00","mainEntityOfPage":{"@id":"https:\/\/tuzlainfo.ba\/index.php\/novosti\/item\/160121-odrzana-5-manifestacija-bijader-atic-sahovska-legenda-tuzle\/"},"wordCount":209,"commentCount":0,"publisher":{"@id":"https:\/\/tuzlainfo.ba\/#organization"},"image":{"@id":"https:\/\/tuzlainfo.ba\/index.php\/novosti\/item\/160121-odrzana-5-manifestacija-bijader-atic-sahovska-legenda-tuzle\/#primaryimage"},"thumbnailUrl":"https:\/\/tuzlainfo.ba\/wp-content\/uploads\/2022\/01\/inbound2813546721263733332.jpg","keywords":["Bijader Ati\u0107","\u0160ah"],"articleSection":["Novosti"],"inLanguage":"bs-BA","copyrightYear":"2022","copyrightHolder":{"@id":"https:\/\/tuzlainfo.ba\/#organization"}},{"@type":"WebPage","@id":"https:\/\/tuzlainfo.ba\/index.php\/novosti\/item\/160121-odrzana-5-manifestacija-bijader-atic-sahovska-legenda-tuzle\/","url":"https:\/\/tuzlainfo.ba\/index.php\/novosti\/item\/160121-odrzana-5-manifestacija-bijader-atic-sahovska-legenda-tuzle\/","name":"Odr\u017eana 5. Manifestacija \u201cBIJADER ATI\u0106 \u2013 \u0160AHOVSKA LEGENDA TUZLE\u201c","isPartOf":{"@id":"https:\/\/tuzlainfo.ba\/#website"},"primaryImageOfPage":{"@id":"https:\/\/tuzlainfo.ba\/index.php\/novosti\/item\/160121-odrzana-5-manifestacija-bijader-atic-sahovska-legenda-tuzle\/#primaryimage"},"image":{"@id":"https:\/\/tuzlainfo.ba\/index.php\/novosti\/item\/160121-odrzana-5-manifestacija-bijader-atic-sahovska-legenda-tuzle\/#primaryimage"},"thumbnailUrl":"https:\/\/tuzlainfo.ba\/wp-content\/uploads\/2022\/01\/inbound2813546721263733332.jpg","datePublished":"2022-01-03T14:00:40+00:00","breadcrumb":{"@id":"https:\/\/tuzlainfo.ba\/index.php\/novosti\/item\/160121-odrzana-5-manifestacija-bijader-atic-sahovska-legenda-tuzle\/#breadcrumb"},"inLanguage":"bs-BA","potentialAction":[{"@type":"ReadAction","target":["https:\/\/tuzlainfo.ba\/index.php\/novosti\/item\/160121-odrzana-5-manifestacija-bijader-atic-sahovska-legenda-tuzle\/"]}]},{"@type":"ImageObject","inLanguage":"bs-BA","@id":"https:\/\/tuzlainfo.ba\/index.php\/novosti\/item\/160121-odrzana-5-manifestacija-bijader-atic-sahovska-legenda-tuzle\/#primaryimage","url":"https:\/\/tuzlainfo.ba\/wp-content\/uploads\/2022\/01\/inbound2813546721263733332.jpg","contentUrl":"https:\/\/tuzlainfo.ba\/wp-content\/uploads\/2022\/01\/inbound2813546721263733332.jpg","width":620,"height":330},{"@type":"BreadcrumbList","@id":"https:\/\/tuzlainfo.ba\/index.php\/novosti\/item\/160121-odrzana-5-manifestacija-bijader-atic-sahovska-legenda-tuzle\/#breadcrumb","itemListElement":[{"@type":"ListItem","position":1,"name":"Home","item":"https:\/\/tuzlainfo.ba\/"},{"@type":"ListItem","position":2,"name":"Odr\u017eana 5. Manifestacija \u201cBIJADER ATI\u0106 \u2013 \u0160AHOVSKA LEGENDA TUZLE\u201c"}]},{"@type":"WebSite","@id":"https:\/\/tuzlainfo.ba\/#website","url":"https:\/\/tuzlainfo.ba\/","name":"TuzlaInfo.ba","description":"Tuzla info, gradski informator - Tuzla na dlanu","publisher":{"@id":"https:\/\/tuzlainfo.ba\/#organization"},"potentialAction":[{"@type":"SearchAction","target":{"@type":"EntryPoint","urlTemplate":"https:\/\/tuzlainfo.ba\/?s={search_term_string}"},"query-input":{"@type":"PropertyValueSpecification","valueRequired":true,"valueName":"search_term_string"}}],"inLanguage":"bs-BA"},{"@type":"Organization","@id":"https:\/\/tuzlainfo.ba\/#organization","name":"TuzlaInfo.ba","url":"https:\/\/tuzlainfo.ba\/","logo":{"@type":"ImageObject","inLanguage":"bs-BA","@id":"https:\/\/tuzlainfo.ba\/#\/schema\/logo\/image\/","url":"https:\/\/tuzlainfo.ba\/wp-content\/uploads\/2021\/03\/logo-ver-3-1.png","contentUrl":"https:\/\/tuzlainfo.ba\/wp-content\/uploads\/2021\/03\/logo-ver-3-1.png","width":350,"height":95,"caption":"TuzlaInfo.ba"},"image":{"@id":"https:\/\/tuzlainfo.ba\/#\/schema\/logo\/image\/"},"sameAs":["https:\/\/www.facebook.com\/tuzlainfo.ba\/"]},{"@type":"Person","@id":"https:\/\/tuzlainfo.ba\/#\/schema\/person\/46cad4c57790cbc50781edd14870825a","name":"Tuzla Info","image":{"@type":"ImageObject","inLanguage":"bs-BA","@id":"https:\/\/secure.gravatar.com\/avatar\/e980921b00fa2e552723a2386544734ce6885d2b2304ccca3f45186f9ca4031d?s=96&d=mm&r=g","url":"https:\/\/secure.gravatar.com\/avatar\/e980921b00fa2e552723a2386544734ce6885d2b2304ccca3f45186f9ca4031d?s=96&d=mm&r=g","contentUrl":"https:\/\/secure.gravatar.com\/avatar\/e980921b00fa2e552723a2386544734ce6885d2b2304ccca3f45186f9ca4031d?s=96&d=mm&r=g","caption":"Tuzla Info"}}]}},"_links":{"self":[{"href":"https:\/\/tuzlainfo.ba\/index.php\/wp-json\/wp\/v2\/posts\/160121","targetHints":{"allow":["GET"]}}],"collection":[{"href":"https:\/\/tuzlainfo.ba\/index.php\/wp-json\/wp\/v2\/posts"}],"about":[{"href":"https:\/\/tuzlainfo.ba\/index.php\/wp-json\/wp\/v2\/types\/post"}],"author":[{"embeddable":true,"href":"https:\/\/tuzlainfo.ba\/index.php\/wp-json\/wp\/v2\/users\/4"}],"replies":[{"embeddable":true,"href":"https:\/\/tuzlainfo.ba\/index.php\/wp-json\/wp\/v2\/comments?post=160121"}],"version-history":[{"count":0,"href":"https:\/\/tuzlainfo.ba\/index.php\/wp-json\/wp\/v2\/posts\/160121\/revisions"}],"wp:featuredmedia":[{"embeddable":true,"href":"https:\/\/tuzlainfo.ba\/index.php\/wp-json\/wp\/v2\/media\/160122"}],"wp:attachment":[{"href":"https:\/\/tuzlainfo.ba\/index.php\/wp-json\/wp\/v2\/media?parent=160121"}],"wp:term":[{"taxonomy":"category","embeddable":true,"href":"https:\/\/tuzlainfo.ba\/index.php\/wp-json\/wp\/v2\/categories?post=160121"},{"taxonomy":"post_tag","embeddable":true,"href":"https:\/\/tuzlainfo.ba\/index.php\/wp-json\/wp\/v2\/tags?post=160121"}],"curies":[{"name":"wp","href":"https:\/\/api.w.org\/{rel}","templated":true}]}}