{"id":159711,"date":"2021-12-29T18:02:22","date_gmt":"2021-12-29T17:02:22","guid":{"rendered":"https:\/\/tuzlainfo.ba\/?p=159711"},"modified":"2021-12-29T18:02:22","modified_gmt":"2021-12-29T17:02:22","slug":"prihvacen-prijedlog-zakona-o-elektricnoj-energiji-fbih-s-jednim-amandmanom","status":"publish","type":"post","link":"https:\/\/tuzlainfo.ba\/index.php\/bosna-i-hercegovina\/item\/159711-prihvacen-prijedlog-zakona-o-elektricnoj-energiji-fbih-s-jednim-amandmanom\/","title":{"rendered":"Prihva\u0107en Prijedlog zakona o elektri\u010dnoj energiji FBiH s jednim amandmanom"},"content":{"rendered":"<p>Prijedlog zakona o dopuni Zakona o elektri\u010dnoj energiji Federacije Bosne i Hercegovine, \u010diji je predlaga\u010d delegat Jasmin Duvnjak, prihva\u0107en je ve\u0107inom glasova na dana\u0161njoj vanrednoj sjednici Doma naroda Federalnog parlamenta.<\/p>\n<p>Ovaj akt je prihva\u0107en nedavno i u Predstavni\u010dkom domu, gdje ga je oficijelno predlo\u017eio Klub zastupnika Stranke demokratske akcije, ali jo\u0161 ne mo\u017ee stupiti na snagu jer je danas u Domu naroda odobren i jedan amandman, \u0161to tekstove iz dva doma \u010dini razli\u010ditim.<\/p>\n<p>Stoga je potrebno da se Predstavni\u010dki dom sastane jo\u0161 jednom te izjasni o novoj varijanti s amandmanom iz Doma naroda, a ako ga ne odobri, tekst zakona treba da usagla\u0161ava zajedni\u010dka parlamentarna komisija.<\/p>\n<p>Amandam prihva\u0107en u Domu naroda predlo\u017eili su delegati Aner \u017duljevi\u0107 i Elmedin Konakovi\u0107. Su\u0161tina je da Federalna vlada mora ograni\u010diti rast cijena elektri\u010dne energije privrednim subjektima ako na \u0161irem tr\u017ei\u0161tu elektri\u010dne enrgije cijene budu rasle vi\u0161e od 20 posto.<\/p>\n<p>Duvnjakov prvobitni prijedlog je bio da Vlada interveni\u0161e posebnom odlukom ako do\u0111e do rasta cijena ve\u0107eg od 50 posto. Tokom dana\u0161nje sjednice, kad su njegov zakon u diskusijama osporavali \u017duljevi\u0107, Konakovi\u0107, Zvonko Mari\u0107, Vibor Hand\u017ei\u0107 i jo\u0161 neki delegati, Duvnjak je naknadno predlagao da navedeno ograni\u010denje bude 30 posto, ali je na kraju prihva\u0107en \u017duljevi\u0107ev i Konakovi\u0107ev prijedlog, prenosi Fena.<\/p>\n<p>Prije zakona o elektri\u010dnoj energiji, delegati su odobrili godi\u0161nji izvje\u0161taj Reulatorne komisije za energiju u FBiH (FERK), kao i finansijski plan tog tijela za idu\u0107u godinu.<\/p>\n<p>Sjednica Doma naroda je zavr\u0161ena.<\/p>\n","protected":false},"excerpt":{"rendered":"<p>Prijedlog zakona o dopuni Zakona o elektri\u010dnoj energiji Federacije Bosne i Hercegovine, \u010diji je predlaga\u010d&hellip;<\/p>\n","protected":false},"author":4,"featured_media":67911,"comment_status":"open","ping_status":"closed","sticky":false,"template":"","format":"standard","meta":{"_acf_changed":false,"footnotes":""},"categories":[291,304],"tags":[2201,2148],"acf":[],"yoast_head":"<!-- This site is optimized with the Yoast SEO plugin v23.5 - https:\/\/yoast.com\/wordpress\/plugins\/seo\/ -->\n<title>Prihva\u0107en Prijedlog zakona o elektri\u010dnoj energiji FBiH s jednim amandmanom - TuzlaInfo.ba<\/title>\n<meta name=\"robots\" content=\"index, follow, max-snippet:-1, max-image-preview:large, max-video-preview:-1\" \/>\n<link rel=\"canonical\" href=\"https:\/\/tuzlainfo.ba\/index.php\/bosna-i-hercegovina\/item\/159711-prihvacen-prijedlog-zakona-o-elektricnoj-energiji-fbih-s-jednim-amandmanom\/\" \/>\n<meta property=\"og:locale\" content=\"bs_BA\" \/>\n<meta property=\"og:type\" content=\"article\" \/>\n<meta property=\"og:title\" content=\"Prihva\u0107en Prijedlog zakona o elektri\u010dnoj energiji FBiH s jednim amandmanom - TuzlaInfo.ba\" \/>\n<meta property=\"og:description\" content=\"Prijedlog zakona o dopuni Zakona o elektri\u010dnoj energiji Federacije Bosne i Hercegovine, \u010diji je predlaga\u010d&hellip;\" \/>\n<meta property=\"og:url\" content=\"https:\/\/tuzlainfo.ba\/index.php\/bosna-i-hercegovina\/item\/159711-prihvacen-prijedlog-zakona-o-elektricnoj-energiji-fbih-s-jednim-amandmanom\/\" \/>\n<meta property=\"og:site_name\" content=\"TuzlaInfo.ba\" \/>\n<meta property=\"article:publisher\" content=\"https:\/\/www.facebook.com\/tuzlainfo.ba\/\" \/>\n<meta property=\"article:published_time\" content=\"2021-12-29T17:02:22+00:00\" \/>\n<meta property=\"og:image\" content=\"https:\/\/tuzlainfo.ba\/wp-content\/uploads\/2019\/02\/sadrzaj_2019_20190201_2002_dom_naroda_FBiH.jpg\" \/>\n\t<meta property=\"og:image:width\" content=\"770\" \/>\n\t<meta property=\"og:image:height\" content=\"472\" \/>\n\t<meta property=\"og:image:type\" content=\"image\/jpeg\" \/>\n<meta name=\"author\" content=\"Tuzla Info\" \/>\n<meta name=\"twitter:card\" content=\"summary_large_image\" \/>\n<meta name=\"twitter:label1\" content=\"Written by\" \/>\n\t<meta name=\"twitter:data1\" content=\"Tuzla Info\" \/>\n\t<meta name=\"twitter:label2\" content=\"Est. reading time\" \/>\n\t<meta name=\"twitter:data2\" content=\"1 minuta\" \/>\n<script type=\"application\/ld+json\" class=\"yoast-schema-graph\">{\"@context\":\"https:\/\/schema.org\",\"@graph\":[{\"@type\":\"Article\",\"@id\":\"https:\/\/tuzlainfo.ba\/index.php\/bosna-i-hercegovina\/item\/159711-prihvacen-prijedlog-zakona-o-elektricnoj-energiji-fbih-s-jednim-amandmanom\/#article\",\"isPartOf\":{\"@id\":\"https:\/\/tuzlainfo.ba\/index.php\/bosna-i-hercegovina\/item\/159711-prihvacen-prijedlog-zakona-o-elektricnoj-energiji-fbih-s-jednim-amandmanom\/\"},\"author\":{\"name\":\"Tuzla Info\",\"@id\":\"https:\/\/tuzlainfo.ba\/#\/schema\/person\/46cad4c57790cbc50781edd14870825a\"},\"headline\":\"Prihva\u0107en Prijedlog zakona o elektri\u010dnoj energiji FBiH s jednim amandmanom\",\"datePublished\":\"2021-12-29T17:02:22+00:00\",\"dateModified\":\"2021-12-29T17:02:22+00:00\",\"mainEntityOfPage\":{\"@id\":\"https:\/\/tuzlainfo.ba\/index.php\/bosna-i-hercegovina\/item\/159711-prihvacen-prijedlog-zakona-o-elektricnoj-energiji-fbih-s-jednim-amandmanom\/\"},\"wordCount\":280,\"commentCount\":0,\"publisher\":{\"@id\":\"https:\/\/tuzlainfo.ba\/#organization\"},\"image\":{\"@id\":\"https:\/\/tuzlainfo.ba\/index.php\/bosna-i-hercegovina\/item\/159711-prihvacen-prijedlog-zakona-o-elektricnoj-energiji-fbih-s-jednim-amandmanom\/#primaryimage\"},\"thumbnailUrl\":\"https:\/\/tuzlainfo.ba\/wp-content\/uploads\/2019\/02\/sadrzaj_2019_20190201_2002_dom_naroda_FBiH.jpg\",\"keywords\":[\"dom naroda fbih\",\"elektri\u010dna energija\"],\"articleSection\":[\"Bosna i Hercegovina\",\"Istaknuto\"],\"inLanguage\":\"bs-BA\"},{\"@type\":\"WebPage\",\"@id\":\"https:\/\/tuzlainfo.ba\/index.php\/bosna-i-hercegovina\/item\/159711-prihvacen-prijedlog-zakona-o-elektricnoj-energiji-fbih-s-jednim-amandmanom\/\",\"url\":\"https:\/\/tuzlainfo.ba\/index.php\/bosna-i-hercegovina\/item\/159711-prihvacen-prijedlog-zakona-o-elektricnoj-energiji-fbih-s-jednim-amandmanom\/\",\"name\":\"Prihva\u0107en Prijedlog zakona o elektri\u010dnoj energiji FBiH s jednim amandmanom - TuzlaInfo.ba\",\"isPartOf\":{\"@id\":\"https:\/\/tuzlainfo.ba\/#website\"},\"primaryImageOfPage\":{\"@id\":\"https:\/\/tuzlainfo.ba\/index.php\/bosna-i-hercegovina\/item\/159711-prihvacen-prijedlog-zakona-o-elektricnoj-energiji-fbih-s-jednim-amandmanom\/#primaryimage\"},\"image\":{\"@id\":\"https:\/\/tuzlainfo.ba\/index.php\/bosna-i-hercegovina\/item\/159711-prihvacen-prijedlog-zakona-o-elektricnoj-energiji-fbih-s-jednim-amandmanom\/#primaryimage\"},\"thumbnailUrl\":\"https:\/\/tuzlainfo.ba\/wp-content\/uploads\/2019\/02\/sadrzaj_2019_20190201_2002_dom_naroda_FBiH.jpg\",\"datePublished\":\"2021-12-29T17:02:22+00:00\",\"dateModified\":\"2021-12-29T17:02:22+00:00\",\"breadcrumb\":{\"@id\":\"https:\/\/tuzlainfo.ba\/index.php\/bosna-i-hercegovina\/item\/159711-prihvacen-prijedlog-zakona-o-elektricnoj-energiji-fbih-s-jednim-amandmanom\/#breadcrumb\"},\"inLanguage\":\"bs-BA\",\"potentialAction\":[{\"@type\":\"ReadAction\",\"target\":[\"https:\/\/tuzlainfo.ba\/index.php\/bosna-i-hercegovina\/item\/159711-prihvacen-prijedlog-zakona-o-elektricnoj-energiji-fbih-s-jednim-amandmanom\/\"]}]},{\"@type\":\"ImageObject\",\"inLanguage\":\"bs-BA\",\"@id\":\"https:\/\/tuzlainfo.ba\/index.php\/bosna-i-hercegovina\/item\/159711-prihvacen-prijedlog-zakona-o-elektricnoj-energiji-fbih-s-jednim-amandmanom\/#primaryimage\",\"url\":\"https:\/\/tuzlainfo.ba\/wp-content\/uploads\/2019\/02\/sadrzaj_2019_20190201_2002_dom_naroda_FBiH.jpg\",\"contentUrl\":\"https:\/\/tuzlainfo.ba\/wp-content\/uploads\/2019\/02\/sadrzaj_2019_20190201_2002_dom_naroda_FBiH.jpg\",\"width\":770,\"height\":472,\"caption\":\"2002 dom naroda FBiH\"},{\"@type\":\"BreadcrumbList\",\"@id\":\"https:\/\/tuzlainfo.ba\/index.php\/bosna-i-hercegovina\/item\/159711-prihvacen-prijedlog-zakona-o-elektricnoj-energiji-fbih-s-jednim-amandmanom\/#breadcrumb\",\"itemListElement\":[{\"@type\":\"ListItem\",\"position\":1,\"name\":\"Home\",\"item\":\"https:\/\/tuzlainfo.ba\/\"},{\"@type\":\"ListItem\",\"position\":2,\"name\":\"Prihva\u0107en Prijedlog zakona o elektri\u010dnoj energiji FBiH s jednim amandmanom\"}]},{\"@type\":\"WebSite\",\"@id\":\"https:\/\/tuzlainfo.ba\/#website\",\"url\":\"https:\/\/tuzlainfo.ba\/\",\"name\":\"TuzlaInfo.ba\",\"description\":\"Tuzla info, gradski informator - Tuzla na dlanu\",\"publisher\":{\"@id\":\"https:\/\/tuzlainfo.ba\/#organization\"},\"potentialAction\":[{\"@type\":\"SearchAction\",\"target\":{\"@type\":\"EntryPoint\",\"urlTemplate\":\"https:\/\/tuzlainfo.ba\/?s={search_term_string}\"},\"query-input\":{\"@type\":\"PropertyValueSpecification\",\"valueRequired\":true,\"valueName\":\"search_term_string\"}}],\"inLanguage\":\"bs-BA\"},{\"@type\":\"Organization\",\"@id\":\"https:\/\/tuzlainfo.ba\/#organization\",\"name\":\"TuzlaInfo.ba\",\"url\":\"https:\/\/tuzlainfo.ba\/\",\"logo\":{\"@type\":\"ImageObject\",\"inLanguage\":\"bs-BA\",\"@id\":\"https:\/\/tuzlainfo.ba\/#\/schema\/logo\/image\/\",\"url\":\"https:\/\/tuzlainfo.ba\/wp-content\/uploads\/2021\/03\/logo-ver-3-1.png\",\"contentUrl\":\"https:\/\/tuzlainfo.ba\/wp-content\/uploads\/2021\/03\/logo-ver-3-1.png\",\"width\":350,\"height\":95,\"caption\":\"TuzlaInfo.ba\"},\"image\":{\"@id\":\"https:\/\/tuzlainfo.ba\/#\/schema\/logo\/image\/\"},\"sameAs\":[\"https:\/\/www.facebook.com\/tuzlainfo.ba\/\"]},{\"@type\":\"Person\",\"@id\":\"https:\/\/tuzlainfo.ba\/#\/schema\/person\/46cad4c57790cbc50781edd14870825a\",\"name\":\"Tuzla Info\",\"image\":{\"@type\":\"ImageObject\",\"inLanguage\":\"bs-BA\",\"@id\":\"https:\/\/tuzlainfo.ba\/#\/schema\/person\/image\/\",\"url\":\"https:\/\/tuzlainfo.ba\/wp-content\/litespeed\/avatar\/b6c453a6c38e3654f2e4416c643fc25c.jpg?ver=1777051911\",\"contentUrl\":\"https:\/\/tuzlainfo.ba\/wp-content\/litespeed\/avatar\/b6c453a6c38e3654f2e4416c643fc25c.jpg?ver=1777051911\",\"caption\":\"Tuzla Info\"}}]}<\/script>\n<!-- \/ Yoast SEO plugin. -->","yoast_head_json":{"title":"Prihva\u0107en Prijedlog zakona o elektri\u010dnoj energiji FBiH s jednim amandmanom - TuzlaInfo.ba","robots":{"index":"index","follow":"follow","max-snippet":"max-snippet:-1","max-image-preview":"max-image-preview:large","max-video-preview":"max-video-preview:-1"},"canonical":"https:\/\/tuzlainfo.ba\/index.php\/bosna-i-hercegovina\/item\/159711-prihvacen-prijedlog-zakona-o-elektricnoj-energiji-fbih-s-jednim-amandmanom\/","og_locale":"bs_BA","og_type":"article","og_title":"Prihva\u0107en Prijedlog zakona o elektri\u010dnoj energiji FBiH s jednim amandmanom - TuzlaInfo.ba","og_description":"Prijedlog zakona o dopuni Zakona o elektri\u010dnoj energiji Federacije Bosne i Hercegovine, \u010diji je predlaga\u010d&hellip;","og_url":"https:\/\/tuzlainfo.ba\/index.php\/bosna-i-hercegovina\/item\/159711-prihvacen-prijedlog-zakona-o-elektricnoj-energiji-fbih-s-jednim-amandmanom\/","og_site_name":"TuzlaInfo.ba","article_publisher":"https:\/\/www.facebook.com\/tuzlainfo.ba\/","article_published_time":"2021-12-29T17:02:22+00:00","og_image":[{"width":770,"height":472,"url":"https:\/\/tuzlainfo.ba\/wp-content\/uploads\/2019\/02\/sadrzaj_2019_20190201_2002_dom_naroda_FBiH.jpg","type":"image\/jpeg"}],"author":"Tuzla Info","twitter_card":"summary_large_image","twitter_misc":{"Written by":"Tuzla Info","Est. reading time":"1 minuta"},"schema":{"@context":"https:\/\/schema.org","@graph":[{"@type":"Article","@id":"https:\/\/tuzlainfo.ba\/index.php\/bosna-i-hercegovina\/item\/159711-prihvacen-prijedlog-zakona-o-elektricnoj-energiji-fbih-s-jednim-amandmanom\/#article","isPartOf":{"@id":"https:\/\/tuzlainfo.ba\/index.php\/bosna-i-hercegovina\/item\/159711-prihvacen-prijedlog-zakona-o-elektricnoj-energiji-fbih-s-jednim-amandmanom\/"},"author":{"name":"Tuzla Info","@id":"https:\/\/tuzlainfo.ba\/#\/schema\/person\/46cad4c57790cbc50781edd14870825a"},"headline":"Prihva\u0107en Prijedlog zakona o elektri\u010dnoj energiji FBiH s jednim amandmanom","datePublished":"2021-12-29T17:02:22+00:00","dateModified":"2021-12-29T17:02:22+00:00","mainEntityOfPage":{"@id":"https:\/\/tuzlainfo.ba\/index.php\/bosna-i-hercegovina\/item\/159711-prihvacen-prijedlog-zakona-o-elektricnoj-energiji-fbih-s-jednim-amandmanom\/"},"wordCount":280,"commentCount":0,"publisher":{"@id":"https:\/\/tuzlainfo.ba\/#organization"},"image":{"@id":"https:\/\/tuzlainfo.ba\/index.php\/bosna-i-hercegovina\/item\/159711-prihvacen-prijedlog-zakona-o-elektricnoj-energiji-fbih-s-jednim-amandmanom\/#primaryimage"},"thumbnailUrl":"https:\/\/tuzlainfo.ba\/wp-content\/uploads\/2019\/02\/sadrzaj_2019_20190201_2002_dom_naroda_FBiH.jpg","keywords":["dom naroda fbih","elektri\u010dna energija"],"articleSection":["Bosna i Hercegovina","Istaknuto"],"inLanguage":"bs-BA"},{"@type":"WebPage","@id":"https:\/\/tuzlainfo.ba\/index.php\/bosna-i-hercegovina\/item\/159711-prihvacen-prijedlog-zakona-o-elektricnoj-energiji-fbih-s-jednim-amandmanom\/","url":"https:\/\/tuzlainfo.ba\/index.php\/bosna-i-hercegovina\/item\/159711-prihvacen-prijedlog-zakona-o-elektricnoj-energiji-fbih-s-jednim-amandmanom\/","name":"Prihva\u0107en Prijedlog zakona o elektri\u010dnoj energiji FBiH s jednim amandmanom - TuzlaInfo.ba","isPartOf":{"@id":"https:\/\/tuzlainfo.ba\/#website"},"primaryImageOfPage":{"@id":"https:\/\/tuzlainfo.ba\/index.php\/bosna-i-hercegovina\/item\/159711-prihvacen-prijedlog-zakona-o-elektricnoj-energiji-fbih-s-jednim-amandmanom\/#primaryimage"},"image":{"@id":"https:\/\/tuzlainfo.ba\/index.php\/bosna-i-hercegovina\/item\/159711-prihvacen-prijedlog-zakona-o-elektricnoj-energiji-fbih-s-jednim-amandmanom\/#primaryimage"},"thumbnailUrl":"https:\/\/tuzlainfo.ba\/wp-content\/uploads\/2019\/02\/sadrzaj_2019_20190201_2002_dom_naroda_FBiH.jpg","datePublished":"2021-12-29T17:02:22+00:00","dateModified":"2021-12-29T17:02:22+00:00","breadcrumb":{"@id":"https:\/\/tuzlainfo.ba\/index.php\/bosna-i-hercegovina\/item\/159711-prihvacen-prijedlog-zakona-o-elektricnoj-energiji-fbih-s-jednim-amandmanom\/#breadcrumb"},"inLanguage":"bs-BA","potentialAction":[{"@type":"ReadAction","target":["https:\/\/tuzlainfo.ba\/index.php\/bosna-i-hercegovina\/item\/159711-prihvacen-prijedlog-zakona-o-elektricnoj-energiji-fbih-s-jednim-amandmanom\/"]}]},{"@type":"ImageObject","inLanguage":"bs-BA","@id":"https:\/\/tuzlainfo.ba\/index.php\/bosna-i-hercegovina\/item\/159711-prihvacen-prijedlog-zakona-o-elektricnoj-energiji-fbih-s-jednim-amandmanom\/#primaryimage","url":"https:\/\/tuzlainfo.ba\/wp-content\/uploads\/2019\/02\/sadrzaj_2019_20190201_2002_dom_naroda_FBiH.jpg","contentUrl":"https:\/\/tuzlainfo.ba\/wp-content\/uploads\/2019\/02\/sadrzaj_2019_20190201_2002_dom_naroda_FBiH.jpg","width":770,"height":472,"caption":"2002 dom naroda FBiH"},{"@type":"BreadcrumbList","@id":"https:\/\/tuzlainfo.ba\/index.php\/bosna-i-hercegovina\/item\/159711-prihvacen-prijedlog-zakona-o-elektricnoj-energiji-fbih-s-jednim-amandmanom\/#breadcrumb","itemListElement":[{"@type":"ListItem","position":1,"name":"Home","item":"https:\/\/tuzlainfo.ba\/"},{"@type":"ListItem","position":2,"name":"Prihva\u0107en Prijedlog zakona o elektri\u010dnoj energiji FBiH s jednim amandmanom"}]},{"@type":"WebSite","@id":"https:\/\/tuzlainfo.ba\/#website","url":"https:\/\/tuzlainfo.ba\/","name":"TuzlaInfo.ba","description":"Tuzla info, gradski informator - Tuzla na dlanu","publisher":{"@id":"https:\/\/tuzlainfo.ba\/#organization"},"potentialAction":[{"@type":"SearchAction","target":{"@type":"EntryPoint","urlTemplate":"https:\/\/tuzlainfo.ba\/?s={search_term_string}"},"query-input":{"@type":"PropertyValueSpecification","valueRequired":true,"valueName":"search_term_string"}}],"inLanguage":"bs-BA"},{"@type":"Organization","@id":"https:\/\/tuzlainfo.ba\/#organization","name":"TuzlaInfo.ba","url":"https:\/\/tuzlainfo.ba\/","logo":{"@type":"ImageObject","inLanguage":"bs-BA","@id":"https:\/\/tuzlainfo.ba\/#\/schema\/logo\/image\/","url":"https:\/\/tuzlainfo.ba\/wp-content\/uploads\/2021\/03\/logo-ver-3-1.png","contentUrl":"https:\/\/tuzlainfo.ba\/wp-content\/uploads\/2021\/03\/logo-ver-3-1.png","width":350,"height":95,"caption":"TuzlaInfo.ba"},"image":{"@id":"https:\/\/tuzlainfo.ba\/#\/schema\/logo\/image\/"},"sameAs":["https:\/\/www.facebook.com\/tuzlainfo.ba\/"]},{"@type":"Person","@id":"https:\/\/tuzlainfo.ba\/#\/schema\/person\/46cad4c57790cbc50781edd14870825a","name":"Tuzla Info","image":{"@type":"ImageObject","inLanguage":"bs-BA","@id":"https:\/\/tuzlainfo.ba\/#\/schema\/person\/image\/","url":"https:\/\/tuzlainfo.ba\/wp-content\/litespeed\/avatar\/b6c453a6c38e3654f2e4416c643fc25c.jpg?ver=1777051911","contentUrl":"https:\/\/tuzlainfo.ba\/wp-content\/litespeed\/avatar\/b6c453a6c38e3654f2e4416c643fc25c.jpg?ver=1777051911","caption":"Tuzla Info"}}]}},"_links":{"self":[{"href":"https:\/\/tuzlainfo.ba\/index.php\/wp-json\/wp\/v2\/posts\/159711"}],"collection":[{"href":"https:\/\/tuzlainfo.ba\/index.php\/wp-json\/wp\/v2\/posts"}],"about":[{"href":"https:\/\/tuzlainfo.ba\/index.php\/wp-json\/wp\/v2\/types\/post"}],"author":[{"embeddable":true,"href":"https:\/\/tuzlainfo.ba\/index.php\/wp-json\/wp\/v2\/users\/4"}],"replies":[{"embeddable":true,"href":"https:\/\/tuzlainfo.ba\/index.php\/wp-json\/wp\/v2\/comments?post=159711"}],"version-history":[{"count":0,"href":"https:\/\/tuzlainfo.ba\/index.php\/wp-json\/wp\/v2\/posts\/159711\/revisions"}],"wp:featuredmedia":[{"embeddable":true,"href":"https:\/\/tuzlainfo.ba\/index.php\/wp-json\/wp\/v2\/media\/67911"}],"wp:attachment":[{"href":"https:\/\/tuzlainfo.ba\/index.php\/wp-json\/wp\/v2\/media?parent=159711"}],"wp:term":[{"taxonomy":"category","embeddable":true,"href":"https:\/\/tuzlainfo.ba\/index.php\/wp-json\/wp\/v2\/categories?post=159711"},{"taxonomy":"post_tag","embeddable":true,"href":"https:\/\/tuzlainfo.ba\/index.php\/wp-json\/wp\/v2\/tags?post=159711"}],"curies":[{"name":"wp","href":"https:\/\/api.w.org\/{rel}","templated":true}]}}