{"id":159661,"date":"2021-12-29T10:00:01","date_gmt":"2021-12-29T09:00:01","guid":{"rendered":"https:\/\/tuzlainfo.ba\/?p=159661"},"modified":"2021-12-29T09:25:14","modified_gmt":"2021-12-29T08:25:14","slug":"na-jednoj-od-bh-televizija-1-januara-tv-premijera-filma-toma","status":"publish","type":"post","link":"https:\/\/tuzlainfo.ba\/index.php\/magazin\/item\/159661-na-jednoj-od-bh-televizija-1-januara-tv-premijera-filma-toma\/","title":{"rendered":"Na jednoj od bh. televizija: 1. januara TV premijera filma &#8220;Toma&#8221;"},"content":{"rendered":"<p>TVSA na \u010delu sa direktoricom <strong>Du\u0161kom Juri\u0161i\u0107<\/strong> jo\u0161 jednom je potvrdila staro pravilo &#8211; sve se mo\u017ee kad se ho\u0107e. U prilog tome ide detalj iz novogodi\u0161njeg programa ove televizijske ku\u0107e koja je, pored mnogo ve\u0107ih tv igra\u010da u BiH, ekskluzivno uspjela da otkupi prava na televizijsku premijeru definitivno najve\u0107eg filmskog hita u regionu ove godine &#8211; filma &#8220;Toma&#8221; <strong>Dragana Bjelogrli\u0107a<\/strong>.<\/p>\n<p>Tako \u0107e gledaoci u BiH, koji ovaj film jo\u0161 nisu pogledali, imati priliku da to u\u010dine 1. januara u 21:10 sati, u programu TVSA.<\/p>\n<p>Iako je o njemu gotovo ve\u0107 sve re\u010deno, kratko podsje\u0107anje:<\/p>\n<p>Film \u201cToma\u201d je impresionisti\u010dki portret T<strong>ome Zdravkovi\u0107a<\/strong> koji prikazuje same njegove po\u010detke, ba\u0161 kao i vrhunac slave, ljubavi koje su ga inspirisale prilikom komponovanja nekih od najve\u0107ih hitova, ba\u0161 kao i odnos sa velikim brojem prijatelja koje je imao u umjetni\u010dkom miljeu tada\u0161nje Jugoslavije. Pored Tome, kroz film pratimo i \u017eivote poznatih umjetnika tog vremena: <strong>Silvane Armenuli\u0107, Zorana Radmilovi\u0107a, Mike Anti\u0107a, Tozovca<\/strong> i drugih.<\/p>\n<p>Scenarij potpisuju<strong> Nikola Pejakovi\u0107, Zoran Lisinac, Dragan Bjelogrli\u0107, Maja Todorovi\u0107<\/strong>, a direktor fotografije je <strong>Goran Volarevi\u0107<\/strong>.<\/p>\n<p>Sjane uloge u filmu ostvarili su: <strong>Milan Mari\u0107, Tamara Dragi\u010devi\u0107, Petar Ben\u010dina, Andrija Kuzmanovi\u0107, Sanja Markovi\u0107, Paulina Manov, Milan Kolak<\/strong>, u ulozi majke &#8211; <strong>Mirjana Karanovi\u0107<\/strong>&#8230;<\/p>\n<p><a href=\"http:\/\/iframe%20src=https:\/\/www.facebook.com\/plugins\/video.php?height=314&amp;href=https%3A%2F%2Fwww.facebook.com%2Ftvsa.ba%2Fvideos%2F436697377991595%2F&amp;show_text=false&amp;width=560&amp;t=0%20width=560%20height=314%20style=border:none;overflow:hidden%20scrolling=no%20frameborder=0%20allowfullscreen=true%20allow=autoplay;%20clipboard-write;%20encrypted-media;%20picture-in-picture;%20web-share%20allowFullScreen=true\/iframe\">http:\/\/<iframe style=\"border: none; overflow: hidden;\" src=\"https:\/\/www.facebook.com\/plugins\/video.php?height=314&amp;href=https%3A%2F%2Fwww.facebook.com%2Ftvsa.ba%2Fvideos%2F436697377991595%2F&amp;show_text=false&amp;width=560&amp;t=0\" width=\"560\" height=\"314\" frameborder=\"0\" scrolling=\"no\" allowfullscreen=\"allowfullscreen\"><\/iframe><\/a><\/p>\n<p>Razli\u010diti filmski kriti\u010dari u regonu ovaj film su ocijenili kao svojevrsno kinematografsko \u201eotkri\u0107e\u201c.<\/p>\n<p>&nbsp;<\/p>\n","protected":false},"excerpt":{"rendered":"<p>TVSA na \u010delu sa direktoricom Du\u0161kom Juri\u0161i\u0107 jo\u0161 jednom je potvrdila staro pravilo &#8211; sve&hellip;<\/p>\n","protected":false},"author":4,"featured_media":150660,"comment_status":"open","ping_status":"closed","sticky":false,"template":"","format":"standard","meta":{"_acf_changed":false,"footnotes":""},"categories":[292],"tags":[2964,3798],"acf":[],"yoast_head":"<!-- This site is optimized with the Yoast SEO plugin v23.5 - https:\/\/yoast.com\/wordpress\/plugins\/seo\/ -->\n<title>Na jednoj od bh. televizija: 1. januara TV premijera filma &quot;Toma&quot; - TuzlaInfo.ba<\/title>\n<meta name=\"robots\" content=\"index, follow, max-snippet:-1, max-image-preview:large, max-video-preview:-1\" \/>\n<link rel=\"canonical\" href=\"https:\/\/tuzlainfo.ba\/index.php\/magazin\/item\/159661-na-jednoj-od-bh-televizija-1-januara-tv-premijera-filma-toma\/\" \/>\n<meta property=\"og:locale\" content=\"bs_BA\" \/>\n<meta property=\"og:type\" content=\"article\" \/>\n<meta property=\"og:title\" content=\"Na jednoj od bh. televizija: 1. januara TV premijera filma &quot;Toma&quot; - TuzlaInfo.ba\" \/>\n<meta property=\"og:description\" content=\"TVSA na \u010delu sa direktoricom Du\u0161kom Juri\u0161i\u0107 jo\u0161 jednom je potvrdila staro pravilo &#8211; sve&hellip;\" \/>\n<meta property=\"og:url\" content=\"https:\/\/tuzlainfo.ba\/index.php\/magazin\/item\/159661-na-jednoj-od-bh-televizija-1-januara-tv-premijera-filma-toma\/\" \/>\n<meta property=\"og:site_name\" content=\"TuzlaInfo.ba\" \/>\n<meta property=\"article:publisher\" content=\"https:\/\/www.facebook.com\/tuzlainfo.ba\/\" \/>\n<meta property=\"article:published_time\" content=\"2021-12-29T09:00:01+00:00\" \/>\n<meta property=\"article:modified_time\" content=\"2021-12-29T08:25:14+00:00\" \/>\n<meta property=\"og:image\" content=\"https:\/\/tuzlainfo.ba\/wp-content\/uploads\/2021\/10\/1210_toma_film.jpg\" \/>\n\t<meta property=\"og:image:width\" content=\"780\" \/>\n\t<meta property=\"og:image:height\" content=\"403\" \/>\n\t<meta property=\"og:image:type\" content=\"image\/jpeg\" \/>\n<meta name=\"author\" content=\"Tuzla Info\" \/>\n<meta name=\"twitter:card\" content=\"summary_large_image\" \/>\n<meta name=\"twitter:label1\" content=\"Written by\" \/>\n\t<meta name=\"twitter:data1\" content=\"Tuzla Info\" \/>\n\t<meta name=\"twitter:label2\" content=\"Est. reading time\" \/>\n\t<meta name=\"twitter:data2\" content=\"1 minuta\" \/>\n<script type=\"application\/ld+json\" class=\"yoast-schema-graph\">{\"@context\":\"https:\/\/schema.org\",\"@graph\":[{\"@type\":\"Article\",\"@id\":\"https:\/\/tuzlainfo.ba\/index.php\/magazin\/item\/159661-na-jednoj-od-bh-televizija-1-januara-tv-premijera-filma-toma\/#article\",\"isPartOf\":{\"@id\":\"https:\/\/tuzlainfo.ba\/index.php\/magazin\/item\/159661-na-jednoj-od-bh-televizija-1-januara-tv-premijera-filma-toma\/\"},\"author\":{\"name\":\"Tuzla Info\",\"@id\":\"https:\/\/tuzlainfo.ba\/#\/schema\/person\/46cad4c57790cbc50781edd14870825a\"},\"headline\":\"Na jednoj od bh. televizija: 1. januara TV premijera filma &#8220;Toma&#8221;\",\"datePublished\":\"2021-12-29T09:00:01+00:00\",\"dateModified\":\"2021-12-29T08:25:14+00:00\",\"mainEntityOfPage\":{\"@id\":\"https:\/\/tuzlainfo.ba\/index.php\/magazin\/item\/159661-na-jednoj-od-bh-televizija-1-januara-tv-premijera-filma-toma\/\"},\"wordCount\":250,\"commentCount\":0,\"publisher\":{\"@id\":\"https:\/\/tuzlainfo.ba\/#organization\"},\"image\":{\"@id\":\"https:\/\/tuzlainfo.ba\/index.php\/magazin\/item\/159661-na-jednoj-od-bh-televizija-1-januara-tv-premijera-filma-toma\/#primaryimage\"},\"thumbnailUrl\":\"https:\/\/tuzlainfo.ba\/wp-content\/uploads\/2021\/10\/1210_toma_film.jpg\",\"keywords\":[\"film toma\",\"tv premijera\"],\"articleSection\":[\"Magazin\"],\"inLanguage\":\"bs-BA\"},{\"@type\":\"WebPage\",\"@id\":\"https:\/\/tuzlainfo.ba\/index.php\/magazin\/item\/159661-na-jednoj-od-bh-televizija-1-januara-tv-premijera-filma-toma\/\",\"url\":\"https:\/\/tuzlainfo.ba\/index.php\/magazin\/item\/159661-na-jednoj-od-bh-televizija-1-januara-tv-premijera-filma-toma\/\",\"name\":\"Na jednoj od bh. televizija: 1. januara TV premijera filma \\\"Toma\\\" - TuzlaInfo.ba\",\"isPartOf\":{\"@id\":\"https:\/\/tuzlainfo.ba\/#website\"},\"primaryImageOfPage\":{\"@id\":\"https:\/\/tuzlainfo.ba\/index.php\/magazin\/item\/159661-na-jednoj-od-bh-televizija-1-januara-tv-premijera-filma-toma\/#primaryimage\"},\"image\":{\"@id\":\"https:\/\/tuzlainfo.ba\/index.php\/magazin\/item\/159661-na-jednoj-od-bh-televizija-1-januara-tv-premijera-filma-toma\/#primaryimage\"},\"thumbnailUrl\":\"https:\/\/tuzlainfo.ba\/wp-content\/uploads\/2021\/10\/1210_toma_film.jpg\",\"datePublished\":\"2021-12-29T09:00:01+00:00\",\"dateModified\":\"2021-12-29T08:25:14+00:00\",\"breadcrumb\":{\"@id\":\"https:\/\/tuzlainfo.ba\/index.php\/magazin\/item\/159661-na-jednoj-od-bh-televizija-1-januara-tv-premijera-filma-toma\/#breadcrumb\"},\"inLanguage\":\"bs-BA\",\"potentialAction\":[{\"@type\":\"ReadAction\",\"target\":[\"https:\/\/tuzlainfo.ba\/index.php\/magazin\/item\/159661-na-jednoj-od-bh-televizija-1-januara-tv-premijera-filma-toma\/\"]}]},{\"@type\":\"ImageObject\",\"inLanguage\":\"bs-BA\",\"@id\":\"https:\/\/tuzlainfo.ba\/index.php\/magazin\/item\/159661-na-jednoj-od-bh-televizija-1-januara-tv-premijera-filma-toma\/#primaryimage\",\"url\":\"https:\/\/tuzlainfo.ba\/wp-content\/uploads\/2021\/10\/1210_toma_film.jpg\",\"contentUrl\":\"https:\/\/tuzlainfo.ba\/wp-content\/uploads\/2021\/10\/1210_toma_film.jpg\",\"width\":780,\"height\":403},{\"@type\":\"BreadcrumbList\",\"@id\":\"https:\/\/tuzlainfo.ba\/index.php\/magazin\/item\/159661-na-jednoj-od-bh-televizija-1-januara-tv-premijera-filma-toma\/#breadcrumb\",\"itemListElement\":[{\"@type\":\"ListItem\",\"position\":1,\"name\":\"Home\",\"item\":\"https:\/\/tuzlainfo.ba\/\"},{\"@type\":\"ListItem\",\"position\":2,\"name\":\"Na jednoj od bh. televizija: 1. januara TV premijera filma &#8220;Toma&#8221;\"}]},{\"@type\":\"WebSite\",\"@id\":\"https:\/\/tuzlainfo.ba\/#website\",\"url\":\"https:\/\/tuzlainfo.ba\/\",\"name\":\"TuzlaInfo.ba\",\"description\":\"Tuzla info, gradski informator - Tuzla na dlanu\",\"publisher\":{\"@id\":\"https:\/\/tuzlainfo.ba\/#organization\"},\"potentialAction\":[{\"@type\":\"SearchAction\",\"target\":{\"@type\":\"EntryPoint\",\"urlTemplate\":\"https:\/\/tuzlainfo.ba\/?s={search_term_string}\"},\"query-input\":{\"@type\":\"PropertyValueSpecification\",\"valueRequired\":true,\"valueName\":\"search_term_string\"}}],\"inLanguage\":\"bs-BA\"},{\"@type\":\"Organization\",\"@id\":\"https:\/\/tuzlainfo.ba\/#organization\",\"name\":\"TuzlaInfo.ba\",\"url\":\"https:\/\/tuzlainfo.ba\/\",\"logo\":{\"@type\":\"ImageObject\",\"inLanguage\":\"bs-BA\",\"@id\":\"https:\/\/tuzlainfo.ba\/#\/schema\/logo\/image\/\",\"url\":\"https:\/\/tuzlainfo.ba\/wp-content\/uploads\/2021\/03\/logo-ver-3-1.png\",\"contentUrl\":\"https:\/\/tuzlainfo.ba\/wp-content\/uploads\/2021\/03\/logo-ver-3-1.png\",\"width\":350,\"height\":95,\"caption\":\"TuzlaInfo.ba\"},\"image\":{\"@id\":\"https:\/\/tuzlainfo.ba\/#\/schema\/logo\/image\/\"},\"sameAs\":[\"https:\/\/www.facebook.com\/tuzlainfo.ba\/\"]},{\"@type\":\"Person\",\"@id\":\"https:\/\/tuzlainfo.ba\/#\/schema\/person\/46cad4c57790cbc50781edd14870825a\",\"name\":\"Tuzla Info\",\"image\":{\"@type\":\"ImageObject\",\"inLanguage\":\"bs-BA\",\"@id\":\"https:\/\/tuzlainfo.ba\/#\/schema\/person\/image\/\",\"url\":\"https:\/\/tuzlainfo.ba\/wp-content\/litespeed\/avatar\/b6c453a6c38e3654f2e4416c643fc25c.jpg?ver=1777051911\",\"contentUrl\":\"https:\/\/tuzlainfo.ba\/wp-content\/litespeed\/avatar\/b6c453a6c38e3654f2e4416c643fc25c.jpg?ver=1777051911\",\"caption\":\"Tuzla Info\"}}]}<\/script>\n<!-- \/ Yoast SEO plugin. -->","yoast_head_json":{"title":"Na jednoj od bh. televizija: 1. januara TV premijera filma \"Toma\" - TuzlaInfo.ba","robots":{"index":"index","follow":"follow","max-snippet":"max-snippet:-1","max-image-preview":"max-image-preview:large","max-video-preview":"max-video-preview:-1"},"canonical":"https:\/\/tuzlainfo.ba\/index.php\/magazin\/item\/159661-na-jednoj-od-bh-televizija-1-januara-tv-premijera-filma-toma\/","og_locale":"bs_BA","og_type":"article","og_title":"Na jednoj od bh. televizija: 1. januara TV premijera filma \"Toma\" - TuzlaInfo.ba","og_description":"TVSA na \u010delu sa direktoricom Du\u0161kom Juri\u0161i\u0107 jo\u0161 jednom je potvrdila staro pravilo &#8211; sve&hellip;","og_url":"https:\/\/tuzlainfo.ba\/index.php\/magazin\/item\/159661-na-jednoj-od-bh-televizija-1-januara-tv-premijera-filma-toma\/","og_site_name":"TuzlaInfo.ba","article_publisher":"https:\/\/www.facebook.com\/tuzlainfo.ba\/","article_published_time":"2021-12-29T09:00:01+00:00","article_modified_time":"2021-12-29T08:25:14+00:00","og_image":[{"width":780,"height":403,"url":"https:\/\/tuzlainfo.ba\/wp-content\/uploads\/2021\/10\/1210_toma_film.jpg","type":"image\/jpeg"}],"author":"Tuzla Info","twitter_card":"summary_large_image","twitter_misc":{"Written by":"Tuzla Info","Est. reading time":"1 minuta"},"schema":{"@context":"https:\/\/schema.org","@graph":[{"@type":"Article","@id":"https:\/\/tuzlainfo.ba\/index.php\/magazin\/item\/159661-na-jednoj-od-bh-televizija-1-januara-tv-premijera-filma-toma\/#article","isPartOf":{"@id":"https:\/\/tuzlainfo.ba\/index.php\/magazin\/item\/159661-na-jednoj-od-bh-televizija-1-januara-tv-premijera-filma-toma\/"},"author":{"name":"Tuzla Info","@id":"https:\/\/tuzlainfo.ba\/#\/schema\/person\/46cad4c57790cbc50781edd14870825a"},"headline":"Na jednoj od bh. televizija: 1. januara TV premijera filma &#8220;Toma&#8221;","datePublished":"2021-12-29T09:00:01+00:00","dateModified":"2021-12-29T08:25:14+00:00","mainEntityOfPage":{"@id":"https:\/\/tuzlainfo.ba\/index.php\/magazin\/item\/159661-na-jednoj-od-bh-televizija-1-januara-tv-premijera-filma-toma\/"},"wordCount":250,"commentCount":0,"publisher":{"@id":"https:\/\/tuzlainfo.ba\/#organization"},"image":{"@id":"https:\/\/tuzlainfo.ba\/index.php\/magazin\/item\/159661-na-jednoj-od-bh-televizija-1-januara-tv-premijera-filma-toma\/#primaryimage"},"thumbnailUrl":"https:\/\/tuzlainfo.ba\/wp-content\/uploads\/2021\/10\/1210_toma_film.jpg","keywords":["film toma","tv premijera"],"articleSection":["Magazin"],"inLanguage":"bs-BA"},{"@type":"WebPage","@id":"https:\/\/tuzlainfo.ba\/index.php\/magazin\/item\/159661-na-jednoj-od-bh-televizija-1-januara-tv-premijera-filma-toma\/","url":"https:\/\/tuzlainfo.ba\/index.php\/magazin\/item\/159661-na-jednoj-od-bh-televizija-1-januara-tv-premijera-filma-toma\/","name":"Na jednoj od bh. televizija: 1. januara TV premijera filma \"Toma\" - TuzlaInfo.ba","isPartOf":{"@id":"https:\/\/tuzlainfo.ba\/#website"},"primaryImageOfPage":{"@id":"https:\/\/tuzlainfo.ba\/index.php\/magazin\/item\/159661-na-jednoj-od-bh-televizija-1-januara-tv-premijera-filma-toma\/#primaryimage"},"image":{"@id":"https:\/\/tuzlainfo.ba\/index.php\/magazin\/item\/159661-na-jednoj-od-bh-televizija-1-januara-tv-premijera-filma-toma\/#primaryimage"},"thumbnailUrl":"https:\/\/tuzlainfo.ba\/wp-content\/uploads\/2021\/10\/1210_toma_film.jpg","datePublished":"2021-12-29T09:00:01+00:00","dateModified":"2021-12-29T08:25:14+00:00","breadcrumb":{"@id":"https:\/\/tuzlainfo.ba\/index.php\/magazin\/item\/159661-na-jednoj-od-bh-televizija-1-januara-tv-premijera-filma-toma\/#breadcrumb"},"inLanguage":"bs-BA","potentialAction":[{"@type":"ReadAction","target":["https:\/\/tuzlainfo.ba\/index.php\/magazin\/item\/159661-na-jednoj-od-bh-televizija-1-januara-tv-premijera-filma-toma\/"]}]},{"@type":"ImageObject","inLanguage":"bs-BA","@id":"https:\/\/tuzlainfo.ba\/index.php\/magazin\/item\/159661-na-jednoj-od-bh-televizija-1-januara-tv-premijera-filma-toma\/#primaryimage","url":"https:\/\/tuzlainfo.ba\/wp-content\/uploads\/2021\/10\/1210_toma_film.jpg","contentUrl":"https:\/\/tuzlainfo.ba\/wp-content\/uploads\/2021\/10\/1210_toma_film.jpg","width":780,"height":403},{"@type":"BreadcrumbList","@id":"https:\/\/tuzlainfo.ba\/index.php\/magazin\/item\/159661-na-jednoj-od-bh-televizija-1-januara-tv-premijera-filma-toma\/#breadcrumb","itemListElement":[{"@type":"ListItem","position":1,"name":"Home","item":"https:\/\/tuzlainfo.ba\/"},{"@type":"ListItem","position":2,"name":"Na jednoj od bh. televizija: 1. januara TV premijera filma &#8220;Toma&#8221;"}]},{"@type":"WebSite","@id":"https:\/\/tuzlainfo.ba\/#website","url":"https:\/\/tuzlainfo.ba\/","name":"TuzlaInfo.ba","description":"Tuzla info, gradski informator - Tuzla na dlanu","publisher":{"@id":"https:\/\/tuzlainfo.ba\/#organization"},"potentialAction":[{"@type":"SearchAction","target":{"@type":"EntryPoint","urlTemplate":"https:\/\/tuzlainfo.ba\/?s={search_term_string}"},"query-input":{"@type":"PropertyValueSpecification","valueRequired":true,"valueName":"search_term_string"}}],"inLanguage":"bs-BA"},{"@type":"Organization","@id":"https:\/\/tuzlainfo.ba\/#organization","name":"TuzlaInfo.ba","url":"https:\/\/tuzlainfo.ba\/","logo":{"@type":"ImageObject","inLanguage":"bs-BA","@id":"https:\/\/tuzlainfo.ba\/#\/schema\/logo\/image\/","url":"https:\/\/tuzlainfo.ba\/wp-content\/uploads\/2021\/03\/logo-ver-3-1.png","contentUrl":"https:\/\/tuzlainfo.ba\/wp-content\/uploads\/2021\/03\/logo-ver-3-1.png","width":350,"height":95,"caption":"TuzlaInfo.ba"},"image":{"@id":"https:\/\/tuzlainfo.ba\/#\/schema\/logo\/image\/"},"sameAs":["https:\/\/www.facebook.com\/tuzlainfo.ba\/"]},{"@type":"Person","@id":"https:\/\/tuzlainfo.ba\/#\/schema\/person\/46cad4c57790cbc50781edd14870825a","name":"Tuzla Info","image":{"@type":"ImageObject","inLanguage":"bs-BA","@id":"https:\/\/tuzlainfo.ba\/#\/schema\/person\/image\/","url":"https:\/\/tuzlainfo.ba\/wp-content\/litespeed\/avatar\/b6c453a6c38e3654f2e4416c643fc25c.jpg?ver=1777051911","contentUrl":"https:\/\/tuzlainfo.ba\/wp-content\/litespeed\/avatar\/b6c453a6c38e3654f2e4416c643fc25c.jpg?ver=1777051911","caption":"Tuzla Info"}}]}},"_links":{"self":[{"href":"https:\/\/tuzlainfo.ba\/index.php\/wp-json\/wp\/v2\/posts\/159661"}],"collection":[{"href":"https:\/\/tuzlainfo.ba\/index.php\/wp-json\/wp\/v2\/posts"}],"about":[{"href":"https:\/\/tuzlainfo.ba\/index.php\/wp-json\/wp\/v2\/types\/post"}],"author":[{"embeddable":true,"href":"https:\/\/tuzlainfo.ba\/index.php\/wp-json\/wp\/v2\/users\/4"}],"replies":[{"embeddable":true,"href":"https:\/\/tuzlainfo.ba\/index.php\/wp-json\/wp\/v2\/comments?post=159661"}],"version-history":[{"count":0,"href":"https:\/\/tuzlainfo.ba\/index.php\/wp-json\/wp\/v2\/posts\/159661\/revisions"}],"wp:featuredmedia":[{"embeddable":true,"href":"https:\/\/tuzlainfo.ba\/index.php\/wp-json\/wp\/v2\/media\/150660"}],"wp:attachment":[{"href":"https:\/\/tuzlainfo.ba\/index.php\/wp-json\/wp\/v2\/media?parent=159661"}],"wp:term":[{"taxonomy":"category","embeddable":true,"href":"https:\/\/tuzlainfo.ba\/index.php\/wp-json\/wp\/v2\/categories?post=159661"},{"taxonomy":"post_tag","embeddable":true,"href":"https:\/\/tuzlainfo.ba\/index.php\/wp-json\/wp\/v2\/tags?post=159661"}],"curies":[{"name":"wp","href":"https:\/\/api.w.org\/{rel}","templated":true}]}}