{"id":159551,"date":"2021-12-28T14:00:00","date_gmt":"2021-12-28T13:00:00","guid":{"rendered":"https:\/\/tuzlainfo.ba\/?p=159551"},"modified":"2021-12-28T14:00:00","modified_gmt":"2021-12-28T13:00:00","slug":"sahranjeni-mladici-stradali-u-teskoj-saobracajnoj-nesreci-u-novom-pazaru","status":"publish","type":"post","link":"https:\/\/tuzlainfo.ba\/index.php\/clanci\/sa-svih-strana\/item\/159551-sahranjeni-mladici-stradali-u-teskoj-saobracajnoj-nesreci-u-novom-pazaru\/","title":{"rendered":"Sahranjeni mladi\u0107i stradali u te\u0161koj saobra\u0107ajnoj nesre\u0107i u Novom Pazaru"},"content":{"rendered":"<p>Tokom ju\u010dera\u0161njeg dana, vi\u0161e od hiljadu ljudi prisustvovalo je sahrani koja je obavljena u selu Lukare. D\u017eenazi su prisustvovali brojni gra\u0111ani Novog Pazara, a molitvi su prisustovali i visoki zvani\u010dnici Islamske zajednice u Srbiji na \u010delu sa Muftijom Mevlud efendijom Dudi\u0107em. D\u017eenaza trojici mladi\u0107a, Amelu Ibrahimovi\u0107u (21), Mithatu Hamidovi\u0107u (24) i Amaru Ujkanovi\u0107u (22), obavljena je u selu Lukare, dok \u0107e se d\u017eenaza Senadu \u0110erleku (22) klanjati danas poslije podne u selu Zalu\u017ee.<\/p>\n<p>\u010cetvorica mladi\u0107a nastradala su u \u010deonom sudaru dva putni\u010dka vozila u Selu Lukare nadomak Novog Pazara, na magistalnom putu Novi Pazar-Ribrai\u0107ei. Oni su bili u vozilu kraljeva\u010dkih registarskih oznaka i sva \u010detvorica su stradali na licu mjesta, dok je u drugom vozilu povrije\u0111ena jedna \u017eena i ona se danas nalazi u stabilnoj zdravstvenoj situaciji.<\/p>\n<p>Selo Lukare ali i Novi Pazar, pokriveni su tugom. Svi i danas pri\u010daju o ovom slu\u010daju, kao i cio region. Velika \u017ealost pogodila je ovaj dio Srbije, zbog tuge otkazane su brojne manifestacije, uklju\u010duju\u0107i i ve\u010dera\u0161nju premijeru filma \u201eQuo Vadis, Aida\u201c, na kojoj je trebalo da gostuju glumci i produkcija filma, te \u0107e samo biti prikazan film.<\/p>\n<p>Jedan od drugova koji su tu no\u0107 sjedili sa Amelom, Mithatom, Amarom i Senadom u lokalnoj kafe\u010dajnici, izbjegao je pogibiju, tako \u0161to je u posljednjem trenutku odustao od vo\u017enje sa drugovima i rekao da \u0107e ipak ostati.<\/p>\n<p><strong>\u201cSjedili smo u kafe\u010dajnici, smijali smo se i pri\u010dali o golfu, zezali se koliko mo\u017ee da se proda, koliko para vrijedi. Zvali su me da idemo kod Nina, na\u0161eg drugara, da popijemo kafu, reko sam da je kasno za kafu i da \u0107u ipak ostati, oni su oti\u0161li da se provozaju ili do Nina, ali vrlo brzo smo \u010duli \u0161ta se desilo i \u0161to je jo\u0161 gore, vidjeli\u201d<\/strong>, kroz suze pri\u010da jedan od drugara, prepri\u010davaju\u0107i ostalima \u0161ta se desilo.<\/p>\n<p>Nino, vlasnik kafe\u010dajnice u naselju Mur, odmah pored Lukara, ka\u017ee da su stradali momci njegovi veliki drugovi i stalni gosti u njegovom lokalu.<\/p>\n<p><strong>\u201c\u010culi smo se tu no\u0107, oti\u0161li su do grada da na benziskoj uzmu kafe za ponijeti i trebali su da do\u0111u do mene, da se vidimo. Allah je tako htio, uzeo ih je sebi, i nisu stigli do mene. To su momci kristalni, bili su primjer i oli\u010denje dobrote. Svako ko njih zna kaza\u0107e ovo isto. Molim Allaha da im podari D\u017eenet. Kod nas se ka\u017ee Allahu su bili miliji nego nama, pa ih je zbog toga uzeo sebi\u201d<\/strong>, pri\u010da Nino, jedan od prijatelja stradalih mladi\u0107a iz Novog Pazara.<\/p>\n<p>Svi koji poznaju \u010detvoricu stradalih momaka o njima govore samo najljep\u0161e, isti\u010du da su bili vrijedni i dobri momci. Mithat se skoro i o\u017eenio, po\u010deo da radi i formira porodicu, a za njega prijatelji ka\u017eu da nije bilo boljeg druga od njega. Tako je za sve stradale momke, niko nema da ka\u017ee bilo kakvu negativnu rije\u010d, <a href=\"https:\/\/nova.rs\/vesti\/hronika\/sahranjeni-mladici-koji-su-stradali-u-nesreci-u-novom-pazaru\/?fbclid=IwAR3kanb5qXVkeTFd4miKSUIM1HSz2FlZw56n_fhy9Bo-ndrTGfkUGh9f5BA\" target=\"_blank\" rel=\"noopener\">pi\u0161e nova.rs.<\/a><\/p>\n","protected":false},"excerpt":{"rendered":"<p>Tokom ju\u010dera\u0161njeg dana, vi\u0161e od hiljadu ljudi prisustvovalo je sahrani koja je obavljena u selu&hellip;<\/p>\n","protected":false},"author":4,"featured_media":159569,"comment_status":"open","ping_status":"closed","sticky":false,"template":"","format":"standard","meta":{"_acf_changed":false,"footnotes":""},"categories":[16],"tags":[1453,922,1317],"acf":[],"yoast_head":"<!-- This site is optimized with the Yoast SEO plugin v23.5 - https:\/\/yoast.com\/wordpress\/plugins\/seo\/ -->\n<title>Sahranjeni mladi\u0107i stradali u te\u0161koj saobra\u0107ajnoj nesre\u0107i u Novom Pazaru - TuzlaInfo.ba<\/title>\n<meta name=\"robots\" content=\"index, follow, max-snippet:-1, max-image-preview:large, max-video-preview:-1\" \/>\n<link rel=\"canonical\" href=\"https:\/\/tuzlainfo.ba\/index.php\/clanci\/sa-svih-strana\/item\/159551-sahranjeni-mladici-stradali-u-teskoj-saobracajnoj-nesreci-u-novom-pazaru\/\" \/>\n<meta property=\"og:locale\" content=\"bs_BA\" \/>\n<meta property=\"og:type\" content=\"article\" \/>\n<meta property=\"og:title\" content=\"Sahranjeni mladi\u0107i stradali u te\u0161koj saobra\u0107ajnoj nesre\u0107i u Novom Pazaru - TuzlaInfo.ba\" \/>\n<meta property=\"og:description\" content=\"Tokom ju\u010dera\u0161njeg dana, vi\u0161e od hiljadu ljudi prisustvovalo je sahrani koja je obavljena u selu&hellip;\" \/>\n<meta property=\"og:url\" content=\"https:\/\/tuzlainfo.ba\/index.php\/clanci\/sa-svih-strana\/item\/159551-sahranjeni-mladici-stradali-u-teskoj-saobracajnoj-nesreci-u-novom-pazaru\/\" \/>\n<meta property=\"og:site_name\" content=\"TuzlaInfo.ba\" \/>\n<meta property=\"article:publisher\" content=\"https:\/\/www.facebook.com\/tuzlainfo.ba\/\" \/>\n<meta property=\"article:published_time\" content=\"2021-12-28T13:00:00+00:00\" \/>\n<meta property=\"og:image\" content=\"https:\/\/tuzlainfo.ba\/wp-content\/uploads\/2021\/12\/2812_novi-pazar-dzenaza-750x500-1.jpg\" \/>\n\t<meta property=\"og:image:width\" content=\"750\" \/>\n\t<meta property=\"og:image:height\" content=\"500\" \/>\n\t<meta property=\"og:image:type\" content=\"image\/jpeg\" \/>\n<meta name=\"author\" content=\"Tuzla Info\" \/>\n<meta name=\"twitter:card\" content=\"summary_large_image\" \/>\n<meta name=\"twitter:label1\" content=\"Written by\" \/>\n\t<meta name=\"twitter:data1\" content=\"Tuzla Info\" \/>\n\t<meta name=\"twitter:label2\" content=\"Est. reading time\" \/>\n\t<meta name=\"twitter:data2\" content=\"3 minute\" \/>\n<script type=\"application\/ld+json\" class=\"yoast-schema-graph\">{\"@context\":\"https:\/\/schema.org\",\"@graph\":[{\"@type\":\"Article\",\"@id\":\"https:\/\/tuzlainfo.ba\/index.php\/clanci\/sa-svih-strana\/item\/159551-sahranjeni-mladici-stradali-u-teskoj-saobracajnoj-nesreci-u-novom-pazaru\/#article\",\"isPartOf\":{\"@id\":\"https:\/\/tuzlainfo.ba\/index.php\/clanci\/sa-svih-strana\/item\/159551-sahranjeni-mladici-stradali-u-teskoj-saobracajnoj-nesreci-u-novom-pazaru\/\"},\"author\":{\"name\":\"Tuzla Info\",\"@id\":\"https:\/\/tuzlainfo.ba\/#\/schema\/person\/46cad4c57790cbc50781edd14870825a\"},\"headline\":\"Sahranjeni mladi\u0107i stradali u te\u0161koj saobra\u0107ajnoj nesre\u0107i u Novom Pazaru\",\"datePublished\":\"2021-12-28T13:00:00+00:00\",\"dateModified\":\"2021-12-28T13:00:00+00:00\",\"mainEntityOfPage\":{\"@id\":\"https:\/\/tuzlainfo.ba\/index.php\/clanci\/sa-svih-strana\/item\/159551-sahranjeni-mladici-stradali-u-teskoj-saobracajnoj-nesreci-u-novom-pazaru\/\"},\"wordCount\":533,\"commentCount\":0,\"publisher\":{\"@id\":\"https:\/\/tuzlainfo.ba\/#organization\"},\"image\":{\"@id\":\"https:\/\/tuzlainfo.ba\/index.php\/clanci\/sa-svih-strana\/item\/159551-sahranjeni-mladici-stradali-u-teskoj-saobracajnoj-nesreci-u-novom-pazaru\/#primaryimage\"},\"thumbnailUrl\":\"https:\/\/tuzlainfo.ba\/wp-content\/uploads\/2021\/12\/2812_novi-pazar-dzenaza-750x500-1.jpg\",\"keywords\":[\"d\u017eenaza\",\"nesre\u0107a\",\"novi pazar\"],\"articleSection\":[\"Sa svih strana\"],\"inLanguage\":\"bs-BA\"},{\"@type\":\"WebPage\",\"@id\":\"https:\/\/tuzlainfo.ba\/index.php\/clanci\/sa-svih-strana\/item\/159551-sahranjeni-mladici-stradali-u-teskoj-saobracajnoj-nesreci-u-novom-pazaru\/\",\"url\":\"https:\/\/tuzlainfo.ba\/index.php\/clanci\/sa-svih-strana\/item\/159551-sahranjeni-mladici-stradali-u-teskoj-saobracajnoj-nesreci-u-novom-pazaru\/\",\"name\":\"Sahranjeni mladi\u0107i stradali u te\u0161koj saobra\u0107ajnoj nesre\u0107i u Novom Pazaru - TuzlaInfo.ba\",\"isPartOf\":{\"@id\":\"https:\/\/tuzlainfo.ba\/#website\"},\"primaryImageOfPage\":{\"@id\":\"https:\/\/tuzlainfo.ba\/index.php\/clanci\/sa-svih-strana\/item\/159551-sahranjeni-mladici-stradali-u-teskoj-saobracajnoj-nesreci-u-novom-pazaru\/#primaryimage\"},\"image\":{\"@id\":\"https:\/\/tuzlainfo.ba\/index.php\/clanci\/sa-svih-strana\/item\/159551-sahranjeni-mladici-stradali-u-teskoj-saobracajnoj-nesreci-u-novom-pazaru\/#primaryimage\"},\"thumbnailUrl\":\"https:\/\/tuzlainfo.ba\/wp-content\/uploads\/2021\/12\/2812_novi-pazar-dzenaza-750x500-1.jpg\",\"datePublished\":\"2021-12-28T13:00:00+00:00\",\"dateModified\":\"2021-12-28T13:00:00+00:00\",\"breadcrumb\":{\"@id\":\"https:\/\/tuzlainfo.ba\/index.php\/clanci\/sa-svih-strana\/item\/159551-sahranjeni-mladici-stradali-u-teskoj-saobracajnoj-nesreci-u-novom-pazaru\/#breadcrumb\"},\"inLanguage\":\"bs-BA\",\"potentialAction\":[{\"@type\":\"ReadAction\",\"target\":[\"https:\/\/tuzlainfo.ba\/index.php\/clanci\/sa-svih-strana\/item\/159551-sahranjeni-mladici-stradali-u-teskoj-saobracajnoj-nesreci-u-novom-pazaru\/\"]}]},{\"@type\":\"ImageObject\",\"inLanguage\":\"bs-BA\",\"@id\":\"https:\/\/tuzlainfo.ba\/index.php\/clanci\/sa-svih-strana\/item\/159551-sahranjeni-mladici-stradali-u-teskoj-saobracajnoj-nesreci-u-novom-pazaru\/#primaryimage\",\"url\":\"https:\/\/tuzlainfo.ba\/wp-content\/uploads\/2021\/12\/2812_novi-pazar-dzenaza-750x500-1.jpg\",\"contentUrl\":\"https:\/\/tuzlainfo.ba\/wp-content\/uploads\/2021\/12\/2812_novi-pazar-dzenaza-750x500-1.jpg\",\"width\":750,\"height\":500},{\"@type\":\"BreadcrumbList\",\"@id\":\"https:\/\/tuzlainfo.ba\/index.php\/clanci\/sa-svih-strana\/item\/159551-sahranjeni-mladici-stradali-u-teskoj-saobracajnoj-nesreci-u-novom-pazaru\/#breadcrumb\",\"itemListElement\":[{\"@type\":\"ListItem\",\"position\":1,\"name\":\"Home\",\"item\":\"https:\/\/tuzlainfo.ba\/\"},{\"@type\":\"ListItem\",\"position\":2,\"name\":\"Sahranjeni mladi\u0107i stradali u te\u0161koj saobra\u0107ajnoj nesre\u0107i u Novom Pazaru\"}]},{\"@type\":\"WebSite\",\"@id\":\"https:\/\/tuzlainfo.ba\/#website\",\"url\":\"https:\/\/tuzlainfo.ba\/\",\"name\":\"TuzlaInfo.ba\",\"description\":\"Tuzla info, gradski informator - Tuzla na dlanu\",\"publisher\":{\"@id\":\"https:\/\/tuzlainfo.ba\/#organization\"},\"potentialAction\":[{\"@type\":\"SearchAction\",\"target\":{\"@type\":\"EntryPoint\",\"urlTemplate\":\"https:\/\/tuzlainfo.ba\/?s={search_term_string}\"},\"query-input\":{\"@type\":\"PropertyValueSpecification\",\"valueRequired\":true,\"valueName\":\"search_term_string\"}}],\"inLanguage\":\"bs-BA\"},{\"@type\":\"Organization\",\"@id\":\"https:\/\/tuzlainfo.ba\/#organization\",\"name\":\"TuzlaInfo.ba\",\"url\":\"https:\/\/tuzlainfo.ba\/\",\"logo\":{\"@type\":\"ImageObject\",\"inLanguage\":\"bs-BA\",\"@id\":\"https:\/\/tuzlainfo.ba\/#\/schema\/logo\/image\/\",\"url\":\"https:\/\/tuzlainfo.ba\/wp-content\/uploads\/2021\/03\/logo-ver-3-1.png\",\"contentUrl\":\"https:\/\/tuzlainfo.ba\/wp-content\/uploads\/2021\/03\/logo-ver-3-1.png\",\"width\":350,\"height\":95,\"caption\":\"TuzlaInfo.ba\"},\"image\":{\"@id\":\"https:\/\/tuzlainfo.ba\/#\/schema\/logo\/image\/\"},\"sameAs\":[\"https:\/\/www.facebook.com\/tuzlainfo.ba\/\"]},{\"@type\":\"Person\",\"@id\":\"https:\/\/tuzlainfo.ba\/#\/schema\/person\/46cad4c57790cbc50781edd14870825a\",\"name\":\"Tuzla Info\",\"image\":{\"@type\":\"ImageObject\",\"inLanguage\":\"bs-BA\",\"@id\":\"https:\/\/tuzlainfo.ba\/#\/schema\/person\/image\/\",\"url\":\"https:\/\/tuzlainfo.ba\/wp-content\/litespeed\/avatar\/b6c453a6c38e3654f2e4416c643fc25c.jpg?ver=1777051911\",\"contentUrl\":\"https:\/\/tuzlainfo.ba\/wp-content\/litespeed\/avatar\/b6c453a6c38e3654f2e4416c643fc25c.jpg?ver=1777051911\",\"caption\":\"Tuzla Info\"}}]}<\/script>\n<!-- \/ Yoast SEO plugin. -->","yoast_head_json":{"title":"Sahranjeni mladi\u0107i stradali u te\u0161koj saobra\u0107ajnoj nesre\u0107i u Novom Pazaru - TuzlaInfo.ba","robots":{"index":"index","follow":"follow","max-snippet":"max-snippet:-1","max-image-preview":"max-image-preview:large","max-video-preview":"max-video-preview:-1"},"canonical":"https:\/\/tuzlainfo.ba\/index.php\/clanci\/sa-svih-strana\/item\/159551-sahranjeni-mladici-stradali-u-teskoj-saobracajnoj-nesreci-u-novom-pazaru\/","og_locale":"bs_BA","og_type":"article","og_title":"Sahranjeni mladi\u0107i stradali u te\u0161koj saobra\u0107ajnoj nesre\u0107i u Novom Pazaru - TuzlaInfo.ba","og_description":"Tokom ju\u010dera\u0161njeg dana, vi\u0161e od hiljadu ljudi prisustvovalo je sahrani koja je obavljena u selu&hellip;","og_url":"https:\/\/tuzlainfo.ba\/index.php\/clanci\/sa-svih-strana\/item\/159551-sahranjeni-mladici-stradali-u-teskoj-saobracajnoj-nesreci-u-novom-pazaru\/","og_site_name":"TuzlaInfo.ba","article_publisher":"https:\/\/www.facebook.com\/tuzlainfo.ba\/","article_published_time":"2021-12-28T13:00:00+00:00","og_image":[{"width":750,"height":500,"url":"https:\/\/tuzlainfo.ba\/wp-content\/uploads\/2021\/12\/2812_novi-pazar-dzenaza-750x500-1.jpg","type":"image\/jpeg"}],"author":"Tuzla Info","twitter_card":"summary_large_image","twitter_misc":{"Written by":"Tuzla Info","Est. reading time":"3 minute"},"schema":{"@context":"https:\/\/schema.org","@graph":[{"@type":"Article","@id":"https:\/\/tuzlainfo.ba\/index.php\/clanci\/sa-svih-strana\/item\/159551-sahranjeni-mladici-stradali-u-teskoj-saobracajnoj-nesreci-u-novom-pazaru\/#article","isPartOf":{"@id":"https:\/\/tuzlainfo.ba\/index.php\/clanci\/sa-svih-strana\/item\/159551-sahranjeni-mladici-stradali-u-teskoj-saobracajnoj-nesreci-u-novom-pazaru\/"},"author":{"name":"Tuzla Info","@id":"https:\/\/tuzlainfo.ba\/#\/schema\/person\/46cad4c57790cbc50781edd14870825a"},"headline":"Sahranjeni mladi\u0107i stradali u te\u0161koj saobra\u0107ajnoj nesre\u0107i u Novom Pazaru","datePublished":"2021-12-28T13:00:00+00:00","dateModified":"2021-12-28T13:00:00+00:00","mainEntityOfPage":{"@id":"https:\/\/tuzlainfo.ba\/index.php\/clanci\/sa-svih-strana\/item\/159551-sahranjeni-mladici-stradali-u-teskoj-saobracajnoj-nesreci-u-novom-pazaru\/"},"wordCount":533,"commentCount":0,"publisher":{"@id":"https:\/\/tuzlainfo.ba\/#organization"},"image":{"@id":"https:\/\/tuzlainfo.ba\/index.php\/clanci\/sa-svih-strana\/item\/159551-sahranjeni-mladici-stradali-u-teskoj-saobracajnoj-nesreci-u-novom-pazaru\/#primaryimage"},"thumbnailUrl":"https:\/\/tuzlainfo.ba\/wp-content\/uploads\/2021\/12\/2812_novi-pazar-dzenaza-750x500-1.jpg","keywords":["d\u017eenaza","nesre\u0107a","novi pazar"],"articleSection":["Sa svih strana"],"inLanguage":"bs-BA"},{"@type":"WebPage","@id":"https:\/\/tuzlainfo.ba\/index.php\/clanci\/sa-svih-strana\/item\/159551-sahranjeni-mladici-stradali-u-teskoj-saobracajnoj-nesreci-u-novom-pazaru\/","url":"https:\/\/tuzlainfo.ba\/index.php\/clanci\/sa-svih-strana\/item\/159551-sahranjeni-mladici-stradali-u-teskoj-saobracajnoj-nesreci-u-novom-pazaru\/","name":"Sahranjeni mladi\u0107i stradali u te\u0161koj saobra\u0107ajnoj nesre\u0107i u Novom Pazaru - TuzlaInfo.ba","isPartOf":{"@id":"https:\/\/tuzlainfo.ba\/#website"},"primaryImageOfPage":{"@id":"https:\/\/tuzlainfo.ba\/index.php\/clanci\/sa-svih-strana\/item\/159551-sahranjeni-mladici-stradali-u-teskoj-saobracajnoj-nesreci-u-novom-pazaru\/#primaryimage"},"image":{"@id":"https:\/\/tuzlainfo.ba\/index.php\/clanci\/sa-svih-strana\/item\/159551-sahranjeni-mladici-stradali-u-teskoj-saobracajnoj-nesreci-u-novom-pazaru\/#primaryimage"},"thumbnailUrl":"https:\/\/tuzlainfo.ba\/wp-content\/uploads\/2021\/12\/2812_novi-pazar-dzenaza-750x500-1.jpg","datePublished":"2021-12-28T13:00:00+00:00","dateModified":"2021-12-28T13:00:00+00:00","breadcrumb":{"@id":"https:\/\/tuzlainfo.ba\/index.php\/clanci\/sa-svih-strana\/item\/159551-sahranjeni-mladici-stradali-u-teskoj-saobracajnoj-nesreci-u-novom-pazaru\/#breadcrumb"},"inLanguage":"bs-BA","potentialAction":[{"@type":"ReadAction","target":["https:\/\/tuzlainfo.ba\/index.php\/clanci\/sa-svih-strana\/item\/159551-sahranjeni-mladici-stradali-u-teskoj-saobracajnoj-nesreci-u-novom-pazaru\/"]}]},{"@type":"ImageObject","inLanguage":"bs-BA","@id":"https:\/\/tuzlainfo.ba\/index.php\/clanci\/sa-svih-strana\/item\/159551-sahranjeni-mladici-stradali-u-teskoj-saobracajnoj-nesreci-u-novom-pazaru\/#primaryimage","url":"https:\/\/tuzlainfo.ba\/wp-content\/uploads\/2021\/12\/2812_novi-pazar-dzenaza-750x500-1.jpg","contentUrl":"https:\/\/tuzlainfo.ba\/wp-content\/uploads\/2021\/12\/2812_novi-pazar-dzenaza-750x500-1.jpg","width":750,"height":500},{"@type":"BreadcrumbList","@id":"https:\/\/tuzlainfo.ba\/index.php\/clanci\/sa-svih-strana\/item\/159551-sahranjeni-mladici-stradali-u-teskoj-saobracajnoj-nesreci-u-novom-pazaru\/#breadcrumb","itemListElement":[{"@type":"ListItem","position":1,"name":"Home","item":"https:\/\/tuzlainfo.ba\/"},{"@type":"ListItem","position":2,"name":"Sahranjeni mladi\u0107i stradali u te\u0161koj saobra\u0107ajnoj nesre\u0107i u Novom Pazaru"}]},{"@type":"WebSite","@id":"https:\/\/tuzlainfo.ba\/#website","url":"https:\/\/tuzlainfo.ba\/","name":"TuzlaInfo.ba","description":"Tuzla info, gradski informator - Tuzla na dlanu","publisher":{"@id":"https:\/\/tuzlainfo.ba\/#organization"},"potentialAction":[{"@type":"SearchAction","target":{"@type":"EntryPoint","urlTemplate":"https:\/\/tuzlainfo.ba\/?s={search_term_string}"},"query-input":{"@type":"PropertyValueSpecification","valueRequired":true,"valueName":"search_term_string"}}],"inLanguage":"bs-BA"},{"@type":"Organization","@id":"https:\/\/tuzlainfo.ba\/#organization","name":"TuzlaInfo.ba","url":"https:\/\/tuzlainfo.ba\/","logo":{"@type":"ImageObject","inLanguage":"bs-BA","@id":"https:\/\/tuzlainfo.ba\/#\/schema\/logo\/image\/","url":"https:\/\/tuzlainfo.ba\/wp-content\/uploads\/2021\/03\/logo-ver-3-1.png","contentUrl":"https:\/\/tuzlainfo.ba\/wp-content\/uploads\/2021\/03\/logo-ver-3-1.png","width":350,"height":95,"caption":"TuzlaInfo.ba"},"image":{"@id":"https:\/\/tuzlainfo.ba\/#\/schema\/logo\/image\/"},"sameAs":["https:\/\/www.facebook.com\/tuzlainfo.ba\/"]},{"@type":"Person","@id":"https:\/\/tuzlainfo.ba\/#\/schema\/person\/46cad4c57790cbc50781edd14870825a","name":"Tuzla Info","image":{"@type":"ImageObject","inLanguage":"bs-BA","@id":"https:\/\/tuzlainfo.ba\/#\/schema\/person\/image\/","url":"https:\/\/tuzlainfo.ba\/wp-content\/litespeed\/avatar\/b6c453a6c38e3654f2e4416c643fc25c.jpg?ver=1777051911","contentUrl":"https:\/\/tuzlainfo.ba\/wp-content\/litespeed\/avatar\/b6c453a6c38e3654f2e4416c643fc25c.jpg?ver=1777051911","caption":"Tuzla Info"}}]}},"_links":{"self":[{"href":"https:\/\/tuzlainfo.ba\/index.php\/wp-json\/wp\/v2\/posts\/159551"}],"collection":[{"href":"https:\/\/tuzlainfo.ba\/index.php\/wp-json\/wp\/v2\/posts"}],"about":[{"href":"https:\/\/tuzlainfo.ba\/index.php\/wp-json\/wp\/v2\/types\/post"}],"author":[{"embeddable":true,"href":"https:\/\/tuzlainfo.ba\/index.php\/wp-json\/wp\/v2\/users\/4"}],"replies":[{"embeddable":true,"href":"https:\/\/tuzlainfo.ba\/index.php\/wp-json\/wp\/v2\/comments?post=159551"}],"version-history":[{"count":0,"href":"https:\/\/tuzlainfo.ba\/index.php\/wp-json\/wp\/v2\/posts\/159551\/revisions"}],"wp:featuredmedia":[{"embeddable":true,"href":"https:\/\/tuzlainfo.ba\/index.php\/wp-json\/wp\/v2\/media\/159569"}],"wp:attachment":[{"href":"https:\/\/tuzlainfo.ba\/index.php\/wp-json\/wp\/v2\/media?parent=159551"}],"wp:term":[{"taxonomy":"category","embeddable":true,"href":"https:\/\/tuzlainfo.ba\/index.php\/wp-json\/wp\/v2\/categories?post=159551"},{"taxonomy":"post_tag","embeddable":true,"href":"https:\/\/tuzlainfo.ba\/index.php\/wp-json\/wp\/v2\/tags?post=159551"}],"curies":[{"name":"wp","href":"https:\/\/api.w.org\/{rel}","templated":true}]}}