{"id":159437,"date":"2021-12-27T15:42:08","date_gmt":"2021-12-27T14:42:08","guid":{"rendered":"https:\/\/tuzlainfo.ba\/?p=159437"},"modified":"2021-12-27T15:42:08","modified_gmt":"2021-12-27T14:42:08","slug":"rezolucija-islamske-zajednice-zabrinjava-dehumanizacija-muslimana-i-podrska-razbijanju-bih","status":"publish","type":"post","link":"https:\/\/tuzlainfo.ba\/index.php\/bosna-i-hercegovina\/item\/159437-rezolucija-islamske-zajednice-zabrinjava-dehumanizacija-muslimana-i-podrska-razbijanju-bih\/","title":{"rendered":"Rezolucija Islamske zajednice: Zabrinjava dehumanizacija muslimana i podr\u0161ka razbijanju BiH"},"content":{"rendered":"<p>Sabor Islamske zajednice u BiH (IZ BiH) usvojio je Rezoluciju o neophodnosti o\u010duvanja mira i dr\u017eavne suverenosti i cjelovitosti Bosne i Hercegovine na sjednici odr\u017eanoj 25. decembra.<\/p>\n<p>Kako stoji u Rezoluciji, u posljednje vrijeme sa zabrinuto\u0161\u0107u prate tendencije u doma\u0107oj i me\u0111unarodnoj politici koje, na krilima destruktivnih ideja \u0161ovinizma, ksenofobije, te nacionalne i vjerske segregacije, BiH suo\u010davaju s prijetnjom novih sukoba i podjela, kao i poni\u0161tenja svih tekovina mira i napretka koje je ova zemlja ostvarila u posljednjih \u010detvrt stolje\u0107a.<\/p>\n<p>&#8220;Neodgovorni pojedinci i skupine u zemlji i okru\u017eenju podsti\u010du nepovjerenje i nesno\u0161ljivost me\u0111u narodima i gra\u0111anima BiH, \u0161ire retoriku i vode politiku koja bi ovu zemlju mogla pretvoriti u konfliktno podru\u010dje, a njene stanovnike li\u0161iti elementarnog prava da \u017eive u slobodi, bez straha od novih sukoba i stradanja. Sastavni dio te retorike su ve\u0107 vi\u0111eni napori na stigmatizaciji i dehumanizaciji bh. muslimana &#8211; Bo\u0161njaka, kao naroda \u010diji se svjetonazor nastoji prikazati nespojivim s naslije\u0111em i vrijednostima savremene Evrope.Takvo djelovanje ima cilj da proizvede vjersku netrpeljivost prema muslimanima u evropskim diplomatskim sredi\u0161tima i u \u0161iroj javnosti, kao podlogu za pribavljanje podr\u0161ke politici razbijanja BiH kao suverene i teritorijalno cjelovite dr\u017eave&#8221;, stoji u Rezoluciji.<\/p>\n<p>U Rezoluciji se dodaje da zlonamjernu tezu o tzv. &#8220;muslimanskoj prijetnji&#8221; najbolje demantira nepodijeljena privr\u017eenost bh. muslimana evropskim i univerzalnim ljudskim i civilizacijskim vrijednostima i idealima, posvjedo\u010dena i u najte\u017eim uslovima \u017eivota pod oru\u017eanom agresijom i u miru, poslije pro\u017eivljenog genocida.<\/p>\n<p>&#8220;Ta insinuacija slu\u017ei kao podloga za nove atake na BiH i kao pogonsko gorivo za ja\u010danje i \u0161irenje ekstremizma, islamofobije i drugih nasrtaja na slobodu, toleranciju i pluralisti\u010dko bi\u0107e na\u0161e domovine. Muslimani u BiH, kao autohtoni Evropljani, danas predstavljaju ogledalo Evrope na kojem se zrcali njena vjerodostojnost u slije\u0111enju najvi\u0161ih univerzalnih i vlastitih vrijednosti i vjerodostojnost njenog humanisti\u010dkog naslije\u0111a&#8221;, navodi se u Rezoluciji.<\/p>\n<p>Pozvali su sve dobronamjerne ljude u BiH, bez obzira na politi\u010dke, nacionalne, vjerske i druge razlike, da u\u010dine maksimalan napor na o\u010duvanju dva zajedni\u010dka dobra \u2013 mira i dr\u017eave, kao garancije \u017eivota dostojnog \u010dovjeka na\u0161ih gra\u0111ana i naroda, prenosi Klix.<\/p>\n<p>&#8220;Od odgovornih politi\u010dkih li\u010dnosti u zemlji, njenom susjedstvu i u svijetu o\u010dekujemo i tra\u017eimo da po\u0161tuju interese velike ve\u0107ine gra\u0111ana ove zemlje, kojima nije ni do kakvih novih sukoba i podjela, ni do kakvih politi\u010dkih zapleta i kriza koje nas vra\u0107aju u pro\u0161lost, ve\u0107 isklju\u010divo do mirnog i dostojanstvenog \u017eivota, kakvog \u017eive gra\u0111ani u zemljama Evrope i naprednog svijeta. Neka naro\u010dito po\u0161tuju interese mladih ljudi i dolaze\u0107ih pokoljenja ove zemlje&#8221;, ka\u017eu iz IZ BiH.<\/p>\n<p>Za kraj, od Evropske unije su zatra\u017eili da BiH u najskorije vrijeme dodijeli kandidatski status, od NATO-a ubrzanje procesa pristupanja Alijansi, a od Vije\u0107a sigurnosti UN-a da kontinuirano produ\u017eava i oja\u010dava mandat EUFOR-a u BiH, u cilju osiguranja mira i stabilnosti.<\/p>\n<p>&#8220;26 godina od potpisivanja Dejtonskog mirovnog ugovora, bez obzira na sve pote\u0161ko\u0107e, izazove i krize na koje BiH nailazi na putu svog savremenog razvoja, neophodno je uvijek imati u vidu kontinuitet posebnosti i bogatstvo naslije\u0111a koje ova zemlja i njeni narodi i gra\u0111ani ba\u0161tine, kao garanciju, podlogu i poticaj u njihovom modernom politi\u010dkom, dru\u0161tvenom i kulturnom \u017eivotu. Opredijeljena ka punopravnom \u010dlanstvu u NATO savezu i EU, BiH, kao cjelovita i demokratska dr\u017eava, ima historijske, politi\u010dke, kulturne, ekonomske i sve druge pretpostavke za autenti\u010dnu i kreativnu ulogu u evropskoj porodici zemalja i naroda u 21. stolje\u0107u&#8221;, zaklju\u010duje se u Rezoluciji IZ BiH.<\/p>\n","protected":false},"excerpt":{"rendered":"<p>Sabor Islamske zajednice u BiH (IZ BiH) usvojio je Rezoluciju o neophodnosti o\u010duvanja mira i dr\u017eavne suverenosti i cjelovitosti Bosne i Hercegovine na sjednici odr\u017eanoj 25. decembra. Kako stoji u Rezoluciji, u posljednje vrijeme sa zabrinuto\u0161\u0107u prate tendencije u doma\u0107oj i me\u0111unarodnoj politici koje, na krilima destruktivnih ideja \u0161ovinizma, ksenofobije, te nacionalne i vjerske segregacije, [&hellip;]<\/p>\n","protected":false},"author":4,"featured_media":70791,"comment_status":"open","ping_status":"closed","sticky":false,"template":"","format":"standard","meta":{"footnotes":""},"categories":[291],"tags":[1898,1644],"class_list":["post-159437","post","type-post","status-publish","format-standard","has-post-thumbnail","hentry","category-bosna-i-hercegovina","tag-islamska-zajednica-u-bih","tag-rezolucija"],"yoast_head":"<!-- This site is optimized with the Yoast SEO plugin v28.3 - https:\/\/yoast.com\/product\/yoast-seo-wordpress\/ -->\n<title>Rezolucija Islamske zajednice: Zabrinjava dehumanizacija muslimana i podr\u0161ka razbijanju BiH<\/title>\n<meta name=\"robots\" content=\"index, follow, max-snippet:-1, max-image-preview:large, max-video-preview:-1\" \/>\n<link rel=\"canonical\" href=\"https:\/\/tuzlainfo.ba\/index.php\/bosna-i-hercegovina\/item\/159437-rezolucija-islamske-zajednice-zabrinjava-dehumanizacija-muslimana-i-podrska-razbijanju-bih\/\" \/>\n<meta property=\"og:locale\" content=\"bs_BA\" \/>\n<meta property=\"og:type\" content=\"article\" \/>\n<meta property=\"og:title\" content=\"Rezolucija Islamske zajednice: Zabrinjava dehumanizacija muslimana i podr\u0161ka razbijanju BiH\" \/>\n<meta property=\"og:description\" content=\"Sabor Islamske zajednice u BiH (IZ BiH) usvojio je Rezoluciju o neophodnosti o\u010duvanja mira i dr\u017eavne suverenosti i cjelovitosti Bosne i Hercegovine na sjednici odr\u017eanoj 25. decembra. Kako stoji u Rezoluciji, u posljednje vrijeme sa zabrinuto\u0161\u0107u prate tendencije u doma\u0107oj i me\u0111unarodnoj politici koje, na krilima destruktivnih ideja \u0161ovinizma, ksenofobije, te nacionalne i vjerske segregacije, [&hellip;]\" \/>\n<meta property=\"og:url\" content=\"https:\/\/tuzlainfo.ba\/index.php\/bosna-i-hercegovina\/item\/159437-rezolucija-islamske-zajednice-zabrinjava-dehumanizacija-muslimana-i-podrska-razbijanju-bih\/\" \/>\n<meta property=\"og:site_name\" content=\"TuzlaInfo.ba\" \/>\n<meta property=\"article:publisher\" content=\"https:\/\/www.facebook.com\/tuzlainfo.ba\/\" \/>\n<meta property=\"article:published_time\" content=\"2021-12-27T14:42:08+00:00\" \/>\n<meta property=\"og:image\" content=\"https:\/\/tuzlainfo.ba\/wp-content\/uploads\/2019\/06\/sadrzaj_2019_20190601_1106_islamska-zajednica.jpg\" \/>\n\t<meta property=\"og:image:width\" content=\"770\" \/>\n\t<meta property=\"og:image:height\" content=\"416\" \/>\n\t<meta property=\"og:image:type\" content=\"image\/jpeg\" \/>\n<meta name=\"author\" content=\"Tuzla Info\" \/>\n<meta name=\"twitter:card\" content=\"summary_large_image\" \/>\n<meta name=\"twitter:label1\" content=\"Written by\" \/>\n\t<meta name=\"twitter:data1\" content=\"Tuzla Info\" \/>\n\t<meta name=\"twitter:label2\" content=\"Est. reading time\" \/>\n\t<meta name=\"twitter:data2\" content=\"3 minute\" \/>\n<script type=\"application\/ld+json\" class=\"yoast-schema-graph\">{\"@context\":\"https:\\\/\\\/schema.org\",\"@graph\":[{\"@type\":\"Article\",\"@id\":\"https:\\\/\\\/tuzlainfo.ba\\\/index.php\\\/bosna-i-hercegovina\\\/item\\\/159437-rezolucija-islamske-zajednice-zabrinjava-dehumanizacija-muslimana-i-podrska-razbijanju-bih\\\/#article\",\"isPartOf\":{\"@id\":\"https:\\\/\\\/tuzlainfo.ba\\\/index.php\\\/bosna-i-hercegovina\\\/item\\\/159437-rezolucija-islamske-zajednice-zabrinjava-dehumanizacija-muslimana-i-podrska-razbijanju-bih\\\/\"},\"author\":{\"name\":\"Tuzla Info\",\"@id\":\"https:\\\/\\\/tuzlainfo.ba\\\/#\\\/schema\\\/person\\\/46cad4c57790cbc50781edd14870825a\"},\"headline\":\"Rezolucija Islamske zajednice: Zabrinjava dehumanizacija muslimana i podr\u0161ka razbijanju BiH\",\"datePublished\":\"2021-12-27T14:42:08+00:00\",\"mainEntityOfPage\":{\"@id\":\"https:\\\/\\\/tuzlainfo.ba\\\/index.php\\\/bosna-i-hercegovina\\\/item\\\/159437-rezolucija-islamske-zajednice-zabrinjava-dehumanizacija-muslimana-i-podrska-razbijanju-bih\\\/\"},\"wordCount\":635,\"commentCount\":0,\"publisher\":{\"@id\":\"https:\\\/\\\/tuzlainfo.ba\\\/#organization\"},\"image\":{\"@id\":\"https:\\\/\\\/tuzlainfo.ba\\\/index.php\\\/bosna-i-hercegovina\\\/item\\\/159437-rezolucija-islamske-zajednice-zabrinjava-dehumanizacija-muslimana-i-podrska-razbijanju-bih\\\/#primaryimage\"},\"thumbnailUrl\":\"https:\\\/\\\/tuzlainfo.ba\\\/wp-content\\\/uploads\\\/2019\\\/06\\\/sadrzaj_2019_20190601_1106_islamska-zajednica.jpg\",\"keywords\":[\"islamska zajednica u BiH\",\"rezolucija\"],\"articleSection\":[\"Bosna i Hercegovina\"],\"inLanguage\":\"bs-BA\",\"copyrightYear\":\"2021\",\"copyrightHolder\":{\"@id\":\"https:\\\/\\\/tuzlainfo.ba\\\/#organization\"}},{\"@type\":\"WebPage\",\"@id\":\"https:\\\/\\\/tuzlainfo.ba\\\/index.php\\\/bosna-i-hercegovina\\\/item\\\/159437-rezolucija-islamske-zajednice-zabrinjava-dehumanizacija-muslimana-i-podrska-razbijanju-bih\\\/\",\"url\":\"https:\\\/\\\/tuzlainfo.ba\\\/index.php\\\/bosna-i-hercegovina\\\/item\\\/159437-rezolucija-islamske-zajednice-zabrinjava-dehumanizacija-muslimana-i-podrska-razbijanju-bih\\\/\",\"name\":\"Rezolucija Islamske zajednice: Zabrinjava dehumanizacija muslimana i podr\u0161ka razbijanju BiH\",\"isPartOf\":{\"@id\":\"https:\\\/\\\/tuzlainfo.ba\\\/#website\"},\"primaryImageOfPage\":{\"@id\":\"https:\\\/\\\/tuzlainfo.ba\\\/index.php\\\/bosna-i-hercegovina\\\/item\\\/159437-rezolucija-islamske-zajednice-zabrinjava-dehumanizacija-muslimana-i-podrska-razbijanju-bih\\\/#primaryimage\"},\"image\":{\"@id\":\"https:\\\/\\\/tuzlainfo.ba\\\/index.php\\\/bosna-i-hercegovina\\\/item\\\/159437-rezolucija-islamske-zajednice-zabrinjava-dehumanizacija-muslimana-i-podrska-razbijanju-bih\\\/#primaryimage\"},\"thumbnailUrl\":\"https:\\\/\\\/tuzlainfo.ba\\\/wp-content\\\/uploads\\\/2019\\\/06\\\/sadrzaj_2019_20190601_1106_islamska-zajednica.jpg\",\"datePublished\":\"2021-12-27T14:42:08+00:00\",\"breadcrumb\":{\"@id\":\"https:\\\/\\\/tuzlainfo.ba\\\/index.php\\\/bosna-i-hercegovina\\\/item\\\/159437-rezolucija-islamske-zajednice-zabrinjava-dehumanizacija-muslimana-i-podrska-razbijanju-bih\\\/#breadcrumb\"},\"inLanguage\":\"bs-BA\",\"potentialAction\":[{\"@type\":\"ReadAction\",\"target\":[\"https:\\\/\\\/tuzlainfo.ba\\\/index.php\\\/bosna-i-hercegovina\\\/item\\\/159437-rezolucija-islamske-zajednice-zabrinjava-dehumanizacija-muslimana-i-podrska-razbijanju-bih\\\/\"]}]},{\"@type\":\"ImageObject\",\"inLanguage\":\"bs-BA\",\"@id\":\"https:\\\/\\\/tuzlainfo.ba\\\/index.php\\\/bosna-i-hercegovina\\\/item\\\/159437-rezolucija-islamske-zajednice-zabrinjava-dehumanizacija-muslimana-i-podrska-razbijanju-bih\\\/#primaryimage\",\"url\":\"https:\\\/\\\/tuzlainfo.ba\\\/wp-content\\\/uploads\\\/2019\\\/06\\\/sadrzaj_2019_20190601_1106_islamska-zajednica.jpg\",\"contentUrl\":\"https:\\\/\\\/tuzlainfo.ba\\\/wp-content\\\/uploads\\\/2019\\\/06\\\/sadrzaj_2019_20190601_1106_islamska-zajednica.jpg\",\"width\":770,\"height\":416,\"caption\":\"1106 islamska zajednica\"},{\"@type\":\"BreadcrumbList\",\"@id\":\"https:\\\/\\\/tuzlainfo.ba\\\/index.php\\\/bosna-i-hercegovina\\\/item\\\/159437-rezolucija-islamske-zajednice-zabrinjava-dehumanizacija-muslimana-i-podrska-razbijanju-bih\\\/#breadcrumb\",\"itemListElement\":[{\"@type\":\"ListItem\",\"position\":1,\"name\":\"Home\",\"item\":\"https:\\\/\\\/tuzlainfo.ba\\\/\"},{\"@type\":\"ListItem\",\"position\":2,\"name\":\"Rezolucija Islamske zajednice: Zabrinjava dehumanizacija muslimana i podr\u0161ka razbijanju BiH\"}]},{\"@type\":\"WebSite\",\"@id\":\"https:\\\/\\\/tuzlainfo.ba\\\/#website\",\"url\":\"https:\\\/\\\/tuzlainfo.ba\\\/\",\"name\":\"TuzlaInfo.ba\",\"description\":\"Tuzla info, gradski informator - Tuzla na dlanu\",\"publisher\":{\"@id\":\"https:\\\/\\\/tuzlainfo.ba\\\/#organization\"},\"potentialAction\":[{\"@type\":\"SearchAction\",\"target\":{\"@type\":\"EntryPoint\",\"urlTemplate\":\"https:\\\/\\\/tuzlainfo.ba\\\/?s={search_term_string}\"},\"query-input\":{\"@type\":\"PropertyValueSpecification\",\"valueRequired\":true,\"valueName\":\"search_term_string\"}}],\"inLanguage\":\"bs-BA\"},{\"@type\":\"Organization\",\"@id\":\"https:\\\/\\\/tuzlainfo.ba\\\/#organization\",\"name\":\"TuzlaInfo.ba\",\"url\":\"https:\\\/\\\/tuzlainfo.ba\\\/\",\"logo\":{\"@type\":\"ImageObject\",\"inLanguage\":\"bs-BA\",\"@id\":\"https:\\\/\\\/tuzlainfo.ba\\\/#\\\/schema\\\/logo\\\/image\\\/\",\"url\":\"https:\\\/\\\/tuzlainfo.ba\\\/wp-content\\\/uploads\\\/2021\\\/03\\\/logo-ver-3-1.png\",\"contentUrl\":\"https:\\\/\\\/tuzlainfo.ba\\\/wp-content\\\/uploads\\\/2021\\\/03\\\/logo-ver-3-1.png\",\"width\":350,\"height\":95,\"caption\":\"TuzlaInfo.ba\"},\"image\":{\"@id\":\"https:\\\/\\\/tuzlainfo.ba\\\/#\\\/schema\\\/logo\\\/image\\\/\"},\"sameAs\":[\"https:\\\/\\\/www.facebook.com\\\/tuzlainfo.ba\\\/\"]},{\"@type\":\"Person\",\"@id\":\"https:\\\/\\\/tuzlainfo.ba\\\/#\\\/schema\\\/person\\\/46cad4c57790cbc50781edd14870825a\",\"name\":\"Tuzla Info\",\"image\":{\"@type\":\"ImageObject\",\"inLanguage\":\"bs-BA\",\"@id\":\"https:\\\/\\\/secure.gravatar.com\\\/avatar\\\/e980921b00fa2e552723a2386544734ce6885d2b2304ccca3f45186f9ca4031d?s=96&d=mm&r=g\",\"url\":\"https:\\\/\\\/secure.gravatar.com\\\/avatar\\\/e980921b00fa2e552723a2386544734ce6885d2b2304ccca3f45186f9ca4031d?s=96&d=mm&r=g\",\"contentUrl\":\"https:\\\/\\\/secure.gravatar.com\\\/avatar\\\/e980921b00fa2e552723a2386544734ce6885d2b2304ccca3f45186f9ca4031d?s=96&d=mm&r=g\",\"caption\":\"Tuzla Info\"}}]}<\/script>\n<!-- \/ Yoast SEO plugin. -->","yoast_head_json":{"title":"Rezolucija Islamske zajednice: Zabrinjava dehumanizacija muslimana i podr\u0161ka razbijanju BiH","robots":{"index":"index","follow":"follow","max-snippet":"max-snippet:-1","max-image-preview":"max-image-preview:large","max-video-preview":"max-video-preview:-1"},"canonical":"https:\/\/tuzlainfo.ba\/index.php\/bosna-i-hercegovina\/item\/159437-rezolucija-islamske-zajednice-zabrinjava-dehumanizacija-muslimana-i-podrska-razbijanju-bih\/","og_locale":"bs_BA","og_type":"article","og_title":"Rezolucija Islamske zajednice: Zabrinjava dehumanizacija muslimana i podr\u0161ka razbijanju BiH","og_description":"Sabor Islamske zajednice u BiH (IZ BiH) usvojio je Rezoluciju o neophodnosti o\u010duvanja mira i dr\u017eavne suverenosti i cjelovitosti Bosne i Hercegovine na sjednici odr\u017eanoj 25. decembra. Kako stoji u Rezoluciji, u posljednje vrijeme sa zabrinuto\u0161\u0107u prate tendencije u doma\u0107oj i me\u0111unarodnoj politici koje, na krilima destruktivnih ideja \u0161ovinizma, ksenofobije, te nacionalne i vjerske segregacije, [&hellip;]","og_url":"https:\/\/tuzlainfo.ba\/index.php\/bosna-i-hercegovina\/item\/159437-rezolucija-islamske-zajednice-zabrinjava-dehumanizacija-muslimana-i-podrska-razbijanju-bih\/","og_site_name":"TuzlaInfo.ba","article_publisher":"https:\/\/www.facebook.com\/tuzlainfo.ba\/","article_published_time":"2021-12-27T14:42:08+00:00","og_image":[{"width":770,"height":416,"url":"https:\/\/tuzlainfo.ba\/wp-content\/uploads\/2019\/06\/sadrzaj_2019_20190601_1106_islamska-zajednica.jpg","type":"image\/jpeg"}],"author":"Tuzla Info","twitter_card":"summary_large_image","twitter_misc":{"Written by":"Tuzla Info","Est. reading time":"3 minute"},"schema":{"@context":"https:\/\/schema.org","@graph":[{"@type":"Article","@id":"https:\/\/tuzlainfo.ba\/index.php\/bosna-i-hercegovina\/item\/159437-rezolucija-islamske-zajednice-zabrinjava-dehumanizacija-muslimana-i-podrska-razbijanju-bih\/#article","isPartOf":{"@id":"https:\/\/tuzlainfo.ba\/index.php\/bosna-i-hercegovina\/item\/159437-rezolucija-islamske-zajednice-zabrinjava-dehumanizacija-muslimana-i-podrska-razbijanju-bih\/"},"author":{"name":"Tuzla Info","@id":"https:\/\/tuzlainfo.ba\/#\/schema\/person\/46cad4c57790cbc50781edd14870825a"},"headline":"Rezolucija Islamske zajednice: Zabrinjava dehumanizacija muslimana i podr\u0161ka razbijanju BiH","datePublished":"2021-12-27T14:42:08+00:00","mainEntityOfPage":{"@id":"https:\/\/tuzlainfo.ba\/index.php\/bosna-i-hercegovina\/item\/159437-rezolucija-islamske-zajednice-zabrinjava-dehumanizacija-muslimana-i-podrska-razbijanju-bih\/"},"wordCount":635,"commentCount":0,"publisher":{"@id":"https:\/\/tuzlainfo.ba\/#organization"},"image":{"@id":"https:\/\/tuzlainfo.ba\/index.php\/bosna-i-hercegovina\/item\/159437-rezolucija-islamske-zajednice-zabrinjava-dehumanizacija-muslimana-i-podrska-razbijanju-bih\/#primaryimage"},"thumbnailUrl":"https:\/\/tuzlainfo.ba\/wp-content\/uploads\/2019\/06\/sadrzaj_2019_20190601_1106_islamska-zajednica.jpg","keywords":["islamska zajednica u BiH","rezolucija"],"articleSection":["Bosna i Hercegovina"],"inLanguage":"bs-BA","copyrightYear":"2021","copyrightHolder":{"@id":"https:\/\/tuzlainfo.ba\/#organization"}},{"@type":"WebPage","@id":"https:\/\/tuzlainfo.ba\/index.php\/bosna-i-hercegovina\/item\/159437-rezolucija-islamske-zajednice-zabrinjava-dehumanizacija-muslimana-i-podrska-razbijanju-bih\/","url":"https:\/\/tuzlainfo.ba\/index.php\/bosna-i-hercegovina\/item\/159437-rezolucija-islamske-zajednice-zabrinjava-dehumanizacija-muslimana-i-podrska-razbijanju-bih\/","name":"Rezolucija Islamske zajednice: Zabrinjava dehumanizacija muslimana i podr\u0161ka razbijanju BiH","isPartOf":{"@id":"https:\/\/tuzlainfo.ba\/#website"},"primaryImageOfPage":{"@id":"https:\/\/tuzlainfo.ba\/index.php\/bosna-i-hercegovina\/item\/159437-rezolucija-islamske-zajednice-zabrinjava-dehumanizacija-muslimana-i-podrska-razbijanju-bih\/#primaryimage"},"image":{"@id":"https:\/\/tuzlainfo.ba\/index.php\/bosna-i-hercegovina\/item\/159437-rezolucija-islamske-zajednice-zabrinjava-dehumanizacija-muslimana-i-podrska-razbijanju-bih\/#primaryimage"},"thumbnailUrl":"https:\/\/tuzlainfo.ba\/wp-content\/uploads\/2019\/06\/sadrzaj_2019_20190601_1106_islamska-zajednica.jpg","datePublished":"2021-12-27T14:42:08+00:00","breadcrumb":{"@id":"https:\/\/tuzlainfo.ba\/index.php\/bosna-i-hercegovina\/item\/159437-rezolucija-islamske-zajednice-zabrinjava-dehumanizacija-muslimana-i-podrska-razbijanju-bih\/#breadcrumb"},"inLanguage":"bs-BA","potentialAction":[{"@type":"ReadAction","target":["https:\/\/tuzlainfo.ba\/index.php\/bosna-i-hercegovina\/item\/159437-rezolucija-islamske-zajednice-zabrinjava-dehumanizacija-muslimana-i-podrska-razbijanju-bih\/"]}]},{"@type":"ImageObject","inLanguage":"bs-BA","@id":"https:\/\/tuzlainfo.ba\/index.php\/bosna-i-hercegovina\/item\/159437-rezolucija-islamske-zajednice-zabrinjava-dehumanizacija-muslimana-i-podrska-razbijanju-bih\/#primaryimage","url":"https:\/\/tuzlainfo.ba\/wp-content\/uploads\/2019\/06\/sadrzaj_2019_20190601_1106_islamska-zajednica.jpg","contentUrl":"https:\/\/tuzlainfo.ba\/wp-content\/uploads\/2019\/06\/sadrzaj_2019_20190601_1106_islamska-zajednica.jpg","width":770,"height":416,"caption":"1106 islamska zajednica"},{"@type":"BreadcrumbList","@id":"https:\/\/tuzlainfo.ba\/index.php\/bosna-i-hercegovina\/item\/159437-rezolucija-islamske-zajednice-zabrinjava-dehumanizacija-muslimana-i-podrska-razbijanju-bih\/#breadcrumb","itemListElement":[{"@type":"ListItem","position":1,"name":"Home","item":"https:\/\/tuzlainfo.ba\/"},{"@type":"ListItem","position":2,"name":"Rezolucija Islamske zajednice: Zabrinjava dehumanizacija muslimana i podr\u0161ka razbijanju BiH"}]},{"@type":"WebSite","@id":"https:\/\/tuzlainfo.ba\/#website","url":"https:\/\/tuzlainfo.ba\/","name":"TuzlaInfo.ba","description":"Tuzla info, gradski informator - Tuzla na dlanu","publisher":{"@id":"https:\/\/tuzlainfo.ba\/#organization"},"potentialAction":[{"@type":"SearchAction","target":{"@type":"EntryPoint","urlTemplate":"https:\/\/tuzlainfo.ba\/?s={search_term_string}"},"query-input":{"@type":"PropertyValueSpecification","valueRequired":true,"valueName":"search_term_string"}}],"inLanguage":"bs-BA"},{"@type":"Organization","@id":"https:\/\/tuzlainfo.ba\/#organization","name":"TuzlaInfo.ba","url":"https:\/\/tuzlainfo.ba\/","logo":{"@type":"ImageObject","inLanguage":"bs-BA","@id":"https:\/\/tuzlainfo.ba\/#\/schema\/logo\/image\/","url":"https:\/\/tuzlainfo.ba\/wp-content\/uploads\/2021\/03\/logo-ver-3-1.png","contentUrl":"https:\/\/tuzlainfo.ba\/wp-content\/uploads\/2021\/03\/logo-ver-3-1.png","width":350,"height":95,"caption":"TuzlaInfo.ba"},"image":{"@id":"https:\/\/tuzlainfo.ba\/#\/schema\/logo\/image\/"},"sameAs":["https:\/\/www.facebook.com\/tuzlainfo.ba\/"]},{"@type":"Person","@id":"https:\/\/tuzlainfo.ba\/#\/schema\/person\/46cad4c57790cbc50781edd14870825a","name":"Tuzla Info","image":{"@type":"ImageObject","inLanguage":"bs-BA","@id":"https:\/\/secure.gravatar.com\/avatar\/e980921b00fa2e552723a2386544734ce6885d2b2304ccca3f45186f9ca4031d?s=96&d=mm&r=g","url":"https:\/\/secure.gravatar.com\/avatar\/e980921b00fa2e552723a2386544734ce6885d2b2304ccca3f45186f9ca4031d?s=96&d=mm&r=g","contentUrl":"https:\/\/secure.gravatar.com\/avatar\/e980921b00fa2e552723a2386544734ce6885d2b2304ccca3f45186f9ca4031d?s=96&d=mm&r=g","caption":"Tuzla Info"}}]}},"_links":{"self":[{"href":"https:\/\/tuzlainfo.ba\/index.php\/wp-json\/wp\/v2\/posts\/159437","targetHints":{"allow":["GET"]}}],"collection":[{"href":"https:\/\/tuzlainfo.ba\/index.php\/wp-json\/wp\/v2\/posts"}],"about":[{"href":"https:\/\/tuzlainfo.ba\/index.php\/wp-json\/wp\/v2\/types\/post"}],"author":[{"embeddable":true,"href":"https:\/\/tuzlainfo.ba\/index.php\/wp-json\/wp\/v2\/users\/4"}],"replies":[{"embeddable":true,"href":"https:\/\/tuzlainfo.ba\/index.php\/wp-json\/wp\/v2\/comments?post=159437"}],"version-history":[{"count":0,"href":"https:\/\/tuzlainfo.ba\/index.php\/wp-json\/wp\/v2\/posts\/159437\/revisions"}],"wp:featuredmedia":[{"embeddable":true,"href":"https:\/\/tuzlainfo.ba\/index.php\/wp-json\/wp\/v2\/media\/70791"}],"wp:attachment":[{"href":"https:\/\/tuzlainfo.ba\/index.php\/wp-json\/wp\/v2\/media?parent=159437"}],"wp:term":[{"taxonomy":"category","embeddable":true,"href":"https:\/\/tuzlainfo.ba\/index.php\/wp-json\/wp\/v2\/categories?post=159437"},{"taxonomy":"post_tag","embeddable":true,"href":"https:\/\/tuzlainfo.ba\/index.php\/wp-json\/wp\/v2\/tags?post=159437"}],"curies":[{"name":"wp","href":"https:\/\/api.w.org\/{rel}","templated":true}]}}