{"id":158886,"date":"2021-12-21T19:06:08","date_gmt":"2021-12-21T18:06:08","guid":{"rendered":"https:\/\/tuzlainfo.ba\/?p=158886"},"modified":"2021-12-21T19:06:08","modified_gmt":"2021-12-21T18:06:08","slug":"vise-od-1100-primilo-i-trecu-dozu-koliko-uposlenika-ukc-tuzla-je-vakcinisano-protiv-koronavirusa","status":"publish","type":"post","link":"https:\/\/tuzlainfo.ba\/index.php\/novosti\/item\/158886-vise-od-1100-primilo-i-trecu-dozu-koliko-uposlenika-ukc-tuzla-je-vakcinisano-protiv-koronavirusa\/","title":{"rendered":"Vi\u0161e od 1100 primilo i tre\u0107u dozu: Koliko uposlenika UKC Tuzla je vakcinisano protiv koronavirusa?"},"content":{"rendered":"<p>U Univerzitetskom klini\u010dkom centru Tuzla danas je zavr\u0161ena vakcinacija tre\u0107om, booster dozom vakcine protiv koronavirusa. Tre\u0107u dozu vakcine proizvo\u0111a\u010da Pfizer primilo je 1133 zaposlenika UKC Tuzla.<\/p>\n<p>Prema rije\u010dima prof. dr. med. sc. \u0160efika Hasuki\u0107a, pomo\u0107nika direktora za nau\u010dno istra\u017eiva\u010dki rad i nastavu i koordinatora za vakcinaciju u UKC Tuzla, buster dozu vakcine su primili zaposlenici kod kojih je pro\u0161lo \u0161est do osam mjeseci nakon druge doze vakcine. Kako je istakao prof. dr. Hasuki\u0107, organizacija vakcinacije je protekla uredno, tim zadu\u017een za sprovo\u0111enje vakcinacije je isti tim koji je organizovao i vakcinaciju prvom i drugom dozom kada je vakcinisano oko 90 % zaposlenika.<\/p>\n<p>\u010clan tima za vakcinaciju, Anes Had\u017eiefendi\u0107 je pojasnio da su zdravstveni radnici zbog prirode svog posla izlo\u017eeni ve\u0107em riziku od zaraze, te da se buster doza vakcine daje kako bi se podigao imuni odgovor za za\u0161titu od koronavirusa s obzirom da on vremenom po\u010dinje da slabi.<\/p>\n<p>Dr. Denis Mr\u0161i\u0107, kao \u010dlan tima za vakcinaciju aktivno je sudjelovao u cjelokupnom procesu imunizacije zaposlenika. On je rekao da je prema propisanoj proceduri prije vakcinacije vr\u0161ena evidencija kandidata koji daju pisani pristanak, a potom se uzima anamneza. Nakon apliciranja vakcine vr\u0161en je nadzor vakcinisanih u trajanju od 15 minuta, do pola sata. Prema njegovim rije\u010dima, nije bilo zabilje\u017eenih te\u017eih komplikacija uzrokovanih apliciranjem vakcine, navodi se u informaciji UKC Tuzla.<\/p>\n","protected":false},"excerpt":{"rendered":"<p>U Univerzitetskom klini\u010dkom centru Tuzla danas je zavr\u0161ena vakcinacija tre\u0107om, booster dozom vakcine protiv koronavirusa.&hellip;<\/p>\n","protected":false},"author":2,"featured_media":158889,"comment_status":"open","ping_status":"closed","sticky":false,"template":"","format":"standard","meta":{"_acf_changed":false,"footnotes":""},"categories":[304,12],"tags":[458,366],"acf":[],"yoast_head":"<!-- This site is optimized with the Yoast SEO plugin v23.5 - https:\/\/yoast.com\/wordpress\/plugins\/seo\/ -->\n<title>Vi\u0161e od 1100 primilo i tre\u0107u dozu: Koliko uposlenika UKC Tuzla je vakcinisano protiv koronavirusa? - TuzlaInfo.ba<\/title>\n<meta name=\"robots\" content=\"index, follow, max-snippet:-1, max-image-preview:large, max-video-preview:-1\" \/>\n<link rel=\"canonical\" href=\"https:\/\/tuzlainfo.ba\/index.php\/novosti\/item\/158886-vise-od-1100-primilo-i-trecu-dozu-koliko-uposlenika-ukc-tuzla-je-vakcinisano-protiv-koronavirusa\/\" \/>\n<meta property=\"og:locale\" content=\"bs_BA\" \/>\n<meta property=\"og:type\" content=\"article\" \/>\n<meta property=\"og:title\" content=\"Vi\u0161e od 1100 primilo i tre\u0107u dozu: Koliko uposlenika UKC Tuzla je vakcinisano protiv koronavirusa? - TuzlaInfo.ba\" \/>\n<meta property=\"og:description\" content=\"U Univerzitetskom klini\u010dkom centru Tuzla danas je zavr\u0161ena vakcinacija tre\u0107om, booster dozom vakcine protiv koronavirusa.&hellip;\" \/>\n<meta property=\"og:url\" content=\"https:\/\/tuzlainfo.ba\/index.php\/novosti\/item\/158886-vise-od-1100-primilo-i-trecu-dozu-koliko-uposlenika-ukc-tuzla-je-vakcinisano-protiv-koronavirusa\/\" \/>\n<meta property=\"og:site_name\" content=\"TuzlaInfo.ba\" \/>\n<meta property=\"article:publisher\" content=\"https:\/\/www.facebook.com\/tuzlainfo.ba\/\" \/>\n<meta property=\"article:published_time\" content=\"2021-12-21T18:06:08+00:00\" \/>\n<meta property=\"og:image\" content=\"https:\/\/tuzlainfo.ba\/wp-content\/uploads\/2021\/12\/2112_vakcinacija.jpg\" \/>\n\t<meta property=\"og:image:width\" content=\"1200\" \/>\n\t<meta property=\"og:image:height\" content=\"790\" \/>\n\t<meta property=\"og:image:type\" content=\"image\/jpeg\" \/>\n<meta name=\"author\" content=\"nedim\" \/>\n<meta name=\"twitter:card\" content=\"summary_large_image\" \/>\n<meta name=\"twitter:label1\" content=\"Written by\" \/>\n\t<meta name=\"twitter:data1\" content=\"nedim\" \/>\n\t<meta name=\"twitter:label2\" content=\"Est. reading time\" \/>\n\t<meta name=\"twitter:data2\" content=\"1 minuta\" \/>\n<script type=\"application\/ld+json\" class=\"yoast-schema-graph\">{\"@context\":\"https:\/\/schema.org\",\"@graph\":[{\"@type\":\"Article\",\"@id\":\"https:\/\/tuzlainfo.ba\/index.php\/novosti\/item\/158886-vise-od-1100-primilo-i-trecu-dozu-koliko-uposlenika-ukc-tuzla-je-vakcinisano-protiv-koronavirusa\/#article\",\"isPartOf\":{\"@id\":\"https:\/\/tuzlainfo.ba\/index.php\/novosti\/item\/158886-vise-od-1100-primilo-i-trecu-dozu-koliko-uposlenika-ukc-tuzla-je-vakcinisano-protiv-koronavirusa\/\"},\"author\":{\"name\":\"nedim\",\"@id\":\"https:\/\/tuzlainfo.ba\/#\/schema\/person\/f434e20dc27ea133923aab08451b7f7f\"},\"headline\":\"Vi\u0161e od 1100 primilo i tre\u0107u dozu: Koliko uposlenika UKC Tuzla je vakcinisano protiv koronavirusa?\",\"datePublished\":\"2021-12-21T18:06:08+00:00\",\"dateModified\":\"2021-12-21T18:06:08+00:00\",\"mainEntityOfPage\":{\"@id\":\"https:\/\/tuzlainfo.ba\/index.php\/novosti\/item\/158886-vise-od-1100-primilo-i-trecu-dozu-koliko-uposlenika-ukc-tuzla-je-vakcinisano-protiv-koronavirusa\/\"},\"wordCount\":256,\"commentCount\":0,\"publisher\":{\"@id\":\"https:\/\/tuzlainfo.ba\/#organization\"},\"image\":{\"@id\":\"https:\/\/tuzlainfo.ba\/index.php\/novosti\/item\/158886-vise-od-1100-primilo-i-trecu-dozu-koliko-uposlenika-ukc-tuzla-je-vakcinisano-protiv-koronavirusa\/#primaryimage\"},\"thumbnailUrl\":\"https:\/\/tuzlainfo.ba\/wp-content\/uploads\/2021\/12\/2112_vakcinacija.jpg\",\"keywords\":[\"ukc tuzla\",\"vakcinacija\"],\"articleSection\":[\"Istaknuto\",\"Novosti\"],\"inLanguage\":\"bs-BA\"},{\"@type\":\"WebPage\",\"@id\":\"https:\/\/tuzlainfo.ba\/index.php\/novosti\/item\/158886-vise-od-1100-primilo-i-trecu-dozu-koliko-uposlenika-ukc-tuzla-je-vakcinisano-protiv-koronavirusa\/\",\"url\":\"https:\/\/tuzlainfo.ba\/index.php\/novosti\/item\/158886-vise-od-1100-primilo-i-trecu-dozu-koliko-uposlenika-ukc-tuzla-je-vakcinisano-protiv-koronavirusa\/\",\"name\":\"Vi\u0161e od 1100 primilo i tre\u0107u dozu: Koliko uposlenika UKC Tuzla je vakcinisano protiv koronavirusa? - TuzlaInfo.ba\",\"isPartOf\":{\"@id\":\"https:\/\/tuzlainfo.ba\/#website\"},\"primaryImageOfPage\":{\"@id\":\"https:\/\/tuzlainfo.ba\/index.php\/novosti\/item\/158886-vise-od-1100-primilo-i-trecu-dozu-koliko-uposlenika-ukc-tuzla-je-vakcinisano-protiv-koronavirusa\/#primaryimage\"},\"image\":{\"@id\":\"https:\/\/tuzlainfo.ba\/index.php\/novosti\/item\/158886-vise-od-1100-primilo-i-trecu-dozu-koliko-uposlenika-ukc-tuzla-je-vakcinisano-protiv-koronavirusa\/#primaryimage\"},\"thumbnailUrl\":\"https:\/\/tuzlainfo.ba\/wp-content\/uploads\/2021\/12\/2112_vakcinacija.jpg\",\"datePublished\":\"2021-12-21T18:06:08+00:00\",\"dateModified\":\"2021-12-21T18:06:08+00:00\",\"breadcrumb\":{\"@id\":\"https:\/\/tuzlainfo.ba\/index.php\/novosti\/item\/158886-vise-od-1100-primilo-i-trecu-dozu-koliko-uposlenika-ukc-tuzla-je-vakcinisano-protiv-koronavirusa\/#breadcrumb\"},\"inLanguage\":\"bs-BA\",\"potentialAction\":[{\"@type\":\"ReadAction\",\"target\":[\"https:\/\/tuzlainfo.ba\/index.php\/novosti\/item\/158886-vise-od-1100-primilo-i-trecu-dozu-koliko-uposlenika-ukc-tuzla-je-vakcinisano-protiv-koronavirusa\/\"]}]},{\"@type\":\"ImageObject\",\"inLanguage\":\"bs-BA\",\"@id\":\"https:\/\/tuzlainfo.ba\/index.php\/novosti\/item\/158886-vise-od-1100-primilo-i-trecu-dozu-koliko-uposlenika-ukc-tuzla-je-vakcinisano-protiv-koronavirusa\/#primaryimage\",\"url\":\"https:\/\/tuzlainfo.ba\/wp-content\/uploads\/2021\/12\/2112_vakcinacija.jpg\",\"contentUrl\":\"https:\/\/tuzlainfo.ba\/wp-content\/uploads\/2021\/12\/2112_vakcinacija.jpg\",\"width\":1200,\"height\":790},{\"@type\":\"BreadcrumbList\",\"@id\":\"https:\/\/tuzlainfo.ba\/index.php\/novosti\/item\/158886-vise-od-1100-primilo-i-trecu-dozu-koliko-uposlenika-ukc-tuzla-je-vakcinisano-protiv-koronavirusa\/#breadcrumb\",\"itemListElement\":[{\"@type\":\"ListItem\",\"position\":1,\"name\":\"Home\",\"item\":\"https:\/\/tuzlainfo.ba\/\"},{\"@type\":\"ListItem\",\"position\":2,\"name\":\"Vi\u0161e od 1100 primilo i tre\u0107u dozu: Koliko uposlenika UKC Tuzla je vakcinisano protiv koronavirusa?\"}]},{\"@type\":\"WebSite\",\"@id\":\"https:\/\/tuzlainfo.ba\/#website\",\"url\":\"https:\/\/tuzlainfo.ba\/\",\"name\":\"TuzlaInfo.ba\",\"description\":\"Tuzla info, gradski informator - Tuzla na dlanu\",\"publisher\":{\"@id\":\"https:\/\/tuzlainfo.ba\/#organization\"},\"potentialAction\":[{\"@type\":\"SearchAction\",\"target\":{\"@type\":\"EntryPoint\",\"urlTemplate\":\"https:\/\/tuzlainfo.ba\/?s={search_term_string}\"},\"query-input\":{\"@type\":\"PropertyValueSpecification\",\"valueRequired\":true,\"valueName\":\"search_term_string\"}}],\"inLanguage\":\"bs-BA\"},{\"@type\":\"Organization\",\"@id\":\"https:\/\/tuzlainfo.ba\/#organization\",\"name\":\"TuzlaInfo.ba\",\"url\":\"https:\/\/tuzlainfo.ba\/\",\"logo\":{\"@type\":\"ImageObject\",\"inLanguage\":\"bs-BA\",\"@id\":\"https:\/\/tuzlainfo.ba\/#\/schema\/logo\/image\/\",\"url\":\"https:\/\/tuzlainfo.ba\/wp-content\/uploads\/2021\/03\/logo-ver-3-1.png\",\"contentUrl\":\"https:\/\/tuzlainfo.ba\/wp-content\/uploads\/2021\/03\/logo-ver-3-1.png\",\"width\":350,\"height\":95,\"caption\":\"TuzlaInfo.ba\"},\"image\":{\"@id\":\"https:\/\/tuzlainfo.ba\/#\/schema\/logo\/image\/\"},\"sameAs\":[\"https:\/\/www.facebook.com\/tuzlainfo.ba\/\"]},{\"@type\":\"Person\",\"@id\":\"https:\/\/tuzlainfo.ba\/#\/schema\/person\/f434e20dc27ea133923aab08451b7f7f\",\"name\":\"nedim\",\"image\":{\"@type\":\"ImageObject\",\"inLanguage\":\"bs-BA\",\"@id\":\"https:\/\/tuzlainfo.ba\/#\/schema\/person\/image\/\",\"url\":\"https:\/\/tuzlainfo.ba\/wp-content\/litespeed\/avatar\/aabad687af24844af817603ac1cbdc4f.jpg?ver=1777306975\",\"contentUrl\":\"https:\/\/tuzlainfo.ba\/wp-content\/litespeed\/avatar\/aabad687af24844af817603ac1cbdc4f.jpg?ver=1777306975\",\"caption\":\"nedim\"},\"description\":\"Tuzlainfo.ba pratite na dru\u0161tvenim mre\u017eama: Facebook, Instagram i Youtube. Svoje pri\u010de, upite i fotografije \u0161aljite na na\u0161u e-mail adresu.\"}]}<\/script>\n<!-- \/ Yoast SEO plugin. -->","yoast_head_json":{"title":"Vi\u0161e od 1100 primilo i tre\u0107u dozu: Koliko uposlenika UKC Tuzla je vakcinisano protiv koronavirusa? - TuzlaInfo.ba","robots":{"index":"index","follow":"follow","max-snippet":"max-snippet:-1","max-image-preview":"max-image-preview:large","max-video-preview":"max-video-preview:-1"},"canonical":"https:\/\/tuzlainfo.ba\/index.php\/novosti\/item\/158886-vise-od-1100-primilo-i-trecu-dozu-koliko-uposlenika-ukc-tuzla-je-vakcinisano-protiv-koronavirusa\/","og_locale":"bs_BA","og_type":"article","og_title":"Vi\u0161e od 1100 primilo i tre\u0107u dozu: Koliko uposlenika UKC Tuzla je vakcinisano protiv koronavirusa? - TuzlaInfo.ba","og_description":"U Univerzitetskom klini\u010dkom centru Tuzla danas je zavr\u0161ena vakcinacija tre\u0107om, booster dozom vakcine protiv koronavirusa.&hellip;","og_url":"https:\/\/tuzlainfo.ba\/index.php\/novosti\/item\/158886-vise-od-1100-primilo-i-trecu-dozu-koliko-uposlenika-ukc-tuzla-je-vakcinisano-protiv-koronavirusa\/","og_site_name":"TuzlaInfo.ba","article_publisher":"https:\/\/www.facebook.com\/tuzlainfo.ba\/","article_published_time":"2021-12-21T18:06:08+00:00","og_image":[{"width":1200,"height":790,"url":"https:\/\/tuzlainfo.ba\/wp-content\/uploads\/2021\/12\/2112_vakcinacija.jpg","type":"image\/jpeg"}],"author":"nedim","twitter_card":"summary_large_image","twitter_misc":{"Written by":"nedim","Est. reading time":"1 minuta"},"schema":{"@context":"https:\/\/schema.org","@graph":[{"@type":"Article","@id":"https:\/\/tuzlainfo.ba\/index.php\/novosti\/item\/158886-vise-od-1100-primilo-i-trecu-dozu-koliko-uposlenika-ukc-tuzla-je-vakcinisano-protiv-koronavirusa\/#article","isPartOf":{"@id":"https:\/\/tuzlainfo.ba\/index.php\/novosti\/item\/158886-vise-od-1100-primilo-i-trecu-dozu-koliko-uposlenika-ukc-tuzla-je-vakcinisano-protiv-koronavirusa\/"},"author":{"name":"nedim","@id":"https:\/\/tuzlainfo.ba\/#\/schema\/person\/f434e20dc27ea133923aab08451b7f7f"},"headline":"Vi\u0161e od 1100 primilo i tre\u0107u dozu: Koliko uposlenika UKC Tuzla je vakcinisano protiv koronavirusa?","datePublished":"2021-12-21T18:06:08+00:00","dateModified":"2021-12-21T18:06:08+00:00","mainEntityOfPage":{"@id":"https:\/\/tuzlainfo.ba\/index.php\/novosti\/item\/158886-vise-od-1100-primilo-i-trecu-dozu-koliko-uposlenika-ukc-tuzla-je-vakcinisano-protiv-koronavirusa\/"},"wordCount":256,"commentCount":0,"publisher":{"@id":"https:\/\/tuzlainfo.ba\/#organization"},"image":{"@id":"https:\/\/tuzlainfo.ba\/index.php\/novosti\/item\/158886-vise-od-1100-primilo-i-trecu-dozu-koliko-uposlenika-ukc-tuzla-je-vakcinisano-protiv-koronavirusa\/#primaryimage"},"thumbnailUrl":"https:\/\/tuzlainfo.ba\/wp-content\/uploads\/2021\/12\/2112_vakcinacija.jpg","keywords":["ukc tuzla","vakcinacija"],"articleSection":["Istaknuto","Novosti"],"inLanguage":"bs-BA"},{"@type":"WebPage","@id":"https:\/\/tuzlainfo.ba\/index.php\/novosti\/item\/158886-vise-od-1100-primilo-i-trecu-dozu-koliko-uposlenika-ukc-tuzla-je-vakcinisano-protiv-koronavirusa\/","url":"https:\/\/tuzlainfo.ba\/index.php\/novosti\/item\/158886-vise-od-1100-primilo-i-trecu-dozu-koliko-uposlenika-ukc-tuzla-je-vakcinisano-protiv-koronavirusa\/","name":"Vi\u0161e od 1100 primilo i tre\u0107u dozu: Koliko uposlenika UKC Tuzla je vakcinisano protiv koronavirusa? - TuzlaInfo.ba","isPartOf":{"@id":"https:\/\/tuzlainfo.ba\/#website"},"primaryImageOfPage":{"@id":"https:\/\/tuzlainfo.ba\/index.php\/novosti\/item\/158886-vise-od-1100-primilo-i-trecu-dozu-koliko-uposlenika-ukc-tuzla-je-vakcinisano-protiv-koronavirusa\/#primaryimage"},"image":{"@id":"https:\/\/tuzlainfo.ba\/index.php\/novosti\/item\/158886-vise-od-1100-primilo-i-trecu-dozu-koliko-uposlenika-ukc-tuzla-je-vakcinisano-protiv-koronavirusa\/#primaryimage"},"thumbnailUrl":"https:\/\/tuzlainfo.ba\/wp-content\/uploads\/2021\/12\/2112_vakcinacija.jpg","datePublished":"2021-12-21T18:06:08+00:00","dateModified":"2021-12-21T18:06:08+00:00","breadcrumb":{"@id":"https:\/\/tuzlainfo.ba\/index.php\/novosti\/item\/158886-vise-od-1100-primilo-i-trecu-dozu-koliko-uposlenika-ukc-tuzla-je-vakcinisano-protiv-koronavirusa\/#breadcrumb"},"inLanguage":"bs-BA","potentialAction":[{"@type":"ReadAction","target":["https:\/\/tuzlainfo.ba\/index.php\/novosti\/item\/158886-vise-od-1100-primilo-i-trecu-dozu-koliko-uposlenika-ukc-tuzla-je-vakcinisano-protiv-koronavirusa\/"]}]},{"@type":"ImageObject","inLanguage":"bs-BA","@id":"https:\/\/tuzlainfo.ba\/index.php\/novosti\/item\/158886-vise-od-1100-primilo-i-trecu-dozu-koliko-uposlenika-ukc-tuzla-je-vakcinisano-protiv-koronavirusa\/#primaryimage","url":"https:\/\/tuzlainfo.ba\/wp-content\/uploads\/2021\/12\/2112_vakcinacija.jpg","contentUrl":"https:\/\/tuzlainfo.ba\/wp-content\/uploads\/2021\/12\/2112_vakcinacija.jpg","width":1200,"height":790},{"@type":"BreadcrumbList","@id":"https:\/\/tuzlainfo.ba\/index.php\/novosti\/item\/158886-vise-od-1100-primilo-i-trecu-dozu-koliko-uposlenika-ukc-tuzla-je-vakcinisano-protiv-koronavirusa\/#breadcrumb","itemListElement":[{"@type":"ListItem","position":1,"name":"Home","item":"https:\/\/tuzlainfo.ba\/"},{"@type":"ListItem","position":2,"name":"Vi\u0161e od 1100 primilo i tre\u0107u dozu: Koliko uposlenika UKC Tuzla je vakcinisano protiv koronavirusa?"}]},{"@type":"WebSite","@id":"https:\/\/tuzlainfo.ba\/#website","url":"https:\/\/tuzlainfo.ba\/","name":"TuzlaInfo.ba","description":"Tuzla info, gradski informator - Tuzla na dlanu","publisher":{"@id":"https:\/\/tuzlainfo.ba\/#organization"},"potentialAction":[{"@type":"SearchAction","target":{"@type":"EntryPoint","urlTemplate":"https:\/\/tuzlainfo.ba\/?s={search_term_string}"},"query-input":{"@type":"PropertyValueSpecification","valueRequired":true,"valueName":"search_term_string"}}],"inLanguage":"bs-BA"},{"@type":"Organization","@id":"https:\/\/tuzlainfo.ba\/#organization","name":"TuzlaInfo.ba","url":"https:\/\/tuzlainfo.ba\/","logo":{"@type":"ImageObject","inLanguage":"bs-BA","@id":"https:\/\/tuzlainfo.ba\/#\/schema\/logo\/image\/","url":"https:\/\/tuzlainfo.ba\/wp-content\/uploads\/2021\/03\/logo-ver-3-1.png","contentUrl":"https:\/\/tuzlainfo.ba\/wp-content\/uploads\/2021\/03\/logo-ver-3-1.png","width":350,"height":95,"caption":"TuzlaInfo.ba"},"image":{"@id":"https:\/\/tuzlainfo.ba\/#\/schema\/logo\/image\/"},"sameAs":["https:\/\/www.facebook.com\/tuzlainfo.ba\/"]},{"@type":"Person","@id":"https:\/\/tuzlainfo.ba\/#\/schema\/person\/f434e20dc27ea133923aab08451b7f7f","name":"nedim","image":{"@type":"ImageObject","inLanguage":"bs-BA","@id":"https:\/\/tuzlainfo.ba\/#\/schema\/person\/image\/","url":"https:\/\/tuzlainfo.ba\/wp-content\/litespeed\/avatar\/aabad687af24844af817603ac1cbdc4f.jpg?ver=1777306975","contentUrl":"https:\/\/tuzlainfo.ba\/wp-content\/litespeed\/avatar\/aabad687af24844af817603ac1cbdc4f.jpg?ver=1777306975","caption":"nedim"},"description":"Tuzlainfo.ba pratite na dru\u0161tvenim mre\u017eama: Facebook, Instagram i Youtube. Svoje pri\u010de, upite i fotografije \u0161aljite na na\u0161u e-mail adresu."}]}},"_links":{"self":[{"href":"https:\/\/tuzlainfo.ba\/index.php\/wp-json\/wp\/v2\/posts\/158886"}],"collection":[{"href":"https:\/\/tuzlainfo.ba\/index.php\/wp-json\/wp\/v2\/posts"}],"about":[{"href":"https:\/\/tuzlainfo.ba\/index.php\/wp-json\/wp\/v2\/types\/post"}],"author":[{"embeddable":true,"href":"https:\/\/tuzlainfo.ba\/index.php\/wp-json\/wp\/v2\/users\/2"}],"replies":[{"embeddable":true,"href":"https:\/\/tuzlainfo.ba\/index.php\/wp-json\/wp\/v2\/comments?post=158886"}],"version-history":[{"count":0,"href":"https:\/\/tuzlainfo.ba\/index.php\/wp-json\/wp\/v2\/posts\/158886\/revisions"}],"wp:featuredmedia":[{"embeddable":true,"href":"https:\/\/tuzlainfo.ba\/index.php\/wp-json\/wp\/v2\/media\/158889"}],"wp:attachment":[{"href":"https:\/\/tuzlainfo.ba\/index.php\/wp-json\/wp\/v2\/media?parent=158886"}],"wp:term":[{"taxonomy":"category","embeddable":true,"href":"https:\/\/tuzlainfo.ba\/index.php\/wp-json\/wp\/v2\/categories?post=158886"},{"taxonomy":"post_tag","embeddable":true,"href":"https:\/\/tuzlainfo.ba\/index.php\/wp-json\/wp\/v2\/tags?post=158886"}],"curies":[{"name":"wp","href":"https:\/\/api.w.org\/{rel}","templated":true}]}}