{"id":158826,"date":"2021-12-21T10:02:44","date_gmt":"2021-12-21T09:02:44","guid":{"rendered":"https:\/\/tuzlainfo.ba\/?p=158826"},"modified":"2021-12-21T10:04:04","modified_gmt":"2021-12-21T09:04:04","slug":"potpisavao-prodaju-neperspeketivnog-oruzja-potvrdjena-optuznica-protiv-ministra-sigurnosti-selme-cikotic","status":"publish","type":"post","link":"https:\/\/tuzlainfo.ba\/index.php\/bosna-i-hercegovina\/item\/158826-potpisavao-prodaju-neperspeketivnog-oruzja-potvrdjena-optuznica-protiv-ministra-sigurnosti-selme-cikotic\/","title":{"rendered":"Potpisavao prodaju neperspektivnog oru\u017eja: Potvr\u0111ena optu\u017enica protiv ministra sigurnosti Selme Cikoti\u0107a"},"content":{"rendered":"<p>Sud Bosne i Hercegovine potvrdio je 7. decembra 2021. godine optu\u017enicu u predmetu Selmo Cikoti\u0107 koja optu\u017eenog Selmu Cikoti\u0107a tereti da je po\u010dinio krivi\u010dno djelo zloupotreba polo\u017eaja ili ovla\u0161tenja.<\/p>\n<p>U optu\u017enici se navodi da je optu\u017eeni Selmo Cikoti\u0107 u periodu od 30.10.2009. do 12.7.2011. godine, u svojstvu ministra odbrane Bosne i Hercegovine, po prethodnom dogovoru s, u me\u0111uvremenu preminulim, pomo\u0107nikom ministra odbrane BiH T. R. i drugim njima poznatim licima, iskori\u0161tavaju\u0107i slu\u017ebeni polo\u017eaj, donio i potpisao dvije odluke o odobravanju isporuke\/zamjene robe, \u010detiri rje\u0161enja o isporuci municije, te zaklju\u010dio \u010detiri aneksa na \u010detiri osnovna ugovora o prodaji neperspektivnog naoru\u017eanja i municije zaklju\u010denih tokom 2003. i 2004. godine izme\u0111u ranije entitetskih ovla\u0161tenih organa i preduze\u0107a SCOUT d.o.o., Zagreb, navode iz Suda BiH.<\/p>\n<p>Optu\u017eeni je zaklju\u010duju\u0107i predmetne anekse i donose\u0107i odluke i rje\u0161enja smanjivao velike koli\u010dine naoru\u017eanja i municije koje je kupcu bilo te\u017ee prodati na tr\u017ei\u0161tu istovremeno uve\u0107avaju\u0107i odre\u0111ene koli\u010dine naoru\u017eanja i municije koje je kupcu bilo lak\u0161e prodati na tr\u017ei\u0161tu, navedeno je u optu\u017enici Tu\u017eila\u0161tva BiH. Dalje se navodi da je optu\u017eeni na taj na\u010din udovoljavao upu\u0107enim zahtjevima preduze\u0107a SCOUT d.o.o. Zagreb bez da je prethodno izvr\u0161io odgovaraju\u0107e provjere u Ministarstvu odbrane o osnovanosti takvih zahtjeva postupaju\u0107i tako isklju\u010divo u interesu kupca.<br \/>\nNa taj na\u010din omogu\u0107io je sticanje imovinske koristi drugome u ukupnom nov\u010danom iznosu od najmanje 4.111.725,67 KM i prouzrokovao \u0161tetu bud\u017eetu Bosne i Hercegovine u iznosu od najmanje 9.709.468,04 KM, navedeno je u optu\u017enici Tu\u017eila\u0161tva Bosne i Hercegovine.<\/p>\n","protected":false},"excerpt":{"rendered":"<p>Sud Bosne i Hercegovine potvrdio je 7. decembra 2021. godine optu\u017enicu u predmetu Selmo Cikoti\u0107&hellip;<\/p>\n","protected":false},"author":4,"featured_media":80151,"comment_status":"open","ping_status":"closed","sticky":false,"template":"","format":"standard","meta":{"_acf_changed":false,"footnotes":""},"categories":[291],"tags":[895,618],"acf":[],"yoast_head":"<!-- This site is optimized with the Yoast SEO plugin v23.5 - https:\/\/yoast.com\/wordpress\/plugins\/seo\/ -->\n<title>Potpisavao prodaju neperspektivnog oru\u017eja: Potvr\u0111ena optu\u017enica protiv ministra sigurnosti Selme Cikoti\u0107a - TuzlaInfo.ba<\/title>\n<meta name=\"robots\" content=\"index, follow, max-snippet:-1, max-image-preview:large, max-video-preview:-1\" \/>\n<link rel=\"canonical\" href=\"https:\/\/tuzlainfo.ba\/index.php\/bosna-i-hercegovina\/item\/158826-potpisavao-prodaju-neperspeketivnog-oruzja-potvrdjena-optuznica-protiv-ministra-sigurnosti-selme-cikotic\/\" \/>\n<meta property=\"og:locale\" content=\"bs_BA\" \/>\n<meta property=\"og:type\" content=\"article\" \/>\n<meta property=\"og:title\" content=\"Potpisavao prodaju neperspektivnog oru\u017eja: Potvr\u0111ena optu\u017enica protiv ministra sigurnosti Selme Cikoti\u0107a - TuzlaInfo.ba\" \/>\n<meta property=\"og:description\" content=\"Sud Bosne i Hercegovine potvrdio je 7. decembra 2021. godine optu\u017enicu u predmetu Selmo Cikoti\u0107&hellip;\" \/>\n<meta property=\"og:url\" content=\"https:\/\/tuzlainfo.ba\/index.php\/bosna-i-hercegovina\/item\/158826-potpisavao-prodaju-neperspeketivnog-oruzja-potvrdjena-optuznica-protiv-ministra-sigurnosti-selme-cikotic\/\" \/>\n<meta property=\"og:site_name\" content=\"TuzlaInfo.ba\" \/>\n<meta property=\"article:publisher\" content=\"https:\/\/www.facebook.com\/tuzlainfo.ba\/\" \/>\n<meta property=\"article:published_time\" content=\"2021-12-21T09:02:44+00:00\" \/>\n<meta property=\"article:modified_time\" content=\"2021-12-21T09:04:04+00:00\" \/>\n<meta property=\"og:image\" content=\"https:\/\/tuzlainfo.ba\/wp-content\/uploads\/2020\/06\/sadrzaj_2020_20200601_1206_selmo-cikotic.jpg\" \/>\n\t<meta property=\"og:image:width\" content=\"770\" \/>\n\t<meta property=\"og:image:height\" content=\"455\" \/>\n\t<meta property=\"og:image:type\" content=\"image\/jpeg\" \/>\n<meta name=\"author\" content=\"Tuzla Info\" \/>\n<meta name=\"twitter:card\" content=\"summary_large_image\" \/>\n<meta name=\"twitter:label1\" content=\"Written by\" \/>\n\t<meta name=\"twitter:data1\" content=\"Tuzla Info\" \/>\n\t<meta name=\"twitter:label2\" content=\"Est. reading time\" \/>\n\t<meta name=\"twitter:data2\" content=\"1 minuta\" \/>\n<script type=\"application\/ld+json\" class=\"yoast-schema-graph\">{\"@context\":\"https:\/\/schema.org\",\"@graph\":[{\"@type\":\"Article\",\"@id\":\"https:\/\/tuzlainfo.ba\/index.php\/bosna-i-hercegovina\/item\/158826-potpisavao-prodaju-neperspeketivnog-oruzja-potvrdjena-optuznica-protiv-ministra-sigurnosti-selme-cikotic\/#article\",\"isPartOf\":{\"@id\":\"https:\/\/tuzlainfo.ba\/index.php\/bosna-i-hercegovina\/item\/158826-potpisavao-prodaju-neperspeketivnog-oruzja-potvrdjena-optuznica-protiv-ministra-sigurnosti-selme-cikotic\/\"},\"author\":{\"name\":\"Tuzla Info\",\"@id\":\"https:\/\/tuzlainfo.ba\/#\/schema\/person\/46cad4c57790cbc50781edd14870825a\"},\"headline\":\"Potpisavao prodaju neperspektivnog oru\u017eja: Potvr\u0111ena optu\u017enica protiv ministra sigurnosti Selme Cikoti\u0107a\",\"datePublished\":\"2021-12-21T09:02:44+00:00\",\"dateModified\":\"2021-12-21T09:04:04+00:00\",\"mainEntityOfPage\":{\"@id\":\"https:\/\/tuzlainfo.ba\/index.php\/bosna-i-hercegovina\/item\/158826-potpisavao-prodaju-neperspeketivnog-oruzja-potvrdjena-optuznica-protiv-ministra-sigurnosti-selme-cikotic\/\"},\"wordCount\":310,\"commentCount\":0,\"publisher\":{\"@id\":\"https:\/\/tuzlainfo.ba\/#organization\"},\"image\":{\"@id\":\"https:\/\/tuzlainfo.ba\/index.php\/bosna-i-hercegovina\/item\/158826-potpisavao-prodaju-neperspeketivnog-oruzja-potvrdjena-optuznica-protiv-ministra-sigurnosti-selme-cikotic\/#primaryimage\"},\"thumbnailUrl\":\"https:\/\/tuzlainfo.ba\/wp-content\/uploads\/2020\/06\/sadrzaj_2020_20200601_1206_selmo-cikotic.jpg\",\"keywords\":[\"optu\u017enica\",\"selmo cikoti\u0107\"],\"articleSection\":[\"Bosna i Hercegovina\"],\"inLanguage\":\"bs-BA\"},{\"@type\":\"WebPage\",\"@id\":\"https:\/\/tuzlainfo.ba\/index.php\/bosna-i-hercegovina\/item\/158826-potpisavao-prodaju-neperspeketivnog-oruzja-potvrdjena-optuznica-protiv-ministra-sigurnosti-selme-cikotic\/\",\"url\":\"https:\/\/tuzlainfo.ba\/index.php\/bosna-i-hercegovina\/item\/158826-potpisavao-prodaju-neperspeketivnog-oruzja-potvrdjena-optuznica-protiv-ministra-sigurnosti-selme-cikotic\/\",\"name\":\"Potpisavao prodaju neperspektivnog oru\u017eja: Potvr\u0111ena optu\u017enica protiv ministra sigurnosti Selme Cikoti\u0107a - TuzlaInfo.ba\",\"isPartOf\":{\"@id\":\"https:\/\/tuzlainfo.ba\/#website\"},\"primaryImageOfPage\":{\"@id\":\"https:\/\/tuzlainfo.ba\/index.php\/bosna-i-hercegovina\/item\/158826-potpisavao-prodaju-neperspeketivnog-oruzja-potvrdjena-optuznica-protiv-ministra-sigurnosti-selme-cikotic\/#primaryimage\"},\"image\":{\"@id\":\"https:\/\/tuzlainfo.ba\/index.php\/bosna-i-hercegovina\/item\/158826-potpisavao-prodaju-neperspeketivnog-oruzja-potvrdjena-optuznica-protiv-ministra-sigurnosti-selme-cikotic\/#primaryimage\"},\"thumbnailUrl\":\"https:\/\/tuzlainfo.ba\/wp-content\/uploads\/2020\/06\/sadrzaj_2020_20200601_1206_selmo-cikotic.jpg\",\"datePublished\":\"2021-12-21T09:02:44+00:00\",\"dateModified\":\"2021-12-21T09:04:04+00:00\",\"breadcrumb\":{\"@id\":\"https:\/\/tuzlainfo.ba\/index.php\/bosna-i-hercegovina\/item\/158826-potpisavao-prodaju-neperspeketivnog-oruzja-potvrdjena-optuznica-protiv-ministra-sigurnosti-selme-cikotic\/#breadcrumb\"},\"inLanguage\":\"bs-BA\",\"potentialAction\":[{\"@type\":\"ReadAction\",\"target\":[\"https:\/\/tuzlainfo.ba\/index.php\/bosna-i-hercegovina\/item\/158826-potpisavao-prodaju-neperspeketivnog-oruzja-potvrdjena-optuznica-protiv-ministra-sigurnosti-selme-cikotic\/\"]}]},{\"@type\":\"ImageObject\",\"inLanguage\":\"bs-BA\",\"@id\":\"https:\/\/tuzlainfo.ba\/index.php\/bosna-i-hercegovina\/item\/158826-potpisavao-prodaju-neperspeketivnog-oruzja-potvrdjena-optuznica-protiv-ministra-sigurnosti-selme-cikotic\/#primaryimage\",\"url\":\"https:\/\/tuzlainfo.ba\/wp-content\/uploads\/2020\/06\/sadrzaj_2020_20200601_1206_selmo-cikotic.jpg\",\"contentUrl\":\"https:\/\/tuzlainfo.ba\/wp-content\/uploads\/2020\/06\/sadrzaj_2020_20200601_1206_selmo-cikotic.jpg\",\"width\":770,\"height\":455,\"caption\":\"1206 selmo cikotic\"},{\"@type\":\"BreadcrumbList\",\"@id\":\"https:\/\/tuzlainfo.ba\/index.php\/bosna-i-hercegovina\/item\/158826-potpisavao-prodaju-neperspeketivnog-oruzja-potvrdjena-optuznica-protiv-ministra-sigurnosti-selme-cikotic\/#breadcrumb\",\"itemListElement\":[{\"@type\":\"ListItem\",\"position\":1,\"name\":\"Home\",\"item\":\"https:\/\/tuzlainfo.ba\/\"},{\"@type\":\"ListItem\",\"position\":2,\"name\":\"Potpisavao prodaju neperspektivnog oru\u017eja: Potvr\u0111ena optu\u017enica protiv ministra sigurnosti Selme Cikoti\u0107a\"}]},{\"@type\":\"WebSite\",\"@id\":\"https:\/\/tuzlainfo.ba\/#website\",\"url\":\"https:\/\/tuzlainfo.ba\/\",\"name\":\"TuzlaInfo.ba\",\"description\":\"Tuzla info, gradski informator - Tuzla na dlanu\",\"publisher\":{\"@id\":\"https:\/\/tuzlainfo.ba\/#organization\"},\"potentialAction\":[{\"@type\":\"SearchAction\",\"target\":{\"@type\":\"EntryPoint\",\"urlTemplate\":\"https:\/\/tuzlainfo.ba\/?s={search_term_string}\"},\"query-input\":{\"@type\":\"PropertyValueSpecification\",\"valueRequired\":true,\"valueName\":\"search_term_string\"}}],\"inLanguage\":\"bs-BA\"},{\"@type\":\"Organization\",\"@id\":\"https:\/\/tuzlainfo.ba\/#organization\",\"name\":\"TuzlaInfo.ba\",\"url\":\"https:\/\/tuzlainfo.ba\/\",\"logo\":{\"@type\":\"ImageObject\",\"inLanguage\":\"bs-BA\",\"@id\":\"https:\/\/tuzlainfo.ba\/#\/schema\/logo\/image\/\",\"url\":\"https:\/\/tuzlainfo.ba\/wp-content\/uploads\/2021\/03\/logo-ver-3-1.png\",\"contentUrl\":\"https:\/\/tuzlainfo.ba\/wp-content\/uploads\/2021\/03\/logo-ver-3-1.png\",\"width\":350,\"height\":95,\"caption\":\"TuzlaInfo.ba\"},\"image\":{\"@id\":\"https:\/\/tuzlainfo.ba\/#\/schema\/logo\/image\/\"},\"sameAs\":[\"https:\/\/www.facebook.com\/tuzlainfo.ba\/\"]},{\"@type\":\"Person\",\"@id\":\"https:\/\/tuzlainfo.ba\/#\/schema\/person\/46cad4c57790cbc50781edd14870825a\",\"name\":\"Tuzla Info\",\"image\":{\"@type\":\"ImageObject\",\"inLanguage\":\"bs-BA\",\"@id\":\"https:\/\/tuzlainfo.ba\/#\/schema\/person\/image\/\",\"url\":\"https:\/\/tuzlainfo.ba\/wp-content\/litespeed\/avatar\/b6c453a6c38e3654f2e4416c643fc25c.jpg?ver=1777051911\",\"contentUrl\":\"https:\/\/tuzlainfo.ba\/wp-content\/litespeed\/avatar\/b6c453a6c38e3654f2e4416c643fc25c.jpg?ver=1777051911\",\"caption\":\"Tuzla Info\"}}]}<\/script>\n<!-- \/ Yoast SEO plugin. -->","yoast_head_json":{"title":"Potpisavao prodaju neperspektivnog oru\u017eja: Potvr\u0111ena optu\u017enica protiv ministra sigurnosti Selme Cikoti\u0107a - TuzlaInfo.ba","robots":{"index":"index","follow":"follow","max-snippet":"max-snippet:-1","max-image-preview":"max-image-preview:large","max-video-preview":"max-video-preview:-1"},"canonical":"https:\/\/tuzlainfo.ba\/index.php\/bosna-i-hercegovina\/item\/158826-potpisavao-prodaju-neperspeketivnog-oruzja-potvrdjena-optuznica-protiv-ministra-sigurnosti-selme-cikotic\/","og_locale":"bs_BA","og_type":"article","og_title":"Potpisavao prodaju neperspektivnog oru\u017eja: Potvr\u0111ena optu\u017enica protiv ministra sigurnosti Selme Cikoti\u0107a - TuzlaInfo.ba","og_description":"Sud Bosne i Hercegovine potvrdio je 7. decembra 2021. godine optu\u017enicu u predmetu Selmo Cikoti\u0107&hellip;","og_url":"https:\/\/tuzlainfo.ba\/index.php\/bosna-i-hercegovina\/item\/158826-potpisavao-prodaju-neperspeketivnog-oruzja-potvrdjena-optuznica-protiv-ministra-sigurnosti-selme-cikotic\/","og_site_name":"TuzlaInfo.ba","article_publisher":"https:\/\/www.facebook.com\/tuzlainfo.ba\/","article_published_time":"2021-12-21T09:02:44+00:00","article_modified_time":"2021-12-21T09:04:04+00:00","og_image":[{"width":770,"height":455,"url":"https:\/\/tuzlainfo.ba\/wp-content\/uploads\/2020\/06\/sadrzaj_2020_20200601_1206_selmo-cikotic.jpg","type":"image\/jpeg"}],"author":"Tuzla Info","twitter_card":"summary_large_image","twitter_misc":{"Written by":"Tuzla Info","Est. reading time":"1 minuta"},"schema":{"@context":"https:\/\/schema.org","@graph":[{"@type":"Article","@id":"https:\/\/tuzlainfo.ba\/index.php\/bosna-i-hercegovina\/item\/158826-potpisavao-prodaju-neperspeketivnog-oruzja-potvrdjena-optuznica-protiv-ministra-sigurnosti-selme-cikotic\/#article","isPartOf":{"@id":"https:\/\/tuzlainfo.ba\/index.php\/bosna-i-hercegovina\/item\/158826-potpisavao-prodaju-neperspeketivnog-oruzja-potvrdjena-optuznica-protiv-ministra-sigurnosti-selme-cikotic\/"},"author":{"name":"Tuzla Info","@id":"https:\/\/tuzlainfo.ba\/#\/schema\/person\/46cad4c57790cbc50781edd14870825a"},"headline":"Potpisavao prodaju neperspektivnog oru\u017eja: Potvr\u0111ena optu\u017enica protiv ministra sigurnosti Selme Cikoti\u0107a","datePublished":"2021-12-21T09:02:44+00:00","dateModified":"2021-12-21T09:04:04+00:00","mainEntityOfPage":{"@id":"https:\/\/tuzlainfo.ba\/index.php\/bosna-i-hercegovina\/item\/158826-potpisavao-prodaju-neperspeketivnog-oruzja-potvrdjena-optuznica-protiv-ministra-sigurnosti-selme-cikotic\/"},"wordCount":310,"commentCount":0,"publisher":{"@id":"https:\/\/tuzlainfo.ba\/#organization"},"image":{"@id":"https:\/\/tuzlainfo.ba\/index.php\/bosna-i-hercegovina\/item\/158826-potpisavao-prodaju-neperspeketivnog-oruzja-potvrdjena-optuznica-protiv-ministra-sigurnosti-selme-cikotic\/#primaryimage"},"thumbnailUrl":"https:\/\/tuzlainfo.ba\/wp-content\/uploads\/2020\/06\/sadrzaj_2020_20200601_1206_selmo-cikotic.jpg","keywords":["optu\u017enica","selmo cikoti\u0107"],"articleSection":["Bosna i Hercegovina"],"inLanguage":"bs-BA"},{"@type":"WebPage","@id":"https:\/\/tuzlainfo.ba\/index.php\/bosna-i-hercegovina\/item\/158826-potpisavao-prodaju-neperspeketivnog-oruzja-potvrdjena-optuznica-protiv-ministra-sigurnosti-selme-cikotic\/","url":"https:\/\/tuzlainfo.ba\/index.php\/bosna-i-hercegovina\/item\/158826-potpisavao-prodaju-neperspeketivnog-oruzja-potvrdjena-optuznica-protiv-ministra-sigurnosti-selme-cikotic\/","name":"Potpisavao prodaju neperspektivnog oru\u017eja: Potvr\u0111ena optu\u017enica protiv ministra sigurnosti Selme Cikoti\u0107a - TuzlaInfo.ba","isPartOf":{"@id":"https:\/\/tuzlainfo.ba\/#website"},"primaryImageOfPage":{"@id":"https:\/\/tuzlainfo.ba\/index.php\/bosna-i-hercegovina\/item\/158826-potpisavao-prodaju-neperspeketivnog-oruzja-potvrdjena-optuznica-protiv-ministra-sigurnosti-selme-cikotic\/#primaryimage"},"image":{"@id":"https:\/\/tuzlainfo.ba\/index.php\/bosna-i-hercegovina\/item\/158826-potpisavao-prodaju-neperspeketivnog-oruzja-potvrdjena-optuznica-protiv-ministra-sigurnosti-selme-cikotic\/#primaryimage"},"thumbnailUrl":"https:\/\/tuzlainfo.ba\/wp-content\/uploads\/2020\/06\/sadrzaj_2020_20200601_1206_selmo-cikotic.jpg","datePublished":"2021-12-21T09:02:44+00:00","dateModified":"2021-12-21T09:04:04+00:00","breadcrumb":{"@id":"https:\/\/tuzlainfo.ba\/index.php\/bosna-i-hercegovina\/item\/158826-potpisavao-prodaju-neperspeketivnog-oruzja-potvrdjena-optuznica-protiv-ministra-sigurnosti-selme-cikotic\/#breadcrumb"},"inLanguage":"bs-BA","potentialAction":[{"@type":"ReadAction","target":["https:\/\/tuzlainfo.ba\/index.php\/bosna-i-hercegovina\/item\/158826-potpisavao-prodaju-neperspeketivnog-oruzja-potvrdjena-optuznica-protiv-ministra-sigurnosti-selme-cikotic\/"]}]},{"@type":"ImageObject","inLanguage":"bs-BA","@id":"https:\/\/tuzlainfo.ba\/index.php\/bosna-i-hercegovina\/item\/158826-potpisavao-prodaju-neperspeketivnog-oruzja-potvrdjena-optuznica-protiv-ministra-sigurnosti-selme-cikotic\/#primaryimage","url":"https:\/\/tuzlainfo.ba\/wp-content\/uploads\/2020\/06\/sadrzaj_2020_20200601_1206_selmo-cikotic.jpg","contentUrl":"https:\/\/tuzlainfo.ba\/wp-content\/uploads\/2020\/06\/sadrzaj_2020_20200601_1206_selmo-cikotic.jpg","width":770,"height":455,"caption":"1206 selmo cikotic"},{"@type":"BreadcrumbList","@id":"https:\/\/tuzlainfo.ba\/index.php\/bosna-i-hercegovina\/item\/158826-potpisavao-prodaju-neperspeketivnog-oruzja-potvrdjena-optuznica-protiv-ministra-sigurnosti-selme-cikotic\/#breadcrumb","itemListElement":[{"@type":"ListItem","position":1,"name":"Home","item":"https:\/\/tuzlainfo.ba\/"},{"@type":"ListItem","position":2,"name":"Potpisavao prodaju neperspektivnog oru\u017eja: Potvr\u0111ena optu\u017enica protiv ministra sigurnosti Selme Cikoti\u0107a"}]},{"@type":"WebSite","@id":"https:\/\/tuzlainfo.ba\/#website","url":"https:\/\/tuzlainfo.ba\/","name":"TuzlaInfo.ba","description":"Tuzla info, gradski informator - Tuzla na dlanu","publisher":{"@id":"https:\/\/tuzlainfo.ba\/#organization"},"potentialAction":[{"@type":"SearchAction","target":{"@type":"EntryPoint","urlTemplate":"https:\/\/tuzlainfo.ba\/?s={search_term_string}"},"query-input":{"@type":"PropertyValueSpecification","valueRequired":true,"valueName":"search_term_string"}}],"inLanguage":"bs-BA"},{"@type":"Organization","@id":"https:\/\/tuzlainfo.ba\/#organization","name":"TuzlaInfo.ba","url":"https:\/\/tuzlainfo.ba\/","logo":{"@type":"ImageObject","inLanguage":"bs-BA","@id":"https:\/\/tuzlainfo.ba\/#\/schema\/logo\/image\/","url":"https:\/\/tuzlainfo.ba\/wp-content\/uploads\/2021\/03\/logo-ver-3-1.png","contentUrl":"https:\/\/tuzlainfo.ba\/wp-content\/uploads\/2021\/03\/logo-ver-3-1.png","width":350,"height":95,"caption":"TuzlaInfo.ba"},"image":{"@id":"https:\/\/tuzlainfo.ba\/#\/schema\/logo\/image\/"},"sameAs":["https:\/\/www.facebook.com\/tuzlainfo.ba\/"]},{"@type":"Person","@id":"https:\/\/tuzlainfo.ba\/#\/schema\/person\/46cad4c57790cbc50781edd14870825a","name":"Tuzla Info","image":{"@type":"ImageObject","inLanguage":"bs-BA","@id":"https:\/\/tuzlainfo.ba\/#\/schema\/person\/image\/","url":"https:\/\/tuzlainfo.ba\/wp-content\/litespeed\/avatar\/b6c453a6c38e3654f2e4416c643fc25c.jpg?ver=1777051911","contentUrl":"https:\/\/tuzlainfo.ba\/wp-content\/litespeed\/avatar\/b6c453a6c38e3654f2e4416c643fc25c.jpg?ver=1777051911","caption":"Tuzla Info"}}]}},"_links":{"self":[{"href":"https:\/\/tuzlainfo.ba\/index.php\/wp-json\/wp\/v2\/posts\/158826"}],"collection":[{"href":"https:\/\/tuzlainfo.ba\/index.php\/wp-json\/wp\/v2\/posts"}],"about":[{"href":"https:\/\/tuzlainfo.ba\/index.php\/wp-json\/wp\/v2\/types\/post"}],"author":[{"embeddable":true,"href":"https:\/\/tuzlainfo.ba\/index.php\/wp-json\/wp\/v2\/users\/4"}],"replies":[{"embeddable":true,"href":"https:\/\/tuzlainfo.ba\/index.php\/wp-json\/wp\/v2\/comments?post=158826"}],"version-history":[{"count":0,"href":"https:\/\/tuzlainfo.ba\/index.php\/wp-json\/wp\/v2\/posts\/158826\/revisions"}],"wp:featuredmedia":[{"embeddable":true,"href":"https:\/\/tuzlainfo.ba\/index.php\/wp-json\/wp\/v2\/media\/80151"}],"wp:attachment":[{"href":"https:\/\/tuzlainfo.ba\/index.php\/wp-json\/wp\/v2\/media?parent=158826"}],"wp:term":[{"taxonomy":"category","embeddable":true,"href":"https:\/\/tuzlainfo.ba\/index.php\/wp-json\/wp\/v2\/categories?post=158826"},{"taxonomy":"post_tag","embeddable":true,"href":"https:\/\/tuzlainfo.ba\/index.php\/wp-json\/wp\/v2\/tags?post=158826"}],"curies":[{"name":"wp","href":"https:\/\/api.w.org\/{rel}","templated":true}]}}