{"id":158619,"date":"2021-12-20T10:00:23","date_gmt":"2021-12-20T09:00:23","guid":{"rendered":"https:\/\/tuzlainfo.ba\/?p=158619"},"modified":"2021-12-20T09:08:43","modified_gmt":"2021-12-20T08:08:43","slug":"ucimo-kuhati-zajedno-u-tuzli-odrzano-predavanje-o-celijakiji-podijeljeni-i-bezglutenski-paketici","status":"publish","type":"post","link":"https:\/\/tuzlainfo.ba\/index.php\/novosti\/item\/158619-ucimo-kuhati-zajedno-u-tuzli-odrzano-predavanje-o-celijakiji-podijeljeni-i-bezglutenski-paketici\/","title":{"rendered":"&#8220;U\u010dimo kuhati zajedno&#8221;: U Tuzli odr\u017eano predavanje o Celijakiji, podijeljeni i bezglutenski paketi\u0107i"},"content":{"rendered":"<p>Udru\u017eenje osoba oboljelih od Celijakije Tuzlanskog kantona organiziralo je predavanje doc.dr. Lejle Osman\u010devi\u0107 na temu u\u010destalosti obolijevanja od Celijakije unutar prvih srodnika.<\/p>\n<p>Predavanje je realizirano u okviru projekta U\u010dimo kuhati zajedno podr\u017eanog od Federalnog ministarstva rada i socijalne politike.<\/p>\n<p>Celijakija ili glutenska enteropatija je jedna od naj\u010de\u0161\u0107ih hroni\u010dnih bolesti probavnog sistema koju karakteri\u0161e nepodno\u0161ljivost glutena une\u0161enog hranom. Osobe sa celijakijom ne toleri\u0161u gluten, zajedni\u010dki protein na\u0111en u \u017eitaricama p\u0161enice, ra\u017ei i je\u010dma.<\/p>\n<p>Bolest nastaje kao posljedica poreme\u0107enog imunolo\u0161kog odgovora koji se javlja u osoba koje imaju genetsku predispoziciju osjetljivosti na unos glutena. Uno\u0161enje glutena u probavnu cijev oboljelih izaziva o\u0161te\u0107enje, upalu i atrofiju crijevne sluznice tankog crijeva koja zbog toga ne mo\u017ee normalno apsorbirati hranjive tvari, vitamine i minerale. Ukoliko se ne lije\u010di celijakija mo\u017ee dovesti do vrlo ozbiljnih kompli- kacija od kojih su najte\u017ee maligne bolesti. Zato je stopa smrtnosti u pacijenata oboljelih od celijakije je 1,9 do 3,8 puta ve\u0107a od stope mortaliteta u op\u0107oj populaciji.<\/p>\n<p>Nakon odr\u017eanog predavanja \u010dlanovima Udru\u017eenja osoba oboljelih od Celijakije Tuzlanskog kantona su podijeljeni novogodi\u0161nji paketi\u0107i sa bezglutenskim namirnicama, saop\u0107eno je iz Udru\u017eenja.<\/p>\n","protected":false},"excerpt":{"rendered":"<p>Udru\u017eenje osoba oboljelih od Celijakije Tuzlanskog kantona organiziralo je predavanje doc.dr. Lejle Osman\u010devi\u0107 na temu&hellip;<\/p>\n","protected":false},"author":4,"featured_media":158620,"comment_status":"open","ping_status":"closed","sticky":false,"template":"","format":"standard","meta":{"_acf_changed":false,"footnotes":""},"categories":[12],"tags":[3696,3697],"acf":[],"yoast_head":"<!-- This site is optimized with the Yoast SEO plugin v23.5 - https:\/\/yoast.com\/wordpress\/plugins\/seo\/ -->\n<title>&quot;U\u010dimo kuhati zajedno&quot;: U Tuzli odr\u017eano predavanje o Celijakiji, podijeljeni i bezglutenski paketi\u0107i - TuzlaInfo.ba<\/title>\n<meta name=\"robots\" content=\"index, follow, max-snippet:-1, max-image-preview:large, max-video-preview:-1\" \/>\n<link rel=\"canonical\" href=\"https:\/\/tuzlainfo.ba\/index.php\/novosti\/item\/158619-ucimo-kuhati-zajedno-u-tuzli-odrzano-predavanje-o-celijakiji-podijeljeni-i-bezglutenski-paketici\/\" \/>\n<meta property=\"og:locale\" content=\"bs_BA\" \/>\n<meta property=\"og:type\" content=\"article\" \/>\n<meta property=\"og:title\" content=\"&quot;U\u010dimo kuhati zajedno&quot;: U Tuzli odr\u017eano predavanje o Celijakiji, podijeljeni i bezglutenski paketi\u0107i - TuzlaInfo.ba\" \/>\n<meta property=\"og:description\" content=\"Udru\u017eenje osoba oboljelih od Celijakije Tuzlanskog kantona organiziralo je predavanje doc.dr. Lejle Osman\u010devi\u0107 na temu&hellip;\" \/>\n<meta property=\"og:url\" content=\"https:\/\/tuzlainfo.ba\/index.php\/novosti\/item\/158619-ucimo-kuhati-zajedno-u-tuzli-odrzano-predavanje-o-celijakiji-podijeljeni-i-bezglutenski-paketici\/\" \/>\n<meta property=\"og:site_name\" content=\"TuzlaInfo.ba\" \/>\n<meta property=\"article:publisher\" content=\"https:\/\/www.facebook.com\/tuzlainfo.ba\/\" \/>\n<meta property=\"article:published_time\" content=\"2021-12-20T09:00:23+00:00\" \/>\n<meta property=\"article:modified_time\" content=\"2021-12-20T08:08:43+00:00\" \/>\n<meta property=\"og:image\" content=\"https:\/\/tuzlainfo.ba\/wp-content\/uploads\/2021\/12\/inbound8791787502658371667.jpg\" \/>\n\t<meta property=\"og:image:width\" content=\"1080\" \/>\n\t<meta property=\"og:image:height\" content=\"608\" \/>\n\t<meta property=\"og:image:type\" content=\"image\/jpeg\" \/>\n<meta name=\"author\" content=\"Tuzla Info\" \/>\n<meta name=\"twitter:card\" content=\"summary_large_image\" \/>\n<meta name=\"twitter:label1\" content=\"Written by\" \/>\n\t<meta name=\"twitter:data1\" content=\"Tuzla Info\" \/>\n\t<meta name=\"twitter:label2\" content=\"Est. reading time\" \/>\n\t<meta name=\"twitter:data2\" content=\"1 minuta\" \/>\n<script type=\"application\/ld+json\" class=\"yoast-schema-graph\">{\"@context\":\"https:\/\/schema.org\",\"@graph\":[{\"@type\":\"Article\",\"@id\":\"https:\/\/tuzlainfo.ba\/index.php\/novosti\/item\/158619-ucimo-kuhati-zajedno-u-tuzli-odrzano-predavanje-o-celijakiji-podijeljeni-i-bezglutenski-paketici\/#article\",\"isPartOf\":{\"@id\":\"https:\/\/tuzlainfo.ba\/index.php\/novosti\/item\/158619-ucimo-kuhati-zajedno-u-tuzli-odrzano-predavanje-o-celijakiji-podijeljeni-i-bezglutenski-paketici\/\"},\"author\":{\"name\":\"Tuzla Info\",\"@id\":\"https:\/\/tuzlainfo.ba\/#\/schema\/person\/46cad4c57790cbc50781edd14870825a\"},\"headline\":\"&#8220;U\u010dimo kuhati zajedno&#8221;: U Tuzli odr\u017eano predavanje o Celijakiji, podijeljeni i bezglutenski paketi\u0107i\",\"datePublished\":\"2021-12-20T09:00:23+00:00\",\"dateModified\":\"2021-12-20T08:08:43+00:00\",\"mainEntityOfPage\":{\"@id\":\"https:\/\/tuzlainfo.ba\/index.php\/novosti\/item\/158619-ucimo-kuhati-zajedno-u-tuzli-odrzano-predavanje-o-celijakiji-podijeljeni-i-bezglutenski-paketici\/\"},\"wordCount\":229,\"commentCount\":0,\"publisher\":{\"@id\":\"https:\/\/tuzlainfo.ba\/#organization\"},\"image\":{\"@id\":\"https:\/\/tuzlainfo.ba\/index.php\/novosti\/item\/158619-ucimo-kuhati-zajedno-u-tuzli-odrzano-predavanje-o-celijakiji-podijeljeni-i-bezglutenski-paketici\/#primaryimage\"},\"thumbnailUrl\":\"https:\/\/tuzlainfo.ba\/wp-content\/uploads\/2021\/12\/inbound8791787502658371667.jpg\",\"keywords\":[\"Celijakija\",\"udru\u017eenje oboljelih od celijakije tk\"],\"articleSection\":[\"Novosti\"],\"inLanguage\":\"bs-BA\"},{\"@type\":\"WebPage\",\"@id\":\"https:\/\/tuzlainfo.ba\/index.php\/novosti\/item\/158619-ucimo-kuhati-zajedno-u-tuzli-odrzano-predavanje-o-celijakiji-podijeljeni-i-bezglutenski-paketici\/\",\"url\":\"https:\/\/tuzlainfo.ba\/index.php\/novosti\/item\/158619-ucimo-kuhati-zajedno-u-tuzli-odrzano-predavanje-o-celijakiji-podijeljeni-i-bezglutenski-paketici\/\",\"name\":\"\\\"U\u010dimo kuhati zajedno\\\": U Tuzli odr\u017eano predavanje o Celijakiji, podijeljeni i bezglutenski paketi\u0107i - TuzlaInfo.ba\",\"isPartOf\":{\"@id\":\"https:\/\/tuzlainfo.ba\/#website\"},\"primaryImageOfPage\":{\"@id\":\"https:\/\/tuzlainfo.ba\/index.php\/novosti\/item\/158619-ucimo-kuhati-zajedno-u-tuzli-odrzano-predavanje-o-celijakiji-podijeljeni-i-bezglutenski-paketici\/#primaryimage\"},\"image\":{\"@id\":\"https:\/\/tuzlainfo.ba\/index.php\/novosti\/item\/158619-ucimo-kuhati-zajedno-u-tuzli-odrzano-predavanje-o-celijakiji-podijeljeni-i-bezglutenski-paketici\/#primaryimage\"},\"thumbnailUrl\":\"https:\/\/tuzlainfo.ba\/wp-content\/uploads\/2021\/12\/inbound8791787502658371667.jpg\",\"datePublished\":\"2021-12-20T09:00:23+00:00\",\"dateModified\":\"2021-12-20T08:08:43+00:00\",\"breadcrumb\":{\"@id\":\"https:\/\/tuzlainfo.ba\/index.php\/novosti\/item\/158619-ucimo-kuhati-zajedno-u-tuzli-odrzano-predavanje-o-celijakiji-podijeljeni-i-bezglutenski-paketici\/#breadcrumb\"},\"inLanguage\":\"bs-BA\",\"potentialAction\":[{\"@type\":\"ReadAction\",\"target\":[\"https:\/\/tuzlainfo.ba\/index.php\/novosti\/item\/158619-ucimo-kuhati-zajedno-u-tuzli-odrzano-predavanje-o-celijakiji-podijeljeni-i-bezglutenski-paketici\/\"]}]},{\"@type\":\"ImageObject\",\"inLanguage\":\"bs-BA\",\"@id\":\"https:\/\/tuzlainfo.ba\/index.php\/novosti\/item\/158619-ucimo-kuhati-zajedno-u-tuzli-odrzano-predavanje-o-celijakiji-podijeljeni-i-bezglutenski-paketici\/#primaryimage\",\"url\":\"https:\/\/tuzlainfo.ba\/wp-content\/uploads\/2021\/12\/inbound8791787502658371667.jpg\",\"contentUrl\":\"https:\/\/tuzlainfo.ba\/wp-content\/uploads\/2021\/12\/inbound8791787502658371667.jpg\",\"width\":1080,\"height\":608},{\"@type\":\"BreadcrumbList\",\"@id\":\"https:\/\/tuzlainfo.ba\/index.php\/novosti\/item\/158619-ucimo-kuhati-zajedno-u-tuzli-odrzano-predavanje-o-celijakiji-podijeljeni-i-bezglutenski-paketici\/#breadcrumb\",\"itemListElement\":[{\"@type\":\"ListItem\",\"position\":1,\"name\":\"Home\",\"item\":\"https:\/\/tuzlainfo.ba\/\"},{\"@type\":\"ListItem\",\"position\":2,\"name\":\"&#8220;U\u010dimo kuhati zajedno&#8221;: U Tuzli odr\u017eano predavanje o Celijakiji, podijeljeni i bezglutenski paketi\u0107i\"}]},{\"@type\":\"WebSite\",\"@id\":\"https:\/\/tuzlainfo.ba\/#website\",\"url\":\"https:\/\/tuzlainfo.ba\/\",\"name\":\"TuzlaInfo.ba\",\"description\":\"Tuzla info, gradski informator - Tuzla na dlanu\",\"publisher\":{\"@id\":\"https:\/\/tuzlainfo.ba\/#organization\"},\"potentialAction\":[{\"@type\":\"SearchAction\",\"target\":{\"@type\":\"EntryPoint\",\"urlTemplate\":\"https:\/\/tuzlainfo.ba\/?s={search_term_string}\"},\"query-input\":{\"@type\":\"PropertyValueSpecification\",\"valueRequired\":true,\"valueName\":\"search_term_string\"}}],\"inLanguage\":\"bs-BA\"},{\"@type\":\"Organization\",\"@id\":\"https:\/\/tuzlainfo.ba\/#organization\",\"name\":\"TuzlaInfo.ba\",\"url\":\"https:\/\/tuzlainfo.ba\/\",\"logo\":{\"@type\":\"ImageObject\",\"inLanguage\":\"bs-BA\",\"@id\":\"https:\/\/tuzlainfo.ba\/#\/schema\/logo\/image\/\",\"url\":\"https:\/\/tuzlainfo.ba\/wp-content\/uploads\/2021\/03\/logo-ver-3-1.png\",\"contentUrl\":\"https:\/\/tuzlainfo.ba\/wp-content\/uploads\/2021\/03\/logo-ver-3-1.png\",\"width\":350,\"height\":95,\"caption\":\"TuzlaInfo.ba\"},\"image\":{\"@id\":\"https:\/\/tuzlainfo.ba\/#\/schema\/logo\/image\/\"},\"sameAs\":[\"https:\/\/www.facebook.com\/tuzlainfo.ba\/\"]},{\"@type\":\"Person\",\"@id\":\"https:\/\/tuzlainfo.ba\/#\/schema\/person\/46cad4c57790cbc50781edd14870825a\",\"name\":\"Tuzla Info\",\"image\":{\"@type\":\"ImageObject\",\"inLanguage\":\"bs-BA\",\"@id\":\"https:\/\/tuzlainfo.ba\/#\/schema\/person\/image\/\",\"url\":\"https:\/\/tuzlainfo.ba\/wp-content\/litespeed\/avatar\/b6c453a6c38e3654f2e4416c643fc25c.jpg?ver=1777051911\",\"contentUrl\":\"https:\/\/tuzlainfo.ba\/wp-content\/litespeed\/avatar\/b6c453a6c38e3654f2e4416c643fc25c.jpg?ver=1777051911\",\"caption\":\"Tuzla Info\"}}]}<\/script>\n<!-- \/ Yoast SEO plugin. -->","yoast_head_json":{"title":"\"U\u010dimo kuhati zajedno\": U Tuzli odr\u017eano predavanje o Celijakiji, podijeljeni i bezglutenski paketi\u0107i - TuzlaInfo.ba","robots":{"index":"index","follow":"follow","max-snippet":"max-snippet:-1","max-image-preview":"max-image-preview:large","max-video-preview":"max-video-preview:-1"},"canonical":"https:\/\/tuzlainfo.ba\/index.php\/novosti\/item\/158619-ucimo-kuhati-zajedno-u-tuzli-odrzano-predavanje-o-celijakiji-podijeljeni-i-bezglutenski-paketici\/","og_locale":"bs_BA","og_type":"article","og_title":"\"U\u010dimo kuhati zajedno\": U Tuzli odr\u017eano predavanje o Celijakiji, podijeljeni i bezglutenski paketi\u0107i - TuzlaInfo.ba","og_description":"Udru\u017eenje osoba oboljelih od Celijakije Tuzlanskog kantona organiziralo je predavanje doc.dr. Lejle Osman\u010devi\u0107 na temu&hellip;","og_url":"https:\/\/tuzlainfo.ba\/index.php\/novosti\/item\/158619-ucimo-kuhati-zajedno-u-tuzli-odrzano-predavanje-o-celijakiji-podijeljeni-i-bezglutenski-paketici\/","og_site_name":"TuzlaInfo.ba","article_publisher":"https:\/\/www.facebook.com\/tuzlainfo.ba\/","article_published_time":"2021-12-20T09:00:23+00:00","article_modified_time":"2021-12-20T08:08:43+00:00","og_image":[{"width":1080,"height":608,"url":"https:\/\/tuzlainfo.ba\/wp-content\/uploads\/2021\/12\/inbound8791787502658371667.jpg","type":"image\/jpeg"}],"author":"Tuzla Info","twitter_card":"summary_large_image","twitter_misc":{"Written by":"Tuzla Info","Est. reading time":"1 minuta"},"schema":{"@context":"https:\/\/schema.org","@graph":[{"@type":"Article","@id":"https:\/\/tuzlainfo.ba\/index.php\/novosti\/item\/158619-ucimo-kuhati-zajedno-u-tuzli-odrzano-predavanje-o-celijakiji-podijeljeni-i-bezglutenski-paketici\/#article","isPartOf":{"@id":"https:\/\/tuzlainfo.ba\/index.php\/novosti\/item\/158619-ucimo-kuhati-zajedno-u-tuzli-odrzano-predavanje-o-celijakiji-podijeljeni-i-bezglutenski-paketici\/"},"author":{"name":"Tuzla Info","@id":"https:\/\/tuzlainfo.ba\/#\/schema\/person\/46cad4c57790cbc50781edd14870825a"},"headline":"&#8220;U\u010dimo kuhati zajedno&#8221;: U Tuzli odr\u017eano predavanje o Celijakiji, podijeljeni i bezglutenski paketi\u0107i","datePublished":"2021-12-20T09:00:23+00:00","dateModified":"2021-12-20T08:08:43+00:00","mainEntityOfPage":{"@id":"https:\/\/tuzlainfo.ba\/index.php\/novosti\/item\/158619-ucimo-kuhati-zajedno-u-tuzli-odrzano-predavanje-o-celijakiji-podijeljeni-i-bezglutenski-paketici\/"},"wordCount":229,"commentCount":0,"publisher":{"@id":"https:\/\/tuzlainfo.ba\/#organization"},"image":{"@id":"https:\/\/tuzlainfo.ba\/index.php\/novosti\/item\/158619-ucimo-kuhati-zajedno-u-tuzli-odrzano-predavanje-o-celijakiji-podijeljeni-i-bezglutenski-paketici\/#primaryimage"},"thumbnailUrl":"https:\/\/tuzlainfo.ba\/wp-content\/uploads\/2021\/12\/inbound8791787502658371667.jpg","keywords":["Celijakija","udru\u017eenje oboljelih od celijakije tk"],"articleSection":["Novosti"],"inLanguage":"bs-BA"},{"@type":"WebPage","@id":"https:\/\/tuzlainfo.ba\/index.php\/novosti\/item\/158619-ucimo-kuhati-zajedno-u-tuzli-odrzano-predavanje-o-celijakiji-podijeljeni-i-bezglutenski-paketici\/","url":"https:\/\/tuzlainfo.ba\/index.php\/novosti\/item\/158619-ucimo-kuhati-zajedno-u-tuzli-odrzano-predavanje-o-celijakiji-podijeljeni-i-bezglutenski-paketici\/","name":"\"U\u010dimo kuhati zajedno\": U Tuzli odr\u017eano predavanje o Celijakiji, podijeljeni i bezglutenski paketi\u0107i - TuzlaInfo.ba","isPartOf":{"@id":"https:\/\/tuzlainfo.ba\/#website"},"primaryImageOfPage":{"@id":"https:\/\/tuzlainfo.ba\/index.php\/novosti\/item\/158619-ucimo-kuhati-zajedno-u-tuzli-odrzano-predavanje-o-celijakiji-podijeljeni-i-bezglutenski-paketici\/#primaryimage"},"image":{"@id":"https:\/\/tuzlainfo.ba\/index.php\/novosti\/item\/158619-ucimo-kuhati-zajedno-u-tuzli-odrzano-predavanje-o-celijakiji-podijeljeni-i-bezglutenski-paketici\/#primaryimage"},"thumbnailUrl":"https:\/\/tuzlainfo.ba\/wp-content\/uploads\/2021\/12\/inbound8791787502658371667.jpg","datePublished":"2021-12-20T09:00:23+00:00","dateModified":"2021-12-20T08:08:43+00:00","breadcrumb":{"@id":"https:\/\/tuzlainfo.ba\/index.php\/novosti\/item\/158619-ucimo-kuhati-zajedno-u-tuzli-odrzano-predavanje-o-celijakiji-podijeljeni-i-bezglutenski-paketici\/#breadcrumb"},"inLanguage":"bs-BA","potentialAction":[{"@type":"ReadAction","target":["https:\/\/tuzlainfo.ba\/index.php\/novosti\/item\/158619-ucimo-kuhati-zajedno-u-tuzli-odrzano-predavanje-o-celijakiji-podijeljeni-i-bezglutenski-paketici\/"]}]},{"@type":"ImageObject","inLanguage":"bs-BA","@id":"https:\/\/tuzlainfo.ba\/index.php\/novosti\/item\/158619-ucimo-kuhati-zajedno-u-tuzli-odrzano-predavanje-o-celijakiji-podijeljeni-i-bezglutenski-paketici\/#primaryimage","url":"https:\/\/tuzlainfo.ba\/wp-content\/uploads\/2021\/12\/inbound8791787502658371667.jpg","contentUrl":"https:\/\/tuzlainfo.ba\/wp-content\/uploads\/2021\/12\/inbound8791787502658371667.jpg","width":1080,"height":608},{"@type":"BreadcrumbList","@id":"https:\/\/tuzlainfo.ba\/index.php\/novosti\/item\/158619-ucimo-kuhati-zajedno-u-tuzli-odrzano-predavanje-o-celijakiji-podijeljeni-i-bezglutenski-paketici\/#breadcrumb","itemListElement":[{"@type":"ListItem","position":1,"name":"Home","item":"https:\/\/tuzlainfo.ba\/"},{"@type":"ListItem","position":2,"name":"&#8220;U\u010dimo kuhati zajedno&#8221;: U Tuzli odr\u017eano predavanje o Celijakiji, podijeljeni i bezglutenski paketi\u0107i"}]},{"@type":"WebSite","@id":"https:\/\/tuzlainfo.ba\/#website","url":"https:\/\/tuzlainfo.ba\/","name":"TuzlaInfo.ba","description":"Tuzla info, gradski informator - Tuzla na dlanu","publisher":{"@id":"https:\/\/tuzlainfo.ba\/#organization"},"potentialAction":[{"@type":"SearchAction","target":{"@type":"EntryPoint","urlTemplate":"https:\/\/tuzlainfo.ba\/?s={search_term_string}"},"query-input":{"@type":"PropertyValueSpecification","valueRequired":true,"valueName":"search_term_string"}}],"inLanguage":"bs-BA"},{"@type":"Organization","@id":"https:\/\/tuzlainfo.ba\/#organization","name":"TuzlaInfo.ba","url":"https:\/\/tuzlainfo.ba\/","logo":{"@type":"ImageObject","inLanguage":"bs-BA","@id":"https:\/\/tuzlainfo.ba\/#\/schema\/logo\/image\/","url":"https:\/\/tuzlainfo.ba\/wp-content\/uploads\/2021\/03\/logo-ver-3-1.png","contentUrl":"https:\/\/tuzlainfo.ba\/wp-content\/uploads\/2021\/03\/logo-ver-3-1.png","width":350,"height":95,"caption":"TuzlaInfo.ba"},"image":{"@id":"https:\/\/tuzlainfo.ba\/#\/schema\/logo\/image\/"},"sameAs":["https:\/\/www.facebook.com\/tuzlainfo.ba\/"]},{"@type":"Person","@id":"https:\/\/tuzlainfo.ba\/#\/schema\/person\/46cad4c57790cbc50781edd14870825a","name":"Tuzla Info","image":{"@type":"ImageObject","inLanguage":"bs-BA","@id":"https:\/\/tuzlainfo.ba\/#\/schema\/person\/image\/","url":"https:\/\/tuzlainfo.ba\/wp-content\/litespeed\/avatar\/b6c453a6c38e3654f2e4416c643fc25c.jpg?ver=1777051911","contentUrl":"https:\/\/tuzlainfo.ba\/wp-content\/litespeed\/avatar\/b6c453a6c38e3654f2e4416c643fc25c.jpg?ver=1777051911","caption":"Tuzla Info"}}]}},"_links":{"self":[{"href":"https:\/\/tuzlainfo.ba\/index.php\/wp-json\/wp\/v2\/posts\/158619"}],"collection":[{"href":"https:\/\/tuzlainfo.ba\/index.php\/wp-json\/wp\/v2\/posts"}],"about":[{"href":"https:\/\/tuzlainfo.ba\/index.php\/wp-json\/wp\/v2\/types\/post"}],"author":[{"embeddable":true,"href":"https:\/\/tuzlainfo.ba\/index.php\/wp-json\/wp\/v2\/users\/4"}],"replies":[{"embeddable":true,"href":"https:\/\/tuzlainfo.ba\/index.php\/wp-json\/wp\/v2\/comments?post=158619"}],"version-history":[{"count":0,"href":"https:\/\/tuzlainfo.ba\/index.php\/wp-json\/wp\/v2\/posts\/158619\/revisions"}],"wp:featuredmedia":[{"embeddable":true,"href":"https:\/\/tuzlainfo.ba\/index.php\/wp-json\/wp\/v2\/media\/158620"}],"wp:attachment":[{"href":"https:\/\/tuzlainfo.ba\/index.php\/wp-json\/wp\/v2\/media?parent=158619"}],"wp:term":[{"taxonomy":"category","embeddable":true,"href":"https:\/\/tuzlainfo.ba\/index.php\/wp-json\/wp\/v2\/categories?post=158619"},{"taxonomy":"post_tag","embeddable":true,"href":"https:\/\/tuzlainfo.ba\/index.php\/wp-json\/wp\/v2\/tags?post=158619"}],"curies":[{"name":"wp","href":"https:\/\/api.w.org\/{rel}","templated":true}]}}