{"id":157953,"date":"2021-12-13T20:39:10","date_gmt":"2021-12-13T19:39:10","guid":{"rendered":"https:\/\/tuzlainfo.ba\/?p=157953"},"modified":"2021-12-13T20:39:10","modified_gmt":"2021-12-13T19:39:10","slug":"hrvatska-se-usprotivila-uvodjenju-sankcija-dodiku-i-pozvala-na-dijalog","status":"publish","type":"post","link":"https:\/\/tuzlainfo.ba\/index.php\/clanci\/sa-svih-strana\/item\/157953-hrvatska-se-usprotivila-uvodjenju-sankcija-dodiku-i-pozvala-na-dijalog\/","title":{"rendered":"Hrvatska se usprotivila uvo\u0111enju sankcija Dodiku i pozvala na dijalog"},"content":{"rendered":"<div id=\"excerpt\" class=\"mt-5 md:mt-2 xl:mt-3 mb-5 font-sans font-semibold text-lg lg:text-xl leading-6 md:leading-7\">\n<p class=\"lead\">Njema\u010dka ministrica vanjskih poslova Annalena Baerbock danas je novinarima u Briselu kazala da je Njema\u010dka pozvala Evropsku uniju da uvede Miloradu Dodiku sankcije. Ipak nisu svi saglasni, a me\u0111u onima koji su se usprotivili bio je i ministar vanjskih poslova Hrvatske Gordan Grli\u0107-Radman.<\/p>\n<\/div>\n<div id=\"text\" class=\"break-words mt-3 prose prose-md prose-indigo text-lg lg:text-xl space-y-4 mb-3 leading-6 md:leading-7\">\n<p>Prema saznanjima Ve\u010dernjeg lista, Njema\u010dka je i na drugim sastancima iza zatvorenih vrata u Vije\u0107u EU bila najzagrijanija za uvo\u0111enje sankcija protiv Dodika, no me\u0111u najhladnijima prema toj ideji zasad se \u010dini Hrvatska, prenosi Klix.<\/p>\n<p>&#8220;Stav je Hrvatske da damo prostora za dijalog. Upravo zbog tog neposrednog susjedstva, jer mi smo najvi\u0161e pogo\u0111eni ili bismo bili pogo\u0111eni. Kao onome tko ima vi\u0161e saznjanja, iskustva i vi\u0161e geopoliti\u010dkog interesa u smislu zadr\u017eavanja stabilnosti, sigurnosti i jednog trajnog dijaloga, nama je u interesu insistirati na dijalogu. Uvjeriti sve lidere, \u010dimbenike, koliko je nu\u017eno BiH promatrati i do\u017eivjeti kao zemlju koja je suverena i cjelovita i da nema prostora za bilo kakav separatizam&#8221;, rekao je Grli\u0107-Radman.<\/p>\n<p>Dodao je da je upravo s tom porukom premijer Plenkovi\u0107 i\u0161ao u BiH.<\/p>\n<\/div>\n","protected":false},"excerpt":{"rendered":"<p>Njema\u010dka ministrica vanjskih poslova Annalena Baerbock danas je novinarima u Briselu kazala da je Njema\u010dka&hellip;<\/p>\n","protected":false},"author":4,"featured_media":142749,"comment_status":"open","ping_status":"closed","sticky":false,"template":"","format":"standard","meta":{"_acf_changed":false,"footnotes":""},"categories":[16],"tags":[2043,359],"acf":[],"yoast_head":"<!-- This site is optimized with the Yoast SEO plugin v23.5 - https:\/\/yoast.com\/wordpress\/plugins\/seo\/ -->\n<title>Hrvatska se usprotivila uvo\u0111enju sankcija Dodiku i pozvala na dijalog - TuzlaInfo.ba<\/title>\n<meta name=\"robots\" content=\"index, follow, max-snippet:-1, max-image-preview:large, max-video-preview:-1\" \/>\n<link rel=\"canonical\" href=\"https:\/\/tuzlainfo.ba\/index.php\/clanci\/sa-svih-strana\/item\/157953-hrvatska-se-usprotivila-uvodjenju-sankcija-dodiku-i-pozvala-na-dijalog\/\" \/>\n<meta property=\"og:locale\" content=\"bs_BA\" \/>\n<meta property=\"og:type\" content=\"article\" \/>\n<meta property=\"og:title\" content=\"Hrvatska se usprotivila uvo\u0111enju sankcija Dodiku i pozvala na dijalog - TuzlaInfo.ba\" \/>\n<meta property=\"og:description\" content=\"Njema\u010dka ministrica vanjskih poslova Annalena Baerbock danas je novinarima u Briselu kazala da je Njema\u010dka&hellip;\" \/>\n<meta property=\"og:url\" content=\"https:\/\/tuzlainfo.ba\/index.php\/clanci\/sa-svih-strana\/item\/157953-hrvatska-se-usprotivila-uvodjenju-sankcija-dodiku-i-pozvala-na-dijalog\/\" \/>\n<meta property=\"og:site_name\" content=\"TuzlaInfo.ba\" \/>\n<meta property=\"article:publisher\" content=\"https:\/\/www.facebook.com\/tuzlainfo.ba\/\" \/>\n<meta property=\"article:published_time\" content=\"2021-12-13T19:39:10+00:00\" \/>\n<meta property=\"og:image\" content=\"https:\/\/tuzlainfo.ba\/wp-content\/uploads\/2021\/07\/2307_grlic-radman.jpg\" \/>\n\t<meta property=\"og:image:width\" content=\"864\" \/>\n\t<meta property=\"og:image:height\" content=\"486\" \/>\n\t<meta property=\"og:image:type\" content=\"image\/jpeg\" \/>\n<meta name=\"author\" content=\"Tuzla Info\" \/>\n<meta name=\"twitter:card\" content=\"summary_large_image\" \/>\n<meta name=\"twitter:label1\" content=\"Written by\" \/>\n\t<meta name=\"twitter:data1\" content=\"Tuzla Info\" \/>\n\t<meta name=\"twitter:label2\" content=\"Est. reading time\" \/>\n\t<meta name=\"twitter:data2\" content=\"1 minuta\" \/>\n<script type=\"application\/ld+json\" class=\"yoast-schema-graph\">{\"@context\":\"https:\/\/schema.org\",\"@graph\":[{\"@type\":\"Article\",\"@id\":\"https:\/\/tuzlainfo.ba\/index.php\/clanci\/sa-svih-strana\/item\/157953-hrvatska-se-usprotivila-uvodjenju-sankcija-dodiku-i-pozvala-na-dijalog\/#article\",\"isPartOf\":{\"@id\":\"https:\/\/tuzlainfo.ba\/index.php\/clanci\/sa-svih-strana\/item\/157953-hrvatska-se-usprotivila-uvodjenju-sankcija-dodiku-i-pozvala-na-dijalog\/\"},\"author\":{\"name\":\"Tuzla Info\",\"@id\":\"https:\/\/tuzlainfo.ba\/#\/schema\/person\/46cad4c57790cbc50781edd14870825a\"},\"headline\":\"Hrvatska se usprotivila uvo\u0111enju sankcija Dodiku i pozvala na dijalog\",\"datePublished\":\"2021-12-13T19:39:10+00:00\",\"dateModified\":\"2021-12-13T19:39:10+00:00\",\"mainEntityOfPage\":{\"@id\":\"https:\/\/tuzlainfo.ba\/index.php\/clanci\/sa-svih-strana\/item\/157953-hrvatska-se-usprotivila-uvodjenju-sankcija-dodiku-i-pozvala-na-dijalog\/\"},\"wordCount\":200,\"commentCount\":0,\"publisher\":{\"@id\":\"https:\/\/tuzlainfo.ba\/#organization\"},\"image\":{\"@id\":\"https:\/\/tuzlainfo.ba\/index.php\/clanci\/sa-svih-strana\/item\/157953-hrvatska-se-usprotivila-uvodjenju-sankcija-dodiku-i-pozvala-na-dijalog\/#primaryimage\"},\"thumbnailUrl\":\"https:\/\/tuzlainfo.ba\/wp-content\/uploads\/2021\/07\/2307_grlic-radman.jpg\",\"keywords\":[\"grli\u0107-radman\",\"hrvatska\"],\"articleSection\":[\"Sa svih strana\"],\"inLanguage\":\"bs-BA\"},{\"@type\":\"WebPage\",\"@id\":\"https:\/\/tuzlainfo.ba\/index.php\/clanci\/sa-svih-strana\/item\/157953-hrvatska-se-usprotivila-uvodjenju-sankcija-dodiku-i-pozvala-na-dijalog\/\",\"url\":\"https:\/\/tuzlainfo.ba\/index.php\/clanci\/sa-svih-strana\/item\/157953-hrvatska-se-usprotivila-uvodjenju-sankcija-dodiku-i-pozvala-na-dijalog\/\",\"name\":\"Hrvatska se usprotivila uvo\u0111enju sankcija Dodiku i pozvala na dijalog - TuzlaInfo.ba\",\"isPartOf\":{\"@id\":\"https:\/\/tuzlainfo.ba\/#website\"},\"primaryImageOfPage\":{\"@id\":\"https:\/\/tuzlainfo.ba\/index.php\/clanci\/sa-svih-strana\/item\/157953-hrvatska-se-usprotivila-uvodjenju-sankcija-dodiku-i-pozvala-na-dijalog\/#primaryimage\"},\"image\":{\"@id\":\"https:\/\/tuzlainfo.ba\/index.php\/clanci\/sa-svih-strana\/item\/157953-hrvatska-se-usprotivila-uvodjenju-sankcija-dodiku-i-pozvala-na-dijalog\/#primaryimage\"},\"thumbnailUrl\":\"https:\/\/tuzlainfo.ba\/wp-content\/uploads\/2021\/07\/2307_grlic-radman.jpg\",\"datePublished\":\"2021-12-13T19:39:10+00:00\",\"dateModified\":\"2021-12-13T19:39:10+00:00\",\"breadcrumb\":{\"@id\":\"https:\/\/tuzlainfo.ba\/index.php\/clanci\/sa-svih-strana\/item\/157953-hrvatska-se-usprotivila-uvodjenju-sankcija-dodiku-i-pozvala-na-dijalog\/#breadcrumb\"},\"inLanguage\":\"bs-BA\",\"potentialAction\":[{\"@type\":\"ReadAction\",\"target\":[\"https:\/\/tuzlainfo.ba\/index.php\/clanci\/sa-svih-strana\/item\/157953-hrvatska-se-usprotivila-uvodjenju-sankcija-dodiku-i-pozvala-na-dijalog\/\"]}]},{\"@type\":\"ImageObject\",\"inLanguage\":\"bs-BA\",\"@id\":\"https:\/\/tuzlainfo.ba\/index.php\/clanci\/sa-svih-strana\/item\/157953-hrvatska-se-usprotivila-uvodjenju-sankcija-dodiku-i-pozvala-na-dijalog\/#primaryimage\",\"url\":\"https:\/\/tuzlainfo.ba\/wp-content\/uploads\/2021\/07\/2307_grlic-radman.jpg\",\"contentUrl\":\"https:\/\/tuzlainfo.ba\/wp-content\/uploads\/2021\/07\/2307_grlic-radman.jpg\",\"width\":864,\"height\":486},{\"@type\":\"BreadcrumbList\",\"@id\":\"https:\/\/tuzlainfo.ba\/index.php\/clanci\/sa-svih-strana\/item\/157953-hrvatska-se-usprotivila-uvodjenju-sankcija-dodiku-i-pozvala-na-dijalog\/#breadcrumb\",\"itemListElement\":[{\"@type\":\"ListItem\",\"position\":1,\"name\":\"Home\",\"item\":\"https:\/\/tuzlainfo.ba\/\"},{\"@type\":\"ListItem\",\"position\":2,\"name\":\"Hrvatska se usprotivila uvo\u0111enju sankcija Dodiku i pozvala na dijalog\"}]},{\"@type\":\"WebSite\",\"@id\":\"https:\/\/tuzlainfo.ba\/#website\",\"url\":\"https:\/\/tuzlainfo.ba\/\",\"name\":\"TuzlaInfo.ba\",\"description\":\"Tuzla info, gradski informator - Tuzla na dlanu\",\"publisher\":{\"@id\":\"https:\/\/tuzlainfo.ba\/#organization\"},\"potentialAction\":[{\"@type\":\"SearchAction\",\"target\":{\"@type\":\"EntryPoint\",\"urlTemplate\":\"https:\/\/tuzlainfo.ba\/?s={search_term_string}\"},\"query-input\":{\"@type\":\"PropertyValueSpecification\",\"valueRequired\":true,\"valueName\":\"search_term_string\"}}],\"inLanguage\":\"bs-BA\"},{\"@type\":\"Organization\",\"@id\":\"https:\/\/tuzlainfo.ba\/#organization\",\"name\":\"TuzlaInfo.ba\",\"url\":\"https:\/\/tuzlainfo.ba\/\",\"logo\":{\"@type\":\"ImageObject\",\"inLanguage\":\"bs-BA\",\"@id\":\"https:\/\/tuzlainfo.ba\/#\/schema\/logo\/image\/\",\"url\":\"https:\/\/tuzlainfo.ba\/wp-content\/uploads\/2021\/03\/logo-ver-3-1.png\",\"contentUrl\":\"https:\/\/tuzlainfo.ba\/wp-content\/uploads\/2021\/03\/logo-ver-3-1.png\",\"width\":350,\"height\":95,\"caption\":\"TuzlaInfo.ba\"},\"image\":{\"@id\":\"https:\/\/tuzlainfo.ba\/#\/schema\/logo\/image\/\"},\"sameAs\":[\"https:\/\/www.facebook.com\/tuzlainfo.ba\/\"]},{\"@type\":\"Person\",\"@id\":\"https:\/\/tuzlainfo.ba\/#\/schema\/person\/46cad4c57790cbc50781edd14870825a\",\"name\":\"Tuzla Info\",\"image\":{\"@type\":\"ImageObject\",\"inLanguage\":\"bs-BA\",\"@id\":\"https:\/\/tuzlainfo.ba\/#\/schema\/person\/image\/\",\"url\":\"https:\/\/tuzlainfo.ba\/wp-content\/litespeed\/avatar\/b6c453a6c38e3654f2e4416c643fc25c.jpg?ver=1777051911\",\"contentUrl\":\"https:\/\/tuzlainfo.ba\/wp-content\/litespeed\/avatar\/b6c453a6c38e3654f2e4416c643fc25c.jpg?ver=1777051911\",\"caption\":\"Tuzla Info\"}}]}<\/script>\n<!-- \/ Yoast SEO plugin. -->","yoast_head_json":{"title":"Hrvatska se usprotivila uvo\u0111enju sankcija Dodiku i pozvala na dijalog - TuzlaInfo.ba","robots":{"index":"index","follow":"follow","max-snippet":"max-snippet:-1","max-image-preview":"max-image-preview:large","max-video-preview":"max-video-preview:-1"},"canonical":"https:\/\/tuzlainfo.ba\/index.php\/clanci\/sa-svih-strana\/item\/157953-hrvatska-se-usprotivila-uvodjenju-sankcija-dodiku-i-pozvala-na-dijalog\/","og_locale":"bs_BA","og_type":"article","og_title":"Hrvatska se usprotivila uvo\u0111enju sankcija Dodiku i pozvala na dijalog - TuzlaInfo.ba","og_description":"Njema\u010dka ministrica vanjskih poslova Annalena Baerbock danas je novinarima u Briselu kazala da je Njema\u010dka&hellip;","og_url":"https:\/\/tuzlainfo.ba\/index.php\/clanci\/sa-svih-strana\/item\/157953-hrvatska-se-usprotivila-uvodjenju-sankcija-dodiku-i-pozvala-na-dijalog\/","og_site_name":"TuzlaInfo.ba","article_publisher":"https:\/\/www.facebook.com\/tuzlainfo.ba\/","article_published_time":"2021-12-13T19:39:10+00:00","og_image":[{"width":864,"height":486,"url":"https:\/\/tuzlainfo.ba\/wp-content\/uploads\/2021\/07\/2307_grlic-radman.jpg","type":"image\/jpeg"}],"author":"Tuzla Info","twitter_card":"summary_large_image","twitter_misc":{"Written by":"Tuzla Info","Est. reading time":"1 minuta"},"schema":{"@context":"https:\/\/schema.org","@graph":[{"@type":"Article","@id":"https:\/\/tuzlainfo.ba\/index.php\/clanci\/sa-svih-strana\/item\/157953-hrvatska-se-usprotivila-uvodjenju-sankcija-dodiku-i-pozvala-na-dijalog\/#article","isPartOf":{"@id":"https:\/\/tuzlainfo.ba\/index.php\/clanci\/sa-svih-strana\/item\/157953-hrvatska-se-usprotivila-uvodjenju-sankcija-dodiku-i-pozvala-na-dijalog\/"},"author":{"name":"Tuzla Info","@id":"https:\/\/tuzlainfo.ba\/#\/schema\/person\/46cad4c57790cbc50781edd14870825a"},"headline":"Hrvatska se usprotivila uvo\u0111enju sankcija Dodiku i pozvala na dijalog","datePublished":"2021-12-13T19:39:10+00:00","dateModified":"2021-12-13T19:39:10+00:00","mainEntityOfPage":{"@id":"https:\/\/tuzlainfo.ba\/index.php\/clanci\/sa-svih-strana\/item\/157953-hrvatska-se-usprotivila-uvodjenju-sankcija-dodiku-i-pozvala-na-dijalog\/"},"wordCount":200,"commentCount":0,"publisher":{"@id":"https:\/\/tuzlainfo.ba\/#organization"},"image":{"@id":"https:\/\/tuzlainfo.ba\/index.php\/clanci\/sa-svih-strana\/item\/157953-hrvatska-se-usprotivila-uvodjenju-sankcija-dodiku-i-pozvala-na-dijalog\/#primaryimage"},"thumbnailUrl":"https:\/\/tuzlainfo.ba\/wp-content\/uploads\/2021\/07\/2307_grlic-radman.jpg","keywords":["grli\u0107-radman","hrvatska"],"articleSection":["Sa svih strana"],"inLanguage":"bs-BA"},{"@type":"WebPage","@id":"https:\/\/tuzlainfo.ba\/index.php\/clanci\/sa-svih-strana\/item\/157953-hrvatska-se-usprotivila-uvodjenju-sankcija-dodiku-i-pozvala-na-dijalog\/","url":"https:\/\/tuzlainfo.ba\/index.php\/clanci\/sa-svih-strana\/item\/157953-hrvatska-se-usprotivila-uvodjenju-sankcija-dodiku-i-pozvala-na-dijalog\/","name":"Hrvatska se usprotivila uvo\u0111enju sankcija Dodiku i pozvala na dijalog - TuzlaInfo.ba","isPartOf":{"@id":"https:\/\/tuzlainfo.ba\/#website"},"primaryImageOfPage":{"@id":"https:\/\/tuzlainfo.ba\/index.php\/clanci\/sa-svih-strana\/item\/157953-hrvatska-se-usprotivila-uvodjenju-sankcija-dodiku-i-pozvala-na-dijalog\/#primaryimage"},"image":{"@id":"https:\/\/tuzlainfo.ba\/index.php\/clanci\/sa-svih-strana\/item\/157953-hrvatska-se-usprotivila-uvodjenju-sankcija-dodiku-i-pozvala-na-dijalog\/#primaryimage"},"thumbnailUrl":"https:\/\/tuzlainfo.ba\/wp-content\/uploads\/2021\/07\/2307_grlic-radman.jpg","datePublished":"2021-12-13T19:39:10+00:00","dateModified":"2021-12-13T19:39:10+00:00","breadcrumb":{"@id":"https:\/\/tuzlainfo.ba\/index.php\/clanci\/sa-svih-strana\/item\/157953-hrvatska-se-usprotivila-uvodjenju-sankcija-dodiku-i-pozvala-na-dijalog\/#breadcrumb"},"inLanguage":"bs-BA","potentialAction":[{"@type":"ReadAction","target":["https:\/\/tuzlainfo.ba\/index.php\/clanci\/sa-svih-strana\/item\/157953-hrvatska-se-usprotivila-uvodjenju-sankcija-dodiku-i-pozvala-na-dijalog\/"]}]},{"@type":"ImageObject","inLanguage":"bs-BA","@id":"https:\/\/tuzlainfo.ba\/index.php\/clanci\/sa-svih-strana\/item\/157953-hrvatska-se-usprotivila-uvodjenju-sankcija-dodiku-i-pozvala-na-dijalog\/#primaryimage","url":"https:\/\/tuzlainfo.ba\/wp-content\/uploads\/2021\/07\/2307_grlic-radman.jpg","contentUrl":"https:\/\/tuzlainfo.ba\/wp-content\/uploads\/2021\/07\/2307_grlic-radman.jpg","width":864,"height":486},{"@type":"BreadcrumbList","@id":"https:\/\/tuzlainfo.ba\/index.php\/clanci\/sa-svih-strana\/item\/157953-hrvatska-se-usprotivila-uvodjenju-sankcija-dodiku-i-pozvala-na-dijalog\/#breadcrumb","itemListElement":[{"@type":"ListItem","position":1,"name":"Home","item":"https:\/\/tuzlainfo.ba\/"},{"@type":"ListItem","position":2,"name":"Hrvatska se usprotivila uvo\u0111enju sankcija Dodiku i pozvala na dijalog"}]},{"@type":"WebSite","@id":"https:\/\/tuzlainfo.ba\/#website","url":"https:\/\/tuzlainfo.ba\/","name":"TuzlaInfo.ba","description":"Tuzla info, gradski informator - Tuzla na dlanu","publisher":{"@id":"https:\/\/tuzlainfo.ba\/#organization"},"potentialAction":[{"@type":"SearchAction","target":{"@type":"EntryPoint","urlTemplate":"https:\/\/tuzlainfo.ba\/?s={search_term_string}"},"query-input":{"@type":"PropertyValueSpecification","valueRequired":true,"valueName":"search_term_string"}}],"inLanguage":"bs-BA"},{"@type":"Organization","@id":"https:\/\/tuzlainfo.ba\/#organization","name":"TuzlaInfo.ba","url":"https:\/\/tuzlainfo.ba\/","logo":{"@type":"ImageObject","inLanguage":"bs-BA","@id":"https:\/\/tuzlainfo.ba\/#\/schema\/logo\/image\/","url":"https:\/\/tuzlainfo.ba\/wp-content\/uploads\/2021\/03\/logo-ver-3-1.png","contentUrl":"https:\/\/tuzlainfo.ba\/wp-content\/uploads\/2021\/03\/logo-ver-3-1.png","width":350,"height":95,"caption":"TuzlaInfo.ba"},"image":{"@id":"https:\/\/tuzlainfo.ba\/#\/schema\/logo\/image\/"},"sameAs":["https:\/\/www.facebook.com\/tuzlainfo.ba\/"]},{"@type":"Person","@id":"https:\/\/tuzlainfo.ba\/#\/schema\/person\/46cad4c57790cbc50781edd14870825a","name":"Tuzla Info","image":{"@type":"ImageObject","inLanguage":"bs-BA","@id":"https:\/\/tuzlainfo.ba\/#\/schema\/person\/image\/","url":"https:\/\/tuzlainfo.ba\/wp-content\/litespeed\/avatar\/b6c453a6c38e3654f2e4416c643fc25c.jpg?ver=1777051911","contentUrl":"https:\/\/tuzlainfo.ba\/wp-content\/litespeed\/avatar\/b6c453a6c38e3654f2e4416c643fc25c.jpg?ver=1777051911","caption":"Tuzla Info"}}]}},"_links":{"self":[{"href":"https:\/\/tuzlainfo.ba\/index.php\/wp-json\/wp\/v2\/posts\/157953"}],"collection":[{"href":"https:\/\/tuzlainfo.ba\/index.php\/wp-json\/wp\/v2\/posts"}],"about":[{"href":"https:\/\/tuzlainfo.ba\/index.php\/wp-json\/wp\/v2\/types\/post"}],"author":[{"embeddable":true,"href":"https:\/\/tuzlainfo.ba\/index.php\/wp-json\/wp\/v2\/users\/4"}],"replies":[{"embeddable":true,"href":"https:\/\/tuzlainfo.ba\/index.php\/wp-json\/wp\/v2\/comments?post=157953"}],"version-history":[{"count":0,"href":"https:\/\/tuzlainfo.ba\/index.php\/wp-json\/wp\/v2\/posts\/157953\/revisions"}],"wp:featuredmedia":[{"embeddable":true,"href":"https:\/\/tuzlainfo.ba\/index.php\/wp-json\/wp\/v2\/media\/142749"}],"wp:attachment":[{"href":"https:\/\/tuzlainfo.ba\/index.php\/wp-json\/wp\/v2\/media?parent=157953"}],"wp:term":[{"taxonomy":"category","embeddable":true,"href":"https:\/\/tuzlainfo.ba\/index.php\/wp-json\/wp\/v2\/categories?post=157953"},{"taxonomy":"post_tag","embeddable":true,"href":"https:\/\/tuzlainfo.ba\/index.php\/wp-json\/wp\/v2\/tags?post=157953"}],"curies":[{"name":"wp","href":"https:\/\/api.w.org\/{rel}","templated":true}]}}