{"id":157702,"date":"2021-12-11T11:29:58","date_gmt":"2021-12-11T10:29:58","guid":{"rendered":"https:\/\/tuzlainfo.ba\/?p=157702"},"modified":"2021-12-11T10:21:23","modified_gmt":"2021-12-11T09:21:23","slug":"video-nakon-sarajeva-i-u-tuzli-promovisana-knjiga-robije-alije-izetbegovica","status":"publish","type":"post","link":"https:\/\/tuzlainfo.ba\/index.php\/novosti\/item\/157702-video-nakon-sarajeva-i-u-tuzli-promovisana-knjiga-robije-alije-izetbegovica\/","title":{"rendered":"VIDEO \/ Nakon Sarajeva i u Tuzli promovisana knjiga &#8220;Robije Alije Izetbegovi\u0107a&#8221;"},"content":{"rendered":"<p>U organizaciji Kantonalnog odbora Stranke demokratske akcije Tuzlanskog kantona u saradnji sa Fondacijom Alija Izetbegovi\u0107 odr\u017eana je promocija knjige Robije Alije Izetbegovi\u0107a u Bosanskom kulturnom centru Tuzlanskog kantona.<\/p>\n<p>Knjiga je nastala u naporima da se izvr\u0161i analiza ukupnog djela Alije Izetbegovi\u0107a i onoga \u0161to je on medijima rekao kroz intervjue i na druge na\u010dine ostavio, u pisanoj ili video formi.<\/p>\n<p>&#8211; Sistemati\u010dno je obradila period istraga, su\u0111enja i zatvora Alije Izetbegovi\u0107a. Obra\u0111en je odnos medija prema su\u0111enju, posebno ovaj period od 1983-1988 godine. Opisan je boravak i na\u010din \u017eivota u Fo\u010di osu\u0111enih za verbalni delikt \u2013 izjavio je Mustafa Spahi\u0107, jedan od autora knjige.<\/p>\n<p>Napisana je na osnovu \u010dinjenica iz dokumentacije sa su\u0111enja Mladim muslimanima.<\/p>\n<p>Spahi\u0107 je istakao da Alija Izetbegovi\u0107 nije samo jednom su\u0111en, nego dva puta. A, ni u jednoj optu\u017enici, ni u jednoj presudi nije pisalo da je i\u0161ta konkretno uradio.<\/p>\n<p>&#8211; On je le\u017eao kao i ja, kao zato\u010denik savjesti za takozvani verbalni delikt. Ova knjiga prati Alijine robije i Aliju od 1945, zaklju\u010dno sa 1990. kada je u\u0161ao u Predsjedni\u0161tvo \u2013 izjavio je Spahi\u0107.<\/p>\n<p>Putem video linka o Aliji Izetbegovi\u0107u i samoj knjizi govorili su i prof. Latinka Perovi\u0107 iz Srbije, kao i biv\u0161i predsjednik Hrvatske Stjepan Mesi\u0107.<\/p>\n<p>Knjiga pru\u017ea uvid u historijsku situaciju u kojoj se doga\u0111alo to da je rahmetli predsjednik Izetbegovi\u0107 sa grupom intelektualaca bio izlo\u017een sudskom procesu. Mi smo pisali na bazi autenti\u010dnih dokumenata<br \/>\nLatinka Perovi\u0107 kazala je da je izdava\u0161tvo u BiH oboga\u0107eno izuzetnom knjigom \u201cRobije Alije Izetbegovi\u0107\u201d.<\/p>\n<p>Perovi\u0107 je podvukla da knjigu smatra izuzetnom prije svega zato \u0161to ona pripada univerzalnom korpusu knjiga u kojima su opisani fenomeni nasilja nad ljudskom mi\u0161lju, vjerom, nacionalnim identitetom u XX vijeku., te istakla i visoki profesionalizam.<\/p>\n<p>&#8211; Ona je duboka sonda u historijski kontekst prve i druge Jugoslavije i historijski kontekst muslimana, odnosno bo\u0161nja\u010dkog naroda,izme\u0111u velikodr\u017eavnog srpskog i velikodr\u017eavnog hrvatskog nacionalizma. Ona je tako\u0111er duboka sonda u li\u010dnost Alije Izetbegovi\u0107a, koju knjiga veoma dobro predstavlja i osvjetljava njegov \u017eivot istina s fokusom na robijama- izjavila je Perovi\u0107.<\/p>\n<p>Nakon Sarajeva, Tuzla je drugi grad u kome je promovisana ova knjiga, a kako je kazao predsjednik KO SDA Tuzlanskog kantona Fahrudin Skopljak rije\u010d je o veoma zna\u010dajnom historijskom djelu koje govori o prvom predsjedniku Aliji Izetbegovi\u0107u.<\/p>\n<p>&#8211; Mogao je izabrati mnogo lak\u0161i put, izabrao je borbu kao na\u010din \u017eivota. Borbu za prava Bo\u0161njaka, borbu za nezavisnui suverenu Bosnu i Hercegovinu i platio veliku cijenu te svoje borbe. To breme je duboko prenio i na svoju porodicu \u2013 izjavio je predsjednik Fahrudin Skopljak.<\/p>\n<p>Promociji u Tuzli je prisustvovala i k\u0107erka Alije Izetbegovi\u0107a Sabina Berberovi\u0107, generali ARBiH i brojne druge istaknute li\u010dnosti iz javnog i politi\u010dkog \u017eivota Bosne i Hercegovine,<\/p>\n<p><iframe title=\"BKC TK, Promocija knjige \u201cRobije Alije Izetbegovi\u0107a\u201d (10.12.2021.)\" width=\"1170\" height=\"658\" src=\"https:\/\/www.youtube.com\/embed\/HSC5u0G84HA?feature=oembed\" frameborder=\"0\" allow=\"accelerometer; autoplay; clipboard-write; encrypted-media; gyroscope; picture-in-picture\" allowfullscreen><\/iframe><\/p>\n","protected":false},"excerpt":{"rendered":"<p>U organizaciji Kantonalnog odbora Stranke demokratske akcije Tuzlanskog kantona u saradnji sa Fondacijom Alija Izetbegovi\u0107&hellip;<\/p>\n","protected":false},"author":2,"featured_media":157703,"comment_status":"open","ping_status":"closed","sticky":false,"template":"","format":"standard","meta":{"_acf_changed":false,"footnotes":""},"categories":[304,12],"tags":[550,524,742],"acf":[],"yoast_head":"<!-- This site is optimized with the Yoast SEO plugin v23.5 - https:\/\/yoast.com\/wordpress\/plugins\/seo\/ -->\n<title>VIDEO \/ Nakon Sarajeva i u Tuzli promovisana knjiga &quot;Robije Alije Izetbegovi\u0107a&quot; - TuzlaInfo.ba<\/title>\n<meta name=\"robots\" content=\"index, follow, max-snippet:-1, max-image-preview:large, max-video-preview:-1\" \/>\n<link rel=\"canonical\" href=\"https:\/\/tuzlainfo.ba\/index.php\/novosti\/item\/157702-video-nakon-sarajeva-i-u-tuzli-promovisana-knjiga-robije-alije-izetbegovica\/\" \/>\n<meta property=\"og:locale\" content=\"bs_BA\" \/>\n<meta property=\"og:type\" content=\"article\" \/>\n<meta property=\"og:title\" content=\"VIDEO \/ Nakon Sarajeva i u Tuzli promovisana knjiga &quot;Robije Alije Izetbegovi\u0107a&quot; - TuzlaInfo.ba\" \/>\n<meta property=\"og:description\" content=\"U organizaciji Kantonalnog odbora Stranke demokratske akcije Tuzlanskog kantona u saradnji sa Fondacijom Alija Izetbegovi\u0107&hellip;\" \/>\n<meta property=\"og:url\" content=\"https:\/\/tuzlainfo.ba\/index.php\/novosti\/item\/157702-video-nakon-sarajeva-i-u-tuzli-promovisana-knjiga-robije-alije-izetbegovica\/\" \/>\n<meta property=\"og:site_name\" content=\"TuzlaInfo.ba\" \/>\n<meta property=\"article:publisher\" content=\"https:\/\/www.facebook.com\/tuzlainfo.ba\/\" \/>\n<meta property=\"article:published_time\" content=\"2021-12-11T10:29:58+00:00\" \/>\n<meta property=\"article:modified_time\" content=\"2021-12-11T09:21:23+00:00\" \/>\n<meta property=\"og:image\" content=\"https:\/\/tuzlainfo.ba\/wp-content\/uploads\/2021\/12\/1112_robije_promocija.jpg\" \/>\n\t<meta property=\"og:image:width\" content=\"1600\" \/>\n\t<meta property=\"og:image:height\" content=\"778\" \/>\n\t<meta property=\"og:image:type\" content=\"image\/jpeg\" \/>\n<meta name=\"author\" content=\"nedim\" \/>\n<meta name=\"twitter:card\" content=\"summary_large_image\" \/>\n<meta name=\"twitter:label1\" content=\"Written by\" \/>\n\t<meta name=\"twitter:data1\" content=\"nedim\" \/>\n\t<meta name=\"twitter:label2\" content=\"Est. reading time\" \/>\n\t<meta name=\"twitter:data2\" content=\"2 minute\" \/>\n<script type=\"application\/ld+json\" class=\"yoast-schema-graph\">{\"@context\":\"https:\/\/schema.org\",\"@graph\":[{\"@type\":\"Article\",\"@id\":\"https:\/\/tuzlainfo.ba\/index.php\/novosti\/item\/157702-video-nakon-sarajeva-i-u-tuzli-promovisana-knjiga-robije-alije-izetbegovica\/#article\",\"isPartOf\":{\"@id\":\"https:\/\/tuzlainfo.ba\/index.php\/novosti\/item\/157702-video-nakon-sarajeva-i-u-tuzli-promovisana-knjiga-robije-alije-izetbegovica\/\"},\"author\":{\"name\":\"nedim\",\"@id\":\"https:\/\/tuzlainfo.ba\/#\/schema\/person\/f434e20dc27ea133923aab08451b7f7f\"},\"headline\":\"VIDEO \/ Nakon Sarajeva i u Tuzli promovisana knjiga &#8220;Robije Alije Izetbegovi\u0107a&#8221;\",\"datePublished\":\"2021-12-11T10:29:58+00:00\",\"dateModified\":\"2021-12-11T09:21:23+00:00\",\"mainEntityOfPage\":{\"@id\":\"https:\/\/tuzlainfo.ba\/index.php\/novosti\/item\/157702-video-nakon-sarajeva-i-u-tuzli-promovisana-knjiga-robije-alije-izetbegovica\/\"},\"wordCount\":507,\"commentCount\":0,\"publisher\":{\"@id\":\"https:\/\/tuzlainfo.ba\/#organization\"},\"image\":{\"@id\":\"https:\/\/tuzlainfo.ba\/index.php\/novosti\/item\/157702-video-nakon-sarajeva-i-u-tuzli-promovisana-knjiga-robije-alije-izetbegovica\/#primaryimage\"},\"thumbnailUrl\":\"https:\/\/tuzlainfo.ba\/wp-content\/uploads\/2021\/12\/1112_robije_promocija.jpg\",\"keywords\":[\"alija izetbegovi\u0107\",\"bkc tk\",\"bkc tuzla\"],\"articleSection\":[\"Istaknuto\",\"Novosti\"],\"inLanguage\":\"bs-BA\"},{\"@type\":\"WebPage\",\"@id\":\"https:\/\/tuzlainfo.ba\/index.php\/novosti\/item\/157702-video-nakon-sarajeva-i-u-tuzli-promovisana-knjiga-robije-alije-izetbegovica\/\",\"url\":\"https:\/\/tuzlainfo.ba\/index.php\/novosti\/item\/157702-video-nakon-sarajeva-i-u-tuzli-promovisana-knjiga-robije-alije-izetbegovica\/\",\"name\":\"VIDEO \/ Nakon Sarajeva i u Tuzli promovisana knjiga \\\"Robije Alije Izetbegovi\u0107a\\\" - TuzlaInfo.ba\",\"isPartOf\":{\"@id\":\"https:\/\/tuzlainfo.ba\/#website\"},\"primaryImageOfPage\":{\"@id\":\"https:\/\/tuzlainfo.ba\/index.php\/novosti\/item\/157702-video-nakon-sarajeva-i-u-tuzli-promovisana-knjiga-robije-alije-izetbegovica\/#primaryimage\"},\"image\":{\"@id\":\"https:\/\/tuzlainfo.ba\/index.php\/novosti\/item\/157702-video-nakon-sarajeva-i-u-tuzli-promovisana-knjiga-robije-alije-izetbegovica\/#primaryimage\"},\"thumbnailUrl\":\"https:\/\/tuzlainfo.ba\/wp-content\/uploads\/2021\/12\/1112_robije_promocija.jpg\",\"datePublished\":\"2021-12-11T10:29:58+00:00\",\"dateModified\":\"2021-12-11T09:21:23+00:00\",\"breadcrumb\":{\"@id\":\"https:\/\/tuzlainfo.ba\/index.php\/novosti\/item\/157702-video-nakon-sarajeva-i-u-tuzli-promovisana-knjiga-robije-alije-izetbegovica\/#breadcrumb\"},\"inLanguage\":\"bs-BA\",\"potentialAction\":[{\"@type\":\"ReadAction\",\"target\":[\"https:\/\/tuzlainfo.ba\/index.php\/novosti\/item\/157702-video-nakon-sarajeva-i-u-tuzli-promovisana-knjiga-robije-alije-izetbegovica\/\"]}]},{\"@type\":\"ImageObject\",\"inLanguage\":\"bs-BA\",\"@id\":\"https:\/\/tuzlainfo.ba\/index.php\/novosti\/item\/157702-video-nakon-sarajeva-i-u-tuzli-promovisana-knjiga-robije-alije-izetbegovica\/#primaryimage\",\"url\":\"https:\/\/tuzlainfo.ba\/wp-content\/uploads\/2021\/12\/1112_robije_promocija.jpg\",\"contentUrl\":\"https:\/\/tuzlainfo.ba\/wp-content\/uploads\/2021\/12\/1112_robije_promocija.jpg\",\"width\":1600,\"height\":778},{\"@type\":\"BreadcrumbList\",\"@id\":\"https:\/\/tuzlainfo.ba\/index.php\/novosti\/item\/157702-video-nakon-sarajeva-i-u-tuzli-promovisana-knjiga-robije-alije-izetbegovica\/#breadcrumb\",\"itemListElement\":[{\"@type\":\"ListItem\",\"position\":1,\"name\":\"Home\",\"item\":\"https:\/\/tuzlainfo.ba\/\"},{\"@type\":\"ListItem\",\"position\":2,\"name\":\"VIDEO \/ Nakon Sarajeva i u Tuzli promovisana knjiga &#8220;Robije Alije Izetbegovi\u0107a&#8221;\"}]},{\"@type\":\"WebSite\",\"@id\":\"https:\/\/tuzlainfo.ba\/#website\",\"url\":\"https:\/\/tuzlainfo.ba\/\",\"name\":\"TuzlaInfo.ba\",\"description\":\"Tuzla info, gradski informator - Tuzla na dlanu\",\"publisher\":{\"@id\":\"https:\/\/tuzlainfo.ba\/#organization\"},\"potentialAction\":[{\"@type\":\"SearchAction\",\"target\":{\"@type\":\"EntryPoint\",\"urlTemplate\":\"https:\/\/tuzlainfo.ba\/?s={search_term_string}\"},\"query-input\":{\"@type\":\"PropertyValueSpecification\",\"valueRequired\":true,\"valueName\":\"search_term_string\"}}],\"inLanguage\":\"bs-BA\"},{\"@type\":\"Organization\",\"@id\":\"https:\/\/tuzlainfo.ba\/#organization\",\"name\":\"TuzlaInfo.ba\",\"url\":\"https:\/\/tuzlainfo.ba\/\",\"logo\":{\"@type\":\"ImageObject\",\"inLanguage\":\"bs-BA\",\"@id\":\"https:\/\/tuzlainfo.ba\/#\/schema\/logo\/image\/\",\"url\":\"https:\/\/tuzlainfo.ba\/wp-content\/uploads\/2021\/03\/logo-ver-3-1.png\",\"contentUrl\":\"https:\/\/tuzlainfo.ba\/wp-content\/uploads\/2021\/03\/logo-ver-3-1.png\",\"width\":350,\"height\":95,\"caption\":\"TuzlaInfo.ba\"},\"image\":{\"@id\":\"https:\/\/tuzlainfo.ba\/#\/schema\/logo\/image\/\"},\"sameAs\":[\"https:\/\/www.facebook.com\/tuzlainfo.ba\/\"]},{\"@type\":\"Person\",\"@id\":\"https:\/\/tuzlainfo.ba\/#\/schema\/person\/f434e20dc27ea133923aab08451b7f7f\",\"name\":\"nedim\",\"image\":{\"@type\":\"ImageObject\",\"inLanguage\":\"bs-BA\",\"@id\":\"https:\/\/tuzlainfo.ba\/#\/schema\/person\/image\/\",\"url\":\"https:\/\/tuzlainfo.ba\/wp-content\/litespeed\/avatar\/aabad687af24844af817603ac1cbdc4f.jpg?ver=1776702173\",\"contentUrl\":\"https:\/\/tuzlainfo.ba\/wp-content\/litespeed\/avatar\/aabad687af24844af817603ac1cbdc4f.jpg?ver=1776702173\",\"caption\":\"nedim\"},\"description\":\"Tuzlainfo.ba pratite na dru\u0161tvenim mre\u017eama: Facebook, Instagram i Youtube. Svoje pri\u010de, upite i fotografije \u0161aljite na na\u0161u e-mail adresu.\"}]}<\/script>\n<!-- \/ Yoast SEO plugin. -->","yoast_head_json":{"title":"VIDEO \/ Nakon Sarajeva i u Tuzli promovisana knjiga \"Robije Alije Izetbegovi\u0107a\" - TuzlaInfo.ba","robots":{"index":"index","follow":"follow","max-snippet":"max-snippet:-1","max-image-preview":"max-image-preview:large","max-video-preview":"max-video-preview:-1"},"canonical":"https:\/\/tuzlainfo.ba\/index.php\/novosti\/item\/157702-video-nakon-sarajeva-i-u-tuzli-promovisana-knjiga-robije-alije-izetbegovica\/","og_locale":"bs_BA","og_type":"article","og_title":"VIDEO \/ Nakon Sarajeva i u Tuzli promovisana knjiga \"Robije Alije Izetbegovi\u0107a\" - TuzlaInfo.ba","og_description":"U organizaciji Kantonalnog odbora Stranke demokratske akcije Tuzlanskog kantona u saradnji sa Fondacijom Alija Izetbegovi\u0107&hellip;","og_url":"https:\/\/tuzlainfo.ba\/index.php\/novosti\/item\/157702-video-nakon-sarajeva-i-u-tuzli-promovisana-knjiga-robije-alije-izetbegovica\/","og_site_name":"TuzlaInfo.ba","article_publisher":"https:\/\/www.facebook.com\/tuzlainfo.ba\/","article_published_time":"2021-12-11T10:29:58+00:00","article_modified_time":"2021-12-11T09:21:23+00:00","og_image":[{"width":1600,"height":778,"url":"https:\/\/tuzlainfo.ba\/wp-content\/uploads\/2021\/12\/1112_robije_promocija.jpg","type":"image\/jpeg"}],"author":"nedim","twitter_card":"summary_large_image","twitter_misc":{"Written by":"nedim","Est. reading time":"2 minute"},"schema":{"@context":"https:\/\/schema.org","@graph":[{"@type":"Article","@id":"https:\/\/tuzlainfo.ba\/index.php\/novosti\/item\/157702-video-nakon-sarajeva-i-u-tuzli-promovisana-knjiga-robije-alije-izetbegovica\/#article","isPartOf":{"@id":"https:\/\/tuzlainfo.ba\/index.php\/novosti\/item\/157702-video-nakon-sarajeva-i-u-tuzli-promovisana-knjiga-robije-alije-izetbegovica\/"},"author":{"name":"nedim","@id":"https:\/\/tuzlainfo.ba\/#\/schema\/person\/f434e20dc27ea133923aab08451b7f7f"},"headline":"VIDEO \/ Nakon Sarajeva i u Tuzli promovisana knjiga &#8220;Robije Alije Izetbegovi\u0107a&#8221;","datePublished":"2021-12-11T10:29:58+00:00","dateModified":"2021-12-11T09:21:23+00:00","mainEntityOfPage":{"@id":"https:\/\/tuzlainfo.ba\/index.php\/novosti\/item\/157702-video-nakon-sarajeva-i-u-tuzli-promovisana-knjiga-robije-alije-izetbegovica\/"},"wordCount":507,"commentCount":0,"publisher":{"@id":"https:\/\/tuzlainfo.ba\/#organization"},"image":{"@id":"https:\/\/tuzlainfo.ba\/index.php\/novosti\/item\/157702-video-nakon-sarajeva-i-u-tuzli-promovisana-knjiga-robije-alije-izetbegovica\/#primaryimage"},"thumbnailUrl":"https:\/\/tuzlainfo.ba\/wp-content\/uploads\/2021\/12\/1112_robije_promocija.jpg","keywords":["alija izetbegovi\u0107","bkc tk","bkc tuzla"],"articleSection":["Istaknuto","Novosti"],"inLanguage":"bs-BA"},{"@type":"WebPage","@id":"https:\/\/tuzlainfo.ba\/index.php\/novosti\/item\/157702-video-nakon-sarajeva-i-u-tuzli-promovisana-knjiga-robije-alije-izetbegovica\/","url":"https:\/\/tuzlainfo.ba\/index.php\/novosti\/item\/157702-video-nakon-sarajeva-i-u-tuzli-promovisana-knjiga-robije-alije-izetbegovica\/","name":"VIDEO \/ Nakon Sarajeva i u Tuzli promovisana knjiga \"Robije Alije Izetbegovi\u0107a\" - TuzlaInfo.ba","isPartOf":{"@id":"https:\/\/tuzlainfo.ba\/#website"},"primaryImageOfPage":{"@id":"https:\/\/tuzlainfo.ba\/index.php\/novosti\/item\/157702-video-nakon-sarajeva-i-u-tuzli-promovisana-knjiga-robije-alije-izetbegovica\/#primaryimage"},"image":{"@id":"https:\/\/tuzlainfo.ba\/index.php\/novosti\/item\/157702-video-nakon-sarajeva-i-u-tuzli-promovisana-knjiga-robije-alije-izetbegovica\/#primaryimage"},"thumbnailUrl":"https:\/\/tuzlainfo.ba\/wp-content\/uploads\/2021\/12\/1112_robije_promocija.jpg","datePublished":"2021-12-11T10:29:58+00:00","dateModified":"2021-12-11T09:21:23+00:00","breadcrumb":{"@id":"https:\/\/tuzlainfo.ba\/index.php\/novosti\/item\/157702-video-nakon-sarajeva-i-u-tuzli-promovisana-knjiga-robije-alije-izetbegovica\/#breadcrumb"},"inLanguage":"bs-BA","potentialAction":[{"@type":"ReadAction","target":["https:\/\/tuzlainfo.ba\/index.php\/novosti\/item\/157702-video-nakon-sarajeva-i-u-tuzli-promovisana-knjiga-robije-alije-izetbegovica\/"]}]},{"@type":"ImageObject","inLanguage":"bs-BA","@id":"https:\/\/tuzlainfo.ba\/index.php\/novosti\/item\/157702-video-nakon-sarajeva-i-u-tuzli-promovisana-knjiga-robije-alije-izetbegovica\/#primaryimage","url":"https:\/\/tuzlainfo.ba\/wp-content\/uploads\/2021\/12\/1112_robije_promocija.jpg","contentUrl":"https:\/\/tuzlainfo.ba\/wp-content\/uploads\/2021\/12\/1112_robije_promocija.jpg","width":1600,"height":778},{"@type":"BreadcrumbList","@id":"https:\/\/tuzlainfo.ba\/index.php\/novosti\/item\/157702-video-nakon-sarajeva-i-u-tuzli-promovisana-knjiga-robije-alije-izetbegovica\/#breadcrumb","itemListElement":[{"@type":"ListItem","position":1,"name":"Home","item":"https:\/\/tuzlainfo.ba\/"},{"@type":"ListItem","position":2,"name":"VIDEO \/ Nakon Sarajeva i u Tuzli promovisana knjiga &#8220;Robije Alije Izetbegovi\u0107a&#8221;"}]},{"@type":"WebSite","@id":"https:\/\/tuzlainfo.ba\/#website","url":"https:\/\/tuzlainfo.ba\/","name":"TuzlaInfo.ba","description":"Tuzla info, gradski informator - Tuzla na dlanu","publisher":{"@id":"https:\/\/tuzlainfo.ba\/#organization"},"potentialAction":[{"@type":"SearchAction","target":{"@type":"EntryPoint","urlTemplate":"https:\/\/tuzlainfo.ba\/?s={search_term_string}"},"query-input":{"@type":"PropertyValueSpecification","valueRequired":true,"valueName":"search_term_string"}}],"inLanguage":"bs-BA"},{"@type":"Organization","@id":"https:\/\/tuzlainfo.ba\/#organization","name":"TuzlaInfo.ba","url":"https:\/\/tuzlainfo.ba\/","logo":{"@type":"ImageObject","inLanguage":"bs-BA","@id":"https:\/\/tuzlainfo.ba\/#\/schema\/logo\/image\/","url":"https:\/\/tuzlainfo.ba\/wp-content\/uploads\/2021\/03\/logo-ver-3-1.png","contentUrl":"https:\/\/tuzlainfo.ba\/wp-content\/uploads\/2021\/03\/logo-ver-3-1.png","width":350,"height":95,"caption":"TuzlaInfo.ba"},"image":{"@id":"https:\/\/tuzlainfo.ba\/#\/schema\/logo\/image\/"},"sameAs":["https:\/\/www.facebook.com\/tuzlainfo.ba\/"]},{"@type":"Person","@id":"https:\/\/tuzlainfo.ba\/#\/schema\/person\/f434e20dc27ea133923aab08451b7f7f","name":"nedim","image":{"@type":"ImageObject","inLanguage":"bs-BA","@id":"https:\/\/tuzlainfo.ba\/#\/schema\/person\/image\/","url":"https:\/\/tuzlainfo.ba\/wp-content\/litespeed\/avatar\/aabad687af24844af817603ac1cbdc4f.jpg?ver=1776702173","contentUrl":"https:\/\/tuzlainfo.ba\/wp-content\/litespeed\/avatar\/aabad687af24844af817603ac1cbdc4f.jpg?ver=1776702173","caption":"nedim"},"description":"Tuzlainfo.ba pratite na dru\u0161tvenim mre\u017eama: Facebook, Instagram i Youtube. Svoje pri\u010de, upite i fotografije \u0161aljite na na\u0161u e-mail adresu."}]}},"_links":{"self":[{"href":"https:\/\/tuzlainfo.ba\/index.php\/wp-json\/wp\/v2\/posts\/157702"}],"collection":[{"href":"https:\/\/tuzlainfo.ba\/index.php\/wp-json\/wp\/v2\/posts"}],"about":[{"href":"https:\/\/tuzlainfo.ba\/index.php\/wp-json\/wp\/v2\/types\/post"}],"author":[{"embeddable":true,"href":"https:\/\/tuzlainfo.ba\/index.php\/wp-json\/wp\/v2\/users\/2"}],"replies":[{"embeddable":true,"href":"https:\/\/tuzlainfo.ba\/index.php\/wp-json\/wp\/v2\/comments?post=157702"}],"version-history":[{"count":0,"href":"https:\/\/tuzlainfo.ba\/index.php\/wp-json\/wp\/v2\/posts\/157702\/revisions"}],"wp:featuredmedia":[{"embeddable":true,"href":"https:\/\/tuzlainfo.ba\/index.php\/wp-json\/wp\/v2\/media\/157703"}],"wp:attachment":[{"href":"https:\/\/tuzlainfo.ba\/index.php\/wp-json\/wp\/v2\/media?parent=157702"}],"wp:term":[{"taxonomy":"category","embeddable":true,"href":"https:\/\/tuzlainfo.ba\/index.php\/wp-json\/wp\/v2\/categories?post=157702"},{"taxonomy":"post_tag","embeddable":true,"href":"https:\/\/tuzlainfo.ba\/index.php\/wp-json\/wp\/v2\/tags?post=157702"}],"curies":[{"name":"wp","href":"https:\/\/api.w.org\/{rel}","templated":true}]}}