{"id":157587,"date":"2021-12-10T18:00:18","date_gmt":"2021-12-10T17:00:18","guid":{"rendered":"https:\/\/tuzlainfo.ba\/?p=157587"},"modified":"2021-12-10T15:31:44","modified_gmt":"2021-12-10T14:31:44","slug":"inicijativa-za-izmjenu-zakona-roditeljima-oboljele-djece-od-raka-u-fbih-dati-duze-bolovanj","status":"publish","type":"post","link":"https:\/\/tuzlainfo.ba\/index.php\/bosna-i-hercegovina\/item\/157587-inicijativa-za-izmjenu-zakona-roditeljima-oboljele-djece-od-raka-u-fbih-dati-duze-bolovanj\/","title":{"rendered":"Inicijativa za izmjenu zakona: Roditeljima djece oboljele od raka u FBiH dati du\u017ee bolovanje"},"content":{"rendered":"<p>Udru\u017eenje \u201cSrce za djecu\u201d pokrenut \u0107e inicijativu za izmjenu Zakona o zdravstvenom osiguranju Federacije BiH s ciljem da roditelji djece oboljele od malignih bolesti na bolovanju mogu biti i du\u017ee od 42 dana, kako je to sad zakonima propisano.<\/p>\n<p>\u201cLije\u010denje djece oboljele od malignih bolesti traje od \u0161est mjeseci pa do godinu dana i smatramo da roditeljima ili starateljima djece treba omogu\u0107iti da na bolovanju budu sve dok se njihovi mali\u0161ani lije\u010de. Nisu rijetki slu\u010dajevi da roditelji ili staratelji djece oboljele od malignih bolesti budu prinu\u0111eni da napuste posao kako bi bili uz djecu tokom lije\u010denja jer bolovanje od 42 dana nije dovoljno\u201c, rekao je Fikret Kubat, predsjednik Udru\u017eenja \u201cSrce za djecu\u201d.<\/p>\n<p>On isti\u010de da je djeci koja se lije\u010de od malignih bolesti neophodna pratnja roditelja ili staratelja tokom cijelog procesa lije\u010denja kako zbog njihovog oslabljenog zdravstvenog stanja, tako i zbog te\u017eine bolesti i lije\u010denja.<\/p>\n<p>On isti\u010de da je djeci koja se lije\u010de od malignih bolesti neophodna pratnja roditelja ili staratelja tokom cijelog procesa lije\u010denja kako zbog njihovog oslabljenog zdravstvenog stanja, tako i zbog te\u017eine bolesti i lije\u010denja.<\/p>\n<p>Ina\u010de, ovo udru\u017eenje jo\u0161 2016. godine podnijelo je inicijativu za izmjenu Zakona o radu, kojim je definisano bolovanje, ali ta inicijativa je odbijena uz obrazlo\u017eenje da je to pitanje potrebno regulisati Zakonom o zdravstvenom osiguranju Federacije BiH, kao \u0161to je slu\u010daj u regionu.<\/p>\n<p>\u201cSada \u0107emo podnijeti inicijativu za izmjenu Zakona o zdravstvenom osiguranju Federacije BiH i vjerujemo da \u0107e od strane vlasti biti razumijevanja i da \u0107e roditelji ili staratelji djece oboljele od malignih bolesti na bolovanju mo\u0107i biti i du\u017ee od 42 dana\u201c, naglasio je Kubat.<\/p>\n<p>&nbsp;<\/p>\n<p>Ina\u010de, Federacija BiH jedina je u regionu koja roditelje ili staratelje djece oboljele od malignih bolesti nije prepoznala kao posebnu kategoriju u smislu bolovanja, a svi dosada\u0161nji poku\u0161aji da se to promijeni nisu urodili plodom. Za razliku od Federacije BiH, u Republici Srpskoj, recimo, Zakonom o zdravstvenom osiguranju i pravilnikom definisano je da roditelj ili staratelj djece oboljele od malignih bolesti ima pravo na bolovanje ukoliko se dijete nalazi na bolni\u010dkom lije\u010denju, pa sve dok traje to lije\u010denje.<\/p>\n<p>\u201cOvo pravo ima jedan od roditelja ili staratelja djeteta koji u bolnici boravi na preporuku ljekara koji je dijete uputio u bolnicu, u skladu s va\u017ee\u0107im propisima. Napominjemo da ovo pravo imaju osiguranici \u010dijem djetetu je odobreno bolni\u010dko lije\u010denje u zdravstvenim ustanovama u Republici Srpskoj, ali i izvan njenih granica. Fond zdravstvenog osiguranja je maksimalno pojednostavio proceduru odobravanja ovog bolovanja pa za odobravanje nije potrebno komisijsko odlu\u010divanje, ve\u0107 samo otpusno pismo iz bolnice za osiguranika \u010dije se dijete nalazi na bolni\u010dkom lije\u010denju\u201c, rekli su nam nedavno u Fondu zdravstvenog osiguranja Republike Srpske.<\/p>\n<p>&nbsp;<\/p>\n<p>Pored ovoga, u Republici Srpskoj roditelji u slu\u010daju te\u0161kog zdravstvenog stanja djeteta do 18 godina, u \u0161ta spadaju i maligne bolesti, imaju pravo na bolovanje do \u010detiri mjeseca u toku kalendarske godine.<\/p>\n<p>\u201cOvo pravo se ostvaruje na prijedlog zdravstvene ustanove tercijarnog nivoa, u kojoj se dijete lije\u010di, ili na prijedlog porodi\u010dnog doktora, a Fond na osnovu toga donosi rje\u0161enje za ovo bolovanje\u201c, rekli su nam u Fondu zdravstvenog osiguranja Republike Srpske.<\/p>\n<p>Kada je rije\u010d o plati, do 30 dana platu ispla\u0107uje poslodavac u rasponu od 70 do 90 odsto u skladu s op\u0161tim aktima poslodavca, nezavisno od toga zbog \u010dega je radnik na bolovanju. Za bolovanje du\u017ee od 30 dana neto platu nadokna\u0111uje Fond zdravstvenog osiguranja Republike Srpske i to 70 odsto neto plate, osim u slu\u010dajevima zaraznih bolesti, kao \u0161to je sada slu\u010daj s koronom, te bolovanja prouzrokovanog transplantacijom, kada se nadoknadi 90 posto neto plate.<\/p>\n<p>&nbsp;<\/p>\n","protected":false},"excerpt":{"rendered":"<p>Udru\u017eenje \u201cSrce za djecu\u201d pokrenut \u0107e inicijativu za izmjenu Zakona o zdravstvenom osiguranju Federacije BiH&hellip;<\/p>\n","protected":false},"author":4,"featured_media":141323,"comment_status":"open","ping_status":"closed","sticky":false,"template":"","format":"standard","meta":{"_acf_changed":false,"footnotes":""},"categories":[291,304],"tags":[3623,1237,2374],"acf":[],"yoast_head":"<!-- This site is optimized with the Yoast SEO plugin v23.5 - https:\/\/yoast.com\/wordpress\/plugins\/seo\/ -->\n<title>Inicijativa za izmjenu zakona: Roditeljima djece oboljele od raka u FBiH dati du\u017ee bolovanje - TuzlaInfo.ba<\/title>\n<meta name=\"robots\" content=\"index, follow, max-snippet:-1, max-image-preview:large, max-video-preview:-1\" \/>\n<link rel=\"canonical\" href=\"https:\/\/tuzlainfo.ba\/index.php\/bosna-i-hercegovina\/item\/157587-inicijativa-za-izmjenu-zakona-roditeljima-oboljele-djece-od-raka-u-fbih-dati-duze-bolovanj\/\" \/>\n<meta property=\"og:locale\" content=\"bs_BA\" \/>\n<meta property=\"og:type\" content=\"article\" \/>\n<meta property=\"og:title\" content=\"Inicijativa za izmjenu zakona: Roditeljima djece oboljele od raka u FBiH dati du\u017ee bolovanje - TuzlaInfo.ba\" \/>\n<meta property=\"og:description\" content=\"Udru\u017eenje \u201cSrce za djecu\u201d pokrenut \u0107e inicijativu za izmjenu Zakona o zdravstvenom osiguranju Federacije BiH&hellip;\" \/>\n<meta property=\"og:url\" content=\"https:\/\/tuzlainfo.ba\/index.php\/bosna-i-hercegovina\/item\/157587-inicijativa-za-izmjenu-zakona-roditeljima-oboljele-djece-od-raka-u-fbih-dati-duze-bolovanj\/\" \/>\n<meta property=\"og:site_name\" content=\"TuzlaInfo.ba\" \/>\n<meta property=\"article:publisher\" content=\"https:\/\/www.facebook.com\/tuzlainfo.ba\/\" \/>\n<meta property=\"article:published_time\" content=\"2021-12-10T17:00:18+00:00\" \/>\n<meta property=\"article:modified_time\" content=\"2021-12-10T14:31:44+00:00\" \/>\n<meta property=\"og:image\" content=\"https:\/\/tuzlainfo.ba\/wp-content\/uploads\/2021\/07\/0807_roditelj_dijete.jpeg\" \/>\n\t<meta property=\"og:image:width\" content=\"1880\" \/>\n\t<meta property=\"og:image:height\" content=\"1253\" \/>\n\t<meta property=\"og:image:type\" content=\"image\/jpeg\" \/>\n<meta name=\"author\" content=\"Tuzla Info\" \/>\n<meta name=\"twitter:card\" content=\"summary_large_image\" \/>\n<meta name=\"twitter:label1\" content=\"Written by\" \/>\n\t<meta name=\"twitter:data1\" content=\"Tuzla Info\" \/>\n\t<meta name=\"twitter:label2\" content=\"Est. reading time\" \/>\n\t<meta name=\"twitter:data2\" content=\"3 minute\" \/>\n<script type=\"application\/ld+json\" class=\"yoast-schema-graph\">{\"@context\":\"https:\/\/schema.org\",\"@graph\":[{\"@type\":\"Article\",\"@id\":\"https:\/\/tuzlainfo.ba\/index.php\/bosna-i-hercegovina\/item\/157587-inicijativa-za-izmjenu-zakona-roditeljima-oboljele-djece-od-raka-u-fbih-dati-duze-bolovanj\/#article\",\"isPartOf\":{\"@id\":\"https:\/\/tuzlainfo.ba\/index.php\/bosna-i-hercegovina\/item\/157587-inicijativa-za-izmjenu-zakona-roditeljima-oboljele-djece-od-raka-u-fbih-dati-duze-bolovanj\/\"},\"author\":{\"name\":\"Tuzla Info\",\"@id\":\"https:\/\/tuzlainfo.ba\/#\/schema\/person\/46cad4c57790cbc50781edd14870825a\"},\"headline\":\"Inicijativa za izmjenu zakona: Roditeljima djece oboljele od raka u FBiH dati du\u017ee bolovanje\",\"datePublished\":\"2021-12-10T17:00:18+00:00\",\"dateModified\":\"2021-12-10T14:31:44+00:00\",\"mainEntityOfPage\":{\"@id\":\"https:\/\/tuzlainfo.ba\/index.php\/bosna-i-hercegovina\/item\/157587-inicijativa-za-izmjenu-zakona-roditeljima-oboljele-djece-od-raka-u-fbih-dati-duze-bolovanj\/\"},\"wordCount\":639,\"commentCount\":0,\"publisher\":{\"@id\":\"https:\/\/tuzlainfo.ba\/#organization\"},\"image\":{\"@id\":\"https:\/\/tuzlainfo.ba\/index.php\/bosna-i-hercegovina\/item\/157587-inicijativa-za-izmjenu-zakona-roditeljima-oboljele-djece-od-raka-u-fbih-dati-duze-bolovanj\/#primaryimage\"},\"thumbnailUrl\":\"https:\/\/tuzlainfo.ba\/wp-content\/uploads\/2021\/07\/0807_roditelj_dijete.jpeg\",\"keywords\":[\"Bolovanje\",\"inicijativa\",\"srce za djecu oboljelu od raka\"],\"articleSection\":[\"Bosna i Hercegovina\",\"Istaknuto\"],\"inLanguage\":\"bs-BA\"},{\"@type\":\"WebPage\",\"@id\":\"https:\/\/tuzlainfo.ba\/index.php\/bosna-i-hercegovina\/item\/157587-inicijativa-za-izmjenu-zakona-roditeljima-oboljele-djece-od-raka-u-fbih-dati-duze-bolovanj\/\",\"url\":\"https:\/\/tuzlainfo.ba\/index.php\/bosna-i-hercegovina\/item\/157587-inicijativa-za-izmjenu-zakona-roditeljima-oboljele-djece-od-raka-u-fbih-dati-duze-bolovanj\/\",\"name\":\"Inicijativa za izmjenu zakona: Roditeljima djece oboljele od raka u FBiH dati du\u017ee bolovanje - TuzlaInfo.ba\",\"isPartOf\":{\"@id\":\"https:\/\/tuzlainfo.ba\/#website\"},\"primaryImageOfPage\":{\"@id\":\"https:\/\/tuzlainfo.ba\/index.php\/bosna-i-hercegovina\/item\/157587-inicijativa-za-izmjenu-zakona-roditeljima-oboljele-djece-od-raka-u-fbih-dati-duze-bolovanj\/#primaryimage\"},\"image\":{\"@id\":\"https:\/\/tuzlainfo.ba\/index.php\/bosna-i-hercegovina\/item\/157587-inicijativa-za-izmjenu-zakona-roditeljima-oboljele-djece-od-raka-u-fbih-dati-duze-bolovanj\/#primaryimage\"},\"thumbnailUrl\":\"https:\/\/tuzlainfo.ba\/wp-content\/uploads\/2021\/07\/0807_roditelj_dijete.jpeg\",\"datePublished\":\"2021-12-10T17:00:18+00:00\",\"dateModified\":\"2021-12-10T14:31:44+00:00\",\"breadcrumb\":{\"@id\":\"https:\/\/tuzlainfo.ba\/index.php\/bosna-i-hercegovina\/item\/157587-inicijativa-za-izmjenu-zakona-roditeljima-oboljele-djece-od-raka-u-fbih-dati-duze-bolovanj\/#breadcrumb\"},\"inLanguage\":\"bs-BA\",\"potentialAction\":[{\"@type\":\"ReadAction\",\"target\":[\"https:\/\/tuzlainfo.ba\/index.php\/bosna-i-hercegovina\/item\/157587-inicijativa-za-izmjenu-zakona-roditeljima-oboljele-djece-od-raka-u-fbih-dati-duze-bolovanj\/\"]}]},{\"@type\":\"ImageObject\",\"inLanguage\":\"bs-BA\",\"@id\":\"https:\/\/tuzlainfo.ba\/index.php\/bosna-i-hercegovina\/item\/157587-inicijativa-za-izmjenu-zakona-roditeljima-oboljele-djece-od-raka-u-fbih-dati-duze-bolovanj\/#primaryimage\",\"url\":\"https:\/\/tuzlainfo.ba\/wp-content\/uploads\/2021\/07\/0807_roditelj_dijete.jpeg\",\"contentUrl\":\"https:\/\/tuzlainfo.ba\/wp-content\/uploads\/2021\/07\/0807_roditelj_dijete.jpeg\",\"width\":1880,\"height\":1253},{\"@type\":\"BreadcrumbList\",\"@id\":\"https:\/\/tuzlainfo.ba\/index.php\/bosna-i-hercegovina\/item\/157587-inicijativa-za-izmjenu-zakona-roditeljima-oboljele-djece-od-raka-u-fbih-dati-duze-bolovanj\/#breadcrumb\",\"itemListElement\":[{\"@type\":\"ListItem\",\"position\":1,\"name\":\"Home\",\"item\":\"https:\/\/tuzlainfo.ba\/\"},{\"@type\":\"ListItem\",\"position\":2,\"name\":\"Inicijativa za izmjenu zakona: Roditeljima djece oboljele od raka u FBiH dati du\u017ee bolovanje\"}]},{\"@type\":\"WebSite\",\"@id\":\"https:\/\/tuzlainfo.ba\/#website\",\"url\":\"https:\/\/tuzlainfo.ba\/\",\"name\":\"TuzlaInfo.ba\",\"description\":\"Tuzla info, gradski informator - Tuzla na dlanu\",\"publisher\":{\"@id\":\"https:\/\/tuzlainfo.ba\/#organization\"},\"potentialAction\":[{\"@type\":\"SearchAction\",\"target\":{\"@type\":\"EntryPoint\",\"urlTemplate\":\"https:\/\/tuzlainfo.ba\/?s={search_term_string}\"},\"query-input\":{\"@type\":\"PropertyValueSpecification\",\"valueRequired\":true,\"valueName\":\"search_term_string\"}}],\"inLanguage\":\"bs-BA\"},{\"@type\":\"Organization\",\"@id\":\"https:\/\/tuzlainfo.ba\/#organization\",\"name\":\"TuzlaInfo.ba\",\"url\":\"https:\/\/tuzlainfo.ba\/\",\"logo\":{\"@type\":\"ImageObject\",\"inLanguage\":\"bs-BA\",\"@id\":\"https:\/\/tuzlainfo.ba\/#\/schema\/logo\/image\/\",\"url\":\"https:\/\/tuzlainfo.ba\/wp-content\/uploads\/2021\/03\/logo-ver-3-1.png\",\"contentUrl\":\"https:\/\/tuzlainfo.ba\/wp-content\/uploads\/2021\/03\/logo-ver-3-1.png\",\"width\":350,\"height\":95,\"caption\":\"TuzlaInfo.ba\"},\"image\":{\"@id\":\"https:\/\/tuzlainfo.ba\/#\/schema\/logo\/image\/\"},\"sameAs\":[\"https:\/\/www.facebook.com\/tuzlainfo.ba\/\"]},{\"@type\":\"Person\",\"@id\":\"https:\/\/tuzlainfo.ba\/#\/schema\/person\/46cad4c57790cbc50781edd14870825a\",\"name\":\"Tuzla Info\",\"image\":{\"@type\":\"ImageObject\",\"inLanguage\":\"bs-BA\",\"@id\":\"https:\/\/tuzlainfo.ba\/#\/schema\/person\/image\/\",\"url\":\"https:\/\/tuzlainfo.ba\/wp-content\/litespeed\/avatar\/b6c453a6c38e3654f2e4416c643fc25c.jpg?ver=1777051911\",\"contentUrl\":\"https:\/\/tuzlainfo.ba\/wp-content\/litespeed\/avatar\/b6c453a6c38e3654f2e4416c643fc25c.jpg?ver=1777051911\",\"caption\":\"Tuzla Info\"}}]}<\/script>\n<!-- \/ Yoast SEO plugin. -->","yoast_head_json":{"title":"Inicijativa za izmjenu zakona: Roditeljima djece oboljele od raka u FBiH dati du\u017ee bolovanje - TuzlaInfo.ba","robots":{"index":"index","follow":"follow","max-snippet":"max-snippet:-1","max-image-preview":"max-image-preview:large","max-video-preview":"max-video-preview:-1"},"canonical":"https:\/\/tuzlainfo.ba\/index.php\/bosna-i-hercegovina\/item\/157587-inicijativa-za-izmjenu-zakona-roditeljima-oboljele-djece-od-raka-u-fbih-dati-duze-bolovanj\/","og_locale":"bs_BA","og_type":"article","og_title":"Inicijativa za izmjenu zakona: Roditeljima djece oboljele od raka u FBiH dati du\u017ee bolovanje - TuzlaInfo.ba","og_description":"Udru\u017eenje \u201cSrce za djecu\u201d pokrenut \u0107e inicijativu za izmjenu Zakona o zdravstvenom osiguranju Federacije BiH&hellip;","og_url":"https:\/\/tuzlainfo.ba\/index.php\/bosna-i-hercegovina\/item\/157587-inicijativa-za-izmjenu-zakona-roditeljima-oboljele-djece-od-raka-u-fbih-dati-duze-bolovanj\/","og_site_name":"TuzlaInfo.ba","article_publisher":"https:\/\/www.facebook.com\/tuzlainfo.ba\/","article_published_time":"2021-12-10T17:00:18+00:00","article_modified_time":"2021-12-10T14:31:44+00:00","og_image":[{"width":1880,"height":1253,"url":"https:\/\/tuzlainfo.ba\/wp-content\/uploads\/2021\/07\/0807_roditelj_dijete.jpeg","type":"image\/jpeg"}],"author":"Tuzla Info","twitter_card":"summary_large_image","twitter_misc":{"Written by":"Tuzla Info","Est. reading time":"3 minute"},"schema":{"@context":"https:\/\/schema.org","@graph":[{"@type":"Article","@id":"https:\/\/tuzlainfo.ba\/index.php\/bosna-i-hercegovina\/item\/157587-inicijativa-za-izmjenu-zakona-roditeljima-oboljele-djece-od-raka-u-fbih-dati-duze-bolovanj\/#article","isPartOf":{"@id":"https:\/\/tuzlainfo.ba\/index.php\/bosna-i-hercegovina\/item\/157587-inicijativa-za-izmjenu-zakona-roditeljima-oboljele-djece-od-raka-u-fbih-dati-duze-bolovanj\/"},"author":{"name":"Tuzla Info","@id":"https:\/\/tuzlainfo.ba\/#\/schema\/person\/46cad4c57790cbc50781edd14870825a"},"headline":"Inicijativa za izmjenu zakona: Roditeljima djece oboljele od raka u FBiH dati du\u017ee bolovanje","datePublished":"2021-12-10T17:00:18+00:00","dateModified":"2021-12-10T14:31:44+00:00","mainEntityOfPage":{"@id":"https:\/\/tuzlainfo.ba\/index.php\/bosna-i-hercegovina\/item\/157587-inicijativa-za-izmjenu-zakona-roditeljima-oboljele-djece-od-raka-u-fbih-dati-duze-bolovanj\/"},"wordCount":639,"commentCount":0,"publisher":{"@id":"https:\/\/tuzlainfo.ba\/#organization"},"image":{"@id":"https:\/\/tuzlainfo.ba\/index.php\/bosna-i-hercegovina\/item\/157587-inicijativa-za-izmjenu-zakona-roditeljima-oboljele-djece-od-raka-u-fbih-dati-duze-bolovanj\/#primaryimage"},"thumbnailUrl":"https:\/\/tuzlainfo.ba\/wp-content\/uploads\/2021\/07\/0807_roditelj_dijete.jpeg","keywords":["Bolovanje","inicijativa","srce za djecu oboljelu od raka"],"articleSection":["Bosna i Hercegovina","Istaknuto"],"inLanguage":"bs-BA"},{"@type":"WebPage","@id":"https:\/\/tuzlainfo.ba\/index.php\/bosna-i-hercegovina\/item\/157587-inicijativa-za-izmjenu-zakona-roditeljima-oboljele-djece-od-raka-u-fbih-dati-duze-bolovanj\/","url":"https:\/\/tuzlainfo.ba\/index.php\/bosna-i-hercegovina\/item\/157587-inicijativa-za-izmjenu-zakona-roditeljima-oboljele-djece-od-raka-u-fbih-dati-duze-bolovanj\/","name":"Inicijativa za izmjenu zakona: Roditeljima djece oboljele od raka u FBiH dati du\u017ee bolovanje - TuzlaInfo.ba","isPartOf":{"@id":"https:\/\/tuzlainfo.ba\/#website"},"primaryImageOfPage":{"@id":"https:\/\/tuzlainfo.ba\/index.php\/bosna-i-hercegovina\/item\/157587-inicijativa-za-izmjenu-zakona-roditeljima-oboljele-djece-od-raka-u-fbih-dati-duze-bolovanj\/#primaryimage"},"image":{"@id":"https:\/\/tuzlainfo.ba\/index.php\/bosna-i-hercegovina\/item\/157587-inicijativa-za-izmjenu-zakona-roditeljima-oboljele-djece-od-raka-u-fbih-dati-duze-bolovanj\/#primaryimage"},"thumbnailUrl":"https:\/\/tuzlainfo.ba\/wp-content\/uploads\/2021\/07\/0807_roditelj_dijete.jpeg","datePublished":"2021-12-10T17:00:18+00:00","dateModified":"2021-12-10T14:31:44+00:00","breadcrumb":{"@id":"https:\/\/tuzlainfo.ba\/index.php\/bosna-i-hercegovina\/item\/157587-inicijativa-za-izmjenu-zakona-roditeljima-oboljele-djece-od-raka-u-fbih-dati-duze-bolovanj\/#breadcrumb"},"inLanguage":"bs-BA","potentialAction":[{"@type":"ReadAction","target":["https:\/\/tuzlainfo.ba\/index.php\/bosna-i-hercegovina\/item\/157587-inicijativa-za-izmjenu-zakona-roditeljima-oboljele-djece-od-raka-u-fbih-dati-duze-bolovanj\/"]}]},{"@type":"ImageObject","inLanguage":"bs-BA","@id":"https:\/\/tuzlainfo.ba\/index.php\/bosna-i-hercegovina\/item\/157587-inicijativa-za-izmjenu-zakona-roditeljima-oboljele-djece-od-raka-u-fbih-dati-duze-bolovanj\/#primaryimage","url":"https:\/\/tuzlainfo.ba\/wp-content\/uploads\/2021\/07\/0807_roditelj_dijete.jpeg","contentUrl":"https:\/\/tuzlainfo.ba\/wp-content\/uploads\/2021\/07\/0807_roditelj_dijete.jpeg","width":1880,"height":1253},{"@type":"BreadcrumbList","@id":"https:\/\/tuzlainfo.ba\/index.php\/bosna-i-hercegovina\/item\/157587-inicijativa-za-izmjenu-zakona-roditeljima-oboljele-djece-od-raka-u-fbih-dati-duze-bolovanj\/#breadcrumb","itemListElement":[{"@type":"ListItem","position":1,"name":"Home","item":"https:\/\/tuzlainfo.ba\/"},{"@type":"ListItem","position":2,"name":"Inicijativa za izmjenu zakona: Roditeljima djece oboljele od raka u FBiH dati du\u017ee bolovanje"}]},{"@type":"WebSite","@id":"https:\/\/tuzlainfo.ba\/#website","url":"https:\/\/tuzlainfo.ba\/","name":"TuzlaInfo.ba","description":"Tuzla info, gradski informator - Tuzla na dlanu","publisher":{"@id":"https:\/\/tuzlainfo.ba\/#organization"},"potentialAction":[{"@type":"SearchAction","target":{"@type":"EntryPoint","urlTemplate":"https:\/\/tuzlainfo.ba\/?s={search_term_string}"},"query-input":{"@type":"PropertyValueSpecification","valueRequired":true,"valueName":"search_term_string"}}],"inLanguage":"bs-BA"},{"@type":"Organization","@id":"https:\/\/tuzlainfo.ba\/#organization","name":"TuzlaInfo.ba","url":"https:\/\/tuzlainfo.ba\/","logo":{"@type":"ImageObject","inLanguage":"bs-BA","@id":"https:\/\/tuzlainfo.ba\/#\/schema\/logo\/image\/","url":"https:\/\/tuzlainfo.ba\/wp-content\/uploads\/2021\/03\/logo-ver-3-1.png","contentUrl":"https:\/\/tuzlainfo.ba\/wp-content\/uploads\/2021\/03\/logo-ver-3-1.png","width":350,"height":95,"caption":"TuzlaInfo.ba"},"image":{"@id":"https:\/\/tuzlainfo.ba\/#\/schema\/logo\/image\/"},"sameAs":["https:\/\/www.facebook.com\/tuzlainfo.ba\/"]},{"@type":"Person","@id":"https:\/\/tuzlainfo.ba\/#\/schema\/person\/46cad4c57790cbc50781edd14870825a","name":"Tuzla Info","image":{"@type":"ImageObject","inLanguage":"bs-BA","@id":"https:\/\/tuzlainfo.ba\/#\/schema\/person\/image\/","url":"https:\/\/tuzlainfo.ba\/wp-content\/litespeed\/avatar\/b6c453a6c38e3654f2e4416c643fc25c.jpg?ver=1777051911","contentUrl":"https:\/\/tuzlainfo.ba\/wp-content\/litespeed\/avatar\/b6c453a6c38e3654f2e4416c643fc25c.jpg?ver=1777051911","caption":"Tuzla Info"}}]}},"_links":{"self":[{"href":"https:\/\/tuzlainfo.ba\/index.php\/wp-json\/wp\/v2\/posts\/157587"}],"collection":[{"href":"https:\/\/tuzlainfo.ba\/index.php\/wp-json\/wp\/v2\/posts"}],"about":[{"href":"https:\/\/tuzlainfo.ba\/index.php\/wp-json\/wp\/v2\/types\/post"}],"author":[{"embeddable":true,"href":"https:\/\/tuzlainfo.ba\/index.php\/wp-json\/wp\/v2\/users\/4"}],"replies":[{"embeddable":true,"href":"https:\/\/tuzlainfo.ba\/index.php\/wp-json\/wp\/v2\/comments?post=157587"}],"version-history":[{"count":0,"href":"https:\/\/tuzlainfo.ba\/index.php\/wp-json\/wp\/v2\/posts\/157587\/revisions"}],"wp:featuredmedia":[{"embeddable":true,"href":"https:\/\/tuzlainfo.ba\/index.php\/wp-json\/wp\/v2\/media\/141323"}],"wp:attachment":[{"href":"https:\/\/tuzlainfo.ba\/index.php\/wp-json\/wp\/v2\/media?parent=157587"}],"wp:term":[{"taxonomy":"category","embeddable":true,"href":"https:\/\/tuzlainfo.ba\/index.php\/wp-json\/wp\/v2\/categories?post=157587"},{"taxonomy":"post_tag","embeddable":true,"href":"https:\/\/tuzlainfo.ba\/index.php\/wp-json\/wp\/v2\/tags?post=157587"}],"curies":[{"name":"wp","href":"https:\/\/api.w.org\/{rel}","templated":true}]}}