{"id":15746,"date":"2019-03-07T09:50:32","date_gmt":"2019-03-07T09:50:32","guid":{"rendered":"https:\/\/v2.tuzlainfo.ba\/2019\/03\/07\/promovisana-monografija-tuzlanskih-vakufa-ii-knjiga\/"},"modified":"2021-03-23T08:49:21","modified_gmt":"2021-03-23T08:49:21","slug":"promovisana-monografija-tuzlanskih-vakufa-ii-knjiga","status":"publish","type":"post","link":"https:\/\/tuzlainfo.ba\/index.php\/novosti\/item\/15746-promovisana-monografija-tuzlanskih-vakufa-ii-knjiga\/","title":{"rendered":"Promovisana Monografija tuzlanskih vakufa &#8211; II knjiga"},"content":{"rendered":"<p>Med\u017elis Islamske zajednice Tuzla uprili\u010dio je u srijedu, 06. marta u Kulturno-obrazovnom centru Tu\u0161anj-Slatina promociju Monogarafije tuzlanskih vakufa &#8211; II knjiga, autora mr. Elmedina Avdiba\u0161i\u0107a i mr. D\u017eenana Rahmanovi\u0107a.<\/p>\n<p>O Monografiji su govorili dr. sc. Senaid Zajimovi\u0107, dr. sc. Midhat Spahi\u0107 i Hasan Spahi\u0107, prof.<\/p>\n<p>Promociji su prisustvovali muftija tuzlanski Vahid-ef. Fazlovi\u0107, predsjednik Med\u017elisa prof. dr. Amir Kari\u0107, glavni tuzlanski imam hafiz Ahmed-ef. Huskanovi\u0107, direktori instiucija Islamske zajednice i Grada Tuzla, tuzlanski imami, d\u017eematlije, vakifi i gosti.<\/p>\n<p>Prigodnim rije\u010dima i \u010destitkama obratili su se muftija Vahid-ef. Fazlovi\u0107, kao i predsjednik prof. dr. Amir Kari\u0107 isti\u010du\u0107i zna\u010daj promovisane Monografije.<\/p>\n<p>Tokom promocije istaknuto je da druga knjiga Monografija tuzlanskih vakufa sadr\u017ei katastarske, historijske, geografske i druge zna\u010dajne podatke o vakufskim nekretninama u prigradskim katastarskim op\u0107inama. Ovaj sveobuhvatan prikaz prati vakufe kroz razli\u010dite dru\u0161tveno-ekonomske sisteme u periodu vladavine Austro-Ugarske monarhije, Kraljevine SHS, Jugoslavije do dana\u0161njeg vremena. Pomenuti sistemi razli\u010dito su se odnosili prema vakufu, ali je zajedni\u010dki cilj svima bio oduzimanje i slabljenje vakufa i njihovo prisvajanje.<\/p>\n<p>Podaci izne\u0161eni u ovoj Monografiji ukazuju na zna\u010dajne aktivnosti na obnovi i revitalizaciji vakufa u prigradskim podru\u010djima Tuzle.&nbsp;Monografija donosi i zanimljive podatke o \u017eivotu, vjerskim objektima i upravljanju vakufima u prigradskim podru\u010djima koje su autori prikupili prelistavaju\u0107i neobra\u0111enu arhivsku gra\u0111u staru 100 i vi\u0161e godina, a ve\u0107ina ovih podataka \u0107e se ovom prilikom prvi puta objaviti.<\/p>\n<p>Ovdje je vrijedno spomenuti jednu od rijetkih originalno sa\u010duvanih vakufnama koja je izdata Ibrahimu Ponjavi\u0107u iz D\u017eindi\u0107-mahale. Ova vakufnama dosada nije bila objavljena, niti poznata me\u0111u tuzlanskim vakufnamama.<\/p>\n<p>Monografija je oboga\u0107ena objavljivanjem vakufname Tahira-hanume Tuzli\u0107 iz koje se mo\u017ee vidjeti ne samo da su \u017eene vakufile, nego da su bile veoma \u0161kolovane za svoje vrijeme, \u0161to se vidi iz sadr\u017eaja vakufname kojim je odre\u0111ena svrha vakufa, a koji kao da je sa\u010dinjen za potrebe dana\u0161njeg vremena.<\/p>\n<p>Jedna od prepoznatljivih odlika rukopisa Monografije ogleda se u tome \u0161to je na realan na\u010din prikazao pravo stanje vakufa na podru\u010dju Med\u017elisa Islamske zajednice Tuzla, od vremena njihovog osnivanja sve do danas.<\/p>\n<p>Monografija obiluje mnogobrojnim i raznovrsni podacima, prije svega sadr\u017ei dragocjene vijesti o objektima koji su ulazili u sastav vakufa kao \u0161to su d\u017eamije, mesd\u017eidi, mektebi, turbeta, zatim o mezarjima, dovi\u0161tima, broju djece u mektebima, mualimima, mutevelijama, strukturi vakufa, poslovanju vakufa i visini prihoda.<\/p>\n<p>Izdava\u010di Monografije su Med\u017elis Islamske zajednice Tuzla i Vakufska direkcija Sarajevo. Stru\u010dni saradnici koji su dali zna\u010daja doprinos u pripremi Monografije su mr. Kemal Nurki\u0107 i \u0160emso Kadri\u0107 ing. geod. Dizajn i tehni\u010dko ure\u0111enje potpisuje Eldin Mehmedovi\u0107.<\/p>\n<p>Ranije, 2017. godine izdata je prva Monografija tuzlanskih vakufa u kojoj su prikupljeni i obra\u0111eni podaci o vakufima na podru\u010dju katastarskih op\u0107ina: Tuzla I, Tuzla II, Tuzla III i Tuzla IV, vakufi koji se nalaze u gradskoj zoni. U narednom periodu planirano je izdvanje tre\u0107e edicije o tuzlanskim vakufima.<\/p>\n<p>Tokom promocije prikazan je i kratki dokumentarni film &#8220;Tuzla-grad vakufa&#8221; autora Eldina Mehmedovi\u0107a.&nbsp;<\/p>\n<p>Vi\u0161e fotografija u&nbsp;<strong><a href=\"https:\/\/www.facebook.com\/medzlistuzla\/photos\/ms.c.eJw9zsENwEAIA8GOIgw~_DP03Fh0R~_Y4sFriToQMYyxQPBipMAjNtARhQL3h8Cy0cH4haYA8QC6kB~;ysqGNXMhdJNuTbbsAFupU~;eGye4oJzvCi9Nhyj4.bps.a.426845437473955\/1224437511048073\/?type=3&amp;theater\">galeriji<\/a><\/strong>.<\/p>\n<p><strong>(Tuzlainfo.ba\/medzlistuzla.ba)<\/strong><\/p>\n","protected":false},"excerpt":{"rendered":"<p>Med\u017elis Islamske zajednice Tuzla uprili\u010dio je u srijedu, 06. marta u Kulturno-obrazovnom centru Tu\u0161anj-Slatina promociju&hellip;<\/p>\n","protected":false},"author":2,"featured_media":68282,"comment_status":"open","ping_status":"closed","sticky":false,"template":"","format":"standard","meta":{"_acf_changed":false,"footnotes":""},"categories":[12],"tags":[],"acf":[],"yoast_head":"<!-- This site is optimized with the Yoast SEO plugin v23.5 - https:\/\/yoast.com\/wordpress\/plugins\/seo\/ -->\n<title>Promovisana Monografija tuzlanskih vakufa - II knjiga - TuzlaInfo.ba<\/title>\n<meta name=\"robots\" content=\"index, follow, max-snippet:-1, max-image-preview:large, max-video-preview:-1\" \/>\n<link rel=\"canonical\" href=\"https:\/\/tuzlainfo.ba\/index.php\/novosti\/item\/15746-promovisana-monografija-tuzlanskih-vakufa-ii-knjiga\/\" \/>\n<meta property=\"og:locale\" content=\"bs_BA\" \/>\n<meta property=\"og:type\" content=\"article\" \/>\n<meta property=\"og:title\" content=\"Promovisana Monografija tuzlanskih vakufa - II knjiga - TuzlaInfo.ba\" \/>\n<meta property=\"og:description\" content=\"Med\u017elis Islamske zajednice Tuzla uprili\u010dio je u srijedu, 06. marta u Kulturno-obrazovnom centru Tu\u0161anj-Slatina promociju&hellip;\" \/>\n<meta property=\"og:url\" content=\"https:\/\/tuzlainfo.ba\/index.php\/novosti\/item\/15746-promovisana-monografija-tuzlanskih-vakufa-ii-knjiga\/\" \/>\n<meta property=\"og:site_name\" content=\"TuzlaInfo.ba\" \/>\n<meta property=\"article:publisher\" content=\"https:\/\/www.facebook.com\/tuzlainfo.ba\/\" \/>\n<meta property=\"article:published_time\" content=\"2019-03-07T09:50:32+00:00\" \/>\n<meta property=\"article:modified_time\" content=\"2021-03-23T08:49:21+00:00\" \/>\n<meta property=\"og:image\" content=\"https:\/\/tuzlainfo.ba\/wp-content\/uploads\/2019\/03\/k2_items_src_54c574750cf43b278bd2b2f52fdc385a.jpg\" \/>\n\t<meta property=\"og:image:width\" content=\"770\" \/>\n\t<meta property=\"og:image:height\" content=\"513\" \/>\n\t<meta property=\"og:image:type\" content=\"image\/jpeg\" \/>\n<meta name=\"author\" content=\"nedim\" \/>\n<meta name=\"twitter:card\" content=\"summary_large_image\" \/>\n<meta name=\"twitter:label1\" content=\"Written by\" \/>\n\t<meta name=\"twitter:data1\" content=\"nedim\" \/>\n\t<meta name=\"twitter:label2\" content=\"Est. reading time\" \/>\n\t<meta name=\"twitter:data2\" content=\"3 minute\" \/>\n<script type=\"application\/ld+json\" class=\"yoast-schema-graph\">{\"@context\":\"https:\/\/schema.org\",\"@graph\":[{\"@type\":\"Article\",\"@id\":\"https:\/\/tuzlainfo.ba\/index.php\/novosti\/item\/15746-promovisana-monografija-tuzlanskih-vakufa-ii-knjiga\/#article\",\"isPartOf\":{\"@id\":\"https:\/\/tuzlainfo.ba\/index.php\/novosti\/item\/15746-promovisana-monografija-tuzlanskih-vakufa-ii-knjiga\/\"},\"author\":{\"name\":\"nedim\",\"@id\":\"https:\/\/tuzlainfo.ba\/#\/schema\/person\/f434e20dc27ea133923aab08451b7f7f\"},\"headline\":\"Promovisana Monografija tuzlanskih vakufa &#8211; II knjiga\",\"datePublished\":\"2019-03-07T09:50:32+00:00\",\"dateModified\":\"2021-03-23T08:49:21+00:00\",\"mainEntityOfPage\":{\"@id\":\"https:\/\/tuzlainfo.ba\/index.php\/novosti\/item\/15746-promovisana-monografija-tuzlanskih-vakufa-ii-knjiga\/\"},\"wordCount\":546,\"commentCount\":0,\"publisher\":{\"@id\":\"https:\/\/tuzlainfo.ba\/#organization\"},\"image\":{\"@id\":\"https:\/\/tuzlainfo.ba\/index.php\/novosti\/item\/15746-promovisana-monografija-tuzlanskih-vakufa-ii-knjiga\/#primaryimage\"},\"thumbnailUrl\":\"https:\/\/tuzlainfo.ba\/wp-content\/uploads\/2019\/03\/k2_items_src_54c574750cf43b278bd2b2f52fdc385a.jpg\",\"articleSection\":[\"Novosti\"],\"inLanguage\":\"bs-BA\"},{\"@type\":\"WebPage\",\"@id\":\"https:\/\/tuzlainfo.ba\/index.php\/novosti\/item\/15746-promovisana-monografija-tuzlanskih-vakufa-ii-knjiga\/\",\"url\":\"https:\/\/tuzlainfo.ba\/index.php\/novosti\/item\/15746-promovisana-monografija-tuzlanskih-vakufa-ii-knjiga\/\",\"name\":\"Promovisana Monografija tuzlanskih vakufa - II knjiga - TuzlaInfo.ba\",\"isPartOf\":{\"@id\":\"https:\/\/tuzlainfo.ba\/#website\"},\"primaryImageOfPage\":{\"@id\":\"https:\/\/tuzlainfo.ba\/index.php\/novosti\/item\/15746-promovisana-monografija-tuzlanskih-vakufa-ii-knjiga\/#primaryimage\"},\"image\":{\"@id\":\"https:\/\/tuzlainfo.ba\/index.php\/novosti\/item\/15746-promovisana-monografija-tuzlanskih-vakufa-ii-knjiga\/#primaryimage\"},\"thumbnailUrl\":\"https:\/\/tuzlainfo.ba\/wp-content\/uploads\/2019\/03\/k2_items_src_54c574750cf43b278bd2b2f52fdc385a.jpg\",\"datePublished\":\"2019-03-07T09:50:32+00:00\",\"dateModified\":\"2021-03-23T08:49:21+00:00\",\"breadcrumb\":{\"@id\":\"https:\/\/tuzlainfo.ba\/index.php\/novosti\/item\/15746-promovisana-monografija-tuzlanskih-vakufa-ii-knjiga\/#breadcrumb\"},\"inLanguage\":\"bs-BA\",\"potentialAction\":[{\"@type\":\"ReadAction\",\"target\":[\"https:\/\/tuzlainfo.ba\/index.php\/novosti\/item\/15746-promovisana-monografija-tuzlanskih-vakufa-ii-knjiga\/\"]}]},{\"@type\":\"ImageObject\",\"inLanguage\":\"bs-BA\",\"@id\":\"https:\/\/tuzlainfo.ba\/index.php\/novosti\/item\/15746-promovisana-monografija-tuzlanskih-vakufa-ii-knjiga\/#primaryimage\",\"url\":\"https:\/\/tuzlainfo.ba\/wp-content\/uploads\/2019\/03\/k2_items_src_54c574750cf43b278bd2b2f52fdc385a.jpg\",\"contentUrl\":\"https:\/\/tuzlainfo.ba\/wp-content\/uploads\/2019\/03\/k2_items_src_54c574750cf43b278bd2b2f52fdc385a.jpg\",\"width\":770,\"height\":513},{\"@type\":\"BreadcrumbList\",\"@id\":\"https:\/\/tuzlainfo.ba\/index.php\/novosti\/item\/15746-promovisana-monografija-tuzlanskih-vakufa-ii-knjiga\/#breadcrumb\",\"itemListElement\":[{\"@type\":\"ListItem\",\"position\":1,\"name\":\"Home\",\"item\":\"https:\/\/tuzlainfo.ba\/\"},{\"@type\":\"ListItem\",\"position\":2,\"name\":\"Promovisana Monografija tuzlanskih vakufa &#8211; II knjiga\"}]},{\"@type\":\"WebSite\",\"@id\":\"https:\/\/tuzlainfo.ba\/#website\",\"url\":\"https:\/\/tuzlainfo.ba\/\",\"name\":\"TuzlaInfo.ba\",\"description\":\"Tuzla info, gradski informator - Tuzla na dlanu\",\"publisher\":{\"@id\":\"https:\/\/tuzlainfo.ba\/#organization\"},\"potentialAction\":[{\"@type\":\"SearchAction\",\"target\":{\"@type\":\"EntryPoint\",\"urlTemplate\":\"https:\/\/tuzlainfo.ba\/?s={search_term_string}\"},\"query-input\":{\"@type\":\"PropertyValueSpecification\",\"valueRequired\":true,\"valueName\":\"search_term_string\"}}],\"inLanguage\":\"bs-BA\"},{\"@type\":\"Organization\",\"@id\":\"https:\/\/tuzlainfo.ba\/#organization\",\"name\":\"TuzlaInfo.ba\",\"url\":\"https:\/\/tuzlainfo.ba\/\",\"logo\":{\"@type\":\"ImageObject\",\"inLanguage\":\"bs-BA\",\"@id\":\"https:\/\/tuzlainfo.ba\/#\/schema\/logo\/image\/\",\"url\":\"https:\/\/tuzlainfo.ba\/wp-content\/uploads\/2021\/03\/logo-ver-3-1.png\",\"contentUrl\":\"https:\/\/tuzlainfo.ba\/wp-content\/uploads\/2021\/03\/logo-ver-3-1.png\",\"width\":350,\"height\":95,\"caption\":\"TuzlaInfo.ba\"},\"image\":{\"@id\":\"https:\/\/tuzlainfo.ba\/#\/schema\/logo\/image\/\"},\"sameAs\":[\"https:\/\/www.facebook.com\/tuzlainfo.ba\/\"]},{\"@type\":\"Person\",\"@id\":\"https:\/\/tuzlainfo.ba\/#\/schema\/person\/f434e20dc27ea133923aab08451b7f7f\",\"name\":\"nedim\",\"image\":{\"@type\":\"ImageObject\",\"inLanguage\":\"bs-BA\",\"@id\":\"https:\/\/tuzlainfo.ba\/#\/schema\/person\/image\/\",\"url\":\"https:\/\/tuzlainfo.ba\/wp-content\/litespeed\/avatar\/aabad687af24844af817603ac1cbdc4f.jpg?ver=1777306975\",\"contentUrl\":\"https:\/\/tuzlainfo.ba\/wp-content\/litespeed\/avatar\/aabad687af24844af817603ac1cbdc4f.jpg?ver=1777306975\",\"caption\":\"nedim\"},\"description\":\"Tuzlainfo.ba pratite na dru\u0161tvenim mre\u017eama: Facebook, Instagram i Youtube. Svoje pri\u010de, upite i fotografije \u0161aljite na na\u0161u e-mail adresu.\"}]}<\/script>\n<!-- \/ Yoast SEO plugin. -->","yoast_head_json":{"title":"Promovisana Monografija tuzlanskih vakufa - II knjiga - TuzlaInfo.ba","robots":{"index":"index","follow":"follow","max-snippet":"max-snippet:-1","max-image-preview":"max-image-preview:large","max-video-preview":"max-video-preview:-1"},"canonical":"https:\/\/tuzlainfo.ba\/index.php\/novosti\/item\/15746-promovisana-monografija-tuzlanskih-vakufa-ii-knjiga\/","og_locale":"bs_BA","og_type":"article","og_title":"Promovisana Monografija tuzlanskih vakufa - II knjiga - TuzlaInfo.ba","og_description":"Med\u017elis Islamske zajednice Tuzla uprili\u010dio je u srijedu, 06. marta u Kulturno-obrazovnom centru Tu\u0161anj-Slatina promociju&hellip;","og_url":"https:\/\/tuzlainfo.ba\/index.php\/novosti\/item\/15746-promovisana-monografija-tuzlanskih-vakufa-ii-knjiga\/","og_site_name":"TuzlaInfo.ba","article_publisher":"https:\/\/www.facebook.com\/tuzlainfo.ba\/","article_published_time":"2019-03-07T09:50:32+00:00","article_modified_time":"2021-03-23T08:49:21+00:00","og_image":[{"width":770,"height":513,"url":"https:\/\/tuzlainfo.ba\/wp-content\/uploads\/2019\/03\/k2_items_src_54c574750cf43b278bd2b2f52fdc385a.jpg","type":"image\/jpeg"}],"author":"nedim","twitter_card":"summary_large_image","twitter_misc":{"Written by":"nedim","Est. reading time":"3 minute"},"schema":{"@context":"https:\/\/schema.org","@graph":[{"@type":"Article","@id":"https:\/\/tuzlainfo.ba\/index.php\/novosti\/item\/15746-promovisana-monografija-tuzlanskih-vakufa-ii-knjiga\/#article","isPartOf":{"@id":"https:\/\/tuzlainfo.ba\/index.php\/novosti\/item\/15746-promovisana-monografija-tuzlanskih-vakufa-ii-knjiga\/"},"author":{"name":"nedim","@id":"https:\/\/tuzlainfo.ba\/#\/schema\/person\/f434e20dc27ea133923aab08451b7f7f"},"headline":"Promovisana Monografija tuzlanskih vakufa &#8211; II knjiga","datePublished":"2019-03-07T09:50:32+00:00","dateModified":"2021-03-23T08:49:21+00:00","mainEntityOfPage":{"@id":"https:\/\/tuzlainfo.ba\/index.php\/novosti\/item\/15746-promovisana-monografija-tuzlanskih-vakufa-ii-knjiga\/"},"wordCount":546,"commentCount":0,"publisher":{"@id":"https:\/\/tuzlainfo.ba\/#organization"},"image":{"@id":"https:\/\/tuzlainfo.ba\/index.php\/novosti\/item\/15746-promovisana-monografija-tuzlanskih-vakufa-ii-knjiga\/#primaryimage"},"thumbnailUrl":"https:\/\/tuzlainfo.ba\/wp-content\/uploads\/2019\/03\/k2_items_src_54c574750cf43b278bd2b2f52fdc385a.jpg","articleSection":["Novosti"],"inLanguage":"bs-BA"},{"@type":"WebPage","@id":"https:\/\/tuzlainfo.ba\/index.php\/novosti\/item\/15746-promovisana-monografija-tuzlanskih-vakufa-ii-knjiga\/","url":"https:\/\/tuzlainfo.ba\/index.php\/novosti\/item\/15746-promovisana-monografija-tuzlanskih-vakufa-ii-knjiga\/","name":"Promovisana Monografija tuzlanskih vakufa - II knjiga - TuzlaInfo.ba","isPartOf":{"@id":"https:\/\/tuzlainfo.ba\/#website"},"primaryImageOfPage":{"@id":"https:\/\/tuzlainfo.ba\/index.php\/novosti\/item\/15746-promovisana-monografija-tuzlanskih-vakufa-ii-knjiga\/#primaryimage"},"image":{"@id":"https:\/\/tuzlainfo.ba\/index.php\/novosti\/item\/15746-promovisana-monografija-tuzlanskih-vakufa-ii-knjiga\/#primaryimage"},"thumbnailUrl":"https:\/\/tuzlainfo.ba\/wp-content\/uploads\/2019\/03\/k2_items_src_54c574750cf43b278bd2b2f52fdc385a.jpg","datePublished":"2019-03-07T09:50:32+00:00","dateModified":"2021-03-23T08:49:21+00:00","breadcrumb":{"@id":"https:\/\/tuzlainfo.ba\/index.php\/novosti\/item\/15746-promovisana-monografija-tuzlanskih-vakufa-ii-knjiga\/#breadcrumb"},"inLanguage":"bs-BA","potentialAction":[{"@type":"ReadAction","target":["https:\/\/tuzlainfo.ba\/index.php\/novosti\/item\/15746-promovisana-monografija-tuzlanskih-vakufa-ii-knjiga\/"]}]},{"@type":"ImageObject","inLanguage":"bs-BA","@id":"https:\/\/tuzlainfo.ba\/index.php\/novosti\/item\/15746-promovisana-monografija-tuzlanskih-vakufa-ii-knjiga\/#primaryimage","url":"https:\/\/tuzlainfo.ba\/wp-content\/uploads\/2019\/03\/k2_items_src_54c574750cf43b278bd2b2f52fdc385a.jpg","contentUrl":"https:\/\/tuzlainfo.ba\/wp-content\/uploads\/2019\/03\/k2_items_src_54c574750cf43b278bd2b2f52fdc385a.jpg","width":770,"height":513},{"@type":"BreadcrumbList","@id":"https:\/\/tuzlainfo.ba\/index.php\/novosti\/item\/15746-promovisana-monografija-tuzlanskih-vakufa-ii-knjiga\/#breadcrumb","itemListElement":[{"@type":"ListItem","position":1,"name":"Home","item":"https:\/\/tuzlainfo.ba\/"},{"@type":"ListItem","position":2,"name":"Promovisana Monografija tuzlanskih vakufa &#8211; II knjiga"}]},{"@type":"WebSite","@id":"https:\/\/tuzlainfo.ba\/#website","url":"https:\/\/tuzlainfo.ba\/","name":"TuzlaInfo.ba","description":"Tuzla info, gradski informator - Tuzla na dlanu","publisher":{"@id":"https:\/\/tuzlainfo.ba\/#organization"},"potentialAction":[{"@type":"SearchAction","target":{"@type":"EntryPoint","urlTemplate":"https:\/\/tuzlainfo.ba\/?s={search_term_string}"},"query-input":{"@type":"PropertyValueSpecification","valueRequired":true,"valueName":"search_term_string"}}],"inLanguage":"bs-BA"},{"@type":"Organization","@id":"https:\/\/tuzlainfo.ba\/#organization","name":"TuzlaInfo.ba","url":"https:\/\/tuzlainfo.ba\/","logo":{"@type":"ImageObject","inLanguage":"bs-BA","@id":"https:\/\/tuzlainfo.ba\/#\/schema\/logo\/image\/","url":"https:\/\/tuzlainfo.ba\/wp-content\/uploads\/2021\/03\/logo-ver-3-1.png","contentUrl":"https:\/\/tuzlainfo.ba\/wp-content\/uploads\/2021\/03\/logo-ver-3-1.png","width":350,"height":95,"caption":"TuzlaInfo.ba"},"image":{"@id":"https:\/\/tuzlainfo.ba\/#\/schema\/logo\/image\/"},"sameAs":["https:\/\/www.facebook.com\/tuzlainfo.ba\/"]},{"@type":"Person","@id":"https:\/\/tuzlainfo.ba\/#\/schema\/person\/f434e20dc27ea133923aab08451b7f7f","name":"nedim","image":{"@type":"ImageObject","inLanguage":"bs-BA","@id":"https:\/\/tuzlainfo.ba\/#\/schema\/person\/image\/","url":"https:\/\/tuzlainfo.ba\/wp-content\/litespeed\/avatar\/aabad687af24844af817603ac1cbdc4f.jpg?ver=1777306975","contentUrl":"https:\/\/tuzlainfo.ba\/wp-content\/litespeed\/avatar\/aabad687af24844af817603ac1cbdc4f.jpg?ver=1777306975","caption":"nedim"},"description":"Tuzlainfo.ba pratite na dru\u0161tvenim mre\u017eama: Facebook, Instagram i Youtube. Svoje pri\u010de, upite i fotografije \u0161aljite na na\u0161u e-mail adresu."}]}},"_links":{"self":[{"href":"https:\/\/tuzlainfo.ba\/index.php\/wp-json\/wp\/v2\/posts\/15746"}],"collection":[{"href":"https:\/\/tuzlainfo.ba\/index.php\/wp-json\/wp\/v2\/posts"}],"about":[{"href":"https:\/\/tuzlainfo.ba\/index.php\/wp-json\/wp\/v2\/types\/post"}],"author":[{"embeddable":true,"href":"https:\/\/tuzlainfo.ba\/index.php\/wp-json\/wp\/v2\/users\/2"}],"replies":[{"embeddable":true,"href":"https:\/\/tuzlainfo.ba\/index.php\/wp-json\/wp\/v2\/comments?post=15746"}],"version-history":[{"count":0,"href":"https:\/\/tuzlainfo.ba\/index.php\/wp-json\/wp\/v2\/posts\/15746\/revisions"}],"wp:featuredmedia":[{"embeddable":true,"href":"https:\/\/tuzlainfo.ba\/index.php\/wp-json\/wp\/v2\/media\/68282"}],"wp:attachment":[{"href":"https:\/\/tuzlainfo.ba\/index.php\/wp-json\/wp\/v2\/media?parent=15746"}],"wp:term":[{"taxonomy":"category","embeddable":true,"href":"https:\/\/tuzlainfo.ba\/index.php\/wp-json\/wp\/v2\/categories?post=15746"},{"taxonomy":"post_tag","embeddable":true,"href":"https:\/\/tuzlainfo.ba\/index.php\/wp-json\/wp\/v2\/tags?post=15746"}],"curies":[{"name":"wp","href":"https:\/\/api.w.org\/{rel}","templated":true}]}}