{"id":157391,"date":"2021-12-09T15:00:28","date_gmt":"2021-12-09T14:00:28","guid":{"rendered":"https:\/\/tuzlainfo.ba\/?p=157391"},"modified":"2021-12-09T11:43:48","modified_gmt":"2021-12-09T10:43:48","slug":"za-nabavku-opreme-civilnoj-zastiti-tk-odobreno-skoro-600-hiljada-km","status":"publish","type":"post","link":"https:\/\/tuzlainfo.ba\/index.php\/novosti\/item\/157391-za-nabavku-opreme-civilnoj-zastiti-tk-odobreno-skoro-600-hiljada-km\/","title":{"rendered":"Za nabavku opreme: Civilnoj za\u0161titi TK odobreno skoro 600 hiljada KM"},"content":{"rendered":"<p>Kantonalna uprava Civilne za\u0161tite Tuzlanskog kantona danas je potpisala ugovore sa 13 lokalnih zajednica o dodjeli sredstava namijenjenih za opremanje struktura civilne za\u0161tite. Ugovori su potpisani po osnovu javnog poziva, koji je bio raspisan po\u010detkom oktobra ove godine, a na koji su aplicirali op\u0107ine i gradovi Tuzlanskog kantona. Sredstvima u iznosu od oko 568 hiljada KM, podr\u017eano je 13 projekata, koji \u0107e doprinijeti boljoj opremljenosti Slu\u017ebi za za\u0161titu i spa\u0161avanje.<\/p>\n<p>\u201cSredstva su isklju\u010divo namjenska i koriste se za opremanje struktura civilne za\u0161tite na podru\u010dju na\u0161eg kantona i mogu se iskoristiti samo za sufinansiranje ovih projekata.To su projekti uglavnom za nabavku neke opreme koji \u0107e se koristititi u sistemu za\u0161tite i spa\u0161avanja\u201d rekao je u izjavi za RTV Slon Mirzad Fazli\u0107, direktor KUCZ TK.<\/p>\n<p>Grad Tuzla je kandidirao projekat u vrijednosti od 108 hiljada KM, a oko 60 posto sredstva \u0107e se izdvojiti iz gradskog Bud\u017eeta. Ovim projektom planirano je opremanje \u0160taba CZ, nabavka cisterne za prevoz pitke vode, kao i nabavka \u010detiri kontejnera sa namje\u0161tajem a koji \u0107e slu\u017eiti za smje\u0161taj porodica, kojima \u0107e to biti neophodno u slu\u010daju prirodnih nesre\u0107a.<\/p>\n<p>\u201c U sklopu projekta smo planirali nabaviti i 30 rezvoara od po hiljadu litara za pitku vodu, kako bi efikasno mogli da snabdijevamo stanovni\u0161tvo u situacijama koje smo imali ove godine, kada smo imali enormne su\u0161e, imali smo odre\u0111ena podru\u010dja, gdje stanovni\u0161tvo nije pokriveno vodosnabdijevanjem iz gradskog vodovoda, gdje smo vozili vodu cisternama i cijenimo da \u0107emo kroz ovaj projekat to mnogo uspje\u0161nije br\u017ee i kvalitetnije raditi u slu\u010daju da to bude zatrebalo\u201d istakao je Slavko Stjepi\u0107, pomo\u0107nik gradona\u010delnika za Civilnu za\u0161titu Tuzla.<\/p>\n<p>Sredstvima na osnovu ovog Javnog poziva bit \u0107e sufinansiran i projekat Grada Gra\u010danica u iznosu od 40 hiljada KM. Projektom je planirano opremanje Slu\u017ebi za\u0161titet i spa\u0161avanja, operativnog centra i glavnog \u0160taba CZ, kao i nabavka rabljenog vozila.<\/p>\n<p>&nbsp;<\/p>\n<p>\u201cCisterna koja \u0107e slu\u017eiti za Slu\u017ebe za\u0161tite i spa\u0161avanja za obezbje\u0111ivanje pitke vode, tako da \u0107emo opremiti i odre\u0111ene Slu\u017ebe za za\u0161titu i spa\u0161avanje sa odre\u0111enim materijalno \u2013 tehni\u010dkim sredstvima ,kao \u0161to su oprema, uniforme i druga materijalno \u2013 tehni\u010dka sredstva, koja su potrebna za za\u0161titu i spa\u0161avanje\u201d rekao je Mustafa Baji\u0107, pomo\u0107nik gradona\u010delnika za Civilnu za\u0161titu Gra\u010danica<\/p>\n<p>Sredstva za ove projekte se dodjeljuju svake godine, a prikupljaju se po osnovu Zakona o za\u0161titi i spa\u0161avanja ljudi od prirodnih i drugih nesre\u0107a, kao posebna naknada, koja se izdvaja iz plata gra\u0111ana BiH.<\/p>\n","protected":false},"excerpt":{"rendered":"<p>Kantonalna uprava Civilne za\u0161tite Tuzlanskog kantona danas je potpisala ugovore sa 13 lokalnih zajednica o&hellip;<\/p>\n","protected":false},"author":4,"featured_media":157392,"comment_status":"open","ping_status":"closed","sticky":false,"template":"","format":"standard","meta":{"_acf_changed":false,"footnotes":""},"categories":[304,12],"tags":[1761,3602,3603],"acf":[],"yoast_head":"<!-- This site is optimized with the Yoast SEO plugin v23.5 - https:\/\/yoast.com\/wordpress\/plugins\/seo\/ -->\n<title>Za nabavku opreme: Civilnoj za\u0161titi TK odobreno skoro 600 hiljada KM - TuzlaInfo.ba<\/title>\n<meta name=\"robots\" content=\"index, follow, max-snippet:-1, max-image-preview:large, max-video-preview:-1\" \/>\n<link rel=\"canonical\" href=\"https:\/\/tuzlainfo.ba\/index.php\/novosti\/item\/157391-za-nabavku-opreme-civilnoj-zastiti-tk-odobreno-skoro-600-hiljada-km\/\" \/>\n<meta property=\"og:locale\" content=\"bs_BA\" \/>\n<meta property=\"og:type\" content=\"article\" \/>\n<meta property=\"og:title\" content=\"Za nabavku opreme: Civilnoj za\u0161titi TK odobreno skoro 600 hiljada KM - TuzlaInfo.ba\" \/>\n<meta property=\"og:description\" content=\"Kantonalna uprava Civilne za\u0161tite Tuzlanskog kantona danas je potpisala ugovore sa 13 lokalnih zajednica o&hellip;\" \/>\n<meta property=\"og:url\" content=\"https:\/\/tuzlainfo.ba\/index.php\/novosti\/item\/157391-za-nabavku-opreme-civilnoj-zastiti-tk-odobreno-skoro-600-hiljada-km\/\" \/>\n<meta property=\"og:site_name\" content=\"TuzlaInfo.ba\" \/>\n<meta property=\"article:publisher\" content=\"https:\/\/www.facebook.com\/tuzlainfo.ba\/\" \/>\n<meta property=\"article:published_time\" content=\"2021-12-09T14:00:28+00:00\" \/>\n<meta property=\"article:modified_time\" content=\"2021-12-09T10:43:48+00:00\" \/>\n<meta property=\"og:image\" content=\"https:\/\/tuzlainfo.ba\/wp-content\/uploads\/2021\/12\/inbound818251312382374656.jpg\" \/>\n\t<meta property=\"og:image:width\" content=\"1392\" \/>\n\t<meta property=\"og:image:height\" content=\"783\" \/>\n\t<meta property=\"og:image:type\" content=\"image\/jpeg\" \/>\n<meta name=\"author\" content=\"Tuzla Info\" \/>\n<meta name=\"twitter:card\" content=\"summary_large_image\" \/>\n<meta name=\"twitter:label1\" content=\"Written by\" \/>\n\t<meta name=\"twitter:data1\" content=\"Tuzla Info\" \/>\n\t<meta name=\"twitter:label2\" content=\"Est. reading time\" \/>\n\t<meta name=\"twitter:data2\" content=\"2 minute\" \/>\n<script type=\"application\/ld+json\" class=\"yoast-schema-graph\">{\"@context\":\"https:\/\/schema.org\",\"@graph\":[{\"@type\":\"Article\",\"@id\":\"https:\/\/tuzlainfo.ba\/index.php\/novosti\/item\/157391-za-nabavku-opreme-civilnoj-zastiti-tk-odobreno-skoro-600-hiljada-km\/#article\",\"isPartOf\":{\"@id\":\"https:\/\/tuzlainfo.ba\/index.php\/novosti\/item\/157391-za-nabavku-opreme-civilnoj-zastiti-tk-odobreno-skoro-600-hiljada-km\/\"},\"author\":{\"name\":\"Tuzla Info\",\"@id\":\"https:\/\/tuzlainfo.ba\/#\/schema\/person\/46cad4c57790cbc50781edd14870825a\"},\"headline\":\"Za nabavku opreme: Civilnoj za\u0161titi TK odobreno skoro 600 hiljada KM\",\"datePublished\":\"2021-12-09T14:00:28+00:00\",\"dateModified\":\"2021-12-09T10:43:48+00:00\",\"mainEntityOfPage\":{\"@id\":\"https:\/\/tuzlainfo.ba\/index.php\/novosti\/item\/157391-za-nabavku-opreme-civilnoj-zastiti-tk-odobreno-skoro-600-hiljada-km\/\"},\"wordCount\":454,\"commentCount\":0,\"publisher\":{\"@id\":\"https:\/\/tuzlainfo.ba\/#organization\"},\"image\":{\"@id\":\"https:\/\/tuzlainfo.ba\/index.php\/novosti\/item\/157391-za-nabavku-opreme-civilnoj-zastiti-tk-odobreno-skoro-600-hiljada-km\/#primaryimage\"},\"thumbnailUrl\":\"https:\/\/tuzlainfo.ba\/wp-content\/uploads\/2021\/12\/inbound818251312382374656.jpg\",\"keywords\":[\"#gradTuzla\",\"KUCZ\",\"nabavka opreme\"],\"articleSection\":[\"Istaknuto\",\"Novosti\"],\"inLanguage\":\"bs-BA\"},{\"@type\":\"WebPage\",\"@id\":\"https:\/\/tuzlainfo.ba\/index.php\/novosti\/item\/157391-za-nabavku-opreme-civilnoj-zastiti-tk-odobreno-skoro-600-hiljada-km\/\",\"url\":\"https:\/\/tuzlainfo.ba\/index.php\/novosti\/item\/157391-za-nabavku-opreme-civilnoj-zastiti-tk-odobreno-skoro-600-hiljada-km\/\",\"name\":\"Za nabavku opreme: Civilnoj za\u0161titi TK odobreno skoro 600 hiljada KM - TuzlaInfo.ba\",\"isPartOf\":{\"@id\":\"https:\/\/tuzlainfo.ba\/#website\"},\"primaryImageOfPage\":{\"@id\":\"https:\/\/tuzlainfo.ba\/index.php\/novosti\/item\/157391-za-nabavku-opreme-civilnoj-zastiti-tk-odobreno-skoro-600-hiljada-km\/#primaryimage\"},\"image\":{\"@id\":\"https:\/\/tuzlainfo.ba\/index.php\/novosti\/item\/157391-za-nabavku-opreme-civilnoj-zastiti-tk-odobreno-skoro-600-hiljada-km\/#primaryimage\"},\"thumbnailUrl\":\"https:\/\/tuzlainfo.ba\/wp-content\/uploads\/2021\/12\/inbound818251312382374656.jpg\",\"datePublished\":\"2021-12-09T14:00:28+00:00\",\"dateModified\":\"2021-12-09T10:43:48+00:00\",\"breadcrumb\":{\"@id\":\"https:\/\/tuzlainfo.ba\/index.php\/novosti\/item\/157391-za-nabavku-opreme-civilnoj-zastiti-tk-odobreno-skoro-600-hiljada-km\/#breadcrumb\"},\"inLanguage\":\"bs-BA\",\"potentialAction\":[{\"@type\":\"ReadAction\",\"target\":[\"https:\/\/tuzlainfo.ba\/index.php\/novosti\/item\/157391-za-nabavku-opreme-civilnoj-zastiti-tk-odobreno-skoro-600-hiljada-km\/\"]}]},{\"@type\":\"ImageObject\",\"inLanguage\":\"bs-BA\",\"@id\":\"https:\/\/tuzlainfo.ba\/index.php\/novosti\/item\/157391-za-nabavku-opreme-civilnoj-zastiti-tk-odobreno-skoro-600-hiljada-km\/#primaryimage\",\"url\":\"https:\/\/tuzlainfo.ba\/wp-content\/uploads\/2021\/12\/inbound818251312382374656.jpg\",\"contentUrl\":\"https:\/\/tuzlainfo.ba\/wp-content\/uploads\/2021\/12\/inbound818251312382374656.jpg\",\"width\":1392,\"height\":783},{\"@type\":\"BreadcrumbList\",\"@id\":\"https:\/\/tuzlainfo.ba\/index.php\/novosti\/item\/157391-za-nabavku-opreme-civilnoj-zastiti-tk-odobreno-skoro-600-hiljada-km\/#breadcrumb\",\"itemListElement\":[{\"@type\":\"ListItem\",\"position\":1,\"name\":\"Home\",\"item\":\"https:\/\/tuzlainfo.ba\/\"},{\"@type\":\"ListItem\",\"position\":2,\"name\":\"Za nabavku opreme: Civilnoj za\u0161titi TK odobreno skoro 600 hiljada KM\"}]},{\"@type\":\"WebSite\",\"@id\":\"https:\/\/tuzlainfo.ba\/#website\",\"url\":\"https:\/\/tuzlainfo.ba\/\",\"name\":\"TuzlaInfo.ba\",\"description\":\"Tuzla info, gradski informator - Tuzla na dlanu\",\"publisher\":{\"@id\":\"https:\/\/tuzlainfo.ba\/#organization\"},\"potentialAction\":[{\"@type\":\"SearchAction\",\"target\":{\"@type\":\"EntryPoint\",\"urlTemplate\":\"https:\/\/tuzlainfo.ba\/?s={search_term_string}\"},\"query-input\":{\"@type\":\"PropertyValueSpecification\",\"valueRequired\":true,\"valueName\":\"search_term_string\"}}],\"inLanguage\":\"bs-BA\"},{\"@type\":\"Organization\",\"@id\":\"https:\/\/tuzlainfo.ba\/#organization\",\"name\":\"TuzlaInfo.ba\",\"url\":\"https:\/\/tuzlainfo.ba\/\",\"logo\":{\"@type\":\"ImageObject\",\"inLanguage\":\"bs-BA\",\"@id\":\"https:\/\/tuzlainfo.ba\/#\/schema\/logo\/image\/\",\"url\":\"https:\/\/tuzlainfo.ba\/wp-content\/uploads\/2021\/03\/logo-ver-3-1.png\",\"contentUrl\":\"https:\/\/tuzlainfo.ba\/wp-content\/uploads\/2021\/03\/logo-ver-3-1.png\",\"width\":350,\"height\":95,\"caption\":\"TuzlaInfo.ba\"},\"image\":{\"@id\":\"https:\/\/tuzlainfo.ba\/#\/schema\/logo\/image\/\"},\"sameAs\":[\"https:\/\/www.facebook.com\/tuzlainfo.ba\/\"]},{\"@type\":\"Person\",\"@id\":\"https:\/\/tuzlainfo.ba\/#\/schema\/person\/46cad4c57790cbc50781edd14870825a\",\"name\":\"Tuzla Info\",\"image\":{\"@type\":\"ImageObject\",\"inLanguage\":\"bs-BA\",\"@id\":\"https:\/\/tuzlainfo.ba\/#\/schema\/person\/image\/\",\"url\":\"https:\/\/tuzlainfo.ba\/wp-content\/litespeed\/avatar\/b6c453a6c38e3654f2e4416c643fc25c.jpg?ver=1777051911\",\"contentUrl\":\"https:\/\/tuzlainfo.ba\/wp-content\/litespeed\/avatar\/b6c453a6c38e3654f2e4416c643fc25c.jpg?ver=1777051911\",\"caption\":\"Tuzla Info\"}}]}<\/script>\n<!-- \/ Yoast SEO plugin. -->","yoast_head_json":{"title":"Za nabavku opreme: Civilnoj za\u0161titi TK odobreno skoro 600 hiljada KM - TuzlaInfo.ba","robots":{"index":"index","follow":"follow","max-snippet":"max-snippet:-1","max-image-preview":"max-image-preview:large","max-video-preview":"max-video-preview:-1"},"canonical":"https:\/\/tuzlainfo.ba\/index.php\/novosti\/item\/157391-za-nabavku-opreme-civilnoj-zastiti-tk-odobreno-skoro-600-hiljada-km\/","og_locale":"bs_BA","og_type":"article","og_title":"Za nabavku opreme: Civilnoj za\u0161titi TK odobreno skoro 600 hiljada KM - TuzlaInfo.ba","og_description":"Kantonalna uprava Civilne za\u0161tite Tuzlanskog kantona danas je potpisala ugovore sa 13 lokalnih zajednica o&hellip;","og_url":"https:\/\/tuzlainfo.ba\/index.php\/novosti\/item\/157391-za-nabavku-opreme-civilnoj-zastiti-tk-odobreno-skoro-600-hiljada-km\/","og_site_name":"TuzlaInfo.ba","article_publisher":"https:\/\/www.facebook.com\/tuzlainfo.ba\/","article_published_time":"2021-12-09T14:00:28+00:00","article_modified_time":"2021-12-09T10:43:48+00:00","og_image":[{"width":1392,"height":783,"url":"https:\/\/tuzlainfo.ba\/wp-content\/uploads\/2021\/12\/inbound818251312382374656.jpg","type":"image\/jpeg"}],"author":"Tuzla Info","twitter_card":"summary_large_image","twitter_misc":{"Written by":"Tuzla Info","Est. reading time":"2 minute"},"schema":{"@context":"https:\/\/schema.org","@graph":[{"@type":"Article","@id":"https:\/\/tuzlainfo.ba\/index.php\/novosti\/item\/157391-za-nabavku-opreme-civilnoj-zastiti-tk-odobreno-skoro-600-hiljada-km\/#article","isPartOf":{"@id":"https:\/\/tuzlainfo.ba\/index.php\/novosti\/item\/157391-za-nabavku-opreme-civilnoj-zastiti-tk-odobreno-skoro-600-hiljada-km\/"},"author":{"name":"Tuzla Info","@id":"https:\/\/tuzlainfo.ba\/#\/schema\/person\/46cad4c57790cbc50781edd14870825a"},"headline":"Za nabavku opreme: Civilnoj za\u0161titi TK odobreno skoro 600 hiljada KM","datePublished":"2021-12-09T14:00:28+00:00","dateModified":"2021-12-09T10:43:48+00:00","mainEntityOfPage":{"@id":"https:\/\/tuzlainfo.ba\/index.php\/novosti\/item\/157391-za-nabavku-opreme-civilnoj-zastiti-tk-odobreno-skoro-600-hiljada-km\/"},"wordCount":454,"commentCount":0,"publisher":{"@id":"https:\/\/tuzlainfo.ba\/#organization"},"image":{"@id":"https:\/\/tuzlainfo.ba\/index.php\/novosti\/item\/157391-za-nabavku-opreme-civilnoj-zastiti-tk-odobreno-skoro-600-hiljada-km\/#primaryimage"},"thumbnailUrl":"https:\/\/tuzlainfo.ba\/wp-content\/uploads\/2021\/12\/inbound818251312382374656.jpg","keywords":["#gradTuzla","KUCZ","nabavka opreme"],"articleSection":["Istaknuto","Novosti"],"inLanguage":"bs-BA"},{"@type":"WebPage","@id":"https:\/\/tuzlainfo.ba\/index.php\/novosti\/item\/157391-za-nabavku-opreme-civilnoj-zastiti-tk-odobreno-skoro-600-hiljada-km\/","url":"https:\/\/tuzlainfo.ba\/index.php\/novosti\/item\/157391-za-nabavku-opreme-civilnoj-zastiti-tk-odobreno-skoro-600-hiljada-km\/","name":"Za nabavku opreme: Civilnoj za\u0161titi TK odobreno skoro 600 hiljada KM - TuzlaInfo.ba","isPartOf":{"@id":"https:\/\/tuzlainfo.ba\/#website"},"primaryImageOfPage":{"@id":"https:\/\/tuzlainfo.ba\/index.php\/novosti\/item\/157391-za-nabavku-opreme-civilnoj-zastiti-tk-odobreno-skoro-600-hiljada-km\/#primaryimage"},"image":{"@id":"https:\/\/tuzlainfo.ba\/index.php\/novosti\/item\/157391-za-nabavku-opreme-civilnoj-zastiti-tk-odobreno-skoro-600-hiljada-km\/#primaryimage"},"thumbnailUrl":"https:\/\/tuzlainfo.ba\/wp-content\/uploads\/2021\/12\/inbound818251312382374656.jpg","datePublished":"2021-12-09T14:00:28+00:00","dateModified":"2021-12-09T10:43:48+00:00","breadcrumb":{"@id":"https:\/\/tuzlainfo.ba\/index.php\/novosti\/item\/157391-za-nabavku-opreme-civilnoj-zastiti-tk-odobreno-skoro-600-hiljada-km\/#breadcrumb"},"inLanguage":"bs-BA","potentialAction":[{"@type":"ReadAction","target":["https:\/\/tuzlainfo.ba\/index.php\/novosti\/item\/157391-za-nabavku-opreme-civilnoj-zastiti-tk-odobreno-skoro-600-hiljada-km\/"]}]},{"@type":"ImageObject","inLanguage":"bs-BA","@id":"https:\/\/tuzlainfo.ba\/index.php\/novosti\/item\/157391-za-nabavku-opreme-civilnoj-zastiti-tk-odobreno-skoro-600-hiljada-km\/#primaryimage","url":"https:\/\/tuzlainfo.ba\/wp-content\/uploads\/2021\/12\/inbound818251312382374656.jpg","contentUrl":"https:\/\/tuzlainfo.ba\/wp-content\/uploads\/2021\/12\/inbound818251312382374656.jpg","width":1392,"height":783},{"@type":"BreadcrumbList","@id":"https:\/\/tuzlainfo.ba\/index.php\/novosti\/item\/157391-za-nabavku-opreme-civilnoj-zastiti-tk-odobreno-skoro-600-hiljada-km\/#breadcrumb","itemListElement":[{"@type":"ListItem","position":1,"name":"Home","item":"https:\/\/tuzlainfo.ba\/"},{"@type":"ListItem","position":2,"name":"Za nabavku opreme: Civilnoj za\u0161titi TK odobreno skoro 600 hiljada KM"}]},{"@type":"WebSite","@id":"https:\/\/tuzlainfo.ba\/#website","url":"https:\/\/tuzlainfo.ba\/","name":"TuzlaInfo.ba","description":"Tuzla info, gradski informator - Tuzla na dlanu","publisher":{"@id":"https:\/\/tuzlainfo.ba\/#organization"},"potentialAction":[{"@type":"SearchAction","target":{"@type":"EntryPoint","urlTemplate":"https:\/\/tuzlainfo.ba\/?s={search_term_string}"},"query-input":{"@type":"PropertyValueSpecification","valueRequired":true,"valueName":"search_term_string"}}],"inLanguage":"bs-BA"},{"@type":"Organization","@id":"https:\/\/tuzlainfo.ba\/#organization","name":"TuzlaInfo.ba","url":"https:\/\/tuzlainfo.ba\/","logo":{"@type":"ImageObject","inLanguage":"bs-BA","@id":"https:\/\/tuzlainfo.ba\/#\/schema\/logo\/image\/","url":"https:\/\/tuzlainfo.ba\/wp-content\/uploads\/2021\/03\/logo-ver-3-1.png","contentUrl":"https:\/\/tuzlainfo.ba\/wp-content\/uploads\/2021\/03\/logo-ver-3-1.png","width":350,"height":95,"caption":"TuzlaInfo.ba"},"image":{"@id":"https:\/\/tuzlainfo.ba\/#\/schema\/logo\/image\/"},"sameAs":["https:\/\/www.facebook.com\/tuzlainfo.ba\/"]},{"@type":"Person","@id":"https:\/\/tuzlainfo.ba\/#\/schema\/person\/46cad4c57790cbc50781edd14870825a","name":"Tuzla Info","image":{"@type":"ImageObject","inLanguage":"bs-BA","@id":"https:\/\/tuzlainfo.ba\/#\/schema\/person\/image\/","url":"https:\/\/tuzlainfo.ba\/wp-content\/litespeed\/avatar\/b6c453a6c38e3654f2e4416c643fc25c.jpg?ver=1777051911","contentUrl":"https:\/\/tuzlainfo.ba\/wp-content\/litespeed\/avatar\/b6c453a6c38e3654f2e4416c643fc25c.jpg?ver=1777051911","caption":"Tuzla Info"}}]}},"_links":{"self":[{"href":"https:\/\/tuzlainfo.ba\/index.php\/wp-json\/wp\/v2\/posts\/157391"}],"collection":[{"href":"https:\/\/tuzlainfo.ba\/index.php\/wp-json\/wp\/v2\/posts"}],"about":[{"href":"https:\/\/tuzlainfo.ba\/index.php\/wp-json\/wp\/v2\/types\/post"}],"author":[{"embeddable":true,"href":"https:\/\/tuzlainfo.ba\/index.php\/wp-json\/wp\/v2\/users\/4"}],"replies":[{"embeddable":true,"href":"https:\/\/tuzlainfo.ba\/index.php\/wp-json\/wp\/v2\/comments?post=157391"}],"version-history":[{"count":0,"href":"https:\/\/tuzlainfo.ba\/index.php\/wp-json\/wp\/v2\/posts\/157391\/revisions"}],"wp:featuredmedia":[{"embeddable":true,"href":"https:\/\/tuzlainfo.ba\/index.php\/wp-json\/wp\/v2\/media\/157392"}],"wp:attachment":[{"href":"https:\/\/tuzlainfo.ba\/index.php\/wp-json\/wp\/v2\/media?parent=157391"}],"wp:term":[{"taxonomy":"category","embeddable":true,"href":"https:\/\/tuzlainfo.ba\/index.php\/wp-json\/wp\/v2\/categories?post=157391"},{"taxonomy":"post_tag","embeddable":true,"href":"https:\/\/tuzlainfo.ba\/index.php\/wp-json\/wp\/v2\/tags?post=157391"}],"curies":[{"name":"wp","href":"https:\/\/api.w.org\/{rel}","templated":true}]}}