{"id":157237,"date":"2021-12-07T16:05:16","date_gmt":"2021-12-07T15:05:16","guid":{"rendered":"https:\/\/tuzlainfo.ba\/?p=157237"},"modified":"2021-12-07T15:15:36","modified_gmt":"2021-12-07T14:15:36","slug":"dodik-na-tribini-u-beogradu-kazao-da-je-novi-zakon-o-vojsci-rs-vec-spreman","status":"publish","type":"post","link":"https:\/\/tuzlainfo.ba\/index.php\/bosna-i-hercegovina\/item\/157237-dodik-na-tribini-u-beogradu-kazao-da-je-novi-zakon-o-vojsci-rs-vec-spreman\/","title":{"rendered":"Dodik na tribini u Beogradu kazao da je novi zakon o vojsci RS ve\u0107 spreman"},"content":{"rendered":"<p>\u010clan Predsjedni\u0161tva Bosne i Hercegovine iz Republike Srpske Milorad Dodik je govorio danas na tribini o temi &#8220;Republika Srpska &#8211; vra\u0107anje otetih ustavnih nadle\u017enosti&#8221;. Tom prilikom je kazao da je ve\u0107 napisan novi zakon o vojsci RS-a.<\/p>\n<p>Informacije o nadle\u017enostima entiteta, koje su vremenom i izglasavanjem u Parlamentu BiH pre\u0161le na dr\u017eavu \u0107e biti razmatrane na posebnoj sjednici Narodne skup\u0161tine RS-a, a Dodik je najavio da \u0107e entitet povu\u0107i saglasnost za prijenos nadle\u017enosti, izme\u0111u ostalog i za formiranje Oru\u017eanih snaga BiH.<\/p>\n<p>&#8220;Od Oru\u017eanih snaga BiH nemamo ni\u0161ta, tamo Srbi ne idu, fali 40 posto Hrvata, a muslimani ho\u0107e da popune te kvote. Bud\u017eetska stavka u bud\u017eetu BiH je najve\u0107a za Oru\u017eane snage, iznosi 370 miliona, koja, realno re\u010deno, nije nikakva vojska, ali je veliki potro\u0161a\u010d&#8221;, rekao je Dodik.<\/p>\n<p>On je naveo kako \u0107e donijeti odluku da u narednih \u0161est mjeseci bude pripremljeno i normativno ure\u0111enje OS BiH, a prvi prijedlog je da se prepolovi sastav. Ako ne bude spremnosti za to, poru\u010dio je da je ve\u0107 napisan novi zakon o vojsci RS-a i zakon o demilitarizaciji.<\/p>\n<p>&#8220;Mi \u0107emo ponuditi prvo da se prepolovi sastav Oru\u017eanih snaga BiH i dajemo im neki rok da \u017eive jo\u0161. Ukoliko za to ne bude spremnosti ve\u0107 je napisan novi zakon o vojsci RS i novi zakon o demilitarizaciji RS&#8221;, rekao je Dodik.<\/p>\n<p>Osim toga, naveo je i da \u0107e na sjednici biti razmatrano povla\u010denje RS-a iz saglasnosti o Visokom sudskom i tu\u017eila\u010dkom vije\u0107u i Upravi za indirektno oporezivanje.<\/p>\n<p>On je na tribini problematizirao na\u010din formiranja Oru\u017eanih snaga BiH kazav\u0161i da to nije bilo regularno i fer.<\/p>\n<p>&#8220;Ashdown je smijenio 56 slu\u017ebenika da bi do\u0161ao do navodne saglasnosti o formiranju Oru\u017eanih snaga u BiH. Smatramo da je to neregularno i da nije bilo fer. I to je moja argumentacija. Dovoljno je da je bilo u uvjetima nametanja, pritisaka, ka\u017enjavanja, to je bilo potpuno nelegalno. U petak zato idemo na NSRS i tamo je na dnevnom redu informacija o tome&#8221;, kazao je Dodik u Beogradu.<\/p>\n<p>Govore\u0107i o potencijalnom sukobu, rekao je da politi\u010dka borba za RS nikad nije prestala, ali da RS ne\u0107e ratovati ni ako bude napadnuta, prenosi Klix.<\/p>\n","protected":false},"excerpt":{"rendered":"<p>\u010clan Predsjedni\u0161tva Bosne i Hercegovine iz Republike Srpske Milorad Dodik je govorio danas na tribini&hellip;<\/p>\n","protected":false},"author":4,"featured_media":142189,"comment_status":"open","ping_status":"closed","sticky":false,"template":"","format":"standard","meta":{"_acf_changed":false,"footnotes":""},"categories":[291],"tags":[535,3498],"acf":[],"yoast_head":"<!-- This site is optimized with the Yoast SEO plugin v23.5 - https:\/\/yoast.com\/wordpress\/plugins\/seo\/ -->\n<title>Dodik na tribini u Beogradu kazao da je novi zakon o vojsci RS ve\u0107 spreman - TuzlaInfo.ba<\/title>\n<meta name=\"robots\" content=\"index, follow, max-snippet:-1, max-image-preview:large, max-video-preview:-1\" \/>\n<link rel=\"canonical\" href=\"https:\/\/tuzlainfo.ba\/index.php\/bosna-i-hercegovina\/item\/157237-dodik-na-tribini-u-beogradu-kazao-da-je-novi-zakon-o-vojsci-rs-vec-spreman\/\" \/>\n<meta property=\"og:locale\" content=\"bs_BA\" \/>\n<meta property=\"og:type\" content=\"article\" \/>\n<meta property=\"og:title\" content=\"Dodik na tribini u Beogradu kazao da je novi zakon o vojsci RS ve\u0107 spreman - TuzlaInfo.ba\" \/>\n<meta property=\"og:description\" content=\"\u010clan Predsjedni\u0161tva Bosne i Hercegovine iz Republike Srpske Milorad Dodik je govorio danas na tribini&hellip;\" \/>\n<meta property=\"og:url\" content=\"https:\/\/tuzlainfo.ba\/index.php\/bosna-i-hercegovina\/item\/157237-dodik-na-tribini-u-beogradu-kazao-da-je-novi-zakon-o-vojsci-rs-vec-spreman\/\" \/>\n<meta property=\"og:site_name\" content=\"TuzlaInfo.ba\" \/>\n<meta property=\"article:publisher\" content=\"https:\/\/www.facebook.com\/tuzlainfo.ba\/\" \/>\n<meta property=\"article:published_time\" content=\"2021-12-07T15:05:16+00:00\" \/>\n<meta property=\"article:modified_time\" content=\"2021-12-07T14:15:36+00:00\" \/>\n<meta property=\"og:image\" content=\"https:\/\/tuzlainfo.ba\/wp-content\/uploads\/2021\/07\/1607_milorad_dodik.jpg\" \/>\n\t<meta property=\"og:image:width\" content=\"1200\" \/>\n\t<meta property=\"og:image:height\" content=\"813\" \/>\n\t<meta property=\"og:image:type\" content=\"image\/jpeg\" \/>\n<meta name=\"author\" content=\"Tuzla Info\" \/>\n<meta name=\"twitter:card\" content=\"summary_large_image\" \/>\n<meta name=\"twitter:label1\" content=\"Written by\" \/>\n\t<meta name=\"twitter:data1\" content=\"Tuzla Info\" \/>\n\t<meta name=\"twitter:label2\" content=\"Est. reading time\" \/>\n\t<meta name=\"twitter:data2\" content=\"2 minute\" \/>\n<script type=\"application\/ld+json\" class=\"yoast-schema-graph\">{\"@context\":\"https:\/\/schema.org\",\"@graph\":[{\"@type\":\"Article\",\"@id\":\"https:\/\/tuzlainfo.ba\/index.php\/bosna-i-hercegovina\/item\/157237-dodik-na-tribini-u-beogradu-kazao-da-je-novi-zakon-o-vojsci-rs-vec-spreman\/#article\",\"isPartOf\":{\"@id\":\"https:\/\/tuzlainfo.ba\/index.php\/bosna-i-hercegovina\/item\/157237-dodik-na-tribini-u-beogradu-kazao-da-je-novi-zakon-o-vojsci-rs-vec-spreman\/\"},\"author\":{\"name\":\"Tuzla Info\",\"@id\":\"https:\/\/tuzlainfo.ba\/#\/schema\/person\/46cad4c57790cbc50781edd14870825a\"},\"headline\":\"Dodik na tribini u Beogradu kazao da je novi zakon o vojsci RS ve\u0107 spreman\",\"datePublished\":\"2021-12-07T15:05:16+00:00\",\"dateModified\":\"2021-12-07T14:15:36+00:00\",\"mainEntityOfPage\":{\"@id\":\"https:\/\/tuzlainfo.ba\/index.php\/bosna-i-hercegovina\/item\/157237-dodik-na-tribini-u-beogradu-kazao-da-je-novi-zakon-o-vojsci-rs-vec-spreman\/\"},\"wordCount\":403,\"commentCount\":0,\"publisher\":{\"@id\":\"https:\/\/tuzlainfo.ba\/#organization\"},\"image\":{\"@id\":\"https:\/\/tuzlainfo.ba\/index.php\/bosna-i-hercegovina\/item\/157237-dodik-na-tribini-u-beogradu-kazao-da-je-novi-zakon-o-vojsci-rs-vec-spreman\/#primaryimage\"},\"thumbnailUrl\":\"https:\/\/tuzlainfo.ba\/wp-content\/uploads\/2021\/07\/1607_milorad_dodik.jpg\",\"keywords\":[\"milorad dodik\",\"vojska RS\"],\"articleSection\":[\"Bosna i Hercegovina\"],\"inLanguage\":\"bs-BA\"},{\"@type\":\"WebPage\",\"@id\":\"https:\/\/tuzlainfo.ba\/index.php\/bosna-i-hercegovina\/item\/157237-dodik-na-tribini-u-beogradu-kazao-da-je-novi-zakon-o-vojsci-rs-vec-spreman\/\",\"url\":\"https:\/\/tuzlainfo.ba\/index.php\/bosna-i-hercegovina\/item\/157237-dodik-na-tribini-u-beogradu-kazao-da-je-novi-zakon-o-vojsci-rs-vec-spreman\/\",\"name\":\"Dodik na tribini u Beogradu kazao da je novi zakon o vojsci RS ve\u0107 spreman - TuzlaInfo.ba\",\"isPartOf\":{\"@id\":\"https:\/\/tuzlainfo.ba\/#website\"},\"primaryImageOfPage\":{\"@id\":\"https:\/\/tuzlainfo.ba\/index.php\/bosna-i-hercegovina\/item\/157237-dodik-na-tribini-u-beogradu-kazao-da-je-novi-zakon-o-vojsci-rs-vec-spreman\/#primaryimage\"},\"image\":{\"@id\":\"https:\/\/tuzlainfo.ba\/index.php\/bosna-i-hercegovina\/item\/157237-dodik-na-tribini-u-beogradu-kazao-da-je-novi-zakon-o-vojsci-rs-vec-spreman\/#primaryimage\"},\"thumbnailUrl\":\"https:\/\/tuzlainfo.ba\/wp-content\/uploads\/2021\/07\/1607_milorad_dodik.jpg\",\"datePublished\":\"2021-12-07T15:05:16+00:00\",\"dateModified\":\"2021-12-07T14:15:36+00:00\",\"breadcrumb\":{\"@id\":\"https:\/\/tuzlainfo.ba\/index.php\/bosna-i-hercegovina\/item\/157237-dodik-na-tribini-u-beogradu-kazao-da-je-novi-zakon-o-vojsci-rs-vec-spreman\/#breadcrumb\"},\"inLanguage\":\"bs-BA\",\"potentialAction\":[{\"@type\":\"ReadAction\",\"target\":[\"https:\/\/tuzlainfo.ba\/index.php\/bosna-i-hercegovina\/item\/157237-dodik-na-tribini-u-beogradu-kazao-da-je-novi-zakon-o-vojsci-rs-vec-spreman\/\"]}]},{\"@type\":\"ImageObject\",\"inLanguage\":\"bs-BA\",\"@id\":\"https:\/\/tuzlainfo.ba\/index.php\/bosna-i-hercegovina\/item\/157237-dodik-na-tribini-u-beogradu-kazao-da-je-novi-zakon-o-vojsci-rs-vec-spreman\/#primaryimage\",\"url\":\"https:\/\/tuzlainfo.ba\/wp-content\/uploads\/2021\/07\/1607_milorad_dodik.jpg\",\"contentUrl\":\"https:\/\/tuzlainfo.ba\/wp-content\/uploads\/2021\/07\/1607_milorad_dodik.jpg\",\"width\":1200,\"height\":813},{\"@type\":\"BreadcrumbList\",\"@id\":\"https:\/\/tuzlainfo.ba\/index.php\/bosna-i-hercegovina\/item\/157237-dodik-na-tribini-u-beogradu-kazao-da-je-novi-zakon-o-vojsci-rs-vec-spreman\/#breadcrumb\",\"itemListElement\":[{\"@type\":\"ListItem\",\"position\":1,\"name\":\"Home\",\"item\":\"https:\/\/tuzlainfo.ba\/\"},{\"@type\":\"ListItem\",\"position\":2,\"name\":\"Dodik na tribini u Beogradu kazao da je novi zakon o vojsci RS ve\u0107 spreman\"}]},{\"@type\":\"WebSite\",\"@id\":\"https:\/\/tuzlainfo.ba\/#website\",\"url\":\"https:\/\/tuzlainfo.ba\/\",\"name\":\"TuzlaInfo.ba\",\"description\":\"Tuzla info, gradski informator - Tuzla na dlanu\",\"publisher\":{\"@id\":\"https:\/\/tuzlainfo.ba\/#organization\"},\"potentialAction\":[{\"@type\":\"SearchAction\",\"target\":{\"@type\":\"EntryPoint\",\"urlTemplate\":\"https:\/\/tuzlainfo.ba\/?s={search_term_string}\"},\"query-input\":{\"@type\":\"PropertyValueSpecification\",\"valueRequired\":true,\"valueName\":\"search_term_string\"}}],\"inLanguage\":\"bs-BA\"},{\"@type\":\"Organization\",\"@id\":\"https:\/\/tuzlainfo.ba\/#organization\",\"name\":\"TuzlaInfo.ba\",\"url\":\"https:\/\/tuzlainfo.ba\/\",\"logo\":{\"@type\":\"ImageObject\",\"inLanguage\":\"bs-BA\",\"@id\":\"https:\/\/tuzlainfo.ba\/#\/schema\/logo\/image\/\",\"url\":\"https:\/\/tuzlainfo.ba\/wp-content\/uploads\/2021\/03\/logo-ver-3-1.png\",\"contentUrl\":\"https:\/\/tuzlainfo.ba\/wp-content\/uploads\/2021\/03\/logo-ver-3-1.png\",\"width\":350,\"height\":95,\"caption\":\"TuzlaInfo.ba\"},\"image\":{\"@id\":\"https:\/\/tuzlainfo.ba\/#\/schema\/logo\/image\/\"},\"sameAs\":[\"https:\/\/www.facebook.com\/tuzlainfo.ba\/\"]},{\"@type\":\"Person\",\"@id\":\"https:\/\/tuzlainfo.ba\/#\/schema\/person\/46cad4c57790cbc50781edd14870825a\",\"name\":\"Tuzla Info\",\"image\":{\"@type\":\"ImageObject\",\"inLanguage\":\"bs-BA\",\"@id\":\"https:\/\/tuzlainfo.ba\/#\/schema\/person\/image\/\",\"url\":\"https:\/\/tuzlainfo.ba\/wp-content\/litespeed\/avatar\/b6c453a6c38e3654f2e4416c643fc25c.jpg?ver=1777051911\",\"contentUrl\":\"https:\/\/tuzlainfo.ba\/wp-content\/litespeed\/avatar\/b6c453a6c38e3654f2e4416c643fc25c.jpg?ver=1777051911\",\"caption\":\"Tuzla Info\"}}]}<\/script>\n<!-- \/ Yoast SEO plugin. -->","yoast_head_json":{"title":"Dodik na tribini u Beogradu kazao da je novi zakon o vojsci RS ve\u0107 spreman - TuzlaInfo.ba","robots":{"index":"index","follow":"follow","max-snippet":"max-snippet:-1","max-image-preview":"max-image-preview:large","max-video-preview":"max-video-preview:-1"},"canonical":"https:\/\/tuzlainfo.ba\/index.php\/bosna-i-hercegovina\/item\/157237-dodik-na-tribini-u-beogradu-kazao-da-je-novi-zakon-o-vojsci-rs-vec-spreman\/","og_locale":"bs_BA","og_type":"article","og_title":"Dodik na tribini u Beogradu kazao da je novi zakon o vojsci RS ve\u0107 spreman - TuzlaInfo.ba","og_description":"\u010clan Predsjedni\u0161tva Bosne i Hercegovine iz Republike Srpske Milorad Dodik je govorio danas na tribini&hellip;","og_url":"https:\/\/tuzlainfo.ba\/index.php\/bosna-i-hercegovina\/item\/157237-dodik-na-tribini-u-beogradu-kazao-da-je-novi-zakon-o-vojsci-rs-vec-spreman\/","og_site_name":"TuzlaInfo.ba","article_publisher":"https:\/\/www.facebook.com\/tuzlainfo.ba\/","article_published_time":"2021-12-07T15:05:16+00:00","article_modified_time":"2021-12-07T14:15:36+00:00","og_image":[{"width":1200,"height":813,"url":"https:\/\/tuzlainfo.ba\/wp-content\/uploads\/2021\/07\/1607_milorad_dodik.jpg","type":"image\/jpeg"}],"author":"Tuzla Info","twitter_card":"summary_large_image","twitter_misc":{"Written by":"Tuzla Info","Est. reading time":"2 minute"},"schema":{"@context":"https:\/\/schema.org","@graph":[{"@type":"Article","@id":"https:\/\/tuzlainfo.ba\/index.php\/bosna-i-hercegovina\/item\/157237-dodik-na-tribini-u-beogradu-kazao-da-je-novi-zakon-o-vojsci-rs-vec-spreman\/#article","isPartOf":{"@id":"https:\/\/tuzlainfo.ba\/index.php\/bosna-i-hercegovina\/item\/157237-dodik-na-tribini-u-beogradu-kazao-da-je-novi-zakon-o-vojsci-rs-vec-spreman\/"},"author":{"name":"Tuzla Info","@id":"https:\/\/tuzlainfo.ba\/#\/schema\/person\/46cad4c57790cbc50781edd14870825a"},"headline":"Dodik na tribini u Beogradu kazao da je novi zakon o vojsci RS ve\u0107 spreman","datePublished":"2021-12-07T15:05:16+00:00","dateModified":"2021-12-07T14:15:36+00:00","mainEntityOfPage":{"@id":"https:\/\/tuzlainfo.ba\/index.php\/bosna-i-hercegovina\/item\/157237-dodik-na-tribini-u-beogradu-kazao-da-je-novi-zakon-o-vojsci-rs-vec-spreman\/"},"wordCount":403,"commentCount":0,"publisher":{"@id":"https:\/\/tuzlainfo.ba\/#organization"},"image":{"@id":"https:\/\/tuzlainfo.ba\/index.php\/bosna-i-hercegovina\/item\/157237-dodik-na-tribini-u-beogradu-kazao-da-je-novi-zakon-o-vojsci-rs-vec-spreman\/#primaryimage"},"thumbnailUrl":"https:\/\/tuzlainfo.ba\/wp-content\/uploads\/2021\/07\/1607_milorad_dodik.jpg","keywords":["milorad dodik","vojska RS"],"articleSection":["Bosna i Hercegovina"],"inLanguage":"bs-BA"},{"@type":"WebPage","@id":"https:\/\/tuzlainfo.ba\/index.php\/bosna-i-hercegovina\/item\/157237-dodik-na-tribini-u-beogradu-kazao-da-je-novi-zakon-o-vojsci-rs-vec-spreman\/","url":"https:\/\/tuzlainfo.ba\/index.php\/bosna-i-hercegovina\/item\/157237-dodik-na-tribini-u-beogradu-kazao-da-je-novi-zakon-o-vojsci-rs-vec-spreman\/","name":"Dodik na tribini u Beogradu kazao da je novi zakon o vojsci RS ve\u0107 spreman - TuzlaInfo.ba","isPartOf":{"@id":"https:\/\/tuzlainfo.ba\/#website"},"primaryImageOfPage":{"@id":"https:\/\/tuzlainfo.ba\/index.php\/bosna-i-hercegovina\/item\/157237-dodik-na-tribini-u-beogradu-kazao-da-je-novi-zakon-o-vojsci-rs-vec-spreman\/#primaryimage"},"image":{"@id":"https:\/\/tuzlainfo.ba\/index.php\/bosna-i-hercegovina\/item\/157237-dodik-na-tribini-u-beogradu-kazao-da-je-novi-zakon-o-vojsci-rs-vec-spreman\/#primaryimage"},"thumbnailUrl":"https:\/\/tuzlainfo.ba\/wp-content\/uploads\/2021\/07\/1607_milorad_dodik.jpg","datePublished":"2021-12-07T15:05:16+00:00","dateModified":"2021-12-07T14:15:36+00:00","breadcrumb":{"@id":"https:\/\/tuzlainfo.ba\/index.php\/bosna-i-hercegovina\/item\/157237-dodik-na-tribini-u-beogradu-kazao-da-je-novi-zakon-o-vojsci-rs-vec-spreman\/#breadcrumb"},"inLanguage":"bs-BA","potentialAction":[{"@type":"ReadAction","target":["https:\/\/tuzlainfo.ba\/index.php\/bosna-i-hercegovina\/item\/157237-dodik-na-tribini-u-beogradu-kazao-da-je-novi-zakon-o-vojsci-rs-vec-spreman\/"]}]},{"@type":"ImageObject","inLanguage":"bs-BA","@id":"https:\/\/tuzlainfo.ba\/index.php\/bosna-i-hercegovina\/item\/157237-dodik-na-tribini-u-beogradu-kazao-da-je-novi-zakon-o-vojsci-rs-vec-spreman\/#primaryimage","url":"https:\/\/tuzlainfo.ba\/wp-content\/uploads\/2021\/07\/1607_milorad_dodik.jpg","contentUrl":"https:\/\/tuzlainfo.ba\/wp-content\/uploads\/2021\/07\/1607_milorad_dodik.jpg","width":1200,"height":813},{"@type":"BreadcrumbList","@id":"https:\/\/tuzlainfo.ba\/index.php\/bosna-i-hercegovina\/item\/157237-dodik-na-tribini-u-beogradu-kazao-da-je-novi-zakon-o-vojsci-rs-vec-spreman\/#breadcrumb","itemListElement":[{"@type":"ListItem","position":1,"name":"Home","item":"https:\/\/tuzlainfo.ba\/"},{"@type":"ListItem","position":2,"name":"Dodik na tribini u Beogradu kazao da je novi zakon o vojsci RS ve\u0107 spreman"}]},{"@type":"WebSite","@id":"https:\/\/tuzlainfo.ba\/#website","url":"https:\/\/tuzlainfo.ba\/","name":"TuzlaInfo.ba","description":"Tuzla info, gradski informator - Tuzla na dlanu","publisher":{"@id":"https:\/\/tuzlainfo.ba\/#organization"},"potentialAction":[{"@type":"SearchAction","target":{"@type":"EntryPoint","urlTemplate":"https:\/\/tuzlainfo.ba\/?s={search_term_string}"},"query-input":{"@type":"PropertyValueSpecification","valueRequired":true,"valueName":"search_term_string"}}],"inLanguage":"bs-BA"},{"@type":"Organization","@id":"https:\/\/tuzlainfo.ba\/#organization","name":"TuzlaInfo.ba","url":"https:\/\/tuzlainfo.ba\/","logo":{"@type":"ImageObject","inLanguage":"bs-BA","@id":"https:\/\/tuzlainfo.ba\/#\/schema\/logo\/image\/","url":"https:\/\/tuzlainfo.ba\/wp-content\/uploads\/2021\/03\/logo-ver-3-1.png","contentUrl":"https:\/\/tuzlainfo.ba\/wp-content\/uploads\/2021\/03\/logo-ver-3-1.png","width":350,"height":95,"caption":"TuzlaInfo.ba"},"image":{"@id":"https:\/\/tuzlainfo.ba\/#\/schema\/logo\/image\/"},"sameAs":["https:\/\/www.facebook.com\/tuzlainfo.ba\/"]},{"@type":"Person","@id":"https:\/\/tuzlainfo.ba\/#\/schema\/person\/46cad4c57790cbc50781edd14870825a","name":"Tuzla Info","image":{"@type":"ImageObject","inLanguage":"bs-BA","@id":"https:\/\/tuzlainfo.ba\/#\/schema\/person\/image\/","url":"https:\/\/tuzlainfo.ba\/wp-content\/litespeed\/avatar\/b6c453a6c38e3654f2e4416c643fc25c.jpg?ver=1777051911","contentUrl":"https:\/\/tuzlainfo.ba\/wp-content\/litespeed\/avatar\/b6c453a6c38e3654f2e4416c643fc25c.jpg?ver=1777051911","caption":"Tuzla Info"}}]}},"_links":{"self":[{"href":"https:\/\/tuzlainfo.ba\/index.php\/wp-json\/wp\/v2\/posts\/157237"}],"collection":[{"href":"https:\/\/tuzlainfo.ba\/index.php\/wp-json\/wp\/v2\/posts"}],"about":[{"href":"https:\/\/tuzlainfo.ba\/index.php\/wp-json\/wp\/v2\/types\/post"}],"author":[{"embeddable":true,"href":"https:\/\/tuzlainfo.ba\/index.php\/wp-json\/wp\/v2\/users\/4"}],"replies":[{"embeddable":true,"href":"https:\/\/tuzlainfo.ba\/index.php\/wp-json\/wp\/v2\/comments?post=157237"}],"version-history":[{"count":0,"href":"https:\/\/tuzlainfo.ba\/index.php\/wp-json\/wp\/v2\/posts\/157237\/revisions"}],"wp:featuredmedia":[{"embeddable":true,"href":"https:\/\/tuzlainfo.ba\/index.php\/wp-json\/wp\/v2\/media\/142189"}],"wp:attachment":[{"href":"https:\/\/tuzlainfo.ba\/index.php\/wp-json\/wp\/v2\/media?parent=157237"}],"wp:term":[{"taxonomy":"category","embeddable":true,"href":"https:\/\/tuzlainfo.ba\/index.php\/wp-json\/wp\/v2\/categories?post=157237"},{"taxonomy":"post_tag","embeddable":true,"href":"https:\/\/tuzlainfo.ba\/index.php\/wp-json\/wp\/v2\/tags?post=157237"}],"curies":[{"name":"wp","href":"https:\/\/api.w.org\/{rel}","templated":true}]}}