{"id":156998,"date":"2021-12-05T19:31:38","date_gmt":"2021-12-05T18:31:38","guid":{"rendered":"https:\/\/tuzlainfo.ba\/?p=156998"},"modified":"2021-12-05T19:31:38","modified_gmt":"2021-12-05T18:31:38","slug":"neki-novi-momenti-dodik-prijeti-bojkotom-izbora-2022","status":"publish","type":"post","link":"https:\/\/tuzlainfo.ba\/index.php\/bosna-i-hercegovina\/item\/156998-neki-novi-momenti-dodik-prijeti-bojkotom-izbora-2022\/","title":{"rendered":"Neki novi momenti: Dodik prijeti bojkotom izbora 2022."},"content":{"rendered":"<p>\u010clan Predsjedni\u0161tva BiH i lider SNSD-a Milorad Dodik iznio je danas tezu o mogu\u0107em bojkotu Op\u0107ih izbora koji su planirani u oktobru 2022. godine.<\/p>\n<p>U dijelu intervjua koji je emitovan na RTRS-u, a koji \u0107e kompletan biti prikazan ve\u010deras, Dodik je ostvaio otvorenu mogu\u0107nost da se vladaju\u0107a koalicija iz RS-a pridru\u017ei strankama s hrvatskim predznakom u bojkotu izbora.<\/p>\n<p>&#8220;Mogu\u0107e je da \u0107e ostati nerije\u0161ena situacija. Ulazimo tada u mogu\u0107nost da Hrvati ne iza\u0111u na izbore. Ako bude upliva stranaca u rad Centralne izborne komisije, ni RS ne\u0107e iza\u0107i na izbore. Tra\u017eimo potpuno neutralnu izbornu strukturu i situaciju i spremni smo da u tome u\u010destvujemo&#8221;, izjavio je.<\/p>\n<p>Dodik nije pojasnio \u0161ta smatra pod &#8220;uplivom stranaca u rad CIK-a&#8221;.<\/p>\n<p>&#8220;Mo\u017eda \u0107e opozicija iz RS-a pristati da u\u010destvuje na takvim izborima, ali mi ne bi u\u010destvovali. Mi mo\u017eemo ovdje da onemogu\u0107imo da se izbori provedbu, bez obzira \u0161to bi CIK raspisao. Dovoljno je da na\u0161e javne ustanove kao \u0161to su \u0161kole i domovi kulture ne daju na raspolaganje, ili da na\u0161e op\u0161tine ne formiraju mjesne izborne komisije. I nema izbore, je li tako?&#8221;, rekao je predsjednik SNSD-a, prenosi Klix.<\/p>\n<p>Ovom najavom Dodik dodatno zagrijava ionako vru\u0107u politi\u010dku situaciju u cijeloj Bosni i Hercegovini te na taj na\u010din vr\u0161i pritisak u korist HDZ-a i ucjenjuje po pitanju reforme izbornog zakonodavstva.<\/p>\n<p>Poznato je da se uveliko vode pregovori za izmjene Izbornog zakona BiH pod mentorstvom ameri\u010dkih i evropskih zvani\u010dnika. No, uprkos brojnim sastancima stavovi i dalje nisu dovoljno pribli\u017eeni da bi se mogao graditi ikakav optimizam.<\/p>\n<p>&nbsp;<\/p>\n<p>Lider HDZ-a Dragan \u010covi\u0107 u vi\u0161e navrata je izjavio kako ne\u0107e biti smisla odr\u017eati izbore po trenutnom Izbornom zakonu BiH, istom onom po kojem je 2014. godine izabran za \u010dlana Predsjedni\u0161tva BiH.<\/p>\n","protected":false},"excerpt":{"rendered":"<p>\u010clan Predsjedni\u0161tva BiH i lider SNSD-a Milorad Dodik iznio je danas tezu o mogu\u0107em bojkotu&hellip;<\/p>\n","protected":false},"author":4,"featured_media":149511,"comment_status":"open","ping_status":"closed","sticky":false,"template":"","format":"standard","meta":{"_acf_changed":false,"footnotes":""},"categories":[291],"tags":[535,3568],"acf":[],"yoast_head":"<!-- This site is optimized with the Yoast SEO plugin v23.5 - https:\/\/yoast.com\/wordpress\/plugins\/seo\/ -->\n<title>Neki novi momenti: Dodik prijeti bojkotom izbora 2022. - TuzlaInfo.ba<\/title>\n<meta name=\"robots\" content=\"index, follow, max-snippet:-1, max-image-preview:large, max-video-preview:-1\" \/>\n<link rel=\"canonical\" href=\"https:\/\/tuzlainfo.ba\/index.php\/bosna-i-hercegovina\/item\/156998-neki-novi-momenti-dodik-prijeti-bojkotom-izbora-2022\/\" \/>\n<meta property=\"og:locale\" content=\"bs_BA\" \/>\n<meta property=\"og:type\" content=\"article\" \/>\n<meta property=\"og:title\" content=\"Neki novi momenti: Dodik prijeti bojkotom izbora 2022. - TuzlaInfo.ba\" \/>\n<meta property=\"og:description\" content=\"\u010clan Predsjedni\u0161tva BiH i lider SNSD-a Milorad Dodik iznio je danas tezu o mogu\u0107em bojkotu&hellip;\" \/>\n<meta property=\"og:url\" content=\"https:\/\/tuzlainfo.ba\/index.php\/bosna-i-hercegovina\/item\/156998-neki-novi-momenti-dodik-prijeti-bojkotom-izbora-2022\/\" \/>\n<meta property=\"og:site_name\" content=\"TuzlaInfo.ba\" \/>\n<meta property=\"article:publisher\" content=\"https:\/\/www.facebook.com\/tuzlainfo.ba\/\" \/>\n<meta property=\"article:published_time\" content=\"2021-12-05T18:31:38+00:00\" \/>\n<meta property=\"og:image\" content=\"https:\/\/tuzlainfo.ba\/wp-content\/uploads\/2021\/09\/3009_dodik_bn.jpg\" \/>\n\t<meta property=\"og:image:width\" content=\"1000\" \/>\n\t<meta property=\"og:image:height\" content=\"688\" \/>\n\t<meta property=\"og:image:type\" content=\"image\/jpeg\" \/>\n<meta name=\"author\" content=\"Tuzla Info\" \/>\n<meta name=\"twitter:card\" content=\"summary_large_image\" \/>\n<meta name=\"twitter:label1\" content=\"Written by\" \/>\n\t<meta name=\"twitter:data1\" content=\"Tuzla Info\" \/>\n\t<meta name=\"twitter:label2\" content=\"Est. reading time\" \/>\n\t<meta name=\"twitter:data2\" content=\"2 minute\" \/>\n<script type=\"application\/ld+json\" class=\"yoast-schema-graph\">{\"@context\":\"https:\/\/schema.org\",\"@graph\":[{\"@type\":\"Article\",\"@id\":\"https:\/\/tuzlainfo.ba\/index.php\/bosna-i-hercegovina\/item\/156998-neki-novi-momenti-dodik-prijeti-bojkotom-izbora-2022\/#article\",\"isPartOf\":{\"@id\":\"https:\/\/tuzlainfo.ba\/index.php\/bosna-i-hercegovina\/item\/156998-neki-novi-momenti-dodik-prijeti-bojkotom-izbora-2022\/\"},\"author\":{\"name\":\"Tuzla Info\",\"@id\":\"https:\/\/tuzlainfo.ba\/#\/schema\/person\/46cad4c57790cbc50781edd14870825a\"},\"headline\":\"Neki novi momenti: Dodik prijeti bojkotom izbora 2022.\",\"datePublished\":\"2021-12-05T18:31:38+00:00\",\"dateModified\":\"2021-12-05T18:31:38+00:00\",\"mainEntityOfPage\":{\"@id\":\"https:\/\/tuzlainfo.ba\/index.php\/bosna-i-hercegovina\/item\/156998-neki-novi-momenti-dodik-prijeti-bojkotom-izbora-2022\/\"},\"wordCount\":323,\"commentCount\":0,\"publisher\":{\"@id\":\"https:\/\/tuzlainfo.ba\/#organization\"},\"image\":{\"@id\":\"https:\/\/tuzlainfo.ba\/index.php\/bosna-i-hercegovina\/item\/156998-neki-novi-momenti-dodik-prijeti-bojkotom-izbora-2022\/#primaryimage\"},\"thumbnailUrl\":\"https:\/\/tuzlainfo.ba\/wp-content\/uploads\/2021\/09\/3009_dodik_bn.jpg\",\"keywords\":[\"milorad dodik\",\"Op\u0107i izbori\"],\"articleSection\":[\"Bosna i Hercegovina\"],\"inLanguage\":\"bs-BA\"},{\"@type\":\"WebPage\",\"@id\":\"https:\/\/tuzlainfo.ba\/index.php\/bosna-i-hercegovina\/item\/156998-neki-novi-momenti-dodik-prijeti-bojkotom-izbora-2022\/\",\"url\":\"https:\/\/tuzlainfo.ba\/index.php\/bosna-i-hercegovina\/item\/156998-neki-novi-momenti-dodik-prijeti-bojkotom-izbora-2022\/\",\"name\":\"Neki novi momenti: Dodik prijeti bojkotom izbora 2022. - TuzlaInfo.ba\",\"isPartOf\":{\"@id\":\"https:\/\/tuzlainfo.ba\/#website\"},\"primaryImageOfPage\":{\"@id\":\"https:\/\/tuzlainfo.ba\/index.php\/bosna-i-hercegovina\/item\/156998-neki-novi-momenti-dodik-prijeti-bojkotom-izbora-2022\/#primaryimage\"},\"image\":{\"@id\":\"https:\/\/tuzlainfo.ba\/index.php\/bosna-i-hercegovina\/item\/156998-neki-novi-momenti-dodik-prijeti-bojkotom-izbora-2022\/#primaryimage\"},\"thumbnailUrl\":\"https:\/\/tuzlainfo.ba\/wp-content\/uploads\/2021\/09\/3009_dodik_bn.jpg\",\"datePublished\":\"2021-12-05T18:31:38+00:00\",\"dateModified\":\"2021-12-05T18:31:38+00:00\",\"breadcrumb\":{\"@id\":\"https:\/\/tuzlainfo.ba\/index.php\/bosna-i-hercegovina\/item\/156998-neki-novi-momenti-dodik-prijeti-bojkotom-izbora-2022\/#breadcrumb\"},\"inLanguage\":\"bs-BA\",\"potentialAction\":[{\"@type\":\"ReadAction\",\"target\":[\"https:\/\/tuzlainfo.ba\/index.php\/bosna-i-hercegovina\/item\/156998-neki-novi-momenti-dodik-prijeti-bojkotom-izbora-2022\/\"]}]},{\"@type\":\"ImageObject\",\"inLanguage\":\"bs-BA\",\"@id\":\"https:\/\/tuzlainfo.ba\/index.php\/bosna-i-hercegovina\/item\/156998-neki-novi-momenti-dodik-prijeti-bojkotom-izbora-2022\/#primaryimage\",\"url\":\"https:\/\/tuzlainfo.ba\/wp-content\/uploads\/2021\/09\/3009_dodik_bn.jpg\",\"contentUrl\":\"https:\/\/tuzlainfo.ba\/wp-content\/uploads\/2021\/09\/3009_dodik_bn.jpg\",\"width\":1000,\"height\":688},{\"@type\":\"BreadcrumbList\",\"@id\":\"https:\/\/tuzlainfo.ba\/index.php\/bosna-i-hercegovina\/item\/156998-neki-novi-momenti-dodik-prijeti-bojkotom-izbora-2022\/#breadcrumb\",\"itemListElement\":[{\"@type\":\"ListItem\",\"position\":1,\"name\":\"Home\",\"item\":\"https:\/\/tuzlainfo.ba\/\"},{\"@type\":\"ListItem\",\"position\":2,\"name\":\"Neki novi momenti: Dodik prijeti bojkotom izbora 2022.\"}]},{\"@type\":\"WebSite\",\"@id\":\"https:\/\/tuzlainfo.ba\/#website\",\"url\":\"https:\/\/tuzlainfo.ba\/\",\"name\":\"TuzlaInfo.ba\",\"description\":\"Tuzla info, gradski informator - Tuzla na dlanu\",\"publisher\":{\"@id\":\"https:\/\/tuzlainfo.ba\/#organization\"},\"potentialAction\":[{\"@type\":\"SearchAction\",\"target\":{\"@type\":\"EntryPoint\",\"urlTemplate\":\"https:\/\/tuzlainfo.ba\/?s={search_term_string}\"},\"query-input\":{\"@type\":\"PropertyValueSpecification\",\"valueRequired\":true,\"valueName\":\"search_term_string\"}}],\"inLanguage\":\"bs-BA\"},{\"@type\":\"Organization\",\"@id\":\"https:\/\/tuzlainfo.ba\/#organization\",\"name\":\"TuzlaInfo.ba\",\"url\":\"https:\/\/tuzlainfo.ba\/\",\"logo\":{\"@type\":\"ImageObject\",\"inLanguage\":\"bs-BA\",\"@id\":\"https:\/\/tuzlainfo.ba\/#\/schema\/logo\/image\/\",\"url\":\"https:\/\/tuzlainfo.ba\/wp-content\/uploads\/2021\/03\/logo-ver-3-1.png\",\"contentUrl\":\"https:\/\/tuzlainfo.ba\/wp-content\/uploads\/2021\/03\/logo-ver-3-1.png\",\"width\":350,\"height\":95,\"caption\":\"TuzlaInfo.ba\"},\"image\":{\"@id\":\"https:\/\/tuzlainfo.ba\/#\/schema\/logo\/image\/\"},\"sameAs\":[\"https:\/\/www.facebook.com\/tuzlainfo.ba\/\"]},{\"@type\":\"Person\",\"@id\":\"https:\/\/tuzlainfo.ba\/#\/schema\/person\/46cad4c57790cbc50781edd14870825a\",\"name\":\"Tuzla Info\",\"image\":{\"@type\":\"ImageObject\",\"inLanguage\":\"bs-BA\",\"@id\":\"https:\/\/tuzlainfo.ba\/#\/schema\/person\/image\/\",\"url\":\"https:\/\/tuzlainfo.ba\/wp-content\/litespeed\/avatar\/b6c453a6c38e3654f2e4416c643fc25c.jpg?ver=1777051911\",\"contentUrl\":\"https:\/\/tuzlainfo.ba\/wp-content\/litespeed\/avatar\/b6c453a6c38e3654f2e4416c643fc25c.jpg?ver=1777051911\",\"caption\":\"Tuzla Info\"}}]}<\/script>\n<!-- \/ Yoast SEO plugin. -->","yoast_head_json":{"title":"Neki novi momenti: Dodik prijeti bojkotom izbora 2022. - TuzlaInfo.ba","robots":{"index":"index","follow":"follow","max-snippet":"max-snippet:-1","max-image-preview":"max-image-preview:large","max-video-preview":"max-video-preview:-1"},"canonical":"https:\/\/tuzlainfo.ba\/index.php\/bosna-i-hercegovina\/item\/156998-neki-novi-momenti-dodik-prijeti-bojkotom-izbora-2022\/","og_locale":"bs_BA","og_type":"article","og_title":"Neki novi momenti: Dodik prijeti bojkotom izbora 2022. - TuzlaInfo.ba","og_description":"\u010clan Predsjedni\u0161tva BiH i lider SNSD-a Milorad Dodik iznio je danas tezu o mogu\u0107em bojkotu&hellip;","og_url":"https:\/\/tuzlainfo.ba\/index.php\/bosna-i-hercegovina\/item\/156998-neki-novi-momenti-dodik-prijeti-bojkotom-izbora-2022\/","og_site_name":"TuzlaInfo.ba","article_publisher":"https:\/\/www.facebook.com\/tuzlainfo.ba\/","article_published_time":"2021-12-05T18:31:38+00:00","og_image":[{"width":1000,"height":688,"url":"https:\/\/tuzlainfo.ba\/wp-content\/uploads\/2021\/09\/3009_dodik_bn.jpg","type":"image\/jpeg"}],"author":"Tuzla Info","twitter_card":"summary_large_image","twitter_misc":{"Written by":"Tuzla Info","Est. reading time":"2 minute"},"schema":{"@context":"https:\/\/schema.org","@graph":[{"@type":"Article","@id":"https:\/\/tuzlainfo.ba\/index.php\/bosna-i-hercegovina\/item\/156998-neki-novi-momenti-dodik-prijeti-bojkotom-izbora-2022\/#article","isPartOf":{"@id":"https:\/\/tuzlainfo.ba\/index.php\/bosna-i-hercegovina\/item\/156998-neki-novi-momenti-dodik-prijeti-bojkotom-izbora-2022\/"},"author":{"name":"Tuzla Info","@id":"https:\/\/tuzlainfo.ba\/#\/schema\/person\/46cad4c57790cbc50781edd14870825a"},"headline":"Neki novi momenti: Dodik prijeti bojkotom izbora 2022.","datePublished":"2021-12-05T18:31:38+00:00","dateModified":"2021-12-05T18:31:38+00:00","mainEntityOfPage":{"@id":"https:\/\/tuzlainfo.ba\/index.php\/bosna-i-hercegovina\/item\/156998-neki-novi-momenti-dodik-prijeti-bojkotom-izbora-2022\/"},"wordCount":323,"commentCount":0,"publisher":{"@id":"https:\/\/tuzlainfo.ba\/#organization"},"image":{"@id":"https:\/\/tuzlainfo.ba\/index.php\/bosna-i-hercegovina\/item\/156998-neki-novi-momenti-dodik-prijeti-bojkotom-izbora-2022\/#primaryimage"},"thumbnailUrl":"https:\/\/tuzlainfo.ba\/wp-content\/uploads\/2021\/09\/3009_dodik_bn.jpg","keywords":["milorad dodik","Op\u0107i izbori"],"articleSection":["Bosna i Hercegovina"],"inLanguage":"bs-BA"},{"@type":"WebPage","@id":"https:\/\/tuzlainfo.ba\/index.php\/bosna-i-hercegovina\/item\/156998-neki-novi-momenti-dodik-prijeti-bojkotom-izbora-2022\/","url":"https:\/\/tuzlainfo.ba\/index.php\/bosna-i-hercegovina\/item\/156998-neki-novi-momenti-dodik-prijeti-bojkotom-izbora-2022\/","name":"Neki novi momenti: Dodik prijeti bojkotom izbora 2022. - TuzlaInfo.ba","isPartOf":{"@id":"https:\/\/tuzlainfo.ba\/#website"},"primaryImageOfPage":{"@id":"https:\/\/tuzlainfo.ba\/index.php\/bosna-i-hercegovina\/item\/156998-neki-novi-momenti-dodik-prijeti-bojkotom-izbora-2022\/#primaryimage"},"image":{"@id":"https:\/\/tuzlainfo.ba\/index.php\/bosna-i-hercegovina\/item\/156998-neki-novi-momenti-dodik-prijeti-bojkotom-izbora-2022\/#primaryimage"},"thumbnailUrl":"https:\/\/tuzlainfo.ba\/wp-content\/uploads\/2021\/09\/3009_dodik_bn.jpg","datePublished":"2021-12-05T18:31:38+00:00","dateModified":"2021-12-05T18:31:38+00:00","breadcrumb":{"@id":"https:\/\/tuzlainfo.ba\/index.php\/bosna-i-hercegovina\/item\/156998-neki-novi-momenti-dodik-prijeti-bojkotom-izbora-2022\/#breadcrumb"},"inLanguage":"bs-BA","potentialAction":[{"@type":"ReadAction","target":["https:\/\/tuzlainfo.ba\/index.php\/bosna-i-hercegovina\/item\/156998-neki-novi-momenti-dodik-prijeti-bojkotom-izbora-2022\/"]}]},{"@type":"ImageObject","inLanguage":"bs-BA","@id":"https:\/\/tuzlainfo.ba\/index.php\/bosna-i-hercegovina\/item\/156998-neki-novi-momenti-dodik-prijeti-bojkotom-izbora-2022\/#primaryimage","url":"https:\/\/tuzlainfo.ba\/wp-content\/uploads\/2021\/09\/3009_dodik_bn.jpg","contentUrl":"https:\/\/tuzlainfo.ba\/wp-content\/uploads\/2021\/09\/3009_dodik_bn.jpg","width":1000,"height":688},{"@type":"BreadcrumbList","@id":"https:\/\/tuzlainfo.ba\/index.php\/bosna-i-hercegovina\/item\/156998-neki-novi-momenti-dodik-prijeti-bojkotom-izbora-2022\/#breadcrumb","itemListElement":[{"@type":"ListItem","position":1,"name":"Home","item":"https:\/\/tuzlainfo.ba\/"},{"@type":"ListItem","position":2,"name":"Neki novi momenti: Dodik prijeti bojkotom izbora 2022."}]},{"@type":"WebSite","@id":"https:\/\/tuzlainfo.ba\/#website","url":"https:\/\/tuzlainfo.ba\/","name":"TuzlaInfo.ba","description":"Tuzla info, gradski informator - Tuzla na dlanu","publisher":{"@id":"https:\/\/tuzlainfo.ba\/#organization"},"potentialAction":[{"@type":"SearchAction","target":{"@type":"EntryPoint","urlTemplate":"https:\/\/tuzlainfo.ba\/?s={search_term_string}"},"query-input":{"@type":"PropertyValueSpecification","valueRequired":true,"valueName":"search_term_string"}}],"inLanguage":"bs-BA"},{"@type":"Organization","@id":"https:\/\/tuzlainfo.ba\/#organization","name":"TuzlaInfo.ba","url":"https:\/\/tuzlainfo.ba\/","logo":{"@type":"ImageObject","inLanguage":"bs-BA","@id":"https:\/\/tuzlainfo.ba\/#\/schema\/logo\/image\/","url":"https:\/\/tuzlainfo.ba\/wp-content\/uploads\/2021\/03\/logo-ver-3-1.png","contentUrl":"https:\/\/tuzlainfo.ba\/wp-content\/uploads\/2021\/03\/logo-ver-3-1.png","width":350,"height":95,"caption":"TuzlaInfo.ba"},"image":{"@id":"https:\/\/tuzlainfo.ba\/#\/schema\/logo\/image\/"},"sameAs":["https:\/\/www.facebook.com\/tuzlainfo.ba\/"]},{"@type":"Person","@id":"https:\/\/tuzlainfo.ba\/#\/schema\/person\/46cad4c57790cbc50781edd14870825a","name":"Tuzla Info","image":{"@type":"ImageObject","inLanguage":"bs-BA","@id":"https:\/\/tuzlainfo.ba\/#\/schema\/person\/image\/","url":"https:\/\/tuzlainfo.ba\/wp-content\/litespeed\/avatar\/b6c453a6c38e3654f2e4416c643fc25c.jpg?ver=1777051911","contentUrl":"https:\/\/tuzlainfo.ba\/wp-content\/litespeed\/avatar\/b6c453a6c38e3654f2e4416c643fc25c.jpg?ver=1777051911","caption":"Tuzla Info"}}]}},"_links":{"self":[{"href":"https:\/\/tuzlainfo.ba\/index.php\/wp-json\/wp\/v2\/posts\/156998"}],"collection":[{"href":"https:\/\/tuzlainfo.ba\/index.php\/wp-json\/wp\/v2\/posts"}],"about":[{"href":"https:\/\/tuzlainfo.ba\/index.php\/wp-json\/wp\/v2\/types\/post"}],"author":[{"embeddable":true,"href":"https:\/\/tuzlainfo.ba\/index.php\/wp-json\/wp\/v2\/users\/4"}],"replies":[{"embeddable":true,"href":"https:\/\/tuzlainfo.ba\/index.php\/wp-json\/wp\/v2\/comments?post=156998"}],"version-history":[{"count":0,"href":"https:\/\/tuzlainfo.ba\/index.php\/wp-json\/wp\/v2\/posts\/156998\/revisions"}],"wp:featuredmedia":[{"embeddable":true,"href":"https:\/\/tuzlainfo.ba\/index.php\/wp-json\/wp\/v2\/media\/149511"}],"wp:attachment":[{"href":"https:\/\/tuzlainfo.ba\/index.php\/wp-json\/wp\/v2\/media?parent=156998"}],"wp:term":[{"taxonomy":"category","embeddable":true,"href":"https:\/\/tuzlainfo.ba\/index.php\/wp-json\/wp\/v2\/categories?post=156998"},{"taxonomy":"post_tag","embeddable":true,"href":"https:\/\/tuzlainfo.ba\/index.php\/wp-json\/wp\/v2\/tags?post=156998"}],"curies":[{"name":"wp","href":"https:\/\/api.w.org\/{rel}","templated":true}]}}