{"id":156764,"date":"2021-12-04T08:00:32","date_gmt":"2021-12-04T07:00:32","guid":{"rendered":"https:\/\/tuzlainfo.ba\/?p=156764"},"modified":"2021-12-03T22:11:55","modified_gmt":"2021-12-03T21:11:55","slug":"tk-objavljena-konacna-rang-lista-korisnika-sredstva-za-obavljanje-volonterskog-staza","status":"publish","type":"post","link":"https:\/\/tuzlainfo.ba\/index.php\/novosti\/item\/156764-tk-objavljena-konacna-rang-lista-korisnika-sredstva-za-obavljanje-volonterskog-staza\/","title":{"rendered":"TK: Objavljena kona\u010dna rang lista korisnika sredstva za obavljanje volonterskog sta\u017ea"},"content":{"rendered":"<p>Ministar za bora\u010dka pitanja Tuzlanskog kantona utvrdio je kona\u010dnu rang listu branilaca i \u010dlanova njihovih porodica kojima se u bud\u017eetu Tuzlanskog kantona obezbje\u0111uju sredstva za obavljanje volonterskog sta\u017ea\/stru\u010dnog osposobljavanja bez zasnivanja radnog odnosa po ponovljenom javnom pozivu za 2021. godinu.<\/p>\n<p>Kona\u010dnu listu na kojoj se nalazi 66 imena mo\u017eete pogledati<a href=\"http:\/\/www.vladatk.kim.ba\/Ministarstva\/MBP\/2021\/Konacna_rang_lista_volontera-03122021.pdf\"><span style=\"color: #ff0000;\"><strong> OVDJE<\/strong><\/span><\/a>.<\/p>\n<p>Podsje\u0107amo za obavljanje pripravni\u010dkog i volonterskog sta\u017ea &#8211; stru\u010dno osposobljavanje bez zasnivanja radnog odnosa Vlada TK je u bud\u017eetu obezbijedila\u00a0 710.000,00 KM, \u0161to je za 10.000 vi\u0161e nego u inicijalnom Programu.<\/p>\n<p>&nbsp;<\/p>\n","protected":false},"excerpt":{"rendered":"<p>Ministar za bora\u010dka pitanja Tuzlanskog kantona utvrdio je kona\u010dnu rang listu branilaca i \u010dlanova njihovih&hellip;<\/p>\n","protected":false},"author":2,"featured_media":74597,"comment_status":"open","ping_status":"closed","sticky":false,"template":"","format":"standard","meta":{"_acf_changed":false,"footnotes":""},"categories":[304,12],"tags":[336,2323],"acf":[],"yoast_head":"<!-- This site is optimized with the Yoast SEO plugin v23.5 - https:\/\/yoast.com\/wordpress\/plugins\/seo\/ -->\n<title>TK: Objavljena kona\u010dna rang lista korisnika sredstva za obavljanje volonterskog sta\u017ea - TuzlaInfo.ba<\/title>\n<meta name=\"robots\" content=\"index, follow, max-snippet:-1, max-image-preview:large, max-video-preview:-1\" \/>\n<link rel=\"canonical\" href=\"https:\/\/tuzlainfo.ba\/index.php\/novosti\/item\/156764-tk-objavljena-konacna-rang-lista-korisnika-sredstva-za-obavljanje-volonterskog-staza\/\" \/>\n<meta property=\"og:locale\" content=\"bs_BA\" \/>\n<meta property=\"og:type\" content=\"article\" \/>\n<meta property=\"og:title\" content=\"TK: Objavljena kona\u010dna rang lista korisnika sredstva za obavljanje volonterskog sta\u017ea - TuzlaInfo.ba\" \/>\n<meta property=\"og:description\" content=\"Ministar za bora\u010dka pitanja Tuzlanskog kantona utvrdio je kona\u010dnu rang listu branilaca i \u010dlanova njihovih&hellip;\" \/>\n<meta property=\"og:url\" content=\"https:\/\/tuzlainfo.ba\/index.php\/novosti\/item\/156764-tk-objavljena-konacna-rang-lista-korisnika-sredstva-za-obavljanje-volonterskog-staza\/\" \/>\n<meta property=\"og:site_name\" content=\"TuzlaInfo.ba\" \/>\n<meta property=\"article:publisher\" content=\"https:\/\/www.facebook.com\/tuzlainfo.ba\/\" \/>\n<meta property=\"article:published_time\" content=\"2021-12-04T07:00:32+00:00\" \/>\n<meta property=\"article:modified_time\" content=\"2021-12-03T21:11:55+00:00\" \/>\n<meta property=\"og:image\" content=\"https:\/\/tuzlainfo.ba\/wp-content\/uploads\/2019\/11\/sadrzaj_2019_20190101_01012019_vlada_tk_vizual.jpg\" \/>\n\t<meta property=\"og:image:width\" content=\"770\" \/>\n\t<meta property=\"og:image:height\" content=\"536\" \/>\n\t<meta property=\"og:image:type\" content=\"image\/jpeg\" \/>\n<meta name=\"author\" content=\"nedim\" \/>\n<meta name=\"twitter:card\" content=\"summary_large_image\" \/>\n<meta name=\"twitter:label1\" content=\"Written by\" \/>\n\t<meta name=\"twitter:data1\" content=\"nedim\" \/>\n<script type=\"application\/ld+json\" class=\"yoast-schema-graph\">{\"@context\":\"https:\/\/schema.org\",\"@graph\":[{\"@type\":\"Article\",\"@id\":\"https:\/\/tuzlainfo.ba\/index.php\/novosti\/item\/156764-tk-objavljena-konacna-rang-lista-korisnika-sredstva-za-obavljanje-volonterskog-staza\/#article\",\"isPartOf\":{\"@id\":\"https:\/\/tuzlainfo.ba\/index.php\/novosti\/item\/156764-tk-objavljena-konacna-rang-lista-korisnika-sredstva-za-obavljanje-volonterskog-staza\/\"},\"author\":{\"name\":\"nedim\",\"@id\":\"https:\/\/tuzlainfo.ba\/#\/schema\/person\/f434e20dc27ea133923aab08451b7f7f\"},\"headline\":\"TK: Objavljena kona\u010dna rang lista korisnika sredstva za obavljanje volonterskog sta\u017ea\",\"datePublished\":\"2021-12-04T07:00:32+00:00\",\"dateModified\":\"2021-12-03T21:11:55+00:00\",\"mainEntityOfPage\":{\"@id\":\"https:\/\/tuzlainfo.ba\/index.php\/novosti\/item\/156764-tk-objavljena-konacna-rang-lista-korisnika-sredstva-za-obavljanje-volonterskog-staza\/\"},\"wordCount\":107,\"commentCount\":0,\"publisher\":{\"@id\":\"https:\/\/tuzlainfo.ba\/#organization\"},\"image\":{\"@id\":\"https:\/\/tuzlainfo.ba\/index.php\/novosti\/item\/156764-tk-objavljena-konacna-rang-lista-korisnika-sredstva-za-obavljanje-volonterskog-staza\/#primaryimage\"},\"thumbnailUrl\":\"https:\/\/tuzlainfo.ba\/wp-content\/uploads\/2019\/11\/sadrzaj_2019_20190101_01012019_vlada_tk_vizual.jpg\",\"keywords\":[\"vlada tk\",\"volonterski sta\u017e\"],\"articleSection\":[\"Istaknuto\",\"Novosti\"],\"inLanguage\":\"bs-BA\"},{\"@type\":\"WebPage\",\"@id\":\"https:\/\/tuzlainfo.ba\/index.php\/novosti\/item\/156764-tk-objavljena-konacna-rang-lista-korisnika-sredstva-za-obavljanje-volonterskog-staza\/\",\"url\":\"https:\/\/tuzlainfo.ba\/index.php\/novosti\/item\/156764-tk-objavljena-konacna-rang-lista-korisnika-sredstva-za-obavljanje-volonterskog-staza\/\",\"name\":\"TK: Objavljena kona\u010dna rang lista korisnika sredstva za obavljanje volonterskog sta\u017ea - TuzlaInfo.ba\",\"isPartOf\":{\"@id\":\"https:\/\/tuzlainfo.ba\/#website\"},\"primaryImageOfPage\":{\"@id\":\"https:\/\/tuzlainfo.ba\/index.php\/novosti\/item\/156764-tk-objavljena-konacna-rang-lista-korisnika-sredstva-za-obavljanje-volonterskog-staza\/#primaryimage\"},\"image\":{\"@id\":\"https:\/\/tuzlainfo.ba\/index.php\/novosti\/item\/156764-tk-objavljena-konacna-rang-lista-korisnika-sredstva-za-obavljanje-volonterskog-staza\/#primaryimage\"},\"thumbnailUrl\":\"https:\/\/tuzlainfo.ba\/wp-content\/uploads\/2019\/11\/sadrzaj_2019_20190101_01012019_vlada_tk_vizual.jpg\",\"datePublished\":\"2021-12-04T07:00:32+00:00\",\"dateModified\":\"2021-12-03T21:11:55+00:00\",\"breadcrumb\":{\"@id\":\"https:\/\/tuzlainfo.ba\/index.php\/novosti\/item\/156764-tk-objavljena-konacna-rang-lista-korisnika-sredstva-za-obavljanje-volonterskog-staza\/#breadcrumb\"},\"inLanguage\":\"bs-BA\",\"potentialAction\":[{\"@type\":\"ReadAction\",\"target\":[\"https:\/\/tuzlainfo.ba\/index.php\/novosti\/item\/156764-tk-objavljena-konacna-rang-lista-korisnika-sredstva-za-obavljanje-volonterskog-staza\/\"]}]},{\"@type\":\"ImageObject\",\"inLanguage\":\"bs-BA\",\"@id\":\"https:\/\/tuzlainfo.ba\/index.php\/novosti\/item\/156764-tk-objavljena-konacna-rang-lista-korisnika-sredstva-za-obavljanje-volonterskog-staza\/#primaryimage\",\"url\":\"https:\/\/tuzlainfo.ba\/wp-content\/uploads\/2019\/11\/sadrzaj_2019_20190101_01012019_vlada_tk_vizual.jpg\",\"contentUrl\":\"https:\/\/tuzlainfo.ba\/wp-content\/uploads\/2019\/11\/sadrzaj_2019_20190101_01012019_vlada_tk_vizual.jpg\",\"width\":770,\"height\":536,\"caption\":\"01012019 vlada tk vizual\"},{\"@type\":\"BreadcrumbList\",\"@id\":\"https:\/\/tuzlainfo.ba\/index.php\/novosti\/item\/156764-tk-objavljena-konacna-rang-lista-korisnika-sredstva-za-obavljanje-volonterskog-staza\/#breadcrumb\",\"itemListElement\":[{\"@type\":\"ListItem\",\"position\":1,\"name\":\"Home\",\"item\":\"https:\/\/tuzlainfo.ba\/\"},{\"@type\":\"ListItem\",\"position\":2,\"name\":\"TK: Objavljena kona\u010dna rang lista korisnika sredstva za obavljanje volonterskog sta\u017ea\"}]},{\"@type\":\"WebSite\",\"@id\":\"https:\/\/tuzlainfo.ba\/#website\",\"url\":\"https:\/\/tuzlainfo.ba\/\",\"name\":\"TuzlaInfo.ba\",\"description\":\"Tuzla info, gradski informator - Tuzla na dlanu\",\"publisher\":{\"@id\":\"https:\/\/tuzlainfo.ba\/#organization\"},\"potentialAction\":[{\"@type\":\"SearchAction\",\"target\":{\"@type\":\"EntryPoint\",\"urlTemplate\":\"https:\/\/tuzlainfo.ba\/?s={search_term_string}\"},\"query-input\":{\"@type\":\"PropertyValueSpecification\",\"valueRequired\":true,\"valueName\":\"search_term_string\"}}],\"inLanguage\":\"bs-BA\"},{\"@type\":\"Organization\",\"@id\":\"https:\/\/tuzlainfo.ba\/#organization\",\"name\":\"TuzlaInfo.ba\",\"url\":\"https:\/\/tuzlainfo.ba\/\",\"logo\":{\"@type\":\"ImageObject\",\"inLanguage\":\"bs-BA\",\"@id\":\"https:\/\/tuzlainfo.ba\/#\/schema\/logo\/image\/\",\"url\":\"https:\/\/tuzlainfo.ba\/wp-content\/uploads\/2021\/03\/logo-ver-3-1.png\",\"contentUrl\":\"https:\/\/tuzlainfo.ba\/wp-content\/uploads\/2021\/03\/logo-ver-3-1.png\",\"width\":350,\"height\":95,\"caption\":\"TuzlaInfo.ba\"},\"image\":{\"@id\":\"https:\/\/tuzlainfo.ba\/#\/schema\/logo\/image\/\"},\"sameAs\":[\"https:\/\/www.facebook.com\/tuzlainfo.ba\/\"]},{\"@type\":\"Person\",\"@id\":\"https:\/\/tuzlainfo.ba\/#\/schema\/person\/f434e20dc27ea133923aab08451b7f7f\",\"name\":\"nedim\",\"image\":{\"@type\":\"ImageObject\",\"inLanguage\":\"bs-BA\",\"@id\":\"https:\/\/tuzlainfo.ba\/#\/schema\/person\/image\/\",\"url\":\"https:\/\/tuzlainfo.ba\/wp-content\/litespeed\/avatar\/aabad687af24844af817603ac1cbdc4f.jpg?ver=1777306975\",\"contentUrl\":\"https:\/\/tuzlainfo.ba\/wp-content\/litespeed\/avatar\/aabad687af24844af817603ac1cbdc4f.jpg?ver=1777306975\",\"caption\":\"nedim\"},\"description\":\"Tuzlainfo.ba pratite na dru\u0161tvenim mre\u017eama: Facebook, Instagram i Youtube. Svoje pri\u010de, upite i fotografije \u0161aljite na na\u0161u e-mail adresu.\"}]}<\/script>\n<!-- \/ Yoast SEO plugin. -->","yoast_head_json":{"title":"TK: Objavljena kona\u010dna rang lista korisnika sredstva za obavljanje volonterskog sta\u017ea - TuzlaInfo.ba","robots":{"index":"index","follow":"follow","max-snippet":"max-snippet:-1","max-image-preview":"max-image-preview:large","max-video-preview":"max-video-preview:-1"},"canonical":"https:\/\/tuzlainfo.ba\/index.php\/novosti\/item\/156764-tk-objavljena-konacna-rang-lista-korisnika-sredstva-za-obavljanje-volonterskog-staza\/","og_locale":"bs_BA","og_type":"article","og_title":"TK: Objavljena kona\u010dna rang lista korisnika sredstva za obavljanje volonterskog sta\u017ea - TuzlaInfo.ba","og_description":"Ministar za bora\u010dka pitanja Tuzlanskog kantona utvrdio je kona\u010dnu rang listu branilaca i \u010dlanova njihovih&hellip;","og_url":"https:\/\/tuzlainfo.ba\/index.php\/novosti\/item\/156764-tk-objavljena-konacna-rang-lista-korisnika-sredstva-za-obavljanje-volonterskog-staza\/","og_site_name":"TuzlaInfo.ba","article_publisher":"https:\/\/www.facebook.com\/tuzlainfo.ba\/","article_published_time":"2021-12-04T07:00:32+00:00","article_modified_time":"2021-12-03T21:11:55+00:00","og_image":[{"width":770,"height":536,"url":"https:\/\/tuzlainfo.ba\/wp-content\/uploads\/2019\/11\/sadrzaj_2019_20190101_01012019_vlada_tk_vizual.jpg","type":"image\/jpeg"}],"author":"nedim","twitter_card":"summary_large_image","twitter_misc":{"Written by":"nedim"},"schema":{"@context":"https:\/\/schema.org","@graph":[{"@type":"Article","@id":"https:\/\/tuzlainfo.ba\/index.php\/novosti\/item\/156764-tk-objavljena-konacna-rang-lista-korisnika-sredstva-za-obavljanje-volonterskog-staza\/#article","isPartOf":{"@id":"https:\/\/tuzlainfo.ba\/index.php\/novosti\/item\/156764-tk-objavljena-konacna-rang-lista-korisnika-sredstva-za-obavljanje-volonterskog-staza\/"},"author":{"name":"nedim","@id":"https:\/\/tuzlainfo.ba\/#\/schema\/person\/f434e20dc27ea133923aab08451b7f7f"},"headline":"TK: Objavljena kona\u010dna rang lista korisnika sredstva za obavljanje volonterskog sta\u017ea","datePublished":"2021-12-04T07:00:32+00:00","dateModified":"2021-12-03T21:11:55+00:00","mainEntityOfPage":{"@id":"https:\/\/tuzlainfo.ba\/index.php\/novosti\/item\/156764-tk-objavljena-konacna-rang-lista-korisnika-sredstva-za-obavljanje-volonterskog-staza\/"},"wordCount":107,"commentCount":0,"publisher":{"@id":"https:\/\/tuzlainfo.ba\/#organization"},"image":{"@id":"https:\/\/tuzlainfo.ba\/index.php\/novosti\/item\/156764-tk-objavljena-konacna-rang-lista-korisnika-sredstva-za-obavljanje-volonterskog-staza\/#primaryimage"},"thumbnailUrl":"https:\/\/tuzlainfo.ba\/wp-content\/uploads\/2019\/11\/sadrzaj_2019_20190101_01012019_vlada_tk_vizual.jpg","keywords":["vlada tk","volonterski sta\u017e"],"articleSection":["Istaknuto","Novosti"],"inLanguage":"bs-BA"},{"@type":"WebPage","@id":"https:\/\/tuzlainfo.ba\/index.php\/novosti\/item\/156764-tk-objavljena-konacna-rang-lista-korisnika-sredstva-za-obavljanje-volonterskog-staza\/","url":"https:\/\/tuzlainfo.ba\/index.php\/novosti\/item\/156764-tk-objavljena-konacna-rang-lista-korisnika-sredstva-za-obavljanje-volonterskog-staza\/","name":"TK: Objavljena kona\u010dna rang lista korisnika sredstva za obavljanje volonterskog sta\u017ea - TuzlaInfo.ba","isPartOf":{"@id":"https:\/\/tuzlainfo.ba\/#website"},"primaryImageOfPage":{"@id":"https:\/\/tuzlainfo.ba\/index.php\/novosti\/item\/156764-tk-objavljena-konacna-rang-lista-korisnika-sredstva-za-obavljanje-volonterskog-staza\/#primaryimage"},"image":{"@id":"https:\/\/tuzlainfo.ba\/index.php\/novosti\/item\/156764-tk-objavljena-konacna-rang-lista-korisnika-sredstva-za-obavljanje-volonterskog-staza\/#primaryimage"},"thumbnailUrl":"https:\/\/tuzlainfo.ba\/wp-content\/uploads\/2019\/11\/sadrzaj_2019_20190101_01012019_vlada_tk_vizual.jpg","datePublished":"2021-12-04T07:00:32+00:00","dateModified":"2021-12-03T21:11:55+00:00","breadcrumb":{"@id":"https:\/\/tuzlainfo.ba\/index.php\/novosti\/item\/156764-tk-objavljena-konacna-rang-lista-korisnika-sredstva-za-obavljanje-volonterskog-staza\/#breadcrumb"},"inLanguage":"bs-BA","potentialAction":[{"@type":"ReadAction","target":["https:\/\/tuzlainfo.ba\/index.php\/novosti\/item\/156764-tk-objavljena-konacna-rang-lista-korisnika-sredstva-za-obavljanje-volonterskog-staza\/"]}]},{"@type":"ImageObject","inLanguage":"bs-BA","@id":"https:\/\/tuzlainfo.ba\/index.php\/novosti\/item\/156764-tk-objavljena-konacna-rang-lista-korisnika-sredstva-za-obavljanje-volonterskog-staza\/#primaryimage","url":"https:\/\/tuzlainfo.ba\/wp-content\/uploads\/2019\/11\/sadrzaj_2019_20190101_01012019_vlada_tk_vizual.jpg","contentUrl":"https:\/\/tuzlainfo.ba\/wp-content\/uploads\/2019\/11\/sadrzaj_2019_20190101_01012019_vlada_tk_vizual.jpg","width":770,"height":536,"caption":"01012019 vlada tk vizual"},{"@type":"BreadcrumbList","@id":"https:\/\/tuzlainfo.ba\/index.php\/novosti\/item\/156764-tk-objavljena-konacna-rang-lista-korisnika-sredstva-za-obavljanje-volonterskog-staza\/#breadcrumb","itemListElement":[{"@type":"ListItem","position":1,"name":"Home","item":"https:\/\/tuzlainfo.ba\/"},{"@type":"ListItem","position":2,"name":"TK: Objavljena kona\u010dna rang lista korisnika sredstva za obavljanje volonterskog sta\u017ea"}]},{"@type":"WebSite","@id":"https:\/\/tuzlainfo.ba\/#website","url":"https:\/\/tuzlainfo.ba\/","name":"TuzlaInfo.ba","description":"Tuzla info, gradski informator - Tuzla na dlanu","publisher":{"@id":"https:\/\/tuzlainfo.ba\/#organization"},"potentialAction":[{"@type":"SearchAction","target":{"@type":"EntryPoint","urlTemplate":"https:\/\/tuzlainfo.ba\/?s={search_term_string}"},"query-input":{"@type":"PropertyValueSpecification","valueRequired":true,"valueName":"search_term_string"}}],"inLanguage":"bs-BA"},{"@type":"Organization","@id":"https:\/\/tuzlainfo.ba\/#organization","name":"TuzlaInfo.ba","url":"https:\/\/tuzlainfo.ba\/","logo":{"@type":"ImageObject","inLanguage":"bs-BA","@id":"https:\/\/tuzlainfo.ba\/#\/schema\/logo\/image\/","url":"https:\/\/tuzlainfo.ba\/wp-content\/uploads\/2021\/03\/logo-ver-3-1.png","contentUrl":"https:\/\/tuzlainfo.ba\/wp-content\/uploads\/2021\/03\/logo-ver-3-1.png","width":350,"height":95,"caption":"TuzlaInfo.ba"},"image":{"@id":"https:\/\/tuzlainfo.ba\/#\/schema\/logo\/image\/"},"sameAs":["https:\/\/www.facebook.com\/tuzlainfo.ba\/"]},{"@type":"Person","@id":"https:\/\/tuzlainfo.ba\/#\/schema\/person\/f434e20dc27ea133923aab08451b7f7f","name":"nedim","image":{"@type":"ImageObject","inLanguage":"bs-BA","@id":"https:\/\/tuzlainfo.ba\/#\/schema\/person\/image\/","url":"https:\/\/tuzlainfo.ba\/wp-content\/litespeed\/avatar\/aabad687af24844af817603ac1cbdc4f.jpg?ver=1777306975","contentUrl":"https:\/\/tuzlainfo.ba\/wp-content\/litespeed\/avatar\/aabad687af24844af817603ac1cbdc4f.jpg?ver=1777306975","caption":"nedim"},"description":"Tuzlainfo.ba pratite na dru\u0161tvenim mre\u017eama: Facebook, Instagram i Youtube. Svoje pri\u010de, upite i fotografije \u0161aljite na na\u0161u e-mail adresu."}]}},"_links":{"self":[{"href":"https:\/\/tuzlainfo.ba\/index.php\/wp-json\/wp\/v2\/posts\/156764"}],"collection":[{"href":"https:\/\/tuzlainfo.ba\/index.php\/wp-json\/wp\/v2\/posts"}],"about":[{"href":"https:\/\/tuzlainfo.ba\/index.php\/wp-json\/wp\/v2\/types\/post"}],"author":[{"embeddable":true,"href":"https:\/\/tuzlainfo.ba\/index.php\/wp-json\/wp\/v2\/users\/2"}],"replies":[{"embeddable":true,"href":"https:\/\/tuzlainfo.ba\/index.php\/wp-json\/wp\/v2\/comments?post=156764"}],"version-history":[{"count":0,"href":"https:\/\/tuzlainfo.ba\/index.php\/wp-json\/wp\/v2\/posts\/156764\/revisions"}],"wp:featuredmedia":[{"embeddable":true,"href":"https:\/\/tuzlainfo.ba\/index.php\/wp-json\/wp\/v2\/media\/74597"}],"wp:attachment":[{"href":"https:\/\/tuzlainfo.ba\/index.php\/wp-json\/wp\/v2\/media?parent=156764"}],"wp:term":[{"taxonomy":"category","embeddable":true,"href":"https:\/\/tuzlainfo.ba\/index.php\/wp-json\/wp\/v2\/categories?post=156764"},{"taxonomy":"post_tag","embeddable":true,"href":"https:\/\/tuzlainfo.ba\/index.php\/wp-json\/wp\/v2\/tags?post=156764"}],"curies":[{"name":"wp","href":"https:\/\/api.w.org\/{rel}","templated":true}]}}