{"id":156760,"date":"2021-12-03T21:31:35","date_gmt":"2021-12-03T20:31:35","guid":{"rendered":"https:\/\/tuzlainfo.ba\/?p=156760"},"modified":"2021-12-03T21:31:35","modified_gmt":"2021-12-03T20:31:35","slug":"cega-se-lik-dosjetio-antivakser-iz-italije-pokusao-primiti-vakcinu-sa-laznom-rukom","status":"publish","type":"post","link":"https:\/\/tuzlainfo.ba\/index.php\/magazin\/item\/156760-cega-se-lik-dosjetio-antivakser-iz-italije-pokusao-primiti-vakcinu-sa-laznom-rukom\/","title":{"rendered":"&#8220;\u010cega se lik dosjetio&#8221;: Antivakser iz Italije poku\u0161ao primiti vakcinu sa la\u017enom rukom"},"content":{"rendered":"<div id=\"excerpt\" class=\"mt-5 md:mt-2 xl:mt-3 mb-5 font-sans font-semibold text-lg lg:text-xl leading-6 md:leading-7\">\n<p class=\"lead\">Jedan antivakser iz Italije bio je toliko odlu\u010dan da izbjegne primanje vakcine, ali da ipak dobije covid-potvrdu, da je nabavio silikonsku proteti\u010dku ruku i oti\u0161ao da u nju primi vakcinu nadaju\u0107i se da niko ne\u0107e primjetiti .<\/p>\n<\/div>\n<div id=\"text\" class=\"break-words mt-3 prose prose-md prose-indigo text-lg lg:text-xl space-y-4 mb-3 leading-6 md:leading-7\">\n<p>Kako pi\u0161e\u00a0<a href=\"https:\/\/www.theguardian.com\/world\/2021\/dec\/03\/italian-man-tries-to-dodge-covid-vaccine-wearing-fake-arm?utm_source=Klix.ba&amp;utm_medium=Clanak\" target=\"_blank\" rel=\"noopener\">Guardian<\/a>,\u00a0 a prenose brojni regionalni mediji, ova bizarna epizoda desila se u centru za vakcinisanje u Bielli, gradu blizu Torina u sjevernoj regiji Piemont, a dogodila se sedmicu nakon \u0161to je Italija objavila mjere koje zabranjuju nevakcinisanim niz dru\u0161tvenih, kulturnih i sportskih aktivnosti.<\/p>\n<p>Nakon \u0161to je obavio birokratske formalnosti, uklju\u010duju\u0107i potpisivanje formulara za pristanak pred doktorom, 50-godi\u0161njak je sjeo i podigao rukav ko\u0161ulje dok se pripremao da zdravstveni radnik izvr\u0161i vakcinaciju.<\/p>\n<p>U po\u010detku, zdravstvena radnica nije primijetila ni\u0161ta \u010dudno, jer je silikon izgledao sli\u010dno ko\u017ei. Ali nakon \u0161to je bolje pogledala i dodirnula ruku, medicinarka je zamolila mu\u0161karca da skine majicu.<\/p>\n<p>Njegov plan je osuje\u0107en, \u010dovjek, \u010dije ime nije poznato, poku\u0161ao je nagovoriti zdravstvenog radnika da za\u017emiri.<\/p>\n<p>\u201cBoja ruke mi je izazvala sumnju i zato sam zamolio \u010dovjeka da otkrije ostatak lijeve ruke. Bio je dobro napravljen, ali nije bio iste boje&#8221;, rekla je tehni\u010darka koja je trebala aplicirati vakcinu Filippa Bua.<\/p>\n<p>Zaklju\u010dila je da je silikonska proteza bila veoma uvjerljivo napravljena, ali da je presudilo to \u0161to se na njoj nisu mogle jasno razaznati vene.<\/p>\n<p>Mu\u0161karac koji je poku\u0161ao uraditi ovaj trik bit \u0107e optu\u017een za prevaru.<\/p>\n<\/div>\n","protected":false},"excerpt":{"rendered":"<p>Jedan antivakser iz Italije bio je toliko odlu\u010dan da izbjegne primanje vakcine, ali da ipak&hellip;<\/p>\n","protected":false},"author":2,"featured_media":65977,"comment_status":"open","ping_status":"closed","sticky":false,"template":"","format":"standard","meta":{"_acf_changed":false,"footnotes":""},"categories":[292],"tags":[1500,366],"acf":[],"yoast_head":"<!-- This site is optimized with the Yoast SEO plugin v23.5 - https:\/\/yoast.com\/wordpress\/plugins\/seo\/ -->\n<title>&quot;\u010cega se lik dosjetio&quot;: Antivakser iz Italije poku\u0161ao primiti vakcinu sa la\u017enom rukom - TuzlaInfo.ba<\/title>\n<meta name=\"robots\" content=\"index, follow, max-snippet:-1, max-image-preview:large, max-video-preview:-1\" \/>\n<link rel=\"canonical\" href=\"https:\/\/tuzlainfo.ba\/index.php\/magazin\/item\/156760-cega-se-lik-dosjetio-antivakser-iz-italije-pokusao-primiti-vakcinu-sa-laznom-rukom\/\" \/>\n<meta property=\"og:locale\" content=\"bs_BA\" \/>\n<meta property=\"og:type\" content=\"article\" \/>\n<meta property=\"og:title\" content=\"&quot;\u010cega se lik dosjetio&quot;: Antivakser iz Italije poku\u0161ao primiti vakcinu sa la\u017enom rukom - TuzlaInfo.ba\" \/>\n<meta property=\"og:description\" content=\"Jedan antivakser iz Italije bio je toliko odlu\u010dan da izbjegne primanje vakcine, ali da ipak&hellip;\" \/>\n<meta property=\"og:url\" content=\"https:\/\/tuzlainfo.ba\/index.php\/magazin\/item\/156760-cega-se-lik-dosjetio-antivakser-iz-italije-pokusao-primiti-vakcinu-sa-laznom-rukom\/\" \/>\n<meta property=\"og:site_name\" content=\"TuzlaInfo.ba\" \/>\n<meta property=\"article:publisher\" content=\"https:\/\/www.facebook.com\/tuzlainfo.ba\/\" \/>\n<meta property=\"article:published_time\" content=\"2021-12-03T20:31:35+00:00\" \/>\n<meta property=\"og:image\" content=\"https:\/\/tuzlainfo.ba\/wp-content\/uploads\/2018\/12\/sadrzaj_2018_20181201_0412_vakcina.jpg\" \/>\n\t<meta property=\"og:image:width\" content=\"770\" \/>\n\t<meta property=\"og:image:height\" content=\"513\" \/>\n\t<meta property=\"og:image:type\" content=\"image\/jpeg\" \/>\n<meta name=\"author\" content=\"nedim\" \/>\n<meta name=\"twitter:card\" content=\"summary_large_image\" \/>\n<meta name=\"twitter:label1\" content=\"Written by\" \/>\n\t<meta name=\"twitter:data1\" content=\"nedim\" \/>\n\t<meta name=\"twitter:label2\" content=\"Est. reading time\" \/>\n\t<meta name=\"twitter:data2\" content=\"1 minuta\" \/>\n<script type=\"application\/ld+json\" class=\"yoast-schema-graph\">{\"@context\":\"https:\/\/schema.org\",\"@graph\":[{\"@type\":\"Article\",\"@id\":\"https:\/\/tuzlainfo.ba\/index.php\/magazin\/item\/156760-cega-se-lik-dosjetio-antivakser-iz-italije-pokusao-primiti-vakcinu-sa-laznom-rukom\/#article\",\"isPartOf\":{\"@id\":\"https:\/\/tuzlainfo.ba\/index.php\/magazin\/item\/156760-cega-se-lik-dosjetio-antivakser-iz-italije-pokusao-primiti-vakcinu-sa-laznom-rukom\/\"},\"author\":{\"name\":\"nedim\",\"@id\":\"https:\/\/tuzlainfo.ba\/#\/schema\/person\/f434e20dc27ea133923aab08451b7f7f\"},\"headline\":\"&#8220;\u010cega se lik dosjetio&#8221;: Antivakser iz Italije poku\u0161ao primiti vakcinu sa la\u017enom rukom\",\"datePublished\":\"2021-12-03T20:31:35+00:00\",\"dateModified\":\"2021-12-03T20:31:35+00:00\",\"mainEntityOfPage\":{\"@id\":\"https:\/\/tuzlainfo.ba\/index.php\/magazin\/item\/156760-cega-se-lik-dosjetio-antivakser-iz-italije-pokusao-primiti-vakcinu-sa-laznom-rukom\/\"},\"wordCount\":266,\"commentCount\":0,\"publisher\":{\"@id\":\"https:\/\/tuzlainfo.ba\/#organization\"},\"image\":{\"@id\":\"https:\/\/tuzlainfo.ba\/index.php\/magazin\/item\/156760-cega-se-lik-dosjetio-antivakser-iz-italije-pokusao-primiti-vakcinu-sa-laznom-rukom\/#primaryimage\"},\"thumbnailUrl\":\"https:\/\/tuzlainfo.ba\/wp-content\/uploads\/2018\/12\/sadrzaj_2018_20181201_0412_vakcina.jpg\",\"keywords\":[\"italija\",\"vakcinacija\"],\"articleSection\":[\"Magazin\"],\"inLanguage\":\"bs-BA\"},{\"@type\":\"WebPage\",\"@id\":\"https:\/\/tuzlainfo.ba\/index.php\/magazin\/item\/156760-cega-se-lik-dosjetio-antivakser-iz-italije-pokusao-primiti-vakcinu-sa-laznom-rukom\/\",\"url\":\"https:\/\/tuzlainfo.ba\/index.php\/magazin\/item\/156760-cega-se-lik-dosjetio-antivakser-iz-italije-pokusao-primiti-vakcinu-sa-laznom-rukom\/\",\"name\":\"\\\"\u010cega se lik dosjetio\\\": Antivakser iz Italije poku\u0161ao primiti vakcinu sa la\u017enom rukom - TuzlaInfo.ba\",\"isPartOf\":{\"@id\":\"https:\/\/tuzlainfo.ba\/#website\"},\"primaryImageOfPage\":{\"@id\":\"https:\/\/tuzlainfo.ba\/index.php\/magazin\/item\/156760-cega-se-lik-dosjetio-antivakser-iz-italije-pokusao-primiti-vakcinu-sa-laznom-rukom\/#primaryimage\"},\"image\":{\"@id\":\"https:\/\/tuzlainfo.ba\/index.php\/magazin\/item\/156760-cega-se-lik-dosjetio-antivakser-iz-italije-pokusao-primiti-vakcinu-sa-laznom-rukom\/#primaryimage\"},\"thumbnailUrl\":\"https:\/\/tuzlainfo.ba\/wp-content\/uploads\/2018\/12\/sadrzaj_2018_20181201_0412_vakcina.jpg\",\"datePublished\":\"2021-12-03T20:31:35+00:00\",\"dateModified\":\"2021-12-03T20:31:35+00:00\",\"breadcrumb\":{\"@id\":\"https:\/\/tuzlainfo.ba\/index.php\/magazin\/item\/156760-cega-se-lik-dosjetio-antivakser-iz-italije-pokusao-primiti-vakcinu-sa-laznom-rukom\/#breadcrumb\"},\"inLanguage\":\"bs-BA\",\"potentialAction\":[{\"@type\":\"ReadAction\",\"target\":[\"https:\/\/tuzlainfo.ba\/index.php\/magazin\/item\/156760-cega-se-lik-dosjetio-antivakser-iz-italije-pokusao-primiti-vakcinu-sa-laznom-rukom\/\"]}]},{\"@type\":\"ImageObject\",\"inLanguage\":\"bs-BA\",\"@id\":\"https:\/\/tuzlainfo.ba\/index.php\/magazin\/item\/156760-cega-se-lik-dosjetio-antivakser-iz-italije-pokusao-primiti-vakcinu-sa-laznom-rukom\/#primaryimage\",\"url\":\"https:\/\/tuzlainfo.ba\/wp-content\/uploads\/2018\/12\/sadrzaj_2018_20181201_0412_vakcina.jpg\",\"contentUrl\":\"https:\/\/tuzlainfo.ba\/wp-content\/uploads\/2018\/12\/sadrzaj_2018_20181201_0412_vakcina.jpg\",\"width\":770,\"height\":513,\"caption\":\"0412 vakcina\"},{\"@type\":\"BreadcrumbList\",\"@id\":\"https:\/\/tuzlainfo.ba\/index.php\/magazin\/item\/156760-cega-se-lik-dosjetio-antivakser-iz-italije-pokusao-primiti-vakcinu-sa-laznom-rukom\/#breadcrumb\",\"itemListElement\":[{\"@type\":\"ListItem\",\"position\":1,\"name\":\"Home\",\"item\":\"https:\/\/tuzlainfo.ba\/\"},{\"@type\":\"ListItem\",\"position\":2,\"name\":\"&#8220;\u010cega se lik dosjetio&#8221;: Antivakser iz Italije poku\u0161ao primiti vakcinu sa la\u017enom rukom\"}]},{\"@type\":\"WebSite\",\"@id\":\"https:\/\/tuzlainfo.ba\/#website\",\"url\":\"https:\/\/tuzlainfo.ba\/\",\"name\":\"TuzlaInfo.ba\",\"description\":\"Tuzla info, gradski informator - Tuzla na dlanu\",\"publisher\":{\"@id\":\"https:\/\/tuzlainfo.ba\/#organization\"},\"potentialAction\":[{\"@type\":\"SearchAction\",\"target\":{\"@type\":\"EntryPoint\",\"urlTemplate\":\"https:\/\/tuzlainfo.ba\/?s={search_term_string}\"},\"query-input\":{\"@type\":\"PropertyValueSpecification\",\"valueRequired\":true,\"valueName\":\"search_term_string\"}}],\"inLanguage\":\"bs-BA\"},{\"@type\":\"Organization\",\"@id\":\"https:\/\/tuzlainfo.ba\/#organization\",\"name\":\"TuzlaInfo.ba\",\"url\":\"https:\/\/tuzlainfo.ba\/\",\"logo\":{\"@type\":\"ImageObject\",\"inLanguage\":\"bs-BA\",\"@id\":\"https:\/\/tuzlainfo.ba\/#\/schema\/logo\/image\/\",\"url\":\"https:\/\/tuzlainfo.ba\/wp-content\/uploads\/2021\/03\/logo-ver-3-1.png\",\"contentUrl\":\"https:\/\/tuzlainfo.ba\/wp-content\/uploads\/2021\/03\/logo-ver-3-1.png\",\"width\":350,\"height\":95,\"caption\":\"TuzlaInfo.ba\"},\"image\":{\"@id\":\"https:\/\/tuzlainfo.ba\/#\/schema\/logo\/image\/\"},\"sameAs\":[\"https:\/\/www.facebook.com\/tuzlainfo.ba\/\"]},{\"@type\":\"Person\",\"@id\":\"https:\/\/tuzlainfo.ba\/#\/schema\/person\/f434e20dc27ea133923aab08451b7f7f\",\"name\":\"nedim\",\"image\":{\"@type\":\"ImageObject\",\"inLanguage\":\"bs-BA\",\"@id\":\"https:\/\/tuzlainfo.ba\/#\/schema\/person\/image\/\",\"url\":\"https:\/\/tuzlainfo.ba\/wp-content\/litespeed\/avatar\/aabad687af24844af817603ac1cbdc4f.jpg?ver=1777306975\",\"contentUrl\":\"https:\/\/tuzlainfo.ba\/wp-content\/litespeed\/avatar\/aabad687af24844af817603ac1cbdc4f.jpg?ver=1777306975\",\"caption\":\"nedim\"},\"description\":\"Tuzlainfo.ba pratite na dru\u0161tvenim mre\u017eama: Facebook, Instagram i Youtube. Svoje pri\u010de, upite i fotografije \u0161aljite na na\u0161u e-mail adresu.\"}]}<\/script>\n<!-- \/ Yoast SEO plugin. -->","yoast_head_json":{"title":"\"\u010cega se lik dosjetio\": Antivakser iz Italije poku\u0161ao primiti vakcinu sa la\u017enom rukom - TuzlaInfo.ba","robots":{"index":"index","follow":"follow","max-snippet":"max-snippet:-1","max-image-preview":"max-image-preview:large","max-video-preview":"max-video-preview:-1"},"canonical":"https:\/\/tuzlainfo.ba\/index.php\/magazin\/item\/156760-cega-se-lik-dosjetio-antivakser-iz-italije-pokusao-primiti-vakcinu-sa-laznom-rukom\/","og_locale":"bs_BA","og_type":"article","og_title":"\"\u010cega se lik dosjetio\": Antivakser iz Italije poku\u0161ao primiti vakcinu sa la\u017enom rukom - TuzlaInfo.ba","og_description":"Jedan antivakser iz Italije bio je toliko odlu\u010dan da izbjegne primanje vakcine, ali da ipak&hellip;","og_url":"https:\/\/tuzlainfo.ba\/index.php\/magazin\/item\/156760-cega-se-lik-dosjetio-antivakser-iz-italije-pokusao-primiti-vakcinu-sa-laznom-rukom\/","og_site_name":"TuzlaInfo.ba","article_publisher":"https:\/\/www.facebook.com\/tuzlainfo.ba\/","article_published_time":"2021-12-03T20:31:35+00:00","og_image":[{"width":770,"height":513,"url":"https:\/\/tuzlainfo.ba\/wp-content\/uploads\/2018\/12\/sadrzaj_2018_20181201_0412_vakcina.jpg","type":"image\/jpeg"}],"author":"nedim","twitter_card":"summary_large_image","twitter_misc":{"Written by":"nedim","Est. reading time":"1 minuta"},"schema":{"@context":"https:\/\/schema.org","@graph":[{"@type":"Article","@id":"https:\/\/tuzlainfo.ba\/index.php\/magazin\/item\/156760-cega-se-lik-dosjetio-antivakser-iz-italije-pokusao-primiti-vakcinu-sa-laznom-rukom\/#article","isPartOf":{"@id":"https:\/\/tuzlainfo.ba\/index.php\/magazin\/item\/156760-cega-se-lik-dosjetio-antivakser-iz-italije-pokusao-primiti-vakcinu-sa-laznom-rukom\/"},"author":{"name":"nedim","@id":"https:\/\/tuzlainfo.ba\/#\/schema\/person\/f434e20dc27ea133923aab08451b7f7f"},"headline":"&#8220;\u010cega se lik dosjetio&#8221;: Antivakser iz Italije poku\u0161ao primiti vakcinu sa la\u017enom rukom","datePublished":"2021-12-03T20:31:35+00:00","dateModified":"2021-12-03T20:31:35+00:00","mainEntityOfPage":{"@id":"https:\/\/tuzlainfo.ba\/index.php\/magazin\/item\/156760-cega-se-lik-dosjetio-antivakser-iz-italije-pokusao-primiti-vakcinu-sa-laznom-rukom\/"},"wordCount":266,"commentCount":0,"publisher":{"@id":"https:\/\/tuzlainfo.ba\/#organization"},"image":{"@id":"https:\/\/tuzlainfo.ba\/index.php\/magazin\/item\/156760-cega-se-lik-dosjetio-antivakser-iz-italije-pokusao-primiti-vakcinu-sa-laznom-rukom\/#primaryimage"},"thumbnailUrl":"https:\/\/tuzlainfo.ba\/wp-content\/uploads\/2018\/12\/sadrzaj_2018_20181201_0412_vakcina.jpg","keywords":["italija","vakcinacija"],"articleSection":["Magazin"],"inLanguage":"bs-BA"},{"@type":"WebPage","@id":"https:\/\/tuzlainfo.ba\/index.php\/magazin\/item\/156760-cega-se-lik-dosjetio-antivakser-iz-italije-pokusao-primiti-vakcinu-sa-laznom-rukom\/","url":"https:\/\/tuzlainfo.ba\/index.php\/magazin\/item\/156760-cega-se-lik-dosjetio-antivakser-iz-italije-pokusao-primiti-vakcinu-sa-laznom-rukom\/","name":"\"\u010cega se lik dosjetio\": Antivakser iz Italije poku\u0161ao primiti vakcinu sa la\u017enom rukom - TuzlaInfo.ba","isPartOf":{"@id":"https:\/\/tuzlainfo.ba\/#website"},"primaryImageOfPage":{"@id":"https:\/\/tuzlainfo.ba\/index.php\/magazin\/item\/156760-cega-se-lik-dosjetio-antivakser-iz-italije-pokusao-primiti-vakcinu-sa-laznom-rukom\/#primaryimage"},"image":{"@id":"https:\/\/tuzlainfo.ba\/index.php\/magazin\/item\/156760-cega-se-lik-dosjetio-antivakser-iz-italije-pokusao-primiti-vakcinu-sa-laznom-rukom\/#primaryimage"},"thumbnailUrl":"https:\/\/tuzlainfo.ba\/wp-content\/uploads\/2018\/12\/sadrzaj_2018_20181201_0412_vakcina.jpg","datePublished":"2021-12-03T20:31:35+00:00","dateModified":"2021-12-03T20:31:35+00:00","breadcrumb":{"@id":"https:\/\/tuzlainfo.ba\/index.php\/magazin\/item\/156760-cega-se-lik-dosjetio-antivakser-iz-italije-pokusao-primiti-vakcinu-sa-laznom-rukom\/#breadcrumb"},"inLanguage":"bs-BA","potentialAction":[{"@type":"ReadAction","target":["https:\/\/tuzlainfo.ba\/index.php\/magazin\/item\/156760-cega-se-lik-dosjetio-antivakser-iz-italije-pokusao-primiti-vakcinu-sa-laznom-rukom\/"]}]},{"@type":"ImageObject","inLanguage":"bs-BA","@id":"https:\/\/tuzlainfo.ba\/index.php\/magazin\/item\/156760-cega-se-lik-dosjetio-antivakser-iz-italije-pokusao-primiti-vakcinu-sa-laznom-rukom\/#primaryimage","url":"https:\/\/tuzlainfo.ba\/wp-content\/uploads\/2018\/12\/sadrzaj_2018_20181201_0412_vakcina.jpg","contentUrl":"https:\/\/tuzlainfo.ba\/wp-content\/uploads\/2018\/12\/sadrzaj_2018_20181201_0412_vakcina.jpg","width":770,"height":513,"caption":"0412 vakcina"},{"@type":"BreadcrumbList","@id":"https:\/\/tuzlainfo.ba\/index.php\/magazin\/item\/156760-cega-se-lik-dosjetio-antivakser-iz-italije-pokusao-primiti-vakcinu-sa-laznom-rukom\/#breadcrumb","itemListElement":[{"@type":"ListItem","position":1,"name":"Home","item":"https:\/\/tuzlainfo.ba\/"},{"@type":"ListItem","position":2,"name":"&#8220;\u010cega se lik dosjetio&#8221;: Antivakser iz Italije poku\u0161ao primiti vakcinu sa la\u017enom rukom"}]},{"@type":"WebSite","@id":"https:\/\/tuzlainfo.ba\/#website","url":"https:\/\/tuzlainfo.ba\/","name":"TuzlaInfo.ba","description":"Tuzla info, gradski informator - Tuzla na dlanu","publisher":{"@id":"https:\/\/tuzlainfo.ba\/#organization"},"potentialAction":[{"@type":"SearchAction","target":{"@type":"EntryPoint","urlTemplate":"https:\/\/tuzlainfo.ba\/?s={search_term_string}"},"query-input":{"@type":"PropertyValueSpecification","valueRequired":true,"valueName":"search_term_string"}}],"inLanguage":"bs-BA"},{"@type":"Organization","@id":"https:\/\/tuzlainfo.ba\/#organization","name":"TuzlaInfo.ba","url":"https:\/\/tuzlainfo.ba\/","logo":{"@type":"ImageObject","inLanguage":"bs-BA","@id":"https:\/\/tuzlainfo.ba\/#\/schema\/logo\/image\/","url":"https:\/\/tuzlainfo.ba\/wp-content\/uploads\/2021\/03\/logo-ver-3-1.png","contentUrl":"https:\/\/tuzlainfo.ba\/wp-content\/uploads\/2021\/03\/logo-ver-3-1.png","width":350,"height":95,"caption":"TuzlaInfo.ba"},"image":{"@id":"https:\/\/tuzlainfo.ba\/#\/schema\/logo\/image\/"},"sameAs":["https:\/\/www.facebook.com\/tuzlainfo.ba\/"]},{"@type":"Person","@id":"https:\/\/tuzlainfo.ba\/#\/schema\/person\/f434e20dc27ea133923aab08451b7f7f","name":"nedim","image":{"@type":"ImageObject","inLanguage":"bs-BA","@id":"https:\/\/tuzlainfo.ba\/#\/schema\/person\/image\/","url":"https:\/\/tuzlainfo.ba\/wp-content\/litespeed\/avatar\/aabad687af24844af817603ac1cbdc4f.jpg?ver=1777306975","contentUrl":"https:\/\/tuzlainfo.ba\/wp-content\/litespeed\/avatar\/aabad687af24844af817603ac1cbdc4f.jpg?ver=1777306975","caption":"nedim"},"description":"Tuzlainfo.ba pratite na dru\u0161tvenim mre\u017eama: Facebook, Instagram i Youtube. Svoje pri\u010de, upite i fotografije \u0161aljite na na\u0161u e-mail adresu."}]}},"_links":{"self":[{"href":"https:\/\/tuzlainfo.ba\/index.php\/wp-json\/wp\/v2\/posts\/156760"}],"collection":[{"href":"https:\/\/tuzlainfo.ba\/index.php\/wp-json\/wp\/v2\/posts"}],"about":[{"href":"https:\/\/tuzlainfo.ba\/index.php\/wp-json\/wp\/v2\/types\/post"}],"author":[{"embeddable":true,"href":"https:\/\/tuzlainfo.ba\/index.php\/wp-json\/wp\/v2\/users\/2"}],"replies":[{"embeddable":true,"href":"https:\/\/tuzlainfo.ba\/index.php\/wp-json\/wp\/v2\/comments?post=156760"}],"version-history":[{"count":0,"href":"https:\/\/tuzlainfo.ba\/index.php\/wp-json\/wp\/v2\/posts\/156760\/revisions"}],"wp:featuredmedia":[{"embeddable":true,"href":"https:\/\/tuzlainfo.ba\/index.php\/wp-json\/wp\/v2\/media\/65977"}],"wp:attachment":[{"href":"https:\/\/tuzlainfo.ba\/index.php\/wp-json\/wp\/v2\/media?parent=156760"}],"wp:term":[{"taxonomy":"category","embeddable":true,"href":"https:\/\/tuzlainfo.ba\/index.php\/wp-json\/wp\/v2\/categories?post=156760"},{"taxonomy":"post_tag","embeddable":true,"href":"https:\/\/tuzlainfo.ba\/index.php\/wp-json\/wp\/v2\/tags?post=156760"}],"curies":[{"name":"wp","href":"https:\/\/api.w.org\/{rel}","templated":true}]}}