{"id":156732,"date":"2021-12-03T21:00:09","date_gmt":"2021-12-03T20:00:09","guid":{"rendered":"https:\/\/tuzlainfo.ba\/?p=156732"},"modified":"2021-12-03T16:38:21","modified_gmt":"2021-12-03T15:38:21","slug":"skocibusic-federacija-razmislja-o-uvodjenju-obavezne-vakcinacije","status":"publish","type":"post","link":"https:\/\/tuzlainfo.ba\/index.php\/bosna-i-hercegovina\/item\/156732-skocibusic-federacija-razmislja-o-uvodjenju-obavezne-vakcinacije\/","title":{"rendered":"Sko\u010dibu\u0161i\u0107: Federacija razmi\u0161lja o uvo\u0111enju obavezne vakcinacije"},"content":{"rendered":"<p>Do sada u FBiH nije zabilje\u017een nijedan slu\u010daj zaraze omikron ali se mo\u017ee o\u010dekivati s obzirom na to da se ta nova varijanta virusa pro\u0161irila Afrikom i u dobrom dijelu evropskih zemalja &#8211; izjavio je za Fenu v.d. direktora Zavoda za javno zdravstvo Federacije BiH\u00a0Sini\u0161a Sko\u010dibu\u0161i\u0107.<\/p>\n<p>Kazao je kako nema do kraja konkretnih i kona\u010dnih informacija o tom soju te da se prate izjave Svjetske zdravstvene organizacije i stru\u010dnjaka iz Ju\u017enoafri\u010dke Republike.<\/p>\n<p>&#8211; \u010cini se da ova varijanta ima ne\u0161to bla\u017ee simptome ali da je puno zaraznija za cjelokupno stanovni\u0161tvo. No, sigurno je da \u0107emo u idu\u0107im sedmicama znati puno vi\u0161e &#8211; kazao je Sko\u010dibu\u0161i\u0107.<\/p>\n<p>Komentiraju\u0107i uvo\u0111enje pravila &#8216;vakcinisan-testiran-prebolio&#8217;, naglasio je kako je Zavod za javno zdravstvo FBiH podr\u017eao uvo\u0111enje Covid-potvrda na Kriznom \u0161tabu Federalnog ministarstva zdravstva.<\/p>\n<p>&#8211; Sistem bi trebalo primjenjivati prije svega u &#8216;podre\u0111enim fazama&#8217;, prvo stara\u010dki domovi i zdravstvene ustanove, a onda javna uprava i druge ustanove. Taj sistem je do sada jedini razvijeni koji pokazuje odre\u0111ene mjere i u\u010dinkovitost i on nam jedino mo\u017ee pomo\u0107i u ovom trenutku da kontroliramo pandemiju &#8211; ocijenio je direktor Zavoda za javno zdravstvo Federacije BiH.<\/p>\n<p>Dodao je kako je ju\u010der Vlada FBiH donijela odluku da uvo\u0111enje tog sistema stavlja u nadle\u017enost kantonalnim vladama tako da bi se vrlo brzo trebalo vidjeti da li \u0107e on i koliko brzo za\u017eivjeti.<\/p>\n<p>Napomenuo je i kako je u FBiH prvom dozom cijepljeno 28,81 posto stanovni\u0161tva, drugom 25,12 posto, a s tre\u0107om 0,27 posto stanovni\u0161tva.<\/p>\n<p>&#8211; Nama je najreferentniji ovaj podatak o 25,12 posto cijepljenih, s tim da moramo znati da imamo i odre\u0111eni broj stanovni\u0161tva cijepljen u Republici Srbiji i Republici Hrvatskoj &#8211; kazao je Sko\u010dibu\u0161i\u0107.<\/p>\n<p>Komentirao je i mogu\u0107nost uvo\u0111enja obaveznog cijepljena te kazao kako &#8220;mnoge evropske zemlje razmi\u0161ljaju o tome, pa tako i mi&#8221;.<\/p>\n<p>&#8211; \u010cinjenica da nedovoljan postotak cijepljenih doprinosi sporijem usporavanju pandemije nas na neki na\u010din primorava da vrlo aktivno razmotrimo tu ideju tako da \u0107e se sigurno i ako do\u0111e do takve odluke na vrijeme re\u0107i stanovni\u0161tvu kako bi se poduzele mjere. Mi se i dalje nadamo da \u0107e stanovni\u0161tvo individualno shvatiti va\u017enost cijepljenja i prihvatiti cijepljenje kao vid borbe za za\u0161titu zdravlja &#8211; poru\u010dio je v.d. direktora Zavoda za javno zdravstvo Federacije BiH Sini\u0161a Sko\u010dibu\u0161i\u0107.<\/p>\n","protected":false},"excerpt":{"rendered":"<p>Do sada u FBiH nije zabilje\u017een nijedan slu\u010daj zaraze omikron ali se mo\u017ee o\u010dekivati s&hellip;<\/p>\n","protected":false},"author":4,"featured_media":156733,"comment_status":"open","ping_status":"closed","sticky":false,"template":"","format":"standard","meta":{"_acf_changed":false,"footnotes":""},"categories":[291,304],"tags":[3544,366,3545],"acf":[],"yoast_head":"<!-- This site is optimized with the Yoast SEO plugin v23.5 - https:\/\/yoast.com\/wordpress\/plugins\/seo\/ -->\n<title>Sko\u010dibu\u0161i\u0107: Federacija razmi\u0161lja o uvo\u0111enju obavezne vakcinacije - TuzlaInfo.ba<\/title>\n<meta name=\"robots\" content=\"index, follow, max-snippet:-1, max-image-preview:large, max-video-preview:-1\" \/>\n<link rel=\"canonical\" href=\"https:\/\/tuzlainfo.ba\/index.php\/bosna-i-hercegovina\/item\/156732-skocibusic-federacija-razmislja-o-uvodjenju-obavezne-vakcinacije\/\" \/>\n<meta property=\"og:locale\" content=\"bs_BA\" \/>\n<meta property=\"og:type\" content=\"article\" \/>\n<meta property=\"og:title\" content=\"Sko\u010dibu\u0161i\u0107: Federacija razmi\u0161lja o uvo\u0111enju obavezne vakcinacije - TuzlaInfo.ba\" \/>\n<meta property=\"og:description\" content=\"Do sada u FBiH nije zabilje\u017een nijedan slu\u010daj zaraze omikron ali se mo\u017ee o\u010dekivati s&hellip;\" \/>\n<meta property=\"og:url\" content=\"https:\/\/tuzlainfo.ba\/index.php\/bosna-i-hercegovina\/item\/156732-skocibusic-federacija-razmislja-o-uvodjenju-obavezne-vakcinacije\/\" \/>\n<meta property=\"og:site_name\" content=\"TuzlaInfo.ba\" \/>\n<meta property=\"article:publisher\" content=\"https:\/\/www.facebook.com\/tuzlainfo.ba\/\" \/>\n<meta property=\"article:published_time\" content=\"2021-12-03T20:00:09+00:00\" \/>\n<meta property=\"article:modified_time\" content=\"2021-12-03T15:38:21+00:00\" \/>\n<meta property=\"og:image\" content=\"https:\/\/tuzlainfo.ba\/wp-content\/uploads\/2021\/12\/0312_sinisa-skocibusic.jpg\" \/>\n\t<meta property=\"og:image:width\" content=\"1280\" \/>\n\t<meta property=\"og:image:height\" content=\"720\" \/>\n\t<meta property=\"og:image:type\" content=\"image\/jpeg\" \/>\n<meta name=\"author\" content=\"Tuzla Info\" \/>\n<meta name=\"twitter:card\" content=\"summary_large_image\" \/>\n<meta name=\"twitter:label1\" content=\"Written by\" \/>\n\t<meta name=\"twitter:data1\" content=\"Tuzla Info\" \/>\n\t<meta name=\"twitter:label2\" content=\"Est. reading time\" \/>\n\t<meta name=\"twitter:data2\" content=\"2 minute\" \/>\n<script type=\"application\/ld+json\" class=\"yoast-schema-graph\">{\"@context\":\"https:\/\/schema.org\",\"@graph\":[{\"@type\":\"Article\",\"@id\":\"https:\/\/tuzlainfo.ba\/index.php\/bosna-i-hercegovina\/item\/156732-skocibusic-federacija-razmislja-o-uvodjenju-obavezne-vakcinacije\/#article\",\"isPartOf\":{\"@id\":\"https:\/\/tuzlainfo.ba\/index.php\/bosna-i-hercegovina\/item\/156732-skocibusic-federacija-razmislja-o-uvodjenju-obavezne-vakcinacije\/\"},\"author\":{\"name\":\"Tuzla Info\",\"@id\":\"https:\/\/tuzlainfo.ba\/#\/schema\/person\/46cad4c57790cbc50781edd14870825a\"},\"headline\":\"Sko\u010dibu\u0161i\u0107: Federacija razmi\u0161lja o uvo\u0111enju obavezne vakcinacije\",\"datePublished\":\"2021-12-03T20:00:09+00:00\",\"dateModified\":\"2021-12-03T15:38:21+00:00\",\"mainEntityOfPage\":{\"@id\":\"https:\/\/tuzlainfo.ba\/index.php\/bosna-i-hercegovina\/item\/156732-skocibusic-federacija-razmislja-o-uvodjenju-obavezne-vakcinacije\/\"},\"wordCount\":432,\"commentCount\":0,\"publisher\":{\"@id\":\"https:\/\/tuzlainfo.ba\/#organization\"},\"image\":{\"@id\":\"https:\/\/tuzlainfo.ba\/index.php\/bosna-i-hercegovina\/item\/156732-skocibusic-federacija-razmislja-o-uvodjenju-obavezne-vakcinacije\/#primaryimage\"},\"thumbnailUrl\":\"https:\/\/tuzlainfo.ba\/wp-content\/uploads\/2021\/12\/0312_sinisa-skocibusic.jpg\",\"keywords\":[\"sini\u0161a sko\u010dibu\u0161i\u0107\",\"vakcinacija\",\"zavod za javno zdravstvo fbih\"],\"articleSection\":[\"Bosna i Hercegovina\",\"Istaknuto\"],\"inLanguage\":\"bs-BA\"},{\"@type\":\"WebPage\",\"@id\":\"https:\/\/tuzlainfo.ba\/index.php\/bosna-i-hercegovina\/item\/156732-skocibusic-federacija-razmislja-o-uvodjenju-obavezne-vakcinacije\/\",\"url\":\"https:\/\/tuzlainfo.ba\/index.php\/bosna-i-hercegovina\/item\/156732-skocibusic-federacija-razmislja-o-uvodjenju-obavezne-vakcinacije\/\",\"name\":\"Sko\u010dibu\u0161i\u0107: Federacija razmi\u0161lja o uvo\u0111enju obavezne vakcinacije - TuzlaInfo.ba\",\"isPartOf\":{\"@id\":\"https:\/\/tuzlainfo.ba\/#website\"},\"primaryImageOfPage\":{\"@id\":\"https:\/\/tuzlainfo.ba\/index.php\/bosna-i-hercegovina\/item\/156732-skocibusic-federacija-razmislja-o-uvodjenju-obavezne-vakcinacije\/#primaryimage\"},\"image\":{\"@id\":\"https:\/\/tuzlainfo.ba\/index.php\/bosna-i-hercegovina\/item\/156732-skocibusic-federacija-razmislja-o-uvodjenju-obavezne-vakcinacije\/#primaryimage\"},\"thumbnailUrl\":\"https:\/\/tuzlainfo.ba\/wp-content\/uploads\/2021\/12\/0312_sinisa-skocibusic.jpg\",\"datePublished\":\"2021-12-03T20:00:09+00:00\",\"dateModified\":\"2021-12-03T15:38:21+00:00\",\"breadcrumb\":{\"@id\":\"https:\/\/tuzlainfo.ba\/index.php\/bosna-i-hercegovina\/item\/156732-skocibusic-federacija-razmislja-o-uvodjenju-obavezne-vakcinacije\/#breadcrumb\"},\"inLanguage\":\"bs-BA\",\"potentialAction\":[{\"@type\":\"ReadAction\",\"target\":[\"https:\/\/tuzlainfo.ba\/index.php\/bosna-i-hercegovina\/item\/156732-skocibusic-federacija-razmislja-o-uvodjenju-obavezne-vakcinacije\/\"]}]},{\"@type\":\"ImageObject\",\"inLanguage\":\"bs-BA\",\"@id\":\"https:\/\/tuzlainfo.ba\/index.php\/bosna-i-hercegovina\/item\/156732-skocibusic-federacija-razmislja-o-uvodjenju-obavezne-vakcinacije\/#primaryimage\",\"url\":\"https:\/\/tuzlainfo.ba\/wp-content\/uploads\/2021\/12\/0312_sinisa-skocibusic.jpg\",\"contentUrl\":\"https:\/\/tuzlainfo.ba\/wp-content\/uploads\/2021\/12\/0312_sinisa-skocibusic.jpg\",\"width\":1280,\"height\":720},{\"@type\":\"BreadcrumbList\",\"@id\":\"https:\/\/tuzlainfo.ba\/index.php\/bosna-i-hercegovina\/item\/156732-skocibusic-federacija-razmislja-o-uvodjenju-obavezne-vakcinacije\/#breadcrumb\",\"itemListElement\":[{\"@type\":\"ListItem\",\"position\":1,\"name\":\"Home\",\"item\":\"https:\/\/tuzlainfo.ba\/\"},{\"@type\":\"ListItem\",\"position\":2,\"name\":\"Sko\u010dibu\u0161i\u0107: Federacija razmi\u0161lja o uvo\u0111enju obavezne vakcinacije\"}]},{\"@type\":\"WebSite\",\"@id\":\"https:\/\/tuzlainfo.ba\/#website\",\"url\":\"https:\/\/tuzlainfo.ba\/\",\"name\":\"TuzlaInfo.ba\",\"description\":\"Tuzla info, gradski informator - Tuzla na dlanu\",\"publisher\":{\"@id\":\"https:\/\/tuzlainfo.ba\/#organization\"},\"potentialAction\":[{\"@type\":\"SearchAction\",\"target\":{\"@type\":\"EntryPoint\",\"urlTemplate\":\"https:\/\/tuzlainfo.ba\/?s={search_term_string}\"},\"query-input\":{\"@type\":\"PropertyValueSpecification\",\"valueRequired\":true,\"valueName\":\"search_term_string\"}}],\"inLanguage\":\"bs-BA\"},{\"@type\":\"Organization\",\"@id\":\"https:\/\/tuzlainfo.ba\/#organization\",\"name\":\"TuzlaInfo.ba\",\"url\":\"https:\/\/tuzlainfo.ba\/\",\"logo\":{\"@type\":\"ImageObject\",\"inLanguage\":\"bs-BA\",\"@id\":\"https:\/\/tuzlainfo.ba\/#\/schema\/logo\/image\/\",\"url\":\"https:\/\/tuzlainfo.ba\/wp-content\/uploads\/2021\/03\/logo-ver-3-1.png\",\"contentUrl\":\"https:\/\/tuzlainfo.ba\/wp-content\/uploads\/2021\/03\/logo-ver-3-1.png\",\"width\":350,\"height\":95,\"caption\":\"TuzlaInfo.ba\"},\"image\":{\"@id\":\"https:\/\/tuzlainfo.ba\/#\/schema\/logo\/image\/\"},\"sameAs\":[\"https:\/\/www.facebook.com\/tuzlainfo.ba\/\"]},{\"@type\":\"Person\",\"@id\":\"https:\/\/tuzlainfo.ba\/#\/schema\/person\/46cad4c57790cbc50781edd14870825a\",\"name\":\"Tuzla Info\",\"image\":{\"@type\":\"ImageObject\",\"inLanguage\":\"bs-BA\",\"@id\":\"https:\/\/tuzlainfo.ba\/#\/schema\/person\/image\/\",\"url\":\"https:\/\/tuzlainfo.ba\/wp-content\/litespeed\/avatar\/b6c453a6c38e3654f2e4416c643fc25c.jpg?ver=1777051911\",\"contentUrl\":\"https:\/\/tuzlainfo.ba\/wp-content\/litespeed\/avatar\/b6c453a6c38e3654f2e4416c643fc25c.jpg?ver=1777051911\",\"caption\":\"Tuzla Info\"}}]}<\/script>\n<!-- \/ Yoast SEO plugin. -->","yoast_head_json":{"title":"Sko\u010dibu\u0161i\u0107: Federacija razmi\u0161lja o uvo\u0111enju obavezne vakcinacije - TuzlaInfo.ba","robots":{"index":"index","follow":"follow","max-snippet":"max-snippet:-1","max-image-preview":"max-image-preview:large","max-video-preview":"max-video-preview:-1"},"canonical":"https:\/\/tuzlainfo.ba\/index.php\/bosna-i-hercegovina\/item\/156732-skocibusic-federacija-razmislja-o-uvodjenju-obavezne-vakcinacije\/","og_locale":"bs_BA","og_type":"article","og_title":"Sko\u010dibu\u0161i\u0107: Federacija razmi\u0161lja o uvo\u0111enju obavezne vakcinacije - TuzlaInfo.ba","og_description":"Do sada u FBiH nije zabilje\u017een nijedan slu\u010daj zaraze omikron ali se mo\u017ee o\u010dekivati s&hellip;","og_url":"https:\/\/tuzlainfo.ba\/index.php\/bosna-i-hercegovina\/item\/156732-skocibusic-federacija-razmislja-o-uvodjenju-obavezne-vakcinacije\/","og_site_name":"TuzlaInfo.ba","article_publisher":"https:\/\/www.facebook.com\/tuzlainfo.ba\/","article_published_time":"2021-12-03T20:00:09+00:00","article_modified_time":"2021-12-03T15:38:21+00:00","og_image":[{"width":1280,"height":720,"url":"https:\/\/tuzlainfo.ba\/wp-content\/uploads\/2021\/12\/0312_sinisa-skocibusic.jpg","type":"image\/jpeg"}],"author":"Tuzla Info","twitter_card":"summary_large_image","twitter_misc":{"Written by":"Tuzla Info","Est. reading time":"2 minute"},"schema":{"@context":"https:\/\/schema.org","@graph":[{"@type":"Article","@id":"https:\/\/tuzlainfo.ba\/index.php\/bosna-i-hercegovina\/item\/156732-skocibusic-federacija-razmislja-o-uvodjenju-obavezne-vakcinacije\/#article","isPartOf":{"@id":"https:\/\/tuzlainfo.ba\/index.php\/bosna-i-hercegovina\/item\/156732-skocibusic-federacija-razmislja-o-uvodjenju-obavezne-vakcinacije\/"},"author":{"name":"Tuzla Info","@id":"https:\/\/tuzlainfo.ba\/#\/schema\/person\/46cad4c57790cbc50781edd14870825a"},"headline":"Sko\u010dibu\u0161i\u0107: Federacija razmi\u0161lja o uvo\u0111enju obavezne vakcinacije","datePublished":"2021-12-03T20:00:09+00:00","dateModified":"2021-12-03T15:38:21+00:00","mainEntityOfPage":{"@id":"https:\/\/tuzlainfo.ba\/index.php\/bosna-i-hercegovina\/item\/156732-skocibusic-federacija-razmislja-o-uvodjenju-obavezne-vakcinacije\/"},"wordCount":432,"commentCount":0,"publisher":{"@id":"https:\/\/tuzlainfo.ba\/#organization"},"image":{"@id":"https:\/\/tuzlainfo.ba\/index.php\/bosna-i-hercegovina\/item\/156732-skocibusic-federacija-razmislja-o-uvodjenju-obavezne-vakcinacije\/#primaryimage"},"thumbnailUrl":"https:\/\/tuzlainfo.ba\/wp-content\/uploads\/2021\/12\/0312_sinisa-skocibusic.jpg","keywords":["sini\u0161a sko\u010dibu\u0161i\u0107","vakcinacija","zavod za javno zdravstvo fbih"],"articleSection":["Bosna i Hercegovina","Istaknuto"],"inLanguage":"bs-BA"},{"@type":"WebPage","@id":"https:\/\/tuzlainfo.ba\/index.php\/bosna-i-hercegovina\/item\/156732-skocibusic-federacija-razmislja-o-uvodjenju-obavezne-vakcinacije\/","url":"https:\/\/tuzlainfo.ba\/index.php\/bosna-i-hercegovina\/item\/156732-skocibusic-federacija-razmislja-o-uvodjenju-obavezne-vakcinacije\/","name":"Sko\u010dibu\u0161i\u0107: Federacija razmi\u0161lja o uvo\u0111enju obavezne vakcinacije - TuzlaInfo.ba","isPartOf":{"@id":"https:\/\/tuzlainfo.ba\/#website"},"primaryImageOfPage":{"@id":"https:\/\/tuzlainfo.ba\/index.php\/bosna-i-hercegovina\/item\/156732-skocibusic-federacija-razmislja-o-uvodjenju-obavezne-vakcinacije\/#primaryimage"},"image":{"@id":"https:\/\/tuzlainfo.ba\/index.php\/bosna-i-hercegovina\/item\/156732-skocibusic-federacija-razmislja-o-uvodjenju-obavezne-vakcinacije\/#primaryimage"},"thumbnailUrl":"https:\/\/tuzlainfo.ba\/wp-content\/uploads\/2021\/12\/0312_sinisa-skocibusic.jpg","datePublished":"2021-12-03T20:00:09+00:00","dateModified":"2021-12-03T15:38:21+00:00","breadcrumb":{"@id":"https:\/\/tuzlainfo.ba\/index.php\/bosna-i-hercegovina\/item\/156732-skocibusic-federacija-razmislja-o-uvodjenju-obavezne-vakcinacije\/#breadcrumb"},"inLanguage":"bs-BA","potentialAction":[{"@type":"ReadAction","target":["https:\/\/tuzlainfo.ba\/index.php\/bosna-i-hercegovina\/item\/156732-skocibusic-federacija-razmislja-o-uvodjenju-obavezne-vakcinacije\/"]}]},{"@type":"ImageObject","inLanguage":"bs-BA","@id":"https:\/\/tuzlainfo.ba\/index.php\/bosna-i-hercegovina\/item\/156732-skocibusic-federacija-razmislja-o-uvodjenju-obavezne-vakcinacije\/#primaryimage","url":"https:\/\/tuzlainfo.ba\/wp-content\/uploads\/2021\/12\/0312_sinisa-skocibusic.jpg","contentUrl":"https:\/\/tuzlainfo.ba\/wp-content\/uploads\/2021\/12\/0312_sinisa-skocibusic.jpg","width":1280,"height":720},{"@type":"BreadcrumbList","@id":"https:\/\/tuzlainfo.ba\/index.php\/bosna-i-hercegovina\/item\/156732-skocibusic-federacija-razmislja-o-uvodjenju-obavezne-vakcinacije\/#breadcrumb","itemListElement":[{"@type":"ListItem","position":1,"name":"Home","item":"https:\/\/tuzlainfo.ba\/"},{"@type":"ListItem","position":2,"name":"Sko\u010dibu\u0161i\u0107: Federacija razmi\u0161lja o uvo\u0111enju obavezne vakcinacije"}]},{"@type":"WebSite","@id":"https:\/\/tuzlainfo.ba\/#website","url":"https:\/\/tuzlainfo.ba\/","name":"TuzlaInfo.ba","description":"Tuzla info, gradski informator - Tuzla na dlanu","publisher":{"@id":"https:\/\/tuzlainfo.ba\/#organization"},"potentialAction":[{"@type":"SearchAction","target":{"@type":"EntryPoint","urlTemplate":"https:\/\/tuzlainfo.ba\/?s={search_term_string}"},"query-input":{"@type":"PropertyValueSpecification","valueRequired":true,"valueName":"search_term_string"}}],"inLanguage":"bs-BA"},{"@type":"Organization","@id":"https:\/\/tuzlainfo.ba\/#organization","name":"TuzlaInfo.ba","url":"https:\/\/tuzlainfo.ba\/","logo":{"@type":"ImageObject","inLanguage":"bs-BA","@id":"https:\/\/tuzlainfo.ba\/#\/schema\/logo\/image\/","url":"https:\/\/tuzlainfo.ba\/wp-content\/uploads\/2021\/03\/logo-ver-3-1.png","contentUrl":"https:\/\/tuzlainfo.ba\/wp-content\/uploads\/2021\/03\/logo-ver-3-1.png","width":350,"height":95,"caption":"TuzlaInfo.ba"},"image":{"@id":"https:\/\/tuzlainfo.ba\/#\/schema\/logo\/image\/"},"sameAs":["https:\/\/www.facebook.com\/tuzlainfo.ba\/"]},{"@type":"Person","@id":"https:\/\/tuzlainfo.ba\/#\/schema\/person\/46cad4c57790cbc50781edd14870825a","name":"Tuzla Info","image":{"@type":"ImageObject","inLanguage":"bs-BA","@id":"https:\/\/tuzlainfo.ba\/#\/schema\/person\/image\/","url":"https:\/\/tuzlainfo.ba\/wp-content\/litespeed\/avatar\/b6c453a6c38e3654f2e4416c643fc25c.jpg?ver=1777051911","contentUrl":"https:\/\/tuzlainfo.ba\/wp-content\/litespeed\/avatar\/b6c453a6c38e3654f2e4416c643fc25c.jpg?ver=1777051911","caption":"Tuzla Info"}}]}},"_links":{"self":[{"href":"https:\/\/tuzlainfo.ba\/index.php\/wp-json\/wp\/v2\/posts\/156732"}],"collection":[{"href":"https:\/\/tuzlainfo.ba\/index.php\/wp-json\/wp\/v2\/posts"}],"about":[{"href":"https:\/\/tuzlainfo.ba\/index.php\/wp-json\/wp\/v2\/types\/post"}],"author":[{"embeddable":true,"href":"https:\/\/tuzlainfo.ba\/index.php\/wp-json\/wp\/v2\/users\/4"}],"replies":[{"embeddable":true,"href":"https:\/\/tuzlainfo.ba\/index.php\/wp-json\/wp\/v2\/comments?post=156732"}],"version-history":[{"count":0,"href":"https:\/\/tuzlainfo.ba\/index.php\/wp-json\/wp\/v2\/posts\/156732\/revisions"}],"wp:featuredmedia":[{"embeddable":true,"href":"https:\/\/tuzlainfo.ba\/index.php\/wp-json\/wp\/v2\/media\/156733"}],"wp:attachment":[{"href":"https:\/\/tuzlainfo.ba\/index.php\/wp-json\/wp\/v2\/media?parent=156732"}],"wp:term":[{"taxonomy":"category","embeddable":true,"href":"https:\/\/tuzlainfo.ba\/index.php\/wp-json\/wp\/v2\/categories?post=156732"},{"taxonomy":"post_tag","embeddable":true,"href":"https:\/\/tuzlainfo.ba\/index.php\/wp-json\/wp\/v2\/tags?post=156732"}],"curies":[{"name":"wp","href":"https:\/\/api.w.org\/{rel}","templated":true}]}}