{"id":156631,"date":"2021-12-02T21:42:25","date_gmt":"2021-12-02T20:42:25","guid":{"rendered":"https:\/\/tuzlainfo.ba\/?p=156631"},"modified":"2021-12-03T07:56:59","modified_gmt":"2021-12-03T06:56:59","slug":"proces-imunizacije-u-tuzli-roditelji-se-sve-vise-interesuju-za-vakcinaciju-djece","status":"publish","type":"post","link":"https:\/\/tuzlainfo.ba\/index.php\/novosti\/item\/156631-proces-imunizacije-u-tuzli-roditelji-se-sve-vise-interesuju-za-vakcinaciju-djece\/","title":{"rendered":"Proces imunizacije u Tuzli: Roditelji se sve vi\u0161e interesuju za vakcinaciju djece"},"content":{"rendered":"<p>Od mjeseca marta, kada je po\u010dela vakcinacija u Javnoj zdravstvenoj-nastavnoj ustanovi Dom zdravlja dr. Mustafa \u0160ehovi\u0107 Tuzla, evidentan je napredak u ovom procesu.<\/p>\n<p>&#8211; Napredak je evidentan najprije iz razloga \u0161to raspola\u017eemo dovoljnim brojem vakcina za stanovni\u0161tvo. Za prvu dozu trenutno dajemo tri vrste vakcina i to: Moderna, Pfizer i Sinopharm, koje se tako\u0111er koriste za revakcinaciju. Dodatno, spram \u017eelja stanovni\u0161tva, imamo i Astra Zenecu, ka\u017ee za Tuzlainfo. ba dr. D\u017eana Atli\u0107.<\/p>\n<p>Kako smo ranije pisali, nedavno je po\u010dela i vakcinacija djece starije od 12 godina. Prije vakcinacije neophodno je da nadle\u017eni doktor utvrdi da ne postoje kontraindikacije, niti privremene niti trajne. Zahtjev za vakcinaciju za maloljetnu djecu potpisuje roditelj ili staratelj.<\/p>\n<p>&#8211; Preporuka sa federalnog nivoa je da se najprije vakcini\u0161u djeca koja imaju te\u017ee dijagnoze, zatim djeca koja su sklonija oboljevanju, ali isto tako i zdrava djeca uz pristanak roditelja. Zna\u010di, va\u017eno je da do\u0111u u pratnji jednog ili oba roditelja koji \u0107e dati odobrenje za vakcinu, dodala je Atli\u0107.<\/p>\n<p><img fetchpriority=\"high\" decoding=\"async\" class=\"alignnone size-full wp-image-156207\" src=\"https:\/\/tuzlainfo.ba\/wp-content\/uploads\/2021\/11\/2911_dr_dzana.jpg\" alt=\"\" width=\"952\" height=\"614\" srcset=\"https:\/\/tuzlainfo.ba\/wp-content\/uploads\/2021\/11\/2911_dr_dzana.jpg 952w, https:\/\/tuzlainfo.ba\/wp-content\/uploads\/2021\/11\/2911_dr_dzana-300x193.jpg 300w, https:\/\/tuzlainfo.ba\/wp-content\/uploads\/2021\/11\/2911_dr_dzana-768x495.jpg 768w, https:\/\/tuzlainfo.ba\/wp-content\/uploads\/2021\/11\/2911_dr_dzana-585x377.jpg 585w, https:\/\/tuzlainfo.ba\/wp-content\/uploads\/2021\/11\/2911_dr_dzana-150x97.jpg 150w, https:\/\/tuzlainfo.ba\/wp-content\/uploads\/2021\/11\/2911_dr_dzana-500x322.jpg 500w\" sizes=\"(max-width: 952px) 100vw, 952px\" \/><\/p>\n<p>Kada je u pitanju odziv djece odnosno roditelja zainteresovanih za vakcinaciju mali\u0161ana doktorica Atli\u0107 ka\u017ee:<\/p>\n<p>&#8220;Mislim da roditelji nisu za sada dovoljno informisani. Kada do\u0111u da vakcini\u0161u sebe, postavljaju pitanja i za djecu i mi ih, naravno, informi\u0161emo da je mogu\u0107e da se vakcini\u0161u. Obzirom da je epidemiolo\u0161ka situacija na Tuzlanskom kantonu i na\u0161em gradu prili\u010dno lo\u0161a, tako\u0111er i to da ovaj val karakteri\u0161e dosta oboljevanja djece, mislim da je jako dobro \u0161to smo omogu\u0107ili da se i mali\u0161ani vakcin\u0161u, isti\u010de Atli\u0107 za Tuzlainfo.ba.<\/p>\n<p>Dodaje da su sugra\u0111ani po\u010deli polako vi\u0161e da vjeruju nauci, a ne onim informacija koje nisu provjerene.<\/p>\n<p>&#8211; Gra\u0111ani su generalno zabrinuti. Ono \u0161to mogu re\u0107i, spram informacija sa kojima ja raspola\u017eem, je da su ve\u0107ina osoba koje su pozitivne na koronavirus zapravo nevakcinisane. Desi se naravno da se zarazi i osoba koja je vakcinisana, ali je veoma va\u017eno napomenuti da ve\u0107ina tih pacijenata ima veoma blagu klini\u010dku sliku. Dakle, to su naj\u010de\u0161\u0107e simpotomi gubitka \u010dula mirisa i okusa, temperatura nekoliko dana, ali nikakva te\u017ea klini\u010dka slika, pri\u010da doktorica Atli\u0107.<\/p>\n<p>Ka\u017eimo i to da se vakcinacija mo\u017ee obaviti u pripadaju\u0107im domovima zdravlja, odnosno vakcinalnim centrima\/punktovima. Pored Doma zdravlja Tuzla, u na\u0161em gradu to su: Mikrostanica, Ambulanta Slavinovi\u0107i, Solina, Husino i Bukinje.<\/p>\n<div>Radno vrijeme za vakcinaciju u Domu zdravlja Tuzla je do 20h \u010dasova, a u navedenim ambulantama do 15h. <em><strong>\/S.P.\/<\/strong><\/em><\/div>\n","protected":false},"excerpt":{"rendered":"<p>Od mjeseca marta, kada je po\u010dela vakcinacija u Javnoj zdravstvenoj-nastavnoj ustanovi Dom zdravlja dr. Mustafa&hellip;<\/p>\n","protected":false},"author":2,"featured_media":156632,"comment_status":"open","ping_status":"closed","sticky":false,"template":"","format":"standard","meta":{"_acf_changed":false,"footnotes":""},"categories":[304,12,306],"tags":[366],"acf":[],"yoast_head":"<!-- This site is optimized with the Yoast SEO plugin v23.5 - https:\/\/yoast.com\/wordpress\/plugins\/seo\/ -->\n<title>Proces imunizacije u Tuzli: Roditelji se sve vi\u0161e interesuju za vakcinaciju djece - TuzlaInfo.ba<\/title>\n<meta name=\"robots\" content=\"index, follow, max-snippet:-1, max-image-preview:large, max-video-preview:-1\" \/>\n<link rel=\"canonical\" href=\"https:\/\/tuzlainfo.ba\/index.php\/novosti\/item\/156631-proces-imunizacije-u-tuzli-roditelji-se-sve-vise-interesuju-za-vakcinaciju-djece\/\" \/>\n<meta property=\"og:locale\" content=\"bs_BA\" \/>\n<meta property=\"og:type\" content=\"article\" \/>\n<meta property=\"og:title\" content=\"Proces imunizacije u Tuzli: Roditelji se sve vi\u0161e interesuju za vakcinaciju djece - TuzlaInfo.ba\" \/>\n<meta property=\"og:description\" content=\"Od mjeseca marta, kada je po\u010dela vakcinacija u Javnoj zdravstvenoj-nastavnoj ustanovi Dom zdravlja dr. Mustafa&hellip;\" \/>\n<meta property=\"og:url\" content=\"https:\/\/tuzlainfo.ba\/index.php\/novosti\/item\/156631-proces-imunizacije-u-tuzli-roditelji-se-sve-vise-interesuju-za-vakcinaciju-djece\/\" \/>\n<meta property=\"og:site_name\" content=\"TuzlaInfo.ba\" \/>\n<meta property=\"article:publisher\" content=\"https:\/\/www.facebook.com\/tuzlainfo.ba\/\" \/>\n<meta property=\"article:published_time\" content=\"2021-12-02T20:42:25+00:00\" \/>\n<meta property=\"article:modified_time\" content=\"2021-12-03T06:56:59+00:00\" \/>\n<meta property=\"og:image\" content=\"https:\/\/tuzlainfo.ba\/wp-content\/uploads\/2021\/12\/redzavakcinu.jpg\" \/>\n\t<meta property=\"og:image:width\" content=\"1853\" \/>\n\t<meta property=\"og:image:height\" content=\"1300\" \/>\n\t<meta property=\"og:image:type\" content=\"image\/jpeg\" \/>\n<meta name=\"author\" content=\"nedim\" \/>\n<meta name=\"twitter:card\" content=\"summary_large_image\" \/>\n<meta name=\"twitter:label1\" content=\"Written by\" \/>\n\t<meta name=\"twitter:data1\" content=\"nedim\" \/>\n\t<meta name=\"twitter:label2\" content=\"Est. reading time\" \/>\n\t<meta name=\"twitter:data2\" content=\"2 minute\" \/>\n<script type=\"application\/ld+json\" class=\"yoast-schema-graph\">{\"@context\":\"https:\/\/schema.org\",\"@graph\":[{\"@type\":\"Article\",\"@id\":\"https:\/\/tuzlainfo.ba\/index.php\/novosti\/item\/156631-proces-imunizacije-u-tuzli-roditelji-se-sve-vise-interesuju-za-vakcinaciju-djece\/#article\",\"isPartOf\":{\"@id\":\"https:\/\/tuzlainfo.ba\/index.php\/novosti\/item\/156631-proces-imunizacije-u-tuzli-roditelji-se-sve-vise-interesuju-za-vakcinaciju-djece\/\"},\"author\":{\"name\":\"nedim\",\"@id\":\"https:\/\/tuzlainfo.ba\/#\/schema\/person\/f434e20dc27ea133923aab08451b7f7f\"},\"headline\":\"Proces imunizacije u Tuzli: Roditelji se sve vi\u0161e interesuju za vakcinaciju djece\",\"datePublished\":\"2021-12-02T20:42:25+00:00\",\"dateModified\":\"2021-12-03T06:56:59+00:00\",\"mainEntityOfPage\":{\"@id\":\"https:\/\/tuzlainfo.ba\/index.php\/novosti\/item\/156631-proces-imunizacije-u-tuzli-roditelji-se-sve-vise-interesuju-za-vakcinaciju-djece\/\"},\"wordCount\":452,\"commentCount\":0,\"publisher\":{\"@id\":\"https:\/\/tuzlainfo.ba\/#organization\"},\"image\":{\"@id\":\"https:\/\/tuzlainfo.ba\/index.php\/novosti\/item\/156631-proces-imunizacije-u-tuzli-roditelji-se-sve-vise-interesuju-za-vakcinaciju-djece\/#primaryimage\"},\"thumbnailUrl\":\"https:\/\/tuzlainfo.ba\/wp-content\/uploads\/2021\/12\/redzavakcinu.jpg\",\"keywords\":[\"vakcinacija\"],\"articleSection\":[\"Istaknuto\",\"Novosti\",\"Preporu\u010dujemo\"],\"inLanguage\":\"bs-BA\"},{\"@type\":\"WebPage\",\"@id\":\"https:\/\/tuzlainfo.ba\/index.php\/novosti\/item\/156631-proces-imunizacije-u-tuzli-roditelji-se-sve-vise-interesuju-za-vakcinaciju-djece\/\",\"url\":\"https:\/\/tuzlainfo.ba\/index.php\/novosti\/item\/156631-proces-imunizacije-u-tuzli-roditelji-se-sve-vise-interesuju-za-vakcinaciju-djece\/\",\"name\":\"Proces imunizacije u Tuzli: Roditelji se sve vi\u0161e interesuju za vakcinaciju djece - TuzlaInfo.ba\",\"isPartOf\":{\"@id\":\"https:\/\/tuzlainfo.ba\/#website\"},\"primaryImageOfPage\":{\"@id\":\"https:\/\/tuzlainfo.ba\/index.php\/novosti\/item\/156631-proces-imunizacije-u-tuzli-roditelji-se-sve-vise-interesuju-za-vakcinaciju-djece\/#primaryimage\"},\"image\":{\"@id\":\"https:\/\/tuzlainfo.ba\/index.php\/novosti\/item\/156631-proces-imunizacije-u-tuzli-roditelji-se-sve-vise-interesuju-za-vakcinaciju-djece\/#primaryimage\"},\"thumbnailUrl\":\"https:\/\/tuzlainfo.ba\/wp-content\/uploads\/2021\/12\/redzavakcinu.jpg\",\"datePublished\":\"2021-12-02T20:42:25+00:00\",\"dateModified\":\"2021-12-03T06:56:59+00:00\",\"breadcrumb\":{\"@id\":\"https:\/\/tuzlainfo.ba\/index.php\/novosti\/item\/156631-proces-imunizacije-u-tuzli-roditelji-se-sve-vise-interesuju-za-vakcinaciju-djece\/#breadcrumb\"},\"inLanguage\":\"bs-BA\",\"potentialAction\":[{\"@type\":\"ReadAction\",\"target\":[\"https:\/\/tuzlainfo.ba\/index.php\/novosti\/item\/156631-proces-imunizacije-u-tuzli-roditelji-se-sve-vise-interesuju-za-vakcinaciju-djece\/\"]}]},{\"@type\":\"ImageObject\",\"inLanguage\":\"bs-BA\",\"@id\":\"https:\/\/tuzlainfo.ba\/index.php\/novosti\/item\/156631-proces-imunizacije-u-tuzli-roditelji-se-sve-vise-interesuju-za-vakcinaciju-djece\/#primaryimage\",\"url\":\"https:\/\/tuzlainfo.ba\/wp-content\/uploads\/2021\/12\/redzavakcinu.jpg\",\"contentUrl\":\"https:\/\/tuzlainfo.ba\/wp-content\/uploads\/2021\/12\/redzavakcinu.jpg\",\"width\":1853,\"height\":1300},{\"@type\":\"BreadcrumbList\",\"@id\":\"https:\/\/tuzlainfo.ba\/index.php\/novosti\/item\/156631-proces-imunizacije-u-tuzli-roditelji-se-sve-vise-interesuju-za-vakcinaciju-djece\/#breadcrumb\",\"itemListElement\":[{\"@type\":\"ListItem\",\"position\":1,\"name\":\"Home\",\"item\":\"https:\/\/tuzlainfo.ba\/\"},{\"@type\":\"ListItem\",\"position\":2,\"name\":\"Proces imunizacije u Tuzli: Roditelji se sve vi\u0161e interesuju za vakcinaciju djece\"}]},{\"@type\":\"WebSite\",\"@id\":\"https:\/\/tuzlainfo.ba\/#website\",\"url\":\"https:\/\/tuzlainfo.ba\/\",\"name\":\"TuzlaInfo.ba\",\"description\":\"Tuzla info, gradski informator - Tuzla na dlanu\",\"publisher\":{\"@id\":\"https:\/\/tuzlainfo.ba\/#organization\"},\"potentialAction\":[{\"@type\":\"SearchAction\",\"target\":{\"@type\":\"EntryPoint\",\"urlTemplate\":\"https:\/\/tuzlainfo.ba\/?s={search_term_string}\"},\"query-input\":{\"@type\":\"PropertyValueSpecification\",\"valueRequired\":true,\"valueName\":\"search_term_string\"}}],\"inLanguage\":\"bs-BA\"},{\"@type\":\"Organization\",\"@id\":\"https:\/\/tuzlainfo.ba\/#organization\",\"name\":\"TuzlaInfo.ba\",\"url\":\"https:\/\/tuzlainfo.ba\/\",\"logo\":{\"@type\":\"ImageObject\",\"inLanguage\":\"bs-BA\",\"@id\":\"https:\/\/tuzlainfo.ba\/#\/schema\/logo\/image\/\",\"url\":\"https:\/\/tuzlainfo.ba\/wp-content\/uploads\/2021\/03\/logo-ver-3-1.png\",\"contentUrl\":\"https:\/\/tuzlainfo.ba\/wp-content\/uploads\/2021\/03\/logo-ver-3-1.png\",\"width\":350,\"height\":95,\"caption\":\"TuzlaInfo.ba\"},\"image\":{\"@id\":\"https:\/\/tuzlainfo.ba\/#\/schema\/logo\/image\/\"},\"sameAs\":[\"https:\/\/www.facebook.com\/tuzlainfo.ba\/\"]},{\"@type\":\"Person\",\"@id\":\"https:\/\/tuzlainfo.ba\/#\/schema\/person\/f434e20dc27ea133923aab08451b7f7f\",\"name\":\"nedim\",\"image\":{\"@type\":\"ImageObject\",\"inLanguage\":\"bs-BA\",\"@id\":\"https:\/\/tuzlainfo.ba\/#\/schema\/person\/image\/\",\"url\":\"https:\/\/tuzlainfo.ba\/wp-content\/litespeed\/avatar\/aabad687af24844af817603ac1cbdc4f.jpg?ver=1777306975\",\"contentUrl\":\"https:\/\/tuzlainfo.ba\/wp-content\/litespeed\/avatar\/aabad687af24844af817603ac1cbdc4f.jpg?ver=1777306975\",\"caption\":\"nedim\"},\"description\":\"Tuzlainfo.ba pratite na dru\u0161tvenim mre\u017eama: Facebook, Instagram i Youtube. Svoje pri\u010de, upite i fotografije \u0161aljite na na\u0161u e-mail adresu.\"}]}<\/script>\n<!-- \/ Yoast SEO plugin. -->","yoast_head_json":{"title":"Proces imunizacije u Tuzli: Roditelji se sve vi\u0161e interesuju za vakcinaciju djece - TuzlaInfo.ba","robots":{"index":"index","follow":"follow","max-snippet":"max-snippet:-1","max-image-preview":"max-image-preview:large","max-video-preview":"max-video-preview:-1"},"canonical":"https:\/\/tuzlainfo.ba\/index.php\/novosti\/item\/156631-proces-imunizacije-u-tuzli-roditelji-se-sve-vise-interesuju-za-vakcinaciju-djece\/","og_locale":"bs_BA","og_type":"article","og_title":"Proces imunizacije u Tuzli: Roditelji se sve vi\u0161e interesuju za vakcinaciju djece - TuzlaInfo.ba","og_description":"Od mjeseca marta, kada je po\u010dela vakcinacija u Javnoj zdravstvenoj-nastavnoj ustanovi Dom zdravlja dr. Mustafa&hellip;","og_url":"https:\/\/tuzlainfo.ba\/index.php\/novosti\/item\/156631-proces-imunizacije-u-tuzli-roditelji-se-sve-vise-interesuju-za-vakcinaciju-djece\/","og_site_name":"TuzlaInfo.ba","article_publisher":"https:\/\/www.facebook.com\/tuzlainfo.ba\/","article_published_time":"2021-12-02T20:42:25+00:00","article_modified_time":"2021-12-03T06:56:59+00:00","og_image":[{"width":1853,"height":1300,"url":"https:\/\/tuzlainfo.ba\/wp-content\/uploads\/2021\/12\/redzavakcinu.jpg","type":"image\/jpeg"}],"author":"nedim","twitter_card":"summary_large_image","twitter_misc":{"Written by":"nedim","Est. reading time":"2 minute"},"schema":{"@context":"https:\/\/schema.org","@graph":[{"@type":"Article","@id":"https:\/\/tuzlainfo.ba\/index.php\/novosti\/item\/156631-proces-imunizacije-u-tuzli-roditelji-se-sve-vise-interesuju-za-vakcinaciju-djece\/#article","isPartOf":{"@id":"https:\/\/tuzlainfo.ba\/index.php\/novosti\/item\/156631-proces-imunizacije-u-tuzli-roditelji-se-sve-vise-interesuju-za-vakcinaciju-djece\/"},"author":{"name":"nedim","@id":"https:\/\/tuzlainfo.ba\/#\/schema\/person\/f434e20dc27ea133923aab08451b7f7f"},"headline":"Proces imunizacije u Tuzli: Roditelji se sve vi\u0161e interesuju za vakcinaciju djece","datePublished":"2021-12-02T20:42:25+00:00","dateModified":"2021-12-03T06:56:59+00:00","mainEntityOfPage":{"@id":"https:\/\/tuzlainfo.ba\/index.php\/novosti\/item\/156631-proces-imunizacije-u-tuzli-roditelji-se-sve-vise-interesuju-za-vakcinaciju-djece\/"},"wordCount":452,"commentCount":0,"publisher":{"@id":"https:\/\/tuzlainfo.ba\/#organization"},"image":{"@id":"https:\/\/tuzlainfo.ba\/index.php\/novosti\/item\/156631-proces-imunizacije-u-tuzli-roditelji-se-sve-vise-interesuju-za-vakcinaciju-djece\/#primaryimage"},"thumbnailUrl":"https:\/\/tuzlainfo.ba\/wp-content\/uploads\/2021\/12\/redzavakcinu.jpg","keywords":["vakcinacija"],"articleSection":["Istaknuto","Novosti","Preporu\u010dujemo"],"inLanguage":"bs-BA"},{"@type":"WebPage","@id":"https:\/\/tuzlainfo.ba\/index.php\/novosti\/item\/156631-proces-imunizacije-u-tuzli-roditelji-se-sve-vise-interesuju-za-vakcinaciju-djece\/","url":"https:\/\/tuzlainfo.ba\/index.php\/novosti\/item\/156631-proces-imunizacije-u-tuzli-roditelji-se-sve-vise-interesuju-za-vakcinaciju-djece\/","name":"Proces imunizacije u Tuzli: Roditelji se sve vi\u0161e interesuju za vakcinaciju djece - TuzlaInfo.ba","isPartOf":{"@id":"https:\/\/tuzlainfo.ba\/#website"},"primaryImageOfPage":{"@id":"https:\/\/tuzlainfo.ba\/index.php\/novosti\/item\/156631-proces-imunizacije-u-tuzli-roditelji-se-sve-vise-interesuju-za-vakcinaciju-djece\/#primaryimage"},"image":{"@id":"https:\/\/tuzlainfo.ba\/index.php\/novosti\/item\/156631-proces-imunizacije-u-tuzli-roditelji-se-sve-vise-interesuju-za-vakcinaciju-djece\/#primaryimage"},"thumbnailUrl":"https:\/\/tuzlainfo.ba\/wp-content\/uploads\/2021\/12\/redzavakcinu.jpg","datePublished":"2021-12-02T20:42:25+00:00","dateModified":"2021-12-03T06:56:59+00:00","breadcrumb":{"@id":"https:\/\/tuzlainfo.ba\/index.php\/novosti\/item\/156631-proces-imunizacije-u-tuzli-roditelji-se-sve-vise-interesuju-za-vakcinaciju-djece\/#breadcrumb"},"inLanguage":"bs-BA","potentialAction":[{"@type":"ReadAction","target":["https:\/\/tuzlainfo.ba\/index.php\/novosti\/item\/156631-proces-imunizacije-u-tuzli-roditelji-se-sve-vise-interesuju-za-vakcinaciju-djece\/"]}]},{"@type":"ImageObject","inLanguage":"bs-BA","@id":"https:\/\/tuzlainfo.ba\/index.php\/novosti\/item\/156631-proces-imunizacije-u-tuzli-roditelji-se-sve-vise-interesuju-za-vakcinaciju-djece\/#primaryimage","url":"https:\/\/tuzlainfo.ba\/wp-content\/uploads\/2021\/12\/redzavakcinu.jpg","contentUrl":"https:\/\/tuzlainfo.ba\/wp-content\/uploads\/2021\/12\/redzavakcinu.jpg","width":1853,"height":1300},{"@type":"BreadcrumbList","@id":"https:\/\/tuzlainfo.ba\/index.php\/novosti\/item\/156631-proces-imunizacije-u-tuzli-roditelji-se-sve-vise-interesuju-za-vakcinaciju-djece\/#breadcrumb","itemListElement":[{"@type":"ListItem","position":1,"name":"Home","item":"https:\/\/tuzlainfo.ba\/"},{"@type":"ListItem","position":2,"name":"Proces imunizacije u Tuzli: Roditelji se sve vi\u0161e interesuju za vakcinaciju djece"}]},{"@type":"WebSite","@id":"https:\/\/tuzlainfo.ba\/#website","url":"https:\/\/tuzlainfo.ba\/","name":"TuzlaInfo.ba","description":"Tuzla info, gradski informator - Tuzla na dlanu","publisher":{"@id":"https:\/\/tuzlainfo.ba\/#organization"},"potentialAction":[{"@type":"SearchAction","target":{"@type":"EntryPoint","urlTemplate":"https:\/\/tuzlainfo.ba\/?s={search_term_string}"},"query-input":{"@type":"PropertyValueSpecification","valueRequired":true,"valueName":"search_term_string"}}],"inLanguage":"bs-BA"},{"@type":"Organization","@id":"https:\/\/tuzlainfo.ba\/#organization","name":"TuzlaInfo.ba","url":"https:\/\/tuzlainfo.ba\/","logo":{"@type":"ImageObject","inLanguage":"bs-BA","@id":"https:\/\/tuzlainfo.ba\/#\/schema\/logo\/image\/","url":"https:\/\/tuzlainfo.ba\/wp-content\/uploads\/2021\/03\/logo-ver-3-1.png","contentUrl":"https:\/\/tuzlainfo.ba\/wp-content\/uploads\/2021\/03\/logo-ver-3-1.png","width":350,"height":95,"caption":"TuzlaInfo.ba"},"image":{"@id":"https:\/\/tuzlainfo.ba\/#\/schema\/logo\/image\/"},"sameAs":["https:\/\/www.facebook.com\/tuzlainfo.ba\/"]},{"@type":"Person","@id":"https:\/\/tuzlainfo.ba\/#\/schema\/person\/f434e20dc27ea133923aab08451b7f7f","name":"nedim","image":{"@type":"ImageObject","inLanguage":"bs-BA","@id":"https:\/\/tuzlainfo.ba\/#\/schema\/person\/image\/","url":"https:\/\/tuzlainfo.ba\/wp-content\/litespeed\/avatar\/aabad687af24844af817603ac1cbdc4f.jpg?ver=1777306975","contentUrl":"https:\/\/tuzlainfo.ba\/wp-content\/litespeed\/avatar\/aabad687af24844af817603ac1cbdc4f.jpg?ver=1777306975","caption":"nedim"},"description":"Tuzlainfo.ba pratite na dru\u0161tvenim mre\u017eama: Facebook, Instagram i Youtube. Svoje pri\u010de, upite i fotografije \u0161aljite na na\u0161u e-mail adresu."}]}},"_links":{"self":[{"href":"https:\/\/tuzlainfo.ba\/index.php\/wp-json\/wp\/v2\/posts\/156631"}],"collection":[{"href":"https:\/\/tuzlainfo.ba\/index.php\/wp-json\/wp\/v2\/posts"}],"about":[{"href":"https:\/\/tuzlainfo.ba\/index.php\/wp-json\/wp\/v2\/types\/post"}],"author":[{"embeddable":true,"href":"https:\/\/tuzlainfo.ba\/index.php\/wp-json\/wp\/v2\/users\/2"}],"replies":[{"embeddable":true,"href":"https:\/\/tuzlainfo.ba\/index.php\/wp-json\/wp\/v2\/comments?post=156631"}],"version-history":[{"count":0,"href":"https:\/\/tuzlainfo.ba\/index.php\/wp-json\/wp\/v2\/posts\/156631\/revisions"}],"wp:featuredmedia":[{"embeddable":true,"href":"https:\/\/tuzlainfo.ba\/index.php\/wp-json\/wp\/v2\/media\/156632"}],"wp:attachment":[{"href":"https:\/\/tuzlainfo.ba\/index.php\/wp-json\/wp\/v2\/media?parent=156631"}],"wp:term":[{"taxonomy":"category","embeddable":true,"href":"https:\/\/tuzlainfo.ba\/index.php\/wp-json\/wp\/v2\/categories?post=156631"},{"taxonomy":"post_tag","embeddable":true,"href":"https:\/\/tuzlainfo.ba\/index.php\/wp-json\/wp\/v2\/tags?post=156631"}],"curies":[{"name":"wp","href":"https:\/\/api.w.org\/{rel}","templated":true}]}}