{"id":156505,"date":"2021-12-01T21:32:14","date_gmt":"2021-12-01T20:32:14","guid":{"rendered":"https:\/\/tuzlainfo.ba\/?p=156505"},"modified":"2021-12-01T21:32:14","modified_gmt":"2021-12-01T20:32:14","slug":"radoncic-hdz-je-bosnjacima-zabio-noz-u-ledja","status":"publish","type":"post","link":"https:\/\/tuzlainfo.ba\/index.php\/bosna-i-hercegovina\/item\/156505-radoncic-hdz-je-bosnjacima-zabio-noz-u-ledja\/","title":{"rendered":"Radon\u010di\u0107: HDZ je Bo\u0161njacima zabio no\u017e u le\u0111a"},"content":{"rendered":"<p class=\"inarticle-banner\">Nakon dana\u0161njeg sastanka u zgradi Delegacije EU, gdje ve\u0107 tre\u0107i dan Metju Palmer (Matthew), ameri\u010dki izaslanik za izborne reforme, i Angelina Ajhorst (Eichhorst), direktorica pri Evropskoj slu\u017ebi za vanjske poslove, razgovaraju s doma\u0107im politi\u010dkim akterima kako bi prona\u0161li rje\u0161enje za Izborni zakon, lider Saveza za bolju budu\u0107nost Fahrudin Radon\u010di\u0107 je odgovarao na pitanja novinara.<\/p>\n<div class=\"single-text\">\n<p>Upitan da prokomentira prozivke pojedinaca i odre\u0111enih medija da tobo\u017ee SBB poma\u017ee HDZ-u i Draganu \u010covi\u0107u, Radon\u010di\u0107 je kazao da te prozivke ne stoje.<\/p>\n<p>&#8211; SBB najvi\u0161e poma\u017ee opoziciji i, zahvaljuju\u0107i zajedni\u010dkom sastanku koji smo inicirali gospodin Nik\u0161i\u0107 i ja, opozicija je nastupila jedinstveno, a ona ima vi\u0161e glasova u Predstavni\u010dkom domu nego HDZ ili SDA zajedno. I na\u0161 je stav da tu pomognemo opoziciji. \u0160to se HDZ-a ti\u010de, moram biti veoma precizan, vidim da je tu bilo nekih dilema. Na\u010din njihovog glasanja u Domu naroda BiH ne slu\u017ei na \u010dast pojedincima iz Hrvatske demokratske zajednice, jer za nas Bo\u0161njake je to neka vrsta no\u017ea u le\u0111a.<\/p>\n<p>Mi smatramo da \u0107e Hrvatska demokratska zajednica, kao stranka koja se zala\u017ee za evropske standarde, u drugom krugu odbiti da podr\u017eava separatisti\u010dku politiku gospodina Dodika ili negiranja Zakona o genocidu, jer je to nedopustivo, i ja zaista mislim da \u0107e oni sami glasati protiv toga. A, u najgorem slu\u010daju, mi imamo za\u0161titni mehanizam, to je Predstavni\u010dki dom Parlamentarne skup\u0161tine BiH, gdje mi, Bo\u0161njaci, i drugi iz Federacije ne\u0107emo dozvoliti da niko devastira zakon o sankcioniranju negatora genocida. Taj je zakon donesen, mo\u017eda neko ne primje\u0107uje, ali vidite da je naglo prestalo negiranje genocida u RS, \u0161to zna\u010di da se ljudi itekako boje tog zakona i po\u0161tuju ga &#8211; kazao je Radon\u010di\u0107 odgovaraju\u0107i na pitanje novinara, pi\u0161e Avaz.<\/p>\n<\/div>\n","protected":false},"excerpt":{"rendered":"<p>Nakon dana\u0161njeg sastanka u zgradi Delegacije EU, gdje ve\u0107 tre\u0107i dan Metju Palmer (Matthew), ameri\u010dki&hellip;<\/p>\n","protected":false},"author":2,"featured_media":70121,"comment_status":"open","ping_status":"closed","sticky":false,"template":"","format":"standard","meta":{"_acf_changed":false,"footnotes":""},"categories":[291],"tags":[1617],"acf":[],"yoast_head":"<!-- This site is optimized with the Yoast SEO plugin v23.5 - https:\/\/yoast.com\/wordpress\/plugins\/seo\/ -->\n<title>Radon\u010di\u0107: HDZ je Bo\u0161njacima zabio no\u017e u le\u0111a - TuzlaInfo.ba<\/title>\n<meta name=\"robots\" content=\"index, follow, max-snippet:-1, max-image-preview:large, max-video-preview:-1\" \/>\n<link rel=\"canonical\" href=\"https:\/\/tuzlainfo.ba\/index.php\/bosna-i-hercegovina\/item\/156505-radoncic-hdz-je-bosnjacima-zabio-noz-u-ledja\/\" \/>\n<meta property=\"og:locale\" content=\"bs_BA\" \/>\n<meta property=\"og:type\" content=\"article\" \/>\n<meta property=\"og:title\" content=\"Radon\u010di\u0107: HDZ je Bo\u0161njacima zabio no\u017e u le\u0111a - TuzlaInfo.ba\" \/>\n<meta property=\"og:description\" content=\"Nakon dana\u0161njeg sastanka u zgradi Delegacije EU, gdje ve\u0107 tre\u0107i dan Metju Palmer (Matthew), ameri\u010dki&hellip;\" \/>\n<meta property=\"og:url\" content=\"https:\/\/tuzlainfo.ba\/index.php\/bosna-i-hercegovina\/item\/156505-radoncic-hdz-je-bosnjacima-zabio-noz-u-ledja\/\" \/>\n<meta property=\"og:site_name\" content=\"TuzlaInfo.ba\" \/>\n<meta property=\"article:publisher\" content=\"https:\/\/www.facebook.com\/tuzlainfo.ba\/\" \/>\n<meta property=\"article:published_time\" content=\"2021-12-01T20:32:14+00:00\" \/>\n<meta property=\"og:image\" content=\"https:\/\/tuzlainfo.ba\/wp-content\/uploads\/2019\/05\/sadrzaj_2019_20190501_1605_radoncic.jpg\" \/>\n\t<meta property=\"og:image:width\" content=\"770\" \/>\n\t<meta property=\"og:image:height\" content=\"513\" \/>\n\t<meta property=\"og:image:type\" content=\"image\/jpeg\" \/>\n<meta name=\"author\" content=\"nedim\" \/>\n<meta name=\"twitter:card\" content=\"summary_large_image\" \/>\n<meta name=\"twitter:label1\" content=\"Written by\" \/>\n\t<meta name=\"twitter:data1\" content=\"nedim\" \/>\n\t<meta name=\"twitter:label2\" content=\"Est. reading time\" \/>\n\t<meta name=\"twitter:data2\" content=\"2 minute\" \/>\n<script type=\"application\/ld+json\" class=\"yoast-schema-graph\">{\"@context\":\"https:\/\/schema.org\",\"@graph\":[{\"@type\":\"Article\",\"@id\":\"https:\/\/tuzlainfo.ba\/index.php\/bosna-i-hercegovina\/item\/156505-radoncic-hdz-je-bosnjacima-zabio-noz-u-ledja\/#article\",\"isPartOf\":{\"@id\":\"https:\/\/tuzlainfo.ba\/index.php\/bosna-i-hercegovina\/item\/156505-radoncic-hdz-je-bosnjacima-zabio-noz-u-ledja\/\"},\"author\":{\"name\":\"nedim\",\"@id\":\"https:\/\/tuzlainfo.ba\/#\/schema\/person\/f434e20dc27ea133923aab08451b7f7f\"},\"headline\":\"Radon\u010di\u0107: HDZ je Bo\u0161njacima zabio no\u017e u le\u0111a\",\"datePublished\":\"2021-12-01T20:32:14+00:00\",\"dateModified\":\"2021-12-01T20:32:14+00:00\",\"mainEntityOfPage\":{\"@id\":\"https:\/\/tuzlainfo.ba\/index.php\/bosna-i-hercegovina\/item\/156505-radoncic-hdz-je-bosnjacima-zabio-noz-u-ledja\/\"},\"wordCount\":333,\"commentCount\":0,\"publisher\":{\"@id\":\"https:\/\/tuzlainfo.ba\/#organization\"},\"image\":{\"@id\":\"https:\/\/tuzlainfo.ba\/index.php\/bosna-i-hercegovina\/item\/156505-radoncic-hdz-je-bosnjacima-zabio-noz-u-ledja\/#primaryimage\"},\"thumbnailUrl\":\"https:\/\/tuzlainfo.ba\/wp-content\/uploads\/2019\/05\/sadrzaj_2019_20190501_1605_radoncic.jpg\",\"keywords\":[\"fahrudin radon\u010di\u0107\"],\"articleSection\":[\"Bosna i Hercegovina\"],\"inLanguage\":\"bs-BA\"},{\"@type\":\"WebPage\",\"@id\":\"https:\/\/tuzlainfo.ba\/index.php\/bosna-i-hercegovina\/item\/156505-radoncic-hdz-je-bosnjacima-zabio-noz-u-ledja\/\",\"url\":\"https:\/\/tuzlainfo.ba\/index.php\/bosna-i-hercegovina\/item\/156505-radoncic-hdz-je-bosnjacima-zabio-noz-u-ledja\/\",\"name\":\"Radon\u010di\u0107: HDZ je Bo\u0161njacima zabio no\u017e u le\u0111a - TuzlaInfo.ba\",\"isPartOf\":{\"@id\":\"https:\/\/tuzlainfo.ba\/#website\"},\"primaryImageOfPage\":{\"@id\":\"https:\/\/tuzlainfo.ba\/index.php\/bosna-i-hercegovina\/item\/156505-radoncic-hdz-je-bosnjacima-zabio-noz-u-ledja\/#primaryimage\"},\"image\":{\"@id\":\"https:\/\/tuzlainfo.ba\/index.php\/bosna-i-hercegovina\/item\/156505-radoncic-hdz-je-bosnjacima-zabio-noz-u-ledja\/#primaryimage\"},\"thumbnailUrl\":\"https:\/\/tuzlainfo.ba\/wp-content\/uploads\/2019\/05\/sadrzaj_2019_20190501_1605_radoncic.jpg\",\"datePublished\":\"2021-12-01T20:32:14+00:00\",\"dateModified\":\"2021-12-01T20:32:14+00:00\",\"breadcrumb\":{\"@id\":\"https:\/\/tuzlainfo.ba\/index.php\/bosna-i-hercegovina\/item\/156505-radoncic-hdz-je-bosnjacima-zabio-noz-u-ledja\/#breadcrumb\"},\"inLanguage\":\"bs-BA\",\"potentialAction\":[{\"@type\":\"ReadAction\",\"target\":[\"https:\/\/tuzlainfo.ba\/index.php\/bosna-i-hercegovina\/item\/156505-radoncic-hdz-je-bosnjacima-zabio-noz-u-ledja\/\"]}]},{\"@type\":\"ImageObject\",\"inLanguage\":\"bs-BA\",\"@id\":\"https:\/\/tuzlainfo.ba\/index.php\/bosna-i-hercegovina\/item\/156505-radoncic-hdz-je-bosnjacima-zabio-noz-u-ledja\/#primaryimage\",\"url\":\"https:\/\/tuzlainfo.ba\/wp-content\/uploads\/2019\/05\/sadrzaj_2019_20190501_1605_radoncic.jpg\",\"contentUrl\":\"https:\/\/tuzlainfo.ba\/wp-content\/uploads\/2019\/05\/sadrzaj_2019_20190501_1605_radoncic.jpg\",\"width\":770,\"height\":513,\"caption\":\"1605 radoncic\"},{\"@type\":\"BreadcrumbList\",\"@id\":\"https:\/\/tuzlainfo.ba\/index.php\/bosna-i-hercegovina\/item\/156505-radoncic-hdz-je-bosnjacima-zabio-noz-u-ledja\/#breadcrumb\",\"itemListElement\":[{\"@type\":\"ListItem\",\"position\":1,\"name\":\"Home\",\"item\":\"https:\/\/tuzlainfo.ba\/\"},{\"@type\":\"ListItem\",\"position\":2,\"name\":\"Radon\u010di\u0107: HDZ je Bo\u0161njacima zabio no\u017e u le\u0111a\"}]},{\"@type\":\"WebSite\",\"@id\":\"https:\/\/tuzlainfo.ba\/#website\",\"url\":\"https:\/\/tuzlainfo.ba\/\",\"name\":\"TuzlaInfo.ba\",\"description\":\"Tuzla info, gradski informator - Tuzla na dlanu\",\"publisher\":{\"@id\":\"https:\/\/tuzlainfo.ba\/#organization\"},\"potentialAction\":[{\"@type\":\"SearchAction\",\"target\":{\"@type\":\"EntryPoint\",\"urlTemplate\":\"https:\/\/tuzlainfo.ba\/?s={search_term_string}\"},\"query-input\":{\"@type\":\"PropertyValueSpecification\",\"valueRequired\":true,\"valueName\":\"search_term_string\"}}],\"inLanguage\":\"bs-BA\"},{\"@type\":\"Organization\",\"@id\":\"https:\/\/tuzlainfo.ba\/#organization\",\"name\":\"TuzlaInfo.ba\",\"url\":\"https:\/\/tuzlainfo.ba\/\",\"logo\":{\"@type\":\"ImageObject\",\"inLanguage\":\"bs-BA\",\"@id\":\"https:\/\/tuzlainfo.ba\/#\/schema\/logo\/image\/\",\"url\":\"https:\/\/tuzlainfo.ba\/wp-content\/uploads\/2021\/03\/logo-ver-3-1.png\",\"contentUrl\":\"https:\/\/tuzlainfo.ba\/wp-content\/uploads\/2021\/03\/logo-ver-3-1.png\",\"width\":350,\"height\":95,\"caption\":\"TuzlaInfo.ba\"},\"image\":{\"@id\":\"https:\/\/tuzlainfo.ba\/#\/schema\/logo\/image\/\"},\"sameAs\":[\"https:\/\/www.facebook.com\/tuzlainfo.ba\/\"]},{\"@type\":\"Person\",\"@id\":\"https:\/\/tuzlainfo.ba\/#\/schema\/person\/f434e20dc27ea133923aab08451b7f7f\",\"name\":\"nedim\",\"image\":{\"@type\":\"ImageObject\",\"inLanguage\":\"bs-BA\",\"@id\":\"https:\/\/tuzlainfo.ba\/#\/schema\/person\/image\/\",\"url\":\"https:\/\/tuzlainfo.ba\/wp-content\/litespeed\/avatar\/aabad687af24844af817603ac1cbdc4f.jpg?ver=1776702173\",\"contentUrl\":\"https:\/\/tuzlainfo.ba\/wp-content\/litespeed\/avatar\/aabad687af24844af817603ac1cbdc4f.jpg?ver=1776702173\",\"caption\":\"nedim\"},\"description\":\"Tuzlainfo.ba pratite na dru\u0161tvenim mre\u017eama: Facebook, Instagram i Youtube. Svoje pri\u010de, upite i fotografije \u0161aljite na na\u0161u e-mail adresu.\"}]}<\/script>\n<!-- \/ Yoast SEO plugin. -->","yoast_head_json":{"title":"Radon\u010di\u0107: HDZ je Bo\u0161njacima zabio no\u017e u le\u0111a - TuzlaInfo.ba","robots":{"index":"index","follow":"follow","max-snippet":"max-snippet:-1","max-image-preview":"max-image-preview:large","max-video-preview":"max-video-preview:-1"},"canonical":"https:\/\/tuzlainfo.ba\/index.php\/bosna-i-hercegovina\/item\/156505-radoncic-hdz-je-bosnjacima-zabio-noz-u-ledja\/","og_locale":"bs_BA","og_type":"article","og_title":"Radon\u010di\u0107: HDZ je Bo\u0161njacima zabio no\u017e u le\u0111a - TuzlaInfo.ba","og_description":"Nakon dana\u0161njeg sastanka u zgradi Delegacije EU, gdje ve\u0107 tre\u0107i dan Metju Palmer (Matthew), ameri\u010dki&hellip;","og_url":"https:\/\/tuzlainfo.ba\/index.php\/bosna-i-hercegovina\/item\/156505-radoncic-hdz-je-bosnjacima-zabio-noz-u-ledja\/","og_site_name":"TuzlaInfo.ba","article_publisher":"https:\/\/www.facebook.com\/tuzlainfo.ba\/","article_published_time":"2021-12-01T20:32:14+00:00","og_image":[{"width":770,"height":513,"url":"https:\/\/tuzlainfo.ba\/wp-content\/uploads\/2019\/05\/sadrzaj_2019_20190501_1605_radoncic.jpg","type":"image\/jpeg"}],"author":"nedim","twitter_card":"summary_large_image","twitter_misc":{"Written by":"nedim","Est. reading time":"2 minute"},"schema":{"@context":"https:\/\/schema.org","@graph":[{"@type":"Article","@id":"https:\/\/tuzlainfo.ba\/index.php\/bosna-i-hercegovina\/item\/156505-radoncic-hdz-je-bosnjacima-zabio-noz-u-ledja\/#article","isPartOf":{"@id":"https:\/\/tuzlainfo.ba\/index.php\/bosna-i-hercegovina\/item\/156505-radoncic-hdz-je-bosnjacima-zabio-noz-u-ledja\/"},"author":{"name":"nedim","@id":"https:\/\/tuzlainfo.ba\/#\/schema\/person\/f434e20dc27ea133923aab08451b7f7f"},"headline":"Radon\u010di\u0107: HDZ je Bo\u0161njacima zabio no\u017e u le\u0111a","datePublished":"2021-12-01T20:32:14+00:00","dateModified":"2021-12-01T20:32:14+00:00","mainEntityOfPage":{"@id":"https:\/\/tuzlainfo.ba\/index.php\/bosna-i-hercegovina\/item\/156505-radoncic-hdz-je-bosnjacima-zabio-noz-u-ledja\/"},"wordCount":333,"commentCount":0,"publisher":{"@id":"https:\/\/tuzlainfo.ba\/#organization"},"image":{"@id":"https:\/\/tuzlainfo.ba\/index.php\/bosna-i-hercegovina\/item\/156505-radoncic-hdz-je-bosnjacima-zabio-noz-u-ledja\/#primaryimage"},"thumbnailUrl":"https:\/\/tuzlainfo.ba\/wp-content\/uploads\/2019\/05\/sadrzaj_2019_20190501_1605_radoncic.jpg","keywords":["fahrudin radon\u010di\u0107"],"articleSection":["Bosna i Hercegovina"],"inLanguage":"bs-BA"},{"@type":"WebPage","@id":"https:\/\/tuzlainfo.ba\/index.php\/bosna-i-hercegovina\/item\/156505-radoncic-hdz-je-bosnjacima-zabio-noz-u-ledja\/","url":"https:\/\/tuzlainfo.ba\/index.php\/bosna-i-hercegovina\/item\/156505-radoncic-hdz-je-bosnjacima-zabio-noz-u-ledja\/","name":"Radon\u010di\u0107: HDZ je Bo\u0161njacima zabio no\u017e u le\u0111a - TuzlaInfo.ba","isPartOf":{"@id":"https:\/\/tuzlainfo.ba\/#website"},"primaryImageOfPage":{"@id":"https:\/\/tuzlainfo.ba\/index.php\/bosna-i-hercegovina\/item\/156505-radoncic-hdz-je-bosnjacima-zabio-noz-u-ledja\/#primaryimage"},"image":{"@id":"https:\/\/tuzlainfo.ba\/index.php\/bosna-i-hercegovina\/item\/156505-radoncic-hdz-je-bosnjacima-zabio-noz-u-ledja\/#primaryimage"},"thumbnailUrl":"https:\/\/tuzlainfo.ba\/wp-content\/uploads\/2019\/05\/sadrzaj_2019_20190501_1605_radoncic.jpg","datePublished":"2021-12-01T20:32:14+00:00","dateModified":"2021-12-01T20:32:14+00:00","breadcrumb":{"@id":"https:\/\/tuzlainfo.ba\/index.php\/bosna-i-hercegovina\/item\/156505-radoncic-hdz-je-bosnjacima-zabio-noz-u-ledja\/#breadcrumb"},"inLanguage":"bs-BA","potentialAction":[{"@type":"ReadAction","target":["https:\/\/tuzlainfo.ba\/index.php\/bosna-i-hercegovina\/item\/156505-radoncic-hdz-je-bosnjacima-zabio-noz-u-ledja\/"]}]},{"@type":"ImageObject","inLanguage":"bs-BA","@id":"https:\/\/tuzlainfo.ba\/index.php\/bosna-i-hercegovina\/item\/156505-radoncic-hdz-je-bosnjacima-zabio-noz-u-ledja\/#primaryimage","url":"https:\/\/tuzlainfo.ba\/wp-content\/uploads\/2019\/05\/sadrzaj_2019_20190501_1605_radoncic.jpg","contentUrl":"https:\/\/tuzlainfo.ba\/wp-content\/uploads\/2019\/05\/sadrzaj_2019_20190501_1605_radoncic.jpg","width":770,"height":513,"caption":"1605 radoncic"},{"@type":"BreadcrumbList","@id":"https:\/\/tuzlainfo.ba\/index.php\/bosna-i-hercegovina\/item\/156505-radoncic-hdz-je-bosnjacima-zabio-noz-u-ledja\/#breadcrumb","itemListElement":[{"@type":"ListItem","position":1,"name":"Home","item":"https:\/\/tuzlainfo.ba\/"},{"@type":"ListItem","position":2,"name":"Radon\u010di\u0107: HDZ je Bo\u0161njacima zabio no\u017e u le\u0111a"}]},{"@type":"WebSite","@id":"https:\/\/tuzlainfo.ba\/#website","url":"https:\/\/tuzlainfo.ba\/","name":"TuzlaInfo.ba","description":"Tuzla info, gradski informator - Tuzla na dlanu","publisher":{"@id":"https:\/\/tuzlainfo.ba\/#organization"},"potentialAction":[{"@type":"SearchAction","target":{"@type":"EntryPoint","urlTemplate":"https:\/\/tuzlainfo.ba\/?s={search_term_string}"},"query-input":{"@type":"PropertyValueSpecification","valueRequired":true,"valueName":"search_term_string"}}],"inLanguage":"bs-BA"},{"@type":"Organization","@id":"https:\/\/tuzlainfo.ba\/#organization","name":"TuzlaInfo.ba","url":"https:\/\/tuzlainfo.ba\/","logo":{"@type":"ImageObject","inLanguage":"bs-BA","@id":"https:\/\/tuzlainfo.ba\/#\/schema\/logo\/image\/","url":"https:\/\/tuzlainfo.ba\/wp-content\/uploads\/2021\/03\/logo-ver-3-1.png","contentUrl":"https:\/\/tuzlainfo.ba\/wp-content\/uploads\/2021\/03\/logo-ver-3-1.png","width":350,"height":95,"caption":"TuzlaInfo.ba"},"image":{"@id":"https:\/\/tuzlainfo.ba\/#\/schema\/logo\/image\/"},"sameAs":["https:\/\/www.facebook.com\/tuzlainfo.ba\/"]},{"@type":"Person","@id":"https:\/\/tuzlainfo.ba\/#\/schema\/person\/f434e20dc27ea133923aab08451b7f7f","name":"nedim","image":{"@type":"ImageObject","inLanguage":"bs-BA","@id":"https:\/\/tuzlainfo.ba\/#\/schema\/person\/image\/","url":"https:\/\/tuzlainfo.ba\/wp-content\/litespeed\/avatar\/aabad687af24844af817603ac1cbdc4f.jpg?ver=1776702173","contentUrl":"https:\/\/tuzlainfo.ba\/wp-content\/litespeed\/avatar\/aabad687af24844af817603ac1cbdc4f.jpg?ver=1776702173","caption":"nedim"},"description":"Tuzlainfo.ba pratite na dru\u0161tvenim mre\u017eama: Facebook, Instagram i Youtube. Svoje pri\u010de, upite i fotografije \u0161aljite na na\u0161u e-mail adresu."}]}},"_links":{"self":[{"href":"https:\/\/tuzlainfo.ba\/index.php\/wp-json\/wp\/v2\/posts\/156505"}],"collection":[{"href":"https:\/\/tuzlainfo.ba\/index.php\/wp-json\/wp\/v2\/posts"}],"about":[{"href":"https:\/\/tuzlainfo.ba\/index.php\/wp-json\/wp\/v2\/types\/post"}],"author":[{"embeddable":true,"href":"https:\/\/tuzlainfo.ba\/index.php\/wp-json\/wp\/v2\/users\/2"}],"replies":[{"embeddable":true,"href":"https:\/\/tuzlainfo.ba\/index.php\/wp-json\/wp\/v2\/comments?post=156505"}],"version-history":[{"count":0,"href":"https:\/\/tuzlainfo.ba\/index.php\/wp-json\/wp\/v2\/posts\/156505\/revisions"}],"wp:featuredmedia":[{"embeddable":true,"href":"https:\/\/tuzlainfo.ba\/index.php\/wp-json\/wp\/v2\/media\/70121"}],"wp:attachment":[{"href":"https:\/\/tuzlainfo.ba\/index.php\/wp-json\/wp\/v2\/media?parent=156505"}],"wp:term":[{"taxonomy":"category","embeddable":true,"href":"https:\/\/tuzlainfo.ba\/index.php\/wp-json\/wp\/v2\/categories?post=156505"},{"taxonomy":"post_tag","embeddable":true,"href":"https:\/\/tuzlainfo.ba\/index.php\/wp-json\/wp\/v2\/tags?post=156505"}],"curies":[{"name":"wp","href":"https:\/\/api.w.org\/{rel}","templated":true}]}}