{"id":156411,"date":"2021-12-01T21:00:34","date_gmt":"2021-12-01T20:00:34","guid":{"rendered":"https:\/\/tuzlainfo.ba\/?p=156411"},"modified":"2021-12-01T13:43:46","modified_gmt":"2021-12-01T12:43:46","slug":"uskoro-pocinje-iv-festival-umjetnosti-za-djecu-zivinice-2021","status":"publish","type":"post","link":"https:\/\/tuzlainfo.ba\/index.php\/najava-dogadaja-2\/item\/156411-uskoro-pocinje-iv-festival-umjetnosti-za-djecu-zivinice-2021\/","title":{"rendered":"Uskoro po\u010dinje IV festival umjetnosti za djecu &#8211; \u017divinice 2021."},"content":{"rendered":"<p>Ve\u0107 \u010detvrtu godinu za redom u Bosanskom kulturnom centru \u017divinice \u0107e biti organizovan Festival umjetnosti za djecu, a ove godine Festival po\u010dinje 7. i trajat \u0107e do 16. decembra, a djeca \u0107e svakog utorka i \u010detvrtka u\u017eivati u predstavama, koncertima i mjuziklima za djecu.<\/p>\n<p>Cilj osnivanja Festivalu je da objedini sve oblike umjetnosti te ih predstavi djeci na njima najprihvatljiviji na\u010din kroz radionice, predstave, mjuzikle i promocije. Festival umjetnosti za djecu spoj je igre, edukacije, obrazovanja, te prilika za afirmaciju knjige, pozori\u0161ta, muzike ali i ostalih vrijednosti koje iz toga proizilaze.<\/p>\n<p><img fetchpriority=\"high\" decoding=\"async\" class=\"alignnone size-full wp-image-156412\" src=\"https:\/\/tuzlainfo.ba\/wp-content\/uploads\/2021\/12\/inbound7219517745702113087.jpg\" alt=\"\" width=\"684\" height=\"960\" srcset=\"https:\/\/tuzlainfo.ba\/wp-content\/uploads\/2021\/12\/inbound7219517745702113087.jpg 684w, https:\/\/tuzlainfo.ba\/wp-content\/uploads\/2021\/12\/inbound7219517745702113087-214x300.jpg 214w, https:\/\/tuzlainfo.ba\/wp-content\/uploads\/2021\/12\/inbound7219517745702113087-585x821.jpg 585w, https:\/\/tuzlainfo.ba\/wp-content\/uploads\/2021\/12\/inbound7219517745702113087-150x211.jpg 150w, https:\/\/tuzlainfo.ba\/wp-content\/uploads\/2021\/12\/inbound7219517745702113087-356x500.jpg 356w\" sizes=\"(max-width: 684px) 100vw, 684px\" \/>od<\/p>\n<p>Raspisani su Javni pozivi za najbolje likovne i literalne radove na temu Moji snovi, a najbolji \u0107e dobiti i nagrade.<\/p>\n<p>Tokom Festivala bi\u0107e odr\u017eane i radionice iz oblasti umjetni\u010dkog stvarala\u0161tva koje \u0107e za sve u\u010desnike biti besplatne.<\/p>\n<p>Pokrovitelji: Federalno ministarstvo kulture i sporta, Ministarstvo za kulturu sport i mlade TK, sponzori, Grad \u017divinice.<\/p>\n<p>&nbsp;<\/p>\n","protected":false},"excerpt":{"rendered":"<p>Ve\u0107 \u010detvrtu godinu za redom u Bosanskom kulturnom centru \u017divinice \u0107e biti organizovan Festival umjetnosti&hellip;<\/p>\n","protected":false},"author":4,"featured_media":156413,"comment_status":"open","ping_status":"closed","sticky":false,"template":"","format":"standard","meta":{"_acf_changed":false,"footnotes":""},"categories":[11],"tags":[3512,409],"acf":[],"yoast_head":"<!-- This site is optimized with the Yoast SEO plugin v23.5 - https:\/\/yoast.com\/wordpress\/plugins\/seo\/ -->\n<title>Uskoro po\u010dinje IV festival umjetnosti za djecu - \u017divinice 2021. - TuzlaInfo.ba<\/title>\n<meta name=\"robots\" content=\"index, follow, max-snippet:-1, max-image-preview:large, max-video-preview:-1\" \/>\n<link rel=\"canonical\" href=\"https:\/\/tuzlainfo.ba\/index.php\/najava-dogadaja-2\/item\/156411-uskoro-pocinje-iv-festival-umjetnosti-za-djecu-zivinice-2021\/\" \/>\n<meta property=\"og:locale\" content=\"bs_BA\" \/>\n<meta property=\"og:type\" content=\"article\" \/>\n<meta property=\"og:title\" content=\"Uskoro po\u010dinje IV festival umjetnosti za djecu - \u017divinice 2021. - TuzlaInfo.ba\" \/>\n<meta property=\"og:description\" content=\"Ve\u0107 \u010detvrtu godinu za redom u Bosanskom kulturnom centru \u017divinice \u0107e biti organizovan Festival umjetnosti&hellip;\" \/>\n<meta property=\"og:url\" content=\"https:\/\/tuzlainfo.ba\/index.php\/najava-dogadaja-2\/item\/156411-uskoro-pocinje-iv-festival-umjetnosti-za-djecu-zivinice-2021\/\" \/>\n<meta property=\"og:site_name\" content=\"TuzlaInfo.ba\" \/>\n<meta property=\"article:publisher\" content=\"https:\/\/www.facebook.com\/tuzlainfo.ba\/\" \/>\n<meta property=\"article:published_time\" content=\"2021-12-01T20:00:34+00:00\" \/>\n<meta property=\"article:modified_time\" content=\"2021-12-01T12:43:46+00:00\" \/>\n<meta property=\"og:image\" content=\"https:\/\/tuzlainfo.ba\/wp-content\/uploads\/2021\/12\/inbound6328104791167473569.jpg\" \/>\n\t<meta property=\"og:image:width\" content=\"684\" \/>\n\t<meta property=\"og:image:height\" content=\"464\" \/>\n\t<meta property=\"og:image:type\" content=\"image\/jpeg\" \/>\n<meta name=\"author\" content=\"Tuzla Info\" \/>\n<meta name=\"twitter:card\" content=\"summary_large_image\" \/>\n<meta name=\"twitter:label1\" content=\"Written by\" \/>\n\t<meta name=\"twitter:data1\" content=\"Tuzla Info\" \/>\n\t<meta name=\"twitter:label2\" content=\"Est. reading time\" \/>\n\t<meta name=\"twitter:data2\" content=\"1 minuta\" \/>\n<script type=\"application\/ld+json\" class=\"yoast-schema-graph\">{\"@context\":\"https:\/\/schema.org\",\"@graph\":[{\"@type\":\"Article\",\"@id\":\"https:\/\/tuzlainfo.ba\/index.php\/najava-dogadaja-2\/item\/156411-uskoro-pocinje-iv-festival-umjetnosti-za-djecu-zivinice-2021\/#article\",\"isPartOf\":{\"@id\":\"https:\/\/tuzlainfo.ba\/index.php\/najava-dogadaja-2\/item\/156411-uskoro-pocinje-iv-festival-umjetnosti-za-djecu-zivinice-2021\/\"},\"author\":{\"name\":\"Tuzla Info\",\"@id\":\"https:\/\/tuzlainfo.ba\/#\/schema\/person\/46cad4c57790cbc50781edd14870825a\"},\"headline\":\"Uskoro po\u010dinje IV festival umjetnosti za djecu &#8211; \u017divinice 2021.\",\"datePublished\":\"2021-12-01T20:00:34+00:00\",\"dateModified\":\"2021-12-01T12:43:46+00:00\",\"mainEntityOfPage\":{\"@id\":\"https:\/\/tuzlainfo.ba\/index.php\/najava-dogadaja-2\/item\/156411-uskoro-pocinje-iv-festival-umjetnosti-za-djecu-zivinice-2021\/\"},\"wordCount\":163,\"commentCount\":0,\"publisher\":{\"@id\":\"https:\/\/tuzlainfo.ba\/#organization\"},\"image\":{\"@id\":\"https:\/\/tuzlainfo.ba\/index.php\/najava-dogadaja-2\/item\/156411-uskoro-pocinje-iv-festival-umjetnosti-za-djecu-zivinice-2021\/#primaryimage\"},\"thumbnailUrl\":\"https:\/\/tuzlainfo.ba\/wp-content\/uploads\/2021\/12\/inbound6328104791167473569.jpg\",\"keywords\":[\"Festival za djecu\",\"\u017eivinice\"],\"articleSection\":[\"Najave i doga\u0111aji\"],\"inLanguage\":\"bs-BA\"},{\"@type\":\"WebPage\",\"@id\":\"https:\/\/tuzlainfo.ba\/index.php\/najava-dogadaja-2\/item\/156411-uskoro-pocinje-iv-festival-umjetnosti-za-djecu-zivinice-2021\/\",\"url\":\"https:\/\/tuzlainfo.ba\/index.php\/najava-dogadaja-2\/item\/156411-uskoro-pocinje-iv-festival-umjetnosti-za-djecu-zivinice-2021\/\",\"name\":\"Uskoro po\u010dinje IV festival umjetnosti za djecu - \u017divinice 2021. - TuzlaInfo.ba\",\"isPartOf\":{\"@id\":\"https:\/\/tuzlainfo.ba\/#website\"},\"primaryImageOfPage\":{\"@id\":\"https:\/\/tuzlainfo.ba\/index.php\/najava-dogadaja-2\/item\/156411-uskoro-pocinje-iv-festival-umjetnosti-za-djecu-zivinice-2021\/#primaryimage\"},\"image\":{\"@id\":\"https:\/\/tuzlainfo.ba\/index.php\/najava-dogadaja-2\/item\/156411-uskoro-pocinje-iv-festival-umjetnosti-za-djecu-zivinice-2021\/#primaryimage\"},\"thumbnailUrl\":\"https:\/\/tuzlainfo.ba\/wp-content\/uploads\/2021\/12\/inbound6328104791167473569.jpg\",\"datePublished\":\"2021-12-01T20:00:34+00:00\",\"dateModified\":\"2021-12-01T12:43:46+00:00\",\"breadcrumb\":{\"@id\":\"https:\/\/tuzlainfo.ba\/index.php\/najava-dogadaja-2\/item\/156411-uskoro-pocinje-iv-festival-umjetnosti-za-djecu-zivinice-2021\/#breadcrumb\"},\"inLanguage\":\"bs-BA\",\"potentialAction\":[{\"@type\":\"ReadAction\",\"target\":[\"https:\/\/tuzlainfo.ba\/index.php\/najava-dogadaja-2\/item\/156411-uskoro-pocinje-iv-festival-umjetnosti-za-djecu-zivinice-2021\/\"]}]},{\"@type\":\"ImageObject\",\"inLanguage\":\"bs-BA\",\"@id\":\"https:\/\/tuzlainfo.ba\/index.php\/najava-dogadaja-2\/item\/156411-uskoro-pocinje-iv-festival-umjetnosti-za-djecu-zivinice-2021\/#primaryimage\",\"url\":\"https:\/\/tuzlainfo.ba\/wp-content\/uploads\/2021\/12\/inbound6328104791167473569.jpg\",\"contentUrl\":\"https:\/\/tuzlainfo.ba\/wp-content\/uploads\/2021\/12\/inbound6328104791167473569.jpg\",\"width\":684,\"height\":464},{\"@type\":\"BreadcrumbList\",\"@id\":\"https:\/\/tuzlainfo.ba\/index.php\/najava-dogadaja-2\/item\/156411-uskoro-pocinje-iv-festival-umjetnosti-za-djecu-zivinice-2021\/#breadcrumb\",\"itemListElement\":[{\"@type\":\"ListItem\",\"position\":1,\"name\":\"Home\",\"item\":\"https:\/\/tuzlainfo.ba\/\"},{\"@type\":\"ListItem\",\"position\":2,\"name\":\"Uskoro po\u010dinje IV festival umjetnosti za djecu &#8211; \u017divinice 2021.\"}]},{\"@type\":\"WebSite\",\"@id\":\"https:\/\/tuzlainfo.ba\/#website\",\"url\":\"https:\/\/tuzlainfo.ba\/\",\"name\":\"TuzlaInfo.ba\",\"description\":\"Tuzla info, gradski informator - Tuzla na dlanu\",\"publisher\":{\"@id\":\"https:\/\/tuzlainfo.ba\/#organization\"},\"potentialAction\":[{\"@type\":\"SearchAction\",\"target\":{\"@type\":\"EntryPoint\",\"urlTemplate\":\"https:\/\/tuzlainfo.ba\/?s={search_term_string}\"},\"query-input\":{\"@type\":\"PropertyValueSpecification\",\"valueRequired\":true,\"valueName\":\"search_term_string\"}}],\"inLanguage\":\"bs-BA\"},{\"@type\":\"Organization\",\"@id\":\"https:\/\/tuzlainfo.ba\/#organization\",\"name\":\"TuzlaInfo.ba\",\"url\":\"https:\/\/tuzlainfo.ba\/\",\"logo\":{\"@type\":\"ImageObject\",\"inLanguage\":\"bs-BA\",\"@id\":\"https:\/\/tuzlainfo.ba\/#\/schema\/logo\/image\/\",\"url\":\"https:\/\/tuzlainfo.ba\/wp-content\/uploads\/2021\/03\/logo-ver-3-1.png\",\"contentUrl\":\"https:\/\/tuzlainfo.ba\/wp-content\/uploads\/2021\/03\/logo-ver-3-1.png\",\"width\":350,\"height\":95,\"caption\":\"TuzlaInfo.ba\"},\"image\":{\"@id\":\"https:\/\/tuzlainfo.ba\/#\/schema\/logo\/image\/\"},\"sameAs\":[\"https:\/\/www.facebook.com\/tuzlainfo.ba\/\"]},{\"@type\":\"Person\",\"@id\":\"https:\/\/tuzlainfo.ba\/#\/schema\/person\/46cad4c57790cbc50781edd14870825a\",\"name\":\"Tuzla Info\",\"image\":{\"@type\":\"ImageObject\",\"inLanguage\":\"bs-BA\",\"@id\":\"https:\/\/tuzlainfo.ba\/#\/schema\/person\/image\/\",\"url\":\"https:\/\/tuzlainfo.ba\/wp-content\/litespeed\/avatar\/b6c453a6c38e3654f2e4416c643fc25c.jpg?ver=1777656712\",\"contentUrl\":\"https:\/\/tuzlainfo.ba\/wp-content\/litespeed\/avatar\/b6c453a6c38e3654f2e4416c643fc25c.jpg?ver=1777656712\",\"caption\":\"Tuzla Info\"}}]}<\/script>\n<!-- \/ Yoast SEO plugin. -->","yoast_head_json":{"title":"Uskoro po\u010dinje IV festival umjetnosti za djecu - \u017divinice 2021. - TuzlaInfo.ba","robots":{"index":"index","follow":"follow","max-snippet":"max-snippet:-1","max-image-preview":"max-image-preview:large","max-video-preview":"max-video-preview:-1"},"canonical":"https:\/\/tuzlainfo.ba\/index.php\/najava-dogadaja-2\/item\/156411-uskoro-pocinje-iv-festival-umjetnosti-za-djecu-zivinice-2021\/","og_locale":"bs_BA","og_type":"article","og_title":"Uskoro po\u010dinje IV festival umjetnosti za djecu - \u017divinice 2021. - TuzlaInfo.ba","og_description":"Ve\u0107 \u010detvrtu godinu za redom u Bosanskom kulturnom centru \u017divinice \u0107e biti organizovan Festival umjetnosti&hellip;","og_url":"https:\/\/tuzlainfo.ba\/index.php\/najava-dogadaja-2\/item\/156411-uskoro-pocinje-iv-festival-umjetnosti-za-djecu-zivinice-2021\/","og_site_name":"TuzlaInfo.ba","article_publisher":"https:\/\/www.facebook.com\/tuzlainfo.ba\/","article_published_time":"2021-12-01T20:00:34+00:00","article_modified_time":"2021-12-01T12:43:46+00:00","og_image":[{"width":684,"height":464,"url":"https:\/\/tuzlainfo.ba\/wp-content\/uploads\/2021\/12\/inbound6328104791167473569.jpg","type":"image\/jpeg"}],"author":"Tuzla Info","twitter_card":"summary_large_image","twitter_misc":{"Written by":"Tuzla Info","Est. reading time":"1 minuta"},"schema":{"@context":"https:\/\/schema.org","@graph":[{"@type":"Article","@id":"https:\/\/tuzlainfo.ba\/index.php\/najava-dogadaja-2\/item\/156411-uskoro-pocinje-iv-festival-umjetnosti-za-djecu-zivinice-2021\/#article","isPartOf":{"@id":"https:\/\/tuzlainfo.ba\/index.php\/najava-dogadaja-2\/item\/156411-uskoro-pocinje-iv-festival-umjetnosti-za-djecu-zivinice-2021\/"},"author":{"name":"Tuzla Info","@id":"https:\/\/tuzlainfo.ba\/#\/schema\/person\/46cad4c57790cbc50781edd14870825a"},"headline":"Uskoro po\u010dinje IV festival umjetnosti za djecu &#8211; \u017divinice 2021.","datePublished":"2021-12-01T20:00:34+00:00","dateModified":"2021-12-01T12:43:46+00:00","mainEntityOfPage":{"@id":"https:\/\/tuzlainfo.ba\/index.php\/najava-dogadaja-2\/item\/156411-uskoro-pocinje-iv-festival-umjetnosti-za-djecu-zivinice-2021\/"},"wordCount":163,"commentCount":0,"publisher":{"@id":"https:\/\/tuzlainfo.ba\/#organization"},"image":{"@id":"https:\/\/tuzlainfo.ba\/index.php\/najava-dogadaja-2\/item\/156411-uskoro-pocinje-iv-festival-umjetnosti-za-djecu-zivinice-2021\/#primaryimage"},"thumbnailUrl":"https:\/\/tuzlainfo.ba\/wp-content\/uploads\/2021\/12\/inbound6328104791167473569.jpg","keywords":["Festival za djecu","\u017eivinice"],"articleSection":["Najave i doga\u0111aji"],"inLanguage":"bs-BA"},{"@type":"WebPage","@id":"https:\/\/tuzlainfo.ba\/index.php\/najava-dogadaja-2\/item\/156411-uskoro-pocinje-iv-festival-umjetnosti-za-djecu-zivinice-2021\/","url":"https:\/\/tuzlainfo.ba\/index.php\/najava-dogadaja-2\/item\/156411-uskoro-pocinje-iv-festival-umjetnosti-za-djecu-zivinice-2021\/","name":"Uskoro po\u010dinje IV festival umjetnosti za djecu - \u017divinice 2021. - TuzlaInfo.ba","isPartOf":{"@id":"https:\/\/tuzlainfo.ba\/#website"},"primaryImageOfPage":{"@id":"https:\/\/tuzlainfo.ba\/index.php\/najava-dogadaja-2\/item\/156411-uskoro-pocinje-iv-festival-umjetnosti-za-djecu-zivinice-2021\/#primaryimage"},"image":{"@id":"https:\/\/tuzlainfo.ba\/index.php\/najava-dogadaja-2\/item\/156411-uskoro-pocinje-iv-festival-umjetnosti-za-djecu-zivinice-2021\/#primaryimage"},"thumbnailUrl":"https:\/\/tuzlainfo.ba\/wp-content\/uploads\/2021\/12\/inbound6328104791167473569.jpg","datePublished":"2021-12-01T20:00:34+00:00","dateModified":"2021-12-01T12:43:46+00:00","breadcrumb":{"@id":"https:\/\/tuzlainfo.ba\/index.php\/najava-dogadaja-2\/item\/156411-uskoro-pocinje-iv-festival-umjetnosti-za-djecu-zivinice-2021\/#breadcrumb"},"inLanguage":"bs-BA","potentialAction":[{"@type":"ReadAction","target":["https:\/\/tuzlainfo.ba\/index.php\/najava-dogadaja-2\/item\/156411-uskoro-pocinje-iv-festival-umjetnosti-za-djecu-zivinice-2021\/"]}]},{"@type":"ImageObject","inLanguage":"bs-BA","@id":"https:\/\/tuzlainfo.ba\/index.php\/najava-dogadaja-2\/item\/156411-uskoro-pocinje-iv-festival-umjetnosti-za-djecu-zivinice-2021\/#primaryimage","url":"https:\/\/tuzlainfo.ba\/wp-content\/uploads\/2021\/12\/inbound6328104791167473569.jpg","contentUrl":"https:\/\/tuzlainfo.ba\/wp-content\/uploads\/2021\/12\/inbound6328104791167473569.jpg","width":684,"height":464},{"@type":"BreadcrumbList","@id":"https:\/\/tuzlainfo.ba\/index.php\/najava-dogadaja-2\/item\/156411-uskoro-pocinje-iv-festival-umjetnosti-za-djecu-zivinice-2021\/#breadcrumb","itemListElement":[{"@type":"ListItem","position":1,"name":"Home","item":"https:\/\/tuzlainfo.ba\/"},{"@type":"ListItem","position":2,"name":"Uskoro po\u010dinje IV festival umjetnosti za djecu &#8211; \u017divinice 2021."}]},{"@type":"WebSite","@id":"https:\/\/tuzlainfo.ba\/#website","url":"https:\/\/tuzlainfo.ba\/","name":"TuzlaInfo.ba","description":"Tuzla info, gradski informator - Tuzla na dlanu","publisher":{"@id":"https:\/\/tuzlainfo.ba\/#organization"},"potentialAction":[{"@type":"SearchAction","target":{"@type":"EntryPoint","urlTemplate":"https:\/\/tuzlainfo.ba\/?s={search_term_string}"},"query-input":{"@type":"PropertyValueSpecification","valueRequired":true,"valueName":"search_term_string"}}],"inLanguage":"bs-BA"},{"@type":"Organization","@id":"https:\/\/tuzlainfo.ba\/#organization","name":"TuzlaInfo.ba","url":"https:\/\/tuzlainfo.ba\/","logo":{"@type":"ImageObject","inLanguage":"bs-BA","@id":"https:\/\/tuzlainfo.ba\/#\/schema\/logo\/image\/","url":"https:\/\/tuzlainfo.ba\/wp-content\/uploads\/2021\/03\/logo-ver-3-1.png","contentUrl":"https:\/\/tuzlainfo.ba\/wp-content\/uploads\/2021\/03\/logo-ver-3-1.png","width":350,"height":95,"caption":"TuzlaInfo.ba"},"image":{"@id":"https:\/\/tuzlainfo.ba\/#\/schema\/logo\/image\/"},"sameAs":["https:\/\/www.facebook.com\/tuzlainfo.ba\/"]},{"@type":"Person","@id":"https:\/\/tuzlainfo.ba\/#\/schema\/person\/46cad4c57790cbc50781edd14870825a","name":"Tuzla Info","image":{"@type":"ImageObject","inLanguage":"bs-BA","@id":"https:\/\/tuzlainfo.ba\/#\/schema\/person\/image\/","url":"https:\/\/tuzlainfo.ba\/wp-content\/litespeed\/avatar\/b6c453a6c38e3654f2e4416c643fc25c.jpg?ver=1777656712","contentUrl":"https:\/\/tuzlainfo.ba\/wp-content\/litespeed\/avatar\/b6c453a6c38e3654f2e4416c643fc25c.jpg?ver=1777656712","caption":"Tuzla Info"}}]}},"_links":{"self":[{"href":"https:\/\/tuzlainfo.ba\/index.php\/wp-json\/wp\/v2\/posts\/156411"}],"collection":[{"href":"https:\/\/tuzlainfo.ba\/index.php\/wp-json\/wp\/v2\/posts"}],"about":[{"href":"https:\/\/tuzlainfo.ba\/index.php\/wp-json\/wp\/v2\/types\/post"}],"author":[{"embeddable":true,"href":"https:\/\/tuzlainfo.ba\/index.php\/wp-json\/wp\/v2\/users\/4"}],"replies":[{"embeddable":true,"href":"https:\/\/tuzlainfo.ba\/index.php\/wp-json\/wp\/v2\/comments?post=156411"}],"version-history":[{"count":0,"href":"https:\/\/tuzlainfo.ba\/index.php\/wp-json\/wp\/v2\/posts\/156411\/revisions"}],"wp:featuredmedia":[{"embeddable":true,"href":"https:\/\/tuzlainfo.ba\/index.php\/wp-json\/wp\/v2\/media\/156413"}],"wp:attachment":[{"href":"https:\/\/tuzlainfo.ba\/index.php\/wp-json\/wp\/v2\/media?parent=156411"}],"wp:term":[{"taxonomy":"category","embeddable":true,"href":"https:\/\/tuzlainfo.ba\/index.php\/wp-json\/wp\/v2\/categories?post=156411"},{"taxonomy":"post_tag","embeddable":true,"href":"https:\/\/tuzlainfo.ba\/index.php\/wp-json\/wp\/v2\/tags?post=156411"}],"curies":[{"name":"wp","href":"https:\/\/api.w.org\/{rel}","templated":true}]}}