{"id":156372,"date":"2021-11-30T21:55:41","date_gmt":"2021-11-30T20:55:41","guid":{"rendered":"https:\/\/tuzlainfo.ba\/?p=156372"},"modified":"2021-11-30T21:55:41","modified_gmt":"2021-11-30T20:55:41","slug":"pregovori-sda-i-hdz-na-rubu-propasti-palmer-i-eichhorst-upozoravali-na-raspad-bih","status":"publish","type":"post","link":"https:\/\/tuzlainfo.ba\/index.php\/bosna-i-hercegovina\/item\/156372-pregovori-sda-i-hdz-na-rubu-propasti-palmer-i-eichhorst-upozoravali-na-raspad-bih\/","title":{"rendered":"Pregovori SDA i HDZ na rubu propasti: Palmer i Eichhorst upozoravali na raspad BiH"},"content":{"rendered":"<p>Zbog suprotnih stavova delegacija SDA i HDZ-a, pregovori u utorak bili nakratko prekinuti, a me\u0111unarodni zvani\u010dnici upozorili pregovara\u010de da \u0107e odustati od svega. Matthew Palmer ranije je upozoravao Bakira Izetbegovi\u0107a da bi se zbog ovoga mogla raspasti dr\u017eava koju je osnovao njegov otac. O raspadu dr\u017eave Palmer je govorio i jednom opozicijskom zvani\u010dniku. I Angelina Eichhorst je na jednom od sastanaka kazala da se u Briselu sve \u010de\u0161\u0107e govori o raspadu BiH, pi\u0161e portal &#8220;Istraga&#8221;.<\/p>\n<p>&#8220;Sve \u010de\u0161\u0107e se u Briselu \u010duje pri\u010da da su ljudi zabrinuti da li uop\u0107e postoji \u0161ansa za opstojnost zemlje. Ja sam rekla takve tvrdnje ne treba iznositi, jer ja smatram da to nije tako i rekla sam \u2013 pustite nas da radimo\u201d, kazala je u ponedjeljak u Sarajevu Angelina Eichhorst, direktorica pri Europskoj slu\u017ebi za vanjske poslove (EEAS), obra\u0107aju\u0107i se svojim sagovornicima na jednom od sastanaka koji su se odnosili na &#8220;tehni\u010dke&#8221; izmjene Izbornog zakona BiH.<\/p>\n<p>Sli\u010dne stavove, prilikom prve posjete posve\u0107ene izmjenama Izbornog zakona iznosio je i Matthew Palmer, specijalni izaslanik State Departmenta zadu\u017een za izbornu reformu.<\/p>\n<p>&#8220;Otac ti je bio osniva\u010d ove dr\u017eave, ne dopusti da ti zbog ovoga bude\u0161 kriv za njeno ru\u0161enje\u201d, kazao je Palmer u nekoliko navrata predsjedniku SDA Bakiru Izetbegovi\u0107u.<\/p>\n<p>Da bi &#8220;neprihvatanje&#8221; kompromisa sa HDZ-om moglo odvesti dr\u017eavu u raspad, Palmer je, prema informacijama Istrage, ponovio i jednom opozicionom lideru iz Sarajeva.<\/p>\n<p>Za takvim izjavama, me\u0111utim, Palmer i Eichhorst nisu posezali u utorak kada su delegacije SDA i HDZ-a pregovarale o izmjenama Izbornog zakona. Prema saznanjima Istrage, HDZ je u utorak ponovo prezentirao \u010detiri na\u010dina izbora \u010dlanova Predsjedni\u0161tva, ali svaki od njih je podrazumijevao etni\u010dki prefiks. To je nai\u0161lo na suprostavljanje predstavnika Venecijanske komisije koji su rekli da se na taj na\u010din ne provode presude Evropskog suda za ljudska prava u Strasbourgu.<\/p>\n<p>Ina\u010de, pregovori o izmjenama izbornog zakona BiH bili su na rubu su propasti. Me\u0111unarodni posrednici, Angelina Eichhorst iz EU i Matthew Palmer iz ameri\u010dke administracije, koji mjesecima nastoje rije\u0161iti pitanje izmjena Izbornog zakona BiH u utorak su, nakratko, i prekinuli pregovore izme\u0111u lidera SDA i HDZ-a BiH.<\/p>\n<p>Revolt me\u0111unarodnih zvani\u010dnika je izazvao \u010dvrst stav lidera HDZ-a BiH Dragana \u010covi\u0107a koji je kazao da ne odustaje od \u201cetni\u010dkog prefiksa\u201d prilikom izbora \u010dlanova Predsjedni\u0161tva BiH. \u010covi\u0107 je, prema informacijama Istrage, bio i protiv smanjenja nadle\u017enosti domova naroda FBiH. No, nakon kra\u0107e stanke, odlu\u010deno je da se u srijedu nastave pregovori delegacija SDA i HDZ-a koje \u0107e predvoditi Bakir Izetbegovi\u0107 i Dragan \u010covi\u0107.<\/p>\n<p>Za sada postoji konsenzus u vezi sa \u201ctehni\u010dkim\u201d pitanjima. Prema informacijama Istrage, stranke su saglasne da prihvate prijedloge CIK-a u vezi sa odre\u0111enim pitanjima koja se odnose na sam izborni proces. U pitanju su dvije konkretne stvari \u2013 autentifikacija i transfer rezultata. A evo o \u010demu se radi.<\/p>\n<p>Autentifikacija bi zna\u010dila dodatne provjere identiteta bira\u010da. Naime, nakon \u0161to bi bira\u010d pokazao svoje li\u010dne dokumente \u010dlanovima bira\u010dkog odbora, uslijedio bi proces autentifikacije. Bira\u010d bi, naime, morao dati otisak prsta kako bi elektronski sistem povezan sa bazom IDDEEA potvrdio njegov identitet, odnosno validnost li\u010dne karte. Drugo tehni\u010dko pitanje je pitanje transfera rezultata. Do sada je, naime, bira\u010dki odbor prebrojao glasove, a oni su se tek unosili u sistem u op\u0107inskoj izbornoj komisiji. Sada bi, me\u0111utim, rezultati bili uneseni u sistem na samom birali\u0161tu.<\/p>\n<p>To su, dakle, tehni\u010dka pitanja na koja je, prema informacijama Istrage, pristala i delegacija HDZ-a BiH. No, nesuglasice oko su\u0161tinskih izmjena Izbornog zakona su, za sada, nepremostive, zbog \u010dega su i me\u0111unarodni posrednici posezali i za prijete\u0107im izjavama, pi\u0161e <a href=\"https:\/\/istraga.ba\/pregovori-o-izmjena-izbornog-zakona-na-rubu-propasti-palmer-i-eichorst-upozoravali-na-raspad-bih-ukoliko-se-ne-postigne-dogovor\/\">Istraga.ba.<\/a><\/p>\n","protected":false},"excerpt":{"rendered":"<p>Zbog suprotnih stavova delegacija SDA i HDZ-a, pregovori u utorak bili nakratko prekinuti, a me\u0111unarodni&hellip;<\/p>\n","protected":false},"author":2,"featured_media":151353,"comment_status":"open","ping_status":"closed","sticky":false,"template":"","format":"standard","meta":{"_acf_changed":false,"footnotes":""},"categories":[291],"tags":[1527,3509],"acf":[],"yoast_head":"<!-- This site is optimized with the Yoast SEO plugin v23.5 - https:\/\/yoast.com\/wordpress\/plugins\/seo\/ -->\n<title>Pregovori SDA i HDZ na rubu propasti: Palmer i Eichhorst upozoravali na raspad BiH - TuzlaInfo.ba<\/title>\n<meta name=\"robots\" content=\"index, follow, max-snippet:-1, max-image-preview:large, max-video-preview:-1\" \/>\n<link rel=\"canonical\" href=\"https:\/\/tuzlainfo.ba\/index.php\/bosna-i-hercegovina\/item\/156372-pregovori-sda-i-hdz-na-rubu-propasti-palmer-i-eichhorst-upozoravali-na-raspad-bih\/\" \/>\n<meta property=\"og:locale\" content=\"bs_BA\" \/>\n<meta property=\"og:type\" content=\"article\" \/>\n<meta property=\"og:title\" content=\"Pregovori SDA i HDZ na rubu propasti: Palmer i Eichhorst upozoravali na raspad BiH - TuzlaInfo.ba\" \/>\n<meta property=\"og:description\" content=\"Zbog suprotnih stavova delegacija SDA i HDZ-a, pregovori u utorak bili nakratko prekinuti, a me\u0111unarodni&hellip;\" \/>\n<meta property=\"og:url\" content=\"https:\/\/tuzlainfo.ba\/index.php\/bosna-i-hercegovina\/item\/156372-pregovori-sda-i-hdz-na-rubu-propasti-palmer-i-eichhorst-upozoravali-na-raspad-bih\/\" \/>\n<meta property=\"og:site_name\" content=\"TuzlaInfo.ba\" \/>\n<meta property=\"article:publisher\" content=\"https:\/\/www.facebook.com\/tuzlainfo.ba\/\" \/>\n<meta property=\"article:published_time\" content=\"2021-11-30T20:55:41+00:00\" \/>\n<meta property=\"og:image\" content=\"https:\/\/tuzlainfo.ba\/wp-content\/uploads\/2021\/10\/1810_covic_izetbegovic.jpg\" \/>\n\t<meta property=\"og:image:width\" content=\"1024\" \/>\n\t<meta property=\"og:image:height\" content=\"692\" \/>\n\t<meta property=\"og:image:type\" content=\"image\/jpeg\" \/>\n<meta name=\"author\" content=\"nedim\" \/>\n<meta name=\"twitter:card\" content=\"summary_large_image\" \/>\n<meta name=\"twitter:label1\" content=\"Written by\" \/>\n\t<meta name=\"twitter:data1\" content=\"nedim\" \/>\n\t<meta name=\"twitter:label2\" content=\"Est. reading time\" \/>\n\t<meta name=\"twitter:data2\" content=\"3 minute\" \/>\n<script type=\"application\/ld+json\" class=\"yoast-schema-graph\">{\"@context\":\"https:\/\/schema.org\",\"@graph\":[{\"@type\":\"Article\",\"@id\":\"https:\/\/tuzlainfo.ba\/index.php\/bosna-i-hercegovina\/item\/156372-pregovori-sda-i-hdz-na-rubu-propasti-palmer-i-eichhorst-upozoravali-na-raspad-bih\/#article\",\"isPartOf\":{\"@id\":\"https:\/\/tuzlainfo.ba\/index.php\/bosna-i-hercegovina\/item\/156372-pregovori-sda-i-hdz-na-rubu-propasti-palmer-i-eichhorst-upozoravali-na-raspad-bih\/\"},\"author\":{\"name\":\"nedim\",\"@id\":\"https:\/\/tuzlainfo.ba\/#\/schema\/person\/f434e20dc27ea133923aab08451b7f7f\"},\"headline\":\"Pregovori SDA i HDZ na rubu propasti: Palmer i Eichhorst upozoravali na raspad BiH\",\"datePublished\":\"2021-11-30T20:55:41+00:00\",\"dateModified\":\"2021-11-30T20:55:41+00:00\",\"mainEntityOfPage\":{\"@id\":\"https:\/\/tuzlainfo.ba\/index.php\/bosna-i-hercegovina\/item\/156372-pregovori-sda-i-hdz-na-rubu-propasti-palmer-i-eichhorst-upozoravali-na-raspad-bih\/\"},\"wordCount\":647,\"commentCount\":0,\"publisher\":{\"@id\":\"https:\/\/tuzlainfo.ba\/#organization\"},\"image\":{\"@id\":\"https:\/\/tuzlainfo.ba\/index.php\/bosna-i-hercegovina\/item\/156372-pregovori-sda-i-hdz-na-rubu-propasti-palmer-i-eichhorst-upozoravali-na-raspad-bih\/#primaryimage\"},\"thumbnailUrl\":\"https:\/\/tuzlainfo.ba\/wp-content\/uploads\/2021\/10\/1810_covic_izetbegovic.jpg\",\"keywords\":[\"HDZ BIH\",\"SDA bih\"],\"articleSection\":[\"Bosna i Hercegovina\"],\"inLanguage\":\"bs-BA\"},{\"@type\":\"WebPage\",\"@id\":\"https:\/\/tuzlainfo.ba\/index.php\/bosna-i-hercegovina\/item\/156372-pregovori-sda-i-hdz-na-rubu-propasti-palmer-i-eichhorst-upozoravali-na-raspad-bih\/\",\"url\":\"https:\/\/tuzlainfo.ba\/index.php\/bosna-i-hercegovina\/item\/156372-pregovori-sda-i-hdz-na-rubu-propasti-palmer-i-eichhorst-upozoravali-na-raspad-bih\/\",\"name\":\"Pregovori SDA i HDZ na rubu propasti: Palmer i Eichhorst upozoravali na raspad BiH - TuzlaInfo.ba\",\"isPartOf\":{\"@id\":\"https:\/\/tuzlainfo.ba\/#website\"},\"primaryImageOfPage\":{\"@id\":\"https:\/\/tuzlainfo.ba\/index.php\/bosna-i-hercegovina\/item\/156372-pregovori-sda-i-hdz-na-rubu-propasti-palmer-i-eichhorst-upozoravali-na-raspad-bih\/#primaryimage\"},\"image\":{\"@id\":\"https:\/\/tuzlainfo.ba\/index.php\/bosna-i-hercegovina\/item\/156372-pregovori-sda-i-hdz-na-rubu-propasti-palmer-i-eichhorst-upozoravali-na-raspad-bih\/#primaryimage\"},\"thumbnailUrl\":\"https:\/\/tuzlainfo.ba\/wp-content\/uploads\/2021\/10\/1810_covic_izetbegovic.jpg\",\"datePublished\":\"2021-11-30T20:55:41+00:00\",\"dateModified\":\"2021-11-30T20:55:41+00:00\",\"breadcrumb\":{\"@id\":\"https:\/\/tuzlainfo.ba\/index.php\/bosna-i-hercegovina\/item\/156372-pregovori-sda-i-hdz-na-rubu-propasti-palmer-i-eichhorst-upozoravali-na-raspad-bih\/#breadcrumb\"},\"inLanguage\":\"bs-BA\",\"potentialAction\":[{\"@type\":\"ReadAction\",\"target\":[\"https:\/\/tuzlainfo.ba\/index.php\/bosna-i-hercegovina\/item\/156372-pregovori-sda-i-hdz-na-rubu-propasti-palmer-i-eichhorst-upozoravali-na-raspad-bih\/\"]}]},{\"@type\":\"ImageObject\",\"inLanguage\":\"bs-BA\",\"@id\":\"https:\/\/tuzlainfo.ba\/index.php\/bosna-i-hercegovina\/item\/156372-pregovori-sda-i-hdz-na-rubu-propasti-palmer-i-eichhorst-upozoravali-na-raspad-bih\/#primaryimage\",\"url\":\"https:\/\/tuzlainfo.ba\/wp-content\/uploads\/2021\/10\/1810_covic_izetbegovic.jpg\",\"contentUrl\":\"https:\/\/tuzlainfo.ba\/wp-content\/uploads\/2021\/10\/1810_covic_izetbegovic.jpg\",\"width\":1024,\"height\":692},{\"@type\":\"BreadcrumbList\",\"@id\":\"https:\/\/tuzlainfo.ba\/index.php\/bosna-i-hercegovina\/item\/156372-pregovori-sda-i-hdz-na-rubu-propasti-palmer-i-eichhorst-upozoravali-na-raspad-bih\/#breadcrumb\",\"itemListElement\":[{\"@type\":\"ListItem\",\"position\":1,\"name\":\"Home\",\"item\":\"https:\/\/tuzlainfo.ba\/\"},{\"@type\":\"ListItem\",\"position\":2,\"name\":\"Pregovori SDA i HDZ na rubu propasti: Palmer i Eichhorst upozoravali na raspad BiH\"}]},{\"@type\":\"WebSite\",\"@id\":\"https:\/\/tuzlainfo.ba\/#website\",\"url\":\"https:\/\/tuzlainfo.ba\/\",\"name\":\"TuzlaInfo.ba\",\"description\":\"Tuzla info, gradski informator - Tuzla na dlanu\",\"publisher\":{\"@id\":\"https:\/\/tuzlainfo.ba\/#organization\"},\"potentialAction\":[{\"@type\":\"SearchAction\",\"target\":{\"@type\":\"EntryPoint\",\"urlTemplate\":\"https:\/\/tuzlainfo.ba\/?s={search_term_string}\"},\"query-input\":{\"@type\":\"PropertyValueSpecification\",\"valueRequired\":true,\"valueName\":\"search_term_string\"}}],\"inLanguage\":\"bs-BA\"},{\"@type\":\"Organization\",\"@id\":\"https:\/\/tuzlainfo.ba\/#organization\",\"name\":\"TuzlaInfo.ba\",\"url\":\"https:\/\/tuzlainfo.ba\/\",\"logo\":{\"@type\":\"ImageObject\",\"inLanguage\":\"bs-BA\",\"@id\":\"https:\/\/tuzlainfo.ba\/#\/schema\/logo\/image\/\",\"url\":\"https:\/\/tuzlainfo.ba\/wp-content\/uploads\/2021\/03\/logo-ver-3-1.png\",\"contentUrl\":\"https:\/\/tuzlainfo.ba\/wp-content\/uploads\/2021\/03\/logo-ver-3-1.png\",\"width\":350,\"height\":95,\"caption\":\"TuzlaInfo.ba\"},\"image\":{\"@id\":\"https:\/\/tuzlainfo.ba\/#\/schema\/logo\/image\/\"},\"sameAs\":[\"https:\/\/www.facebook.com\/tuzlainfo.ba\/\"]},{\"@type\":\"Person\",\"@id\":\"https:\/\/tuzlainfo.ba\/#\/schema\/person\/f434e20dc27ea133923aab08451b7f7f\",\"name\":\"nedim\",\"image\":{\"@type\":\"ImageObject\",\"inLanguage\":\"bs-BA\",\"@id\":\"https:\/\/tuzlainfo.ba\/#\/schema\/person\/image\/\",\"url\":\"https:\/\/tuzlainfo.ba\/wp-content\/litespeed\/avatar\/aabad687af24844af817603ac1cbdc4f.jpg?ver=1777306975\",\"contentUrl\":\"https:\/\/tuzlainfo.ba\/wp-content\/litespeed\/avatar\/aabad687af24844af817603ac1cbdc4f.jpg?ver=1777306975\",\"caption\":\"nedim\"},\"description\":\"Tuzlainfo.ba pratite na dru\u0161tvenim mre\u017eama: Facebook, Instagram i Youtube. Svoje pri\u010de, upite i fotografije \u0161aljite na na\u0161u e-mail adresu.\"}]}<\/script>\n<!-- \/ Yoast SEO plugin. -->","yoast_head_json":{"title":"Pregovori SDA i HDZ na rubu propasti: Palmer i Eichhorst upozoravali na raspad BiH - TuzlaInfo.ba","robots":{"index":"index","follow":"follow","max-snippet":"max-snippet:-1","max-image-preview":"max-image-preview:large","max-video-preview":"max-video-preview:-1"},"canonical":"https:\/\/tuzlainfo.ba\/index.php\/bosna-i-hercegovina\/item\/156372-pregovori-sda-i-hdz-na-rubu-propasti-palmer-i-eichhorst-upozoravali-na-raspad-bih\/","og_locale":"bs_BA","og_type":"article","og_title":"Pregovori SDA i HDZ na rubu propasti: Palmer i Eichhorst upozoravali na raspad BiH - TuzlaInfo.ba","og_description":"Zbog suprotnih stavova delegacija SDA i HDZ-a, pregovori u utorak bili nakratko prekinuti, a me\u0111unarodni&hellip;","og_url":"https:\/\/tuzlainfo.ba\/index.php\/bosna-i-hercegovina\/item\/156372-pregovori-sda-i-hdz-na-rubu-propasti-palmer-i-eichhorst-upozoravali-na-raspad-bih\/","og_site_name":"TuzlaInfo.ba","article_publisher":"https:\/\/www.facebook.com\/tuzlainfo.ba\/","article_published_time":"2021-11-30T20:55:41+00:00","og_image":[{"width":1024,"height":692,"url":"https:\/\/tuzlainfo.ba\/wp-content\/uploads\/2021\/10\/1810_covic_izetbegovic.jpg","type":"image\/jpeg"}],"author":"nedim","twitter_card":"summary_large_image","twitter_misc":{"Written by":"nedim","Est. reading time":"3 minute"},"schema":{"@context":"https:\/\/schema.org","@graph":[{"@type":"Article","@id":"https:\/\/tuzlainfo.ba\/index.php\/bosna-i-hercegovina\/item\/156372-pregovori-sda-i-hdz-na-rubu-propasti-palmer-i-eichhorst-upozoravali-na-raspad-bih\/#article","isPartOf":{"@id":"https:\/\/tuzlainfo.ba\/index.php\/bosna-i-hercegovina\/item\/156372-pregovori-sda-i-hdz-na-rubu-propasti-palmer-i-eichhorst-upozoravali-na-raspad-bih\/"},"author":{"name":"nedim","@id":"https:\/\/tuzlainfo.ba\/#\/schema\/person\/f434e20dc27ea133923aab08451b7f7f"},"headline":"Pregovori SDA i HDZ na rubu propasti: Palmer i Eichhorst upozoravali na raspad BiH","datePublished":"2021-11-30T20:55:41+00:00","dateModified":"2021-11-30T20:55:41+00:00","mainEntityOfPage":{"@id":"https:\/\/tuzlainfo.ba\/index.php\/bosna-i-hercegovina\/item\/156372-pregovori-sda-i-hdz-na-rubu-propasti-palmer-i-eichhorst-upozoravali-na-raspad-bih\/"},"wordCount":647,"commentCount":0,"publisher":{"@id":"https:\/\/tuzlainfo.ba\/#organization"},"image":{"@id":"https:\/\/tuzlainfo.ba\/index.php\/bosna-i-hercegovina\/item\/156372-pregovori-sda-i-hdz-na-rubu-propasti-palmer-i-eichhorst-upozoravali-na-raspad-bih\/#primaryimage"},"thumbnailUrl":"https:\/\/tuzlainfo.ba\/wp-content\/uploads\/2021\/10\/1810_covic_izetbegovic.jpg","keywords":["HDZ BIH","SDA bih"],"articleSection":["Bosna i Hercegovina"],"inLanguage":"bs-BA"},{"@type":"WebPage","@id":"https:\/\/tuzlainfo.ba\/index.php\/bosna-i-hercegovina\/item\/156372-pregovori-sda-i-hdz-na-rubu-propasti-palmer-i-eichhorst-upozoravali-na-raspad-bih\/","url":"https:\/\/tuzlainfo.ba\/index.php\/bosna-i-hercegovina\/item\/156372-pregovori-sda-i-hdz-na-rubu-propasti-palmer-i-eichhorst-upozoravali-na-raspad-bih\/","name":"Pregovori SDA i HDZ na rubu propasti: Palmer i Eichhorst upozoravali na raspad BiH - TuzlaInfo.ba","isPartOf":{"@id":"https:\/\/tuzlainfo.ba\/#website"},"primaryImageOfPage":{"@id":"https:\/\/tuzlainfo.ba\/index.php\/bosna-i-hercegovina\/item\/156372-pregovori-sda-i-hdz-na-rubu-propasti-palmer-i-eichhorst-upozoravali-na-raspad-bih\/#primaryimage"},"image":{"@id":"https:\/\/tuzlainfo.ba\/index.php\/bosna-i-hercegovina\/item\/156372-pregovori-sda-i-hdz-na-rubu-propasti-palmer-i-eichhorst-upozoravali-na-raspad-bih\/#primaryimage"},"thumbnailUrl":"https:\/\/tuzlainfo.ba\/wp-content\/uploads\/2021\/10\/1810_covic_izetbegovic.jpg","datePublished":"2021-11-30T20:55:41+00:00","dateModified":"2021-11-30T20:55:41+00:00","breadcrumb":{"@id":"https:\/\/tuzlainfo.ba\/index.php\/bosna-i-hercegovina\/item\/156372-pregovori-sda-i-hdz-na-rubu-propasti-palmer-i-eichhorst-upozoravali-na-raspad-bih\/#breadcrumb"},"inLanguage":"bs-BA","potentialAction":[{"@type":"ReadAction","target":["https:\/\/tuzlainfo.ba\/index.php\/bosna-i-hercegovina\/item\/156372-pregovori-sda-i-hdz-na-rubu-propasti-palmer-i-eichhorst-upozoravali-na-raspad-bih\/"]}]},{"@type":"ImageObject","inLanguage":"bs-BA","@id":"https:\/\/tuzlainfo.ba\/index.php\/bosna-i-hercegovina\/item\/156372-pregovori-sda-i-hdz-na-rubu-propasti-palmer-i-eichhorst-upozoravali-na-raspad-bih\/#primaryimage","url":"https:\/\/tuzlainfo.ba\/wp-content\/uploads\/2021\/10\/1810_covic_izetbegovic.jpg","contentUrl":"https:\/\/tuzlainfo.ba\/wp-content\/uploads\/2021\/10\/1810_covic_izetbegovic.jpg","width":1024,"height":692},{"@type":"BreadcrumbList","@id":"https:\/\/tuzlainfo.ba\/index.php\/bosna-i-hercegovina\/item\/156372-pregovori-sda-i-hdz-na-rubu-propasti-palmer-i-eichhorst-upozoravali-na-raspad-bih\/#breadcrumb","itemListElement":[{"@type":"ListItem","position":1,"name":"Home","item":"https:\/\/tuzlainfo.ba\/"},{"@type":"ListItem","position":2,"name":"Pregovori SDA i HDZ na rubu propasti: Palmer i Eichhorst upozoravali na raspad BiH"}]},{"@type":"WebSite","@id":"https:\/\/tuzlainfo.ba\/#website","url":"https:\/\/tuzlainfo.ba\/","name":"TuzlaInfo.ba","description":"Tuzla info, gradski informator - Tuzla na dlanu","publisher":{"@id":"https:\/\/tuzlainfo.ba\/#organization"},"potentialAction":[{"@type":"SearchAction","target":{"@type":"EntryPoint","urlTemplate":"https:\/\/tuzlainfo.ba\/?s={search_term_string}"},"query-input":{"@type":"PropertyValueSpecification","valueRequired":true,"valueName":"search_term_string"}}],"inLanguage":"bs-BA"},{"@type":"Organization","@id":"https:\/\/tuzlainfo.ba\/#organization","name":"TuzlaInfo.ba","url":"https:\/\/tuzlainfo.ba\/","logo":{"@type":"ImageObject","inLanguage":"bs-BA","@id":"https:\/\/tuzlainfo.ba\/#\/schema\/logo\/image\/","url":"https:\/\/tuzlainfo.ba\/wp-content\/uploads\/2021\/03\/logo-ver-3-1.png","contentUrl":"https:\/\/tuzlainfo.ba\/wp-content\/uploads\/2021\/03\/logo-ver-3-1.png","width":350,"height":95,"caption":"TuzlaInfo.ba"},"image":{"@id":"https:\/\/tuzlainfo.ba\/#\/schema\/logo\/image\/"},"sameAs":["https:\/\/www.facebook.com\/tuzlainfo.ba\/"]},{"@type":"Person","@id":"https:\/\/tuzlainfo.ba\/#\/schema\/person\/f434e20dc27ea133923aab08451b7f7f","name":"nedim","image":{"@type":"ImageObject","inLanguage":"bs-BA","@id":"https:\/\/tuzlainfo.ba\/#\/schema\/person\/image\/","url":"https:\/\/tuzlainfo.ba\/wp-content\/litespeed\/avatar\/aabad687af24844af817603ac1cbdc4f.jpg?ver=1777306975","contentUrl":"https:\/\/tuzlainfo.ba\/wp-content\/litespeed\/avatar\/aabad687af24844af817603ac1cbdc4f.jpg?ver=1777306975","caption":"nedim"},"description":"Tuzlainfo.ba pratite na dru\u0161tvenim mre\u017eama: Facebook, Instagram i Youtube. Svoje pri\u010de, upite i fotografije \u0161aljite na na\u0161u e-mail adresu."}]}},"_links":{"self":[{"href":"https:\/\/tuzlainfo.ba\/index.php\/wp-json\/wp\/v2\/posts\/156372"}],"collection":[{"href":"https:\/\/tuzlainfo.ba\/index.php\/wp-json\/wp\/v2\/posts"}],"about":[{"href":"https:\/\/tuzlainfo.ba\/index.php\/wp-json\/wp\/v2\/types\/post"}],"author":[{"embeddable":true,"href":"https:\/\/tuzlainfo.ba\/index.php\/wp-json\/wp\/v2\/users\/2"}],"replies":[{"embeddable":true,"href":"https:\/\/tuzlainfo.ba\/index.php\/wp-json\/wp\/v2\/comments?post=156372"}],"version-history":[{"count":0,"href":"https:\/\/tuzlainfo.ba\/index.php\/wp-json\/wp\/v2\/posts\/156372\/revisions"}],"wp:featuredmedia":[{"embeddable":true,"href":"https:\/\/tuzlainfo.ba\/index.php\/wp-json\/wp\/v2\/media\/151353"}],"wp:attachment":[{"href":"https:\/\/tuzlainfo.ba\/index.php\/wp-json\/wp\/v2\/media?parent=156372"}],"wp:term":[{"taxonomy":"category","embeddable":true,"href":"https:\/\/tuzlainfo.ba\/index.php\/wp-json\/wp\/v2\/categories?post=156372"},{"taxonomy":"post_tag","embeddable":true,"href":"https:\/\/tuzlainfo.ba\/index.php\/wp-json\/wp\/v2\/tags?post=156372"}],"curies":[{"name":"wp","href":"https:\/\/api.w.org\/{rel}","templated":true}]}}