{"id":156246,"date":"2021-11-29T17:54:57","date_gmt":"2021-11-29T16:54:57","guid":{"rendered":"https:\/\/tuzlainfo.ba\/?p=156246"},"modified":"2021-11-29T17:54:57","modified_gmt":"2021-11-29T16:54:57","slug":"tk-povecan-broj-smrtnih-ishoda-od-posljedica-zaraze-koronavirusom","status":"publish","type":"post","link":"https:\/\/tuzlainfo.ba\/index.php\/novosti\/item\/156246-tk-povecan-broj-smrtnih-ishoda-od-posljedica-zaraze-koronavirusom\/","title":{"rendered":"TK: Pove\u0107an broj smrtnih ishoda od posljedica zaraze koronavirusom"},"content":{"rendered":"<p>Pove\u0107anje broja preminulih osoba od posljedica zaraze virusom \u00a0COVID 19 na podru\u010dju Tuzlanskog kantona zabilje\u017eeno je tokom proteklog vikenda, istaknuto je danas na sastanku Koordinacionog tijela Vlade Tuzlanskog kantona za pra\u0107enje stanja pandemije COVID-19.<\/p>\n<p>Od 26. do 29. novembra 2021. godine odnosno tokom vikenda\u00a0 evidentirano je 26 smrtnih ishoda\u00a0 od posljedica COVID-a 19 na podru\u010dju TK,\u00a0 \u0161to predstavlja najve\u0107i broj smrtnih ishoda u tako kratkom periodu od po\u010detka pandemije izazvane\u00a0 korona virusom. Nagla\u0161eno je, da je nijedan od 26 preminulih pacijenata nije bio vakcinisan.<\/p>\n<p>Prema rije\u010dima pomo\u0107nika direktora za medicinske poslove UKC-a Tuzla, doc.dr. Bahrudina Had\u017eiefendi\u0107a trenutno je u UKC-u Tuzla\u00a0 hospitalizirano 140 pacijenata, od kojih je 21 u Respiratornom centru, dok su ostali smje\u0161teni u Klinici za plu\u0107ne bolesti i Infektivnoj klinici. Tako\u0111er u covid odljeljenju Klinike za dje\u010dije bolesti UKC-a Tuzla hospitalizirana su \u010detiri djeteta i \u010detiri majke, dok je u covid odjeljenju Ginekolo\u0161ko-aku\u0161erske klinike hospitalizirano pet pacijentica, dvije porodilje i tri trudnice.<\/p>\n<p>Najavljeno je da teku\u0107e sedmice, odnosno od 2. decembra\u00a0 2021. godine u okviru UKC-a Tuzla po\u010dinje vakcinacija tre\u0107om dozom vakcine, za \u0161to je prijavljeno 2000 \u00a0zdravstvenih radnika, za koje su obezbije\u0111ene \u00a0vakcine.<\/p>\n<p>Utvr\u0111eni su dalji koraci u pogledu formiranja posebnog covid odjeljenja pri UKC-u Tuzla i anga\u017eovanja dodatnog medicinskog osoblja u toj zdravstvenoj ustanovi.<\/p>\n<p>Koordinaciono tijelo\u00a0 jo\u0161 jednom apeluje na gra\u0111ane Tuzlanskog kantona da se vakcini\u0161u i time preveniraju obolijevanje ili te\u0161ke simptome COVID-a 19, saop\u0161teno je iz Odjeljenja za informisanje Vlade TK.<\/p>\n","protected":false},"excerpt":{"rendered":"<p>Pove\u0107anje broja preminulih osoba od posljedica zaraze virusom \u00a0COVID 19 na podru\u010dju Tuzlanskog kantona zabilje\u017eeno&hellip;<\/p>\n","protected":false},"author":2,"featured_media":87180,"comment_status":"open","ping_status":"closed","sticky":false,"template":"","format":"standard","meta":{"_acf_changed":false,"footnotes":""},"categories":[304,12],"tags":[314,366],"acf":[],"yoast_head":"<!-- This site is optimized with the Yoast SEO plugin v23.5 - https:\/\/yoast.com\/wordpress\/plugins\/seo\/ -->\n<title>TK: Pove\u0107an broj smrtnih ishoda od posljedica zaraze koronavirusom - TuzlaInfo.ba<\/title>\n<meta name=\"robots\" content=\"index, follow, max-snippet:-1, max-image-preview:large, max-video-preview:-1\" \/>\n<link rel=\"canonical\" href=\"https:\/\/tuzlainfo.ba\/index.php\/novosti\/item\/156246-tk-povecan-broj-smrtnih-ishoda-od-posljedica-zaraze-koronavirusom\/\" \/>\n<meta property=\"og:locale\" content=\"bs_BA\" \/>\n<meta property=\"og:type\" content=\"article\" \/>\n<meta property=\"og:title\" content=\"TK: Pove\u0107an broj smrtnih ishoda od posljedica zaraze koronavirusom - TuzlaInfo.ba\" \/>\n<meta property=\"og:description\" content=\"Pove\u0107anje broja preminulih osoba od posljedica zaraze virusom \u00a0COVID 19 na podru\u010dju Tuzlanskog kantona zabilje\u017eeno&hellip;\" \/>\n<meta property=\"og:url\" content=\"https:\/\/tuzlainfo.ba\/index.php\/novosti\/item\/156246-tk-povecan-broj-smrtnih-ishoda-od-posljedica-zaraze-koronavirusom\/\" \/>\n<meta property=\"og:site_name\" content=\"TuzlaInfo.ba\" \/>\n<meta property=\"article:publisher\" content=\"https:\/\/www.facebook.com\/tuzlainfo.ba\/\" \/>\n<meta property=\"article:published_time\" content=\"2021-11-29T16:54:57+00:00\" \/>\n<meta property=\"og:image\" content=\"https:\/\/tuzlainfo.ba\/wp-content\/uploads\/2021\/03\/sadrzaj_2021_20210101_01012021_covid_bonica_ukc.jpg\" \/>\n\t<meta property=\"og:image:width\" content=\"770\" \/>\n\t<meta property=\"og:image:height\" content=\"553\" \/>\n\t<meta property=\"og:image:type\" content=\"image\/jpeg\" \/>\n<meta name=\"author\" content=\"nedim\" \/>\n<meta name=\"twitter:card\" content=\"summary_large_image\" \/>\n<meta name=\"twitter:label1\" content=\"Written by\" \/>\n\t<meta name=\"twitter:data1\" content=\"nedim\" \/>\n\t<meta name=\"twitter:label2\" content=\"Est. reading time\" \/>\n\t<meta name=\"twitter:data2\" content=\"1 minuta\" \/>\n<script type=\"application\/ld+json\" class=\"yoast-schema-graph\">{\"@context\":\"https:\/\/schema.org\",\"@graph\":[{\"@type\":\"Article\",\"@id\":\"https:\/\/tuzlainfo.ba\/index.php\/novosti\/item\/156246-tk-povecan-broj-smrtnih-ishoda-od-posljedica-zaraze-koronavirusom\/#article\",\"isPartOf\":{\"@id\":\"https:\/\/tuzlainfo.ba\/index.php\/novosti\/item\/156246-tk-povecan-broj-smrtnih-ishoda-od-posljedica-zaraze-koronavirusom\/\"},\"author\":{\"name\":\"nedim\",\"@id\":\"https:\/\/tuzlainfo.ba\/#\/schema\/person\/f434e20dc27ea133923aab08451b7f7f\"},\"headline\":\"TK: Pove\u0107an broj smrtnih ishoda od posljedica zaraze koronavirusom\",\"datePublished\":\"2021-11-29T16:54:57+00:00\",\"dateModified\":\"2021-11-29T16:54:57+00:00\",\"mainEntityOfPage\":{\"@id\":\"https:\/\/tuzlainfo.ba\/index.php\/novosti\/item\/156246-tk-povecan-broj-smrtnih-ishoda-od-posljedica-zaraze-koronavirusom\/\"},\"wordCount\":264,\"commentCount\":0,\"publisher\":{\"@id\":\"https:\/\/tuzlainfo.ba\/#organization\"},\"image\":{\"@id\":\"https:\/\/tuzlainfo.ba\/index.php\/novosti\/item\/156246-tk-povecan-broj-smrtnih-ishoda-od-posljedica-zaraze-koronavirusom\/#primaryimage\"},\"thumbnailUrl\":\"https:\/\/tuzlainfo.ba\/wp-content\/uploads\/2021\/03\/sadrzaj_2021_20210101_01012021_covid_bonica_ukc.jpg\",\"keywords\":[\"covid tk\",\"vakcinacija\"],\"articleSection\":[\"Istaknuto\",\"Novosti\"],\"inLanguage\":\"bs-BA\"},{\"@type\":\"WebPage\",\"@id\":\"https:\/\/tuzlainfo.ba\/index.php\/novosti\/item\/156246-tk-povecan-broj-smrtnih-ishoda-od-posljedica-zaraze-koronavirusom\/\",\"url\":\"https:\/\/tuzlainfo.ba\/index.php\/novosti\/item\/156246-tk-povecan-broj-smrtnih-ishoda-od-posljedica-zaraze-koronavirusom\/\",\"name\":\"TK: Pove\u0107an broj smrtnih ishoda od posljedica zaraze koronavirusom - TuzlaInfo.ba\",\"isPartOf\":{\"@id\":\"https:\/\/tuzlainfo.ba\/#website\"},\"primaryImageOfPage\":{\"@id\":\"https:\/\/tuzlainfo.ba\/index.php\/novosti\/item\/156246-tk-povecan-broj-smrtnih-ishoda-od-posljedica-zaraze-koronavirusom\/#primaryimage\"},\"image\":{\"@id\":\"https:\/\/tuzlainfo.ba\/index.php\/novosti\/item\/156246-tk-povecan-broj-smrtnih-ishoda-od-posljedica-zaraze-koronavirusom\/#primaryimage\"},\"thumbnailUrl\":\"https:\/\/tuzlainfo.ba\/wp-content\/uploads\/2021\/03\/sadrzaj_2021_20210101_01012021_covid_bonica_ukc.jpg\",\"datePublished\":\"2021-11-29T16:54:57+00:00\",\"dateModified\":\"2021-11-29T16:54:57+00:00\",\"breadcrumb\":{\"@id\":\"https:\/\/tuzlainfo.ba\/index.php\/novosti\/item\/156246-tk-povecan-broj-smrtnih-ishoda-od-posljedica-zaraze-koronavirusom\/#breadcrumb\"},\"inLanguage\":\"bs-BA\",\"potentialAction\":[{\"@type\":\"ReadAction\",\"target\":[\"https:\/\/tuzlainfo.ba\/index.php\/novosti\/item\/156246-tk-povecan-broj-smrtnih-ishoda-od-posljedica-zaraze-koronavirusom\/\"]}]},{\"@type\":\"ImageObject\",\"inLanguage\":\"bs-BA\",\"@id\":\"https:\/\/tuzlainfo.ba\/index.php\/novosti\/item\/156246-tk-povecan-broj-smrtnih-ishoda-od-posljedica-zaraze-koronavirusom\/#primaryimage\",\"url\":\"https:\/\/tuzlainfo.ba\/wp-content\/uploads\/2021\/03\/sadrzaj_2021_20210101_01012021_covid_bonica_ukc.jpg\",\"contentUrl\":\"https:\/\/tuzlainfo.ba\/wp-content\/uploads\/2021\/03\/sadrzaj_2021_20210101_01012021_covid_bonica_ukc.jpg\",\"width\":770,\"height\":553,\"caption\":\"01012021 covid bonica ukc\"},{\"@type\":\"BreadcrumbList\",\"@id\":\"https:\/\/tuzlainfo.ba\/index.php\/novosti\/item\/156246-tk-povecan-broj-smrtnih-ishoda-od-posljedica-zaraze-koronavirusom\/#breadcrumb\",\"itemListElement\":[{\"@type\":\"ListItem\",\"position\":1,\"name\":\"Home\",\"item\":\"https:\/\/tuzlainfo.ba\/\"},{\"@type\":\"ListItem\",\"position\":2,\"name\":\"TK: Pove\u0107an broj smrtnih ishoda od posljedica zaraze koronavirusom\"}]},{\"@type\":\"WebSite\",\"@id\":\"https:\/\/tuzlainfo.ba\/#website\",\"url\":\"https:\/\/tuzlainfo.ba\/\",\"name\":\"TuzlaInfo.ba\",\"description\":\"Tuzla info, gradski informator - Tuzla na dlanu\",\"publisher\":{\"@id\":\"https:\/\/tuzlainfo.ba\/#organization\"},\"potentialAction\":[{\"@type\":\"SearchAction\",\"target\":{\"@type\":\"EntryPoint\",\"urlTemplate\":\"https:\/\/tuzlainfo.ba\/?s={search_term_string}\"},\"query-input\":{\"@type\":\"PropertyValueSpecification\",\"valueRequired\":true,\"valueName\":\"search_term_string\"}}],\"inLanguage\":\"bs-BA\"},{\"@type\":\"Organization\",\"@id\":\"https:\/\/tuzlainfo.ba\/#organization\",\"name\":\"TuzlaInfo.ba\",\"url\":\"https:\/\/tuzlainfo.ba\/\",\"logo\":{\"@type\":\"ImageObject\",\"inLanguage\":\"bs-BA\",\"@id\":\"https:\/\/tuzlainfo.ba\/#\/schema\/logo\/image\/\",\"url\":\"https:\/\/tuzlainfo.ba\/wp-content\/uploads\/2021\/03\/logo-ver-3-1.png\",\"contentUrl\":\"https:\/\/tuzlainfo.ba\/wp-content\/uploads\/2021\/03\/logo-ver-3-1.png\",\"width\":350,\"height\":95,\"caption\":\"TuzlaInfo.ba\"},\"image\":{\"@id\":\"https:\/\/tuzlainfo.ba\/#\/schema\/logo\/image\/\"},\"sameAs\":[\"https:\/\/www.facebook.com\/tuzlainfo.ba\/\"]},{\"@type\":\"Person\",\"@id\":\"https:\/\/tuzlainfo.ba\/#\/schema\/person\/f434e20dc27ea133923aab08451b7f7f\",\"name\":\"nedim\",\"image\":{\"@type\":\"ImageObject\",\"inLanguage\":\"bs-BA\",\"@id\":\"https:\/\/tuzlainfo.ba\/#\/schema\/person\/image\/\",\"url\":\"https:\/\/tuzlainfo.ba\/wp-content\/litespeed\/avatar\/aabad687af24844af817603ac1cbdc4f.jpg?ver=1777306975\",\"contentUrl\":\"https:\/\/tuzlainfo.ba\/wp-content\/litespeed\/avatar\/aabad687af24844af817603ac1cbdc4f.jpg?ver=1777306975\",\"caption\":\"nedim\"},\"description\":\"Tuzlainfo.ba pratite na dru\u0161tvenim mre\u017eama: Facebook, Instagram i Youtube. Svoje pri\u010de, upite i fotografije \u0161aljite na na\u0161u e-mail adresu.\"}]}<\/script>\n<!-- \/ Yoast SEO plugin. -->","yoast_head_json":{"title":"TK: Pove\u0107an broj smrtnih ishoda od posljedica zaraze koronavirusom - TuzlaInfo.ba","robots":{"index":"index","follow":"follow","max-snippet":"max-snippet:-1","max-image-preview":"max-image-preview:large","max-video-preview":"max-video-preview:-1"},"canonical":"https:\/\/tuzlainfo.ba\/index.php\/novosti\/item\/156246-tk-povecan-broj-smrtnih-ishoda-od-posljedica-zaraze-koronavirusom\/","og_locale":"bs_BA","og_type":"article","og_title":"TK: Pove\u0107an broj smrtnih ishoda od posljedica zaraze koronavirusom - TuzlaInfo.ba","og_description":"Pove\u0107anje broja preminulih osoba od posljedica zaraze virusom \u00a0COVID 19 na podru\u010dju Tuzlanskog kantona zabilje\u017eeno&hellip;","og_url":"https:\/\/tuzlainfo.ba\/index.php\/novosti\/item\/156246-tk-povecan-broj-smrtnih-ishoda-od-posljedica-zaraze-koronavirusom\/","og_site_name":"TuzlaInfo.ba","article_publisher":"https:\/\/www.facebook.com\/tuzlainfo.ba\/","article_published_time":"2021-11-29T16:54:57+00:00","og_image":[{"width":770,"height":553,"url":"https:\/\/tuzlainfo.ba\/wp-content\/uploads\/2021\/03\/sadrzaj_2021_20210101_01012021_covid_bonica_ukc.jpg","type":"image\/jpeg"}],"author":"nedim","twitter_card":"summary_large_image","twitter_misc":{"Written by":"nedim","Est. reading time":"1 minuta"},"schema":{"@context":"https:\/\/schema.org","@graph":[{"@type":"Article","@id":"https:\/\/tuzlainfo.ba\/index.php\/novosti\/item\/156246-tk-povecan-broj-smrtnih-ishoda-od-posljedica-zaraze-koronavirusom\/#article","isPartOf":{"@id":"https:\/\/tuzlainfo.ba\/index.php\/novosti\/item\/156246-tk-povecan-broj-smrtnih-ishoda-od-posljedica-zaraze-koronavirusom\/"},"author":{"name":"nedim","@id":"https:\/\/tuzlainfo.ba\/#\/schema\/person\/f434e20dc27ea133923aab08451b7f7f"},"headline":"TK: Pove\u0107an broj smrtnih ishoda od posljedica zaraze koronavirusom","datePublished":"2021-11-29T16:54:57+00:00","dateModified":"2021-11-29T16:54:57+00:00","mainEntityOfPage":{"@id":"https:\/\/tuzlainfo.ba\/index.php\/novosti\/item\/156246-tk-povecan-broj-smrtnih-ishoda-od-posljedica-zaraze-koronavirusom\/"},"wordCount":264,"commentCount":0,"publisher":{"@id":"https:\/\/tuzlainfo.ba\/#organization"},"image":{"@id":"https:\/\/tuzlainfo.ba\/index.php\/novosti\/item\/156246-tk-povecan-broj-smrtnih-ishoda-od-posljedica-zaraze-koronavirusom\/#primaryimage"},"thumbnailUrl":"https:\/\/tuzlainfo.ba\/wp-content\/uploads\/2021\/03\/sadrzaj_2021_20210101_01012021_covid_bonica_ukc.jpg","keywords":["covid tk","vakcinacija"],"articleSection":["Istaknuto","Novosti"],"inLanguage":"bs-BA"},{"@type":"WebPage","@id":"https:\/\/tuzlainfo.ba\/index.php\/novosti\/item\/156246-tk-povecan-broj-smrtnih-ishoda-od-posljedica-zaraze-koronavirusom\/","url":"https:\/\/tuzlainfo.ba\/index.php\/novosti\/item\/156246-tk-povecan-broj-smrtnih-ishoda-od-posljedica-zaraze-koronavirusom\/","name":"TK: Pove\u0107an broj smrtnih ishoda od posljedica zaraze koronavirusom - TuzlaInfo.ba","isPartOf":{"@id":"https:\/\/tuzlainfo.ba\/#website"},"primaryImageOfPage":{"@id":"https:\/\/tuzlainfo.ba\/index.php\/novosti\/item\/156246-tk-povecan-broj-smrtnih-ishoda-od-posljedica-zaraze-koronavirusom\/#primaryimage"},"image":{"@id":"https:\/\/tuzlainfo.ba\/index.php\/novosti\/item\/156246-tk-povecan-broj-smrtnih-ishoda-od-posljedica-zaraze-koronavirusom\/#primaryimage"},"thumbnailUrl":"https:\/\/tuzlainfo.ba\/wp-content\/uploads\/2021\/03\/sadrzaj_2021_20210101_01012021_covid_bonica_ukc.jpg","datePublished":"2021-11-29T16:54:57+00:00","dateModified":"2021-11-29T16:54:57+00:00","breadcrumb":{"@id":"https:\/\/tuzlainfo.ba\/index.php\/novosti\/item\/156246-tk-povecan-broj-smrtnih-ishoda-od-posljedica-zaraze-koronavirusom\/#breadcrumb"},"inLanguage":"bs-BA","potentialAction":[{"@type":"ReadAction","target":["https:\/\/tuzlainfo.ba\/index.php\/novosti\/item\/156246-tk-povecan-broj-smrtnih-ishoda-od-posljedica-zaraze-koronavirusom\/"]}]},{"@type":"ImageObject","inLanguage":"bs-BA","@id":"https:\/\/tuzlainfo.ba\/index.php\/novosti\/item\/156246-tk-povecan-broj-smrtnih-ishoda-od-posljedica-zaraze-koronavirusom\/#primaryimage","url":"https:\/\/tuzlainfo.ba\/wp-content\/uploads\/2021\/03\/sadrzaj_2021_20210101_01012021_covid_bonica_ukc.jpg","contentUrl":"https:\/\/tuzlainfo.ba\/wp-content\/uploads\/2021\/03\/sadrzaj_2021_20210101_01012021_covid_bonica_ukc.jpg","width":770,"height":553,"caption":"01012021 covid bonica ukc"},{"@type":"BreadcrumbList","@id":"https:\/\/tuzlainfo.ba\/index.php\/novosti\/item\/156246-tk-povecan-broj-smrtnih-ishoda-od-posljedica-zaraze-koronavirusom\/#breadcrumb","itemListElement":[{"@type":"ListItem","position":1,"name":"Home","item":"https:\/\/tuzlainfo.ba\/"},{"@type":"ListItem","position":2,"name":"TK: Pove\u0107an broj smrtnih ishoda od posljedica zaraze koronavirusom"}]},{"@type":"WebSite","@id":"https:\/\/tuzlainfo.ba\/#website","url":"https:\/\/tuzlainfo.ba\/","name":"TuzlaInfo.ba","description":"Tuzla info, gradski informator - Tuzla na dlanu","publisher":{"@id":"https:\/\/tuzlainfo.ba\/#organization"},"potentialAction":[{"@type":"SearchAction","target":{"@type":"EntryPoint","urlTemplate":"https:\/\/tuzlainfo.ba\/?s={search_term_string}"},"query-input":{"@type":"PropertyValueSpecification","valueRequired":true,"valueName":"search_term_string"}}],"inLanguage":"bs-BA"},{"@type":"Organization","@id":"https:\/\/tuzlainfo.ba\/#organization","name":"TuzlaInfo.ba","url":"https:\/\/tuzlainfo.ba\/","logo":{"@type":"ImageObject","inLanguage":"bs-BA","@id":"https:\/\/tuzlainfo.ba\/#\/schema\/logo\/image\/","url":"https:\/\/tuzlainfo.ba\/wp-content\/uploads\/2021\/03\/logo-ver-3-1.png","contentUrl":"https:\/\/tuzlainfo.ba\/wp-content\/uploads\/2021\/03\/logo-ver-3-1.png","width":350,"height":95,"caption":"TuzlaInfo.ba"},"image":{"@id":"https:\/\/tuzlainfo.ba\/#\/schema\/logo\/image\/"},"sameAs":["https:\/\/www.facebook.com\/tuzlainfo.ba\/"]},{"@type":"Person","@id":"https:\/\/tuzlainfo.ba\/#\/schema\/person\/f434e20dc27ea133923aab08451b7f7f","name":"nedim","image":{"@type":"ImageObject","inLanguage":"bs-BA","@id":"https:\/\/tuzlainfo.ba\/#\/schema\/person\/image\/","url":"https:\/\/tuzlainfo.ba\/wp-content\/litespeed\/avatar\/aabad687af24844af817603ac1cbdc4f.jpg?ver=1777306975","contentUrl":"https:\/\/tuzlainfo.ba\/wp-content\/litespeed\/avatar\/aabad687af24844af817603ac1cbdc4f.jpg?ver=1777306975","caption":"nedim"},"description":"Tuzlainfo.ba pratite na dru\u0161tvenim mre\u017eama: Facebook, Instagram i Youtube. Svoje pri\u010de, upite i fotografije \u0161aljite na na\u0161u e-mail adresu."}]}},"_links":{"self":[{"href":"https:\/\/tuzlainfo.ba\/index.php\/wp-json\/wp\/v2\/posts\/156246"}],"collection":[{"href":"https:\/\/tuzlainfo.ba\/index.php\/wp-json\/wp\/v2\/posts"}],"about":[{"href":"https:\/\/tuzlainfo.ba\/index.php\/wp-json\/wp\/v2\/types\/post"}],"author":[{"embeddable":true,"href":"https:\/\/tuzlainfo.ba\/index.php\/wp-json\/wp\/v2\/users\/2"}],"replies":[{"embeddable":true,"href":"https:\/\/tuzlainfo.ba\/index.php\/wp-json\/wp\/v2\/comments?post=156246"}],"version-history":[{"count":0,"href":"https:\/\/tuzlainfo.ba\/index.php\/wp-json\/wp\/v2\/posts\/156246\/revisions"}],"wp:featuredmedia":[{"embeddable":true,"href":"https:\/\/tuzlainfo.ba\/index.php\/wp-json\/wp\/v2\/media\/87180"}],"wp:attachment":[{"href":"https:\/\/tuzlainfo.ba\/index.php\/wp-json\/wp\/v2\/media?parent=156246"}],"wp:term":[{"taxonomy":"category","embeddable":true,"href":"https:\/\/tuzlainfo.ba\/index.php\/wp-json\/wp\/v2\/categories?post=156246"},{"taxonomy":"post_tag","embeddable":true,"href":"https:\/\/tuzlainfo.ba\/index.php\/wp-json\/wp\/v2\/tags?post=156246"}],"curies":[{"name":"wp","href":"https:\/\/api.w.org\/{rel}","templated":true}]}}