{"id":156206,"date":"2021-11-29T14:50:52","date_gmt":"2021-11-29T13:50:52","guid":{"rendered":"https:\/\/tuzlainfo.ba\/?p=156206"},"modified":"2021-11-29T22:08:27","modified_gmt":"2021-11-29T21:08:27","slug":"protiv-covid-19-u-domu-zdravlja-tuzla-pocela-vakcinacija-i-djece","status":"publish","type":"post","link":"https:\/\/tuzlainfo.ba\/index.php\/novosti\/item\/156206-protiv-covid-19-u-domu-zdravlja-tuzla-pocela-vakcinacija-i-djece\/","title":{"rendered":"Protiv Covid-19: U Domu zdravlja Tuzla po\u010dela vakcinacija i djece"},"content":{"rendered":"<p>U Javnoj zdravstveno-nastavnoj ustanovi Dom zdravlja &#8220;Dr Mustafa \u0160ehovi\u0107&#8221; Tuzla, zapo\u010dela je vakcinacija djece protiv Covid-a 19, starije od 12 godina.<\/p>\n<p>Svi roditelji koji to \u017eele mogu dovesti svoju djecu za vakcinaciju.<\/p>\n<p>Prema porepuci Svjetske zdravstvene organizacije, djeci se daju vakcine proizvo\u0111a\u010da Pfizer.<\/p>\n<p>&#8211; Prema preporukama koje su do\u0161le sa federalnog nivoa, krenuli smo sa vakcinacijom djece. To se najprije odnosi na djecu koja ima neka te\u017ea hroni\u010dna oboljenja ili dijagnoze. Potom djeca koja su sklona oboljenu od Covida 19 i koja bi mogla imati te\u017eu klini\u010dku sliku. Naravno, vakcine su dostupne i za ostalu djecu, kazala je za Tuzlainfo.ba dr. med. D\u017eana Atli\u0107 iz Doma zdravlja.<\/p>\n<p><img fetchpriority=\"high\" decoding=\"async\" class=\"alignnone size-full wp-image-156207\" src=\"https:\/\/tuzlainfo.ba\/wp-content\/uploads\/2021\/11\/2911_dr_dzana.jpg\" alt=\"\" width=\"952\" height=\"614\" srcset=\"https:\/\/tuzlainfo.ba\/wp-content\/uploads\/2021\/11\/2911_dr_dzana.jpg 952w, https:\/\/tuzlainfo.ba\/wp-content\/uploads\/2021\/11\/2911_dr_dzana-300x193.jpg 300w, https:\/\/tuzlainfo.ba\/wp-content\/uploads\/2021\/11\/2911_dr_dzana-768x495.jpg 768w, https:\/\/tuzlainfo.ba\/wp-content\/uploads\/2021\/11\/2911_dr_dzana-585x377.jpg 585w, https:\/\/tuzlainfo.ba\/wp-content\/uploads\/2021\/11\/2911_dr_dzana-150x97.jpg 150w, https:\/\/tuzlainfo.ba\/wp-content\/uploads\/2021\/11\/2911_dr_dzana-500x322.jpg 500w\" sizes=\"(max-width: 952px) 100vw, 952px\" \/><\/p>\n<p>Dodaje se da je prije vakcinacije neophodno da nadle\u017eni doktor utvrdi da ne postoje kontraindikacije, niti privremene niti trajne. Zahtjev za vakcinaciju za maloljetnu djecu potpisuje roditelj ili staratelj.<\/p>\n<p>Vakcinacija se mo\u017ee obaviti u pripadaju\u0107im domovima zdravlja, odnosno vakcinalnim centrima\/punktovima. Pored Doma zdravlja Tuzla u na\u0161em gradu to su: Mikrostanica, Ambulanta Slavinovi\u0107i, Solina, Husino i Bukinje.<\/p>\n<p>Radno vrijeme za vakcinaciju u Domu zdravja Tuzla je do 20h \u010dasova, a u navedenim ambulantama do 15h. <em><strong>\/S.P.\/<\/strong><\/em><\/p>\n","protected":false},"excerpt":{"rendered":"<p>U Javnoj zdravstveno-nastavnoj ustanovi Dom zdravlja &#8220;Dr Mustafa \u0160ehovi\u0107&#8221; Tuzla, zapo\u010dela je vakcinacija djece protiv&hellip;<\/p>\n","protected":false},"author":2,"featured_media":156208,"comment_status":"open","ping_status":"closed","sticky":false,"template":"","format":"standard","meta":{"_acf_changed":false,"footnotes":""},"categories":[304,12,306],"tags":[577,366],"acf":[],"yoast_head":"<!-- This site is optimized with the Yoast SEO plugin v23.5 - https:\/\/yoast.com\/wordpress\/plugins\/seo\/ -->\n<title>Protiv Covid-19: U Domu zdravlja Tuzla po\u010dela vakcinacija i djece - TuzlaInfo.ba<\/title>\n<meta name=\"robots\" content=\"index, follow, max-snippet:-1, max-image-preview:large, max-video-preview:-1\" \/>\n<link rel=\"canonical\" href=\"https:\/\/tuzlainfo.ba\/index.php\/novosti\/item\/156206-protiv-covid-19-u-domu-zdravlja-tuzla-pocela-vakcinacija-i-djece\/\" \/>\n<meta property=\"og:locale\" content=\"bs_BA\" \/>\n<meta property=\"og:type\" content=\"article\" \/>\n<meta property=\"og:title\" content=\"Protiv Covid-19: U Domu zdravlja Tuzla po\u010dela vakcinacija i djece - TuzlaInfo.ba\" \/>\n<meta property=\"og:description\" content=\"U Javnoj zdravstveno-nastavnoj ustanovi Dom zdravlja &#8220;Dr Mustafa \u0160ehovi\u0107&#8221; Tuzla, zapo\u010dela je vakcinacija djece protiv&hellip;\" \/>\n<meta property=\"og:url\" content=\"https:\/\/tuzlainfo.ba\/index.php\/novosti\/item\/156206-protiv-covid-19-u-domu-zdravlja-tuzla-pocela-vakcinacija-i-djece\/\" \/>\n<meta property=\"og:site_name\" content=\"TuzlaInfo.ba\" \/>\n<meta property=\"article:publisher\" content=\"https:\/\/www.facebook.com\/tuzlainfo.ba\/\" \/>\n<meta property=\"article:published_time\" content=\"2021-11-29T13:50:52+00:00\" \/>\n<meta property=\"article:modified_time\" content=\"2021-11-29T21:08:27+00:00\" \/>\n<meta property=\"og:image\" content=\"https:\/\/tuzlainfo.ba\/wp-content\/uploads\/2021\/11\/2911_red_vakcinacija.jpg\" \/>\n\t<meta property=\"og:image:width\" content=\"818\" \/>\n\t<meta property=\"og:image:height\" content=\"405\" \/>\n\t<meta property=\"og:image:type\" content=\"image\/jpeg\" \/>\n<meta name=\"author\" content=\"nedim\" \/>\n<meta name=\"twitter:card\" content=\"summary_large_image\" \/>\n<meta name=\"twitter:label1\" content=\"Written by\" \/>\n\t<meta name=\"twitter:data1\" content=\"nedim\" \/>\n\t<meta name=\"twitter:label2\" content=\"Est. reading time\" \/>\n\t<meta name=\"twitter:data2\" content=\"1 minuta\" \/>\n<script type=\"application\/ld+json\" class=\"yoast-schema-graph\">{\"@context\":\"https:\/\/schema.org\",\"@graph\":[{\"@type\":\"Article\",\"@id\":\"https:\/\/tuzlainfo.ba\/index.php\/novosti\/item\/156206-protiv-covid-19-u-domu-zdravlja-tuzla-pocela-vakcinacija-i-djece\/#article\",\"isPartOf\":{\"@id\":\"https:\/\/tuzlainfo.ba\/index.php\/novosti\/item\/156206-protiv-covid-19-u-domu-zdravlja-tuzla-pocela-vakcinacija-i-djece\/\"},\"author\":{\"name\":\"nedim\",\"@id\":\"https:\/\/tuzlainfo.ba\/#\/schema\/person\/f434e20dc27ea133923aab08451b7f7f\"},\"headline\":\"Protiv Covid-19: U Domu zdravlja Tuzla po\u010dela vakcinacija i djece\",\"datePublished\":\"2021-11-29T13:50:52+00:00\",\"dateModified\":\"2021-11-29T21:08:27+00:00\",\"mainEntityOfPage\":{\"@id\":\"https:\/\/tuzlainfo.ba\/index.php\/novosti\/item\/156206-protiv-covid-19-u-domu-zdravlja-tuzla-pocela-vakcinacija-i-djece\/\"},\"wordCount\":207,\"commentCount\":0,\"publisher\":{\"@id\":\"https:\/\/tuzlainfo.ba\/#organization\"},\"image\":{\"@id\":\"https:\/\/tuzlainfo.ba\/index.php\/novosti\/item\/156206-protiv-covid-19-u-domu-zdravlja-tuzla-pocela-vakcinacija-i-djece\/#primaryimage\"},\"thumbnailUrl\":\"https:\/\/tuzlainfo.ba\/wp-content\/uploads\/2021\/11\/2911_red_vakcinacija.jpg\",\"keywords\":[\"dom zdravlja tuzla\",\"vakcinacija\"],\"articleSection\":[\"Istaknuto\",\"Novosti\",\"Preporu\u010dujemo\"],\"inLanguage\":\"bs-BA\"},{\"@type\":\"WebPage\",\"@id\":\"https:\/\/tuzlainfo.ba\/index.php\/novosti\/item\/156206-protiv-covid-19-u-domu-zdravlja-tuzla-pocela-vakcinacija-i-djece\/\",\"url\":\"https:\/\/tuzlainfo.ba\/index.php\/novosti\/item\/156206-protiv-covid-19-u-domu-zdravlja-tuzla-pocela-vakcinacija-i-djece\/\",\"name\":\"Protiv Covid-19: U Domu zdravlja Tuzla po\u010dela vakcinacija i djece - TuzlaInfo.ba\",\"isPartOf\":{\"@id\":\"https:\/\/tuzlainfo.ba\/#website\"},\"primaryImageOfPage\":{\"@id\":\"https:\/\/tuzlainfo.ba\/index.php\/novosti\/item\/156206-protiv-covid-19-u-domu-zdravlja-tuzla-pocela-vakcinacija-i-djece\/#primaryimage\"},\"image\":{\"@id\":\"https:\/\/tuzlainfo.ba\/index.php\/novosti\/item\/156206-protiv-covid-19-u-domu-zdravlja-tuzla-pocela-vakcinacija-i-djece\/#primaryimage\"},\"thumbnailUrl\":\"https:\/\/tuzlainfo.ba\/wp-content\/uploads\/2021\/11\/2911_red_vakcinacija.jpg\",\"datePublished\":\"2021-11-29T13:50:52+00:00\",\"dateModified\":\"2021-11-29T21:08:27+00:00\",\"breadcrumb\":{\"@id\":\"https:\/\/tuzlainfo.ba\/index.php\/novosti\/item\/156206-protiv-covid-19-u-domu-zdravlja-tuzla-pocela-vakcinacija-i-djece\/#breadcrumb\"},\"inLanguage\":\"bs-BA\",\"potentialAction\":[{\"@type\":\"ReadAction\",\"target\":[\"https:\/\/tuzlainfo.ba\/index.php\/novosti\/item\/156206-protiv-covid-19-u-domu-zdravlja-tuzla-pocela-vakcinacija-i-djece\/\"]}]},{\"@type\":\"ImageObject\",\"inLanguage\":\"bs-BA\",\"@id\":\"https:\/\/tuzlainfo.ba\/index.php\/novosti\/item\/156206-protiv-covid-19-u-domu-zdravlja-tuzla-pocela-vakcinacija-i-djece\/#primaryimage\",\"url\":\"https:\/\/tuzlainfo.ba\/wp-content\/uploads\/2021\/11\/2911_red_vakcinacija.jpg\",\"contentUrl\":\"https:\/\/tuzlainfo.ba\/wp-content\/uploads\/2021\/11\/2911_red_vakcinacija.jpg\",\"width\":818,\"height\":405},{\"@type\":\"BreadcrumbList\",\"@id\":\"https:\/\/tuzlainfo.ba\/index.php\/novosti\/item\/156206-protiv-covid-19-u-domu-zdravlja-tuzla-pocela-vakcinacija-i-djece\/#breadcrumb\",\"itemListElement\":[{\"@type\":\"ListItem\",\"position\":1,\"name\":\"Home\",\"item\":\"https:\/\/tuzlainfo.ba\/\"},{\"@type\":\"ListItem\",\"position\":2,\"name\":\"Protiv Covid-19: U Domu zdravlja Tuzla po\u010dela vakcinacija i djece\"}]},{\"@type\":\"WebSite\",\"@id\":\"https:\/\/tuzlainfo.ba\/#website\",\"url\":\"https:\/\/tuzlainfo.ba\/\",\"name\":\"TuzlaInfo.ba\",\"description\":\"Tuzla info, gradski informator - Tuzla na dlanu\",\"publisher\":{\"@id\":\"https:\/\/tuzlainfo.ba\/#organization\"},\"potentialAction\":[{\"@type\":\"SearchAction\",\"target\":{\"@type\":\"EntryPoint\",\"urlTemplate\":\"https:\/\/tuzlainfo.ba\/?s={search_term_string}\"},\"query-input\":{\"@type\":\"PropertyValueSpecification\",\"valueRequired\":true,\"valueName\":\"search_term_string\"}}],\"inLanguage\":\"bs-BA\"},{\"@type\":\"Organization\",\"@id\":\"https:\/\/tuzlainfo.ba\/#organization\",\"name\":\"TuzlaInfo.ba\",\"url\":\"https:\/\/tuzlainfo.ba\/\",\"logo\":{\"@type\":\"ImageObject\",\"inLanguage\":\"bs-BA\",\"@id\":\"https:\/\/tuzlainfo.ba\/#\/schema\/logo\/image\/\",\"url\":\"https:\/\/tuzlainfo.ba\/wp-content\/uploads\/2021\/03\/logo-ver-3-1.png\",\"contentUrl\":\"https:\/\/tuzlainfo.ba\/wp-content\/uploads\/2021\/03\/logo-ver-3-1.png\",\"width\":350,\"height\":95,\"caption\":\"TuzlaInfo.ba\"},\"image\":{\"@id\":\"https:\/\/tuzlainfo.ba\/#\/schema\/logo\/image\/\"},\"sameAs\":[\"https:\/\/www.facebook.com\/tuzlainfo.ba\/\"]},{\"@type\":\"Person\",\"@id\":\"https:\/\/tuzlainfo.ba\/#\/schema\/person\/f434e20dc27ea133923aab08451b7f7f\",\"name\":\"nedim\",\"image\":{\"@type\":\"ImageObject\",\"inLanguage\":\"bs-BA\",\"@id\":\"https:\/\/tuzlainfo.ba\/#\/schema\/person\/image\/\",\"url\":\"https:\/\/tuzlainfo.ba\/wp-content\/litespeed\/avatar\/aabad687af24844af817603ac1cbdc4f.jpg?ver=1776702173\",\"contentUrl\":\"https:\/\/tuzlainfo.ba\/wp-content\/litespeed\/avatar\/aabad687af24844af817603ac1cbdc4f.jpg?ver=1776702173\",\"caption\":\"nedim\"},\"description\":\"Tuzlainfo.ba pratite na dru\u0161tvenim mre\u017eama: Facebook, Instagram i Youtube. Svoje pri\u010de, upite i fotografije \u0161aljite na na\u0161u e-mail adresu.\"}]}<\/script>\n<!-- \/ Yoast SEO plugin. -->","yoast_head_json":{"title":"Protiv Covid-19: U Domu zdravlja Tuzla po\u010dela vakcinacija i djece - TuzlaInfo.ba","robots":{"index":"index","follow":"follow","max-snippet":"max-snippet:-1","max-image-preview":"max-image-preview:large","max-video-preview":"max-video-preview:-1"},"canonical":"https:\/\/tuzlainfo.ba\/index.php\/novosti\/item\/156206-protiv-covid-19-u-domu-zdravlja-tuzla-pocela-vakcinacija-i-djece\/","og_locale":"bs_BA","og_type":"article","og_title":"Protiv Covid-19: U Domu zdravlja Tuzla po\u010dela vakcinacija i djece - TuzlaInfo.ba","og_description":"U Javnoj zdravstveno-nastavnoj ustanovi Dom zdravlja &#8220;Dr Mustafa \u0160ehovi\u0107&#8221; Tuzla, zapo\u010dela je vakcinacija djece protiv&hellip;","og_url":"https:\/\/tuzlainfo.ba\/index.php\/novosti\/item\/156206-protiv-covid-19-u-domu-zdravlja-tuzla-pocela-vakcinacija-i-djece\/","og_site_name":"TuzlaInfo.ba","article_publisher":"https:\/\/www.facebook.com\/tuzlainfo.ba\/","article_published_time":"2021-11-29T13:50:52+00:00","article_modified_time":"2021-11-29T21:08:27+00:00","og_image":[{"width":818,"height":405,"url":"https:\/\/tuzlainfo.ba\/wp-content\/uploads\/2021\/11\/2911_red_vakcinacija.jpg","type":"image\/jpeg"}],"author":"nedim","twitter_card":"summary_large_image","twitter_misc":{"Written by":"nedim","Est. reading time":"1 minuta"},"schema":{"@context":"https:\/\/schema.org","@graph":[{"@type":"Article","@id":"https:\/\/tuzlainfo.ba\/index.php\/novosti\/item\/156206-protiv-covid-19-u-domu-zdravlja-tuzla-pocela-vakcinacija-i-djece\/#article","isPartOf":{"@id":"https:\/\/tuzlainfo.ba\/index.php\/novosti\/item\/156206-protiv-covid-19-u-domu-zdravlja-tuzla-pocela-vakcinacija-i-djece\/"},"author":{"name":"nedim","@id":"https:\/\/tuzlainfo.ba\/#\/schema\/person\/f434e20dc27ea133923aab08451b7f7f"},"headline":"Protiv Covid-19: U Domu zdravlja Tuzla po\u010dela vakcinacija i djece","datePublished":"2021-11-29T13:50:52+00:00","dateModified":"2021-11-29T21:08:27+00:00","mainEntityOfPage":{"@id":"https:\/\/tuzlainfo.ba\/index.php\/novosti\/item\/156206-protiv-covid-19-u-domu-zdravlja-tuzla-pocela-vakcinacija-i-djece\/"},"wordCount":207,"commentCount":0,"publisher":{"@id":"https:\/\/tuzlainfo.ba\/#organization"},"image":{"@id":"https:\/\/tuzlainfo.ba\/index.php\/novosti\/item\/156206-protiv-covid-19-u-domu-zdravlja-tuzla-pocela-vakcinacija-i-djece\/#primaryimage"},"thumbnailUrl":"https:\/\/tuzlainfo.ba\/wp-content\/uploads\/2021\/11\/2911_red_vakcinacija.jpg","keywords":["dom zdravlja tuzla","vakcinacija"],"articleSection":["Istaknuto","Novosti","Preporu\u010dujemo"],"inLanguage":"bs-BA"},{"@type":"WebPage","@id":"https:\/\/tuzlainfo.ba\/index.php\/novosti\/item\/156206-protiv-covid-19-u-domu-zdravlja-tuzla-pocela-vakcinacija-i-djece\/","url":"https:\/\/tuzlainfo.ba\/index.php\/novosti\/item\/156206-protiv-covid-19-u-domu-zdravlja-tuzla-pocela-vakcinacija-i-djece\/","name":"Protiv Covid-19: U Domu zdravlja Tuzla po\u010dela vakcinacija i djece - TuzlaInfo.ba","isPartOf":{"@id":"https:\/\/tuzlainfo.ba\/#website"},"primaryImageOfPage":{"@id":"https:\/\/tuzlainfo.ba\/index.php\/novosti\/item\/156206-protiv-covid-19-u-domu-zdravlja-tuzla-pocela-vakcinacija-i-djece\/#primaryimage"},"image":{"@id":"https:\/\/tuzlainfo.ba\/index.php\/novosti\/item\/156206-protiv-covid-19-u-domu-zdravlja-tuzla-pocela-vakcinacija-i-djece\/#primaryimage"},"thumbnailUrl":"https:\/\/tuzlainfo.ba\/wp-content\/uploads\/2021\/11\/2911_red_vakcinacija.jpg","datePublished":"2021-11-29T13:50:52+00:00","dateModified":"2021-11-29T21:08:27+00:00","breadcrumb":{"@id":"https:\/\/tuzlainfo.ba\/index.php\/novosti\/item\/156206-protiv-covid-19-u-domu-zdravlja-tuzla-pocela-vakcinacija-i-djece\/#breadcrumb"},"inLanguage":"bs-BA","potentialAction":[{"@type":"ReadAction","target":["https:\/\/tuzlainfo.ba\/index.php\/novosti\/item\/156206-protiv-covid-19-u-domu-zdravlja-tuzla-pocela-vakcinacija-i-djece\/"]}]},{"@type":"ImageObject","inLanguage":"bs-BA","@id":"https:\/\/tuzlainfo.ba\/index.php\/novosti\/item\/156206-protiv-covid-19-u-domu-zdravlja-tuzla-pocela-vakcinacija-i-djece\/#primaryimage","url":"https:\/\/tuzlainfo.ba\/wp-content\/uploads\/2021\/11\/2911_red_vakcinacija.jpg","contentUrl":"https:\/\/tuzlainfo.ba\/wp-content\/uploads\/2021\/11\/2911_red_vakcinacija.jpg","width":818,"height":405},{"@type":"BreadcrumbList","@id":"https:\/\/tuzlainfo.ba\/index.php\/novosti\/item\/156206-protiv-covid-19-u-domu-zdravlja-tuzla-pocela-vakcinacija-i-djece\/#breadcrumb","itemListElement":[{"@type":"ListItem","position":1,"name":"Home","item":"https:\/\/tuzlainfo.ba\/"},{"@type":"ListItem","position":2,"name":"Protiv Covid-19: U Domu zdravlja Tuzla po\u010dela vakcinacija i djece"}]},{"@type":"WebSite","@id":"https:\/\/tuzlainfo.ba\/#website","url":"https:\/\/tuzlainfo.ba\/","name":"TuzlaInfo.ba","description":"Tuzla info, gradski informator - Tuzla na dlanu","publisher":{"@id":"https:\/\/tuzlainfo.ba\/#organization"},"potentialAction":[{"@type":"SearchAction","target":{"@type":"EntryPoint","urlTemplate":"https:\/\/tuzlainfo.ba\/?s={search_term_string}"},"query-input":{"@type":"PropertyValueSpecification","valueRequired":true,"valueName":"search_term_string"}}],"inLanguage":"bs-BA"},{"@type":"Organization","@id":"https:\/\/tuzlainfo.ba\/#organization","name":"TuzlaInfo.ba","url":"https:\/\/tuzlainfo.ba\/","logo":{"@type":"ImageObject","inLanguage":"bs-BA","@id":"https:\/\/tuzlainfo.ba\/#\/schema\/logo\/image\/","url":"https:\/\/tuzlainfo.ba\/wp-content\/uploads\/2021\/03\/logo-ver-3-1.png","contentUrl":"https:\/\/tuzlainfo.ba\/wp-content\/uploads\/2021\/03\/logo-ver-3-1.png","width":350,"height":95,"caption":"TuzlaInfo.ba"},"image":{"@id":"https:\/\/tuzlainfo.ba\/#\/schema\/logo\/image\/"},"sameAs":["https:\/\/www.facebook.com\/tuzlainfo.ba\/"]},{"@type":"Person","@id":"https:\/\/tuzlainfo.ba\/#\/schema\/person\/f434e20dc27ea133923aab08451b7f7f","name":"nedim","image":{"@type":"ImageObject","inLanguage":"bs-BA","@id":"https:\/\/tuzlainfo.ba\/#\/schema\/person\/image\/","url":"https:\/\/tuzlainfo.ba\/wp-content\/litespeed\/avatar\/aabad687af24844af817603ac1cbdc4f.jpg?ver=1776702173","contentUrl":"https:\/\/tuzlainfo.ba\/wp-content\/litespeed\/avatar\/aabad687af24844af817603ac1cbdc4f.jpg?ver=1776702173","caption":"nedim"},"description":"Tuzlainfo.ba pratite na dru\u0161tvenim mre\u017eama: Facebook, Instagram i Youtube. Svoje pri\u010de, upite i fotografije \u0161aljite na na\u0161u e-mail adresu."}]}},"_links":{"self":[{"href":"https:\/\/tuzlainfo.ba\/index.php\/wp-json\/wp\/v2\/posts\/156206"}],"collection":[{"href":"https:\/\/tuzlainfo.ba\/index.php\/wp-json\/wp\/v2\/posts"}],"about":[{"href":"https:\/\/tuzlainfo.ba\/index.php\/wp-json\/wp\/v2\/types\/post"}],"author":[{"embeddable":true,"href":"https:\/\/tuzlainfo.ba\/index.php\/wp-json\/wp\/v2\/users\/2"}],"replies":[{"embeddable":true,"href":"https:\/\/tuzlainfo.ba\/index.php\/wp-json\/wp\/v2\/comments?post=156206"}],"version-history":[{"count":0,"href":"https:\/\/tuzlainfo.ba\/index.php\/wp-json\/wp\/v2\/posts\/156206\/revisions"}],"wp:featuredmedia":[{"embeddable":true,"href":"https:\/\/tuzlainfo.ba\/index.php\/wp-json\/wp\/v2\/media\/156208"}],"wp:attachment":[{"href":"https:\/\/tuzlainfo.ba\/index.php\/wp-json\/wp\/v2\/media?parent=156206"}],"wp:term":[{"taxonomy":"category","embeddable":true,"href":"https:\/\/tuzlainfo.ba\/index.php\/wp-json\/wp\/v2\/categories?post=156206"},{"taxonomy":"post_tag","embeddable":true,"href":"https:\/\/tuzlainfo.ba\/index.php\/wp-json\/wp\/v2\/tags?post=156206"}],"curies":[{"name":"wp","href":"https:\/\/api.w.org\/{rel}","templated":true}]}}