{"id":155884,"date":"2021-11-26T11:30:09","date_gmt":"2021-11-26T10:30:09","guid":{"rendered":"https:\/\/tuzlainfo.ba\/?p=155884"},"modified":"2021-11-26T10:27:11","modified_gmt":"2021-11-26T09:27:11","slug":"zimska-atrakcija-pocela-sa-radom-u-tuzli-jucer-otvoreno-klizaliste","status":"publish","type":"post","link":"https:\/\/tuzlainfo.ba\/index.php\/novosti\/item\/155884-zimska-atrakcija-pocela-sa-radom-u-tuzli-jucer-otvoreno-klizaliste\/","title":{"rendered":"Zimska atrakcija po\u010dela sa radom: U Tuzli ju\u010der otvoreno klizali\u0161te"},"content":{"rendered":"<p>Ju\u010der je na kompleksu Panonskih jezera zvani\u010dno otvorena nova sezona klizanja. Klizali\u0161te koje ove godine obilje\u017eava 15 godina postojanja u u Tuzli, ju\u010der je bilo mjesto na kojem se okupio veliki broj kliza\u010da i rekreativaca u ovom sportu.<\/p>\n<p>Klizali\u0161te je simboli\u010dno otvoreno na Dan dr\u017eavnosti BiH, te je ju\u010der ulaz bio slobodan.<\/p>\n<p>Ledena ploha gra\u0111anima \u0107e biti dostupna svakoga dana u sedmici, a poznate su i cijene klizanja.<\/p>\n<p><img fetchpriority=\"high\" decoding=\"async\" class=\"alignnone size-full wp-image-155572\" src=\"https:\/\/tuzlainfo.ba\/wp-content\/uploads\/2021\/11\/inbound705303039877492345.jpg\" alt=\"\" width=\"917\" height=\"378\" srcset=\"https:\/\/tuzlainfo.ba\/wp-content\/uploads\/2021\/11\/inbound705303039877492345.jpg 917w, https:\/\/tuzlainfo.ba\/wp-content\/uploads\/2021\/11\/inbound705303039877492345-300x124.jpg 300w, https:\/\/tuzlainfo.ba\/wp-content\/uploads\/2021\/11\/inbound705303039877492345-768x317.jpg 768w, https:\/\/tuzlainfo.ba\/wp-content\/uploads\/2021\/11\/inbound705303039877492345-585x241.jpg 585w, https:\/\/tuzlainfo.ba\/wp-content\/uploads\/2021\/11\/inbound705303039877492345-150x62.jpg 150w, https:\/\/tuzlainfo.ba\/wp-content\/uploads\/2021\/11\/inbound705303039877492345-500x206.jpg 500w\" sizes=\"(max-width: 917px) 100vw, 917px\" \/><\/p>\n<p>Na ju\u010dera\u0161njoj ceremoniji otvaranja nastupili su i kliza\u010di Kluba sportova na ledu &#8220;UNITY&#8221; iz Sarajeva.<\/p>\n<div id=\"penci-post-gallery__29086\" class=\"penci-post-gallery-container justified column-3\" data-height=\"150\" data-margin=\"3\"><a class=\"item-gallery-justified\" href=\"https:\/\/tuzlainfo.ba\/wp-content\/uploads\/2021\/11\/inbound2483727718722272826.jpg\"><img decoding=\"async\" src=\"https:\/\/tuzlainfo.ba\/wp-content\/uploads\/2021\/11\/inbound2483727718722272826-585x329.jpg\" alt=\"\" title=\"inbound2483727718722272826\"><\/a><a class=\"item-gallery-justified\" href=\"https:\/\/tuzlainfo.ba\/wp-content\/uploads\/2021\/11\/inbound7755059249432027662.jpg\"><img decoding=\"async\" src=\"https:\/\/tuzlainfo.ba\/wp-content\/uploads\/2021\/11\/inbound7755059249432027662-585x329.jpg\" alt=\"\" title=\"inbound7755059249432027662\"><\/a><a class=\"item-gallery-justified\" href=\"https:\/\/tuzlainfo.ba\/wp-content\/uploads\/2021\/11\/inbound3293184199524404488.jpg\"><img decoding=\"async\" src=\"https:\/\/tuzlainfo.ba\/wp-content\/uploads\/2021\/11\/inbound3293184199524404488-585x329.jpg\" alt=\"\" title=\"inbound3293184199524404488\"><\/a><a class=\"item-gallery-justified\" href=\"https:\/\/tuzlainfo.ba\/wp-content\/uploads\/2021\/11\/inbound4555104891156474440.jpg\"><img decoding=\"async\" src=\"https:\/\/tuzlainfo.ba\/wp-content\/uploads\/2021\/11\/inbound4555104891156474440-585x329.jpg\" alt=\"\" title=\"inbound4555104891156474440\"><\/a><\/div>\n","protected":false},"excerpt":{"rendered":"<p>Ju\u010der je na kompleksu Panonskih jezera zvani\u010dno otvorena nova sezona klizanja. Klizali\u0161te koje ove godine&hellip;<\/p>\n","protected":false},"author":4,"featured_media":155889,"comment_status":"open","ping_status":"closed","sticky":false,"template":"","format":"standard","meta":{"_acf_changed":false,"footnotes":""},"categories":[304,12],"tags":[3121,3120],"acf":[],"yoast_head":"<!-- This site is optimized with the Yoast SEO plugin v23.5 - https:\/\/yoast.com\/wordpress\/plugins\/seo\/ -->\n<title>Zimska atrakcija po\u010dela sa radom: U Tuzli ju\u010der otvoreno klizali\u0161te - TuzlaInfo.ba<\/title>\n<meta name=\"robots\" content=\"index, follow, max-snippet:-1, max-image-preview:large, max-video-preview:-1\" \/>\n<link rel=\"canonical\" href=\"https:\/\/tuzlainfo.ba\/index.php\/novosti\/item\/155884-zimska-atrakcija-pocela-sa-radom-u-tuzli-jucer-otvoreno-klizaliste\/\" \/>\n<meta property=\"og:locale\" content=\"bs_BA\" \/>\n<meta property=\"og:type\" content=\"article\" \/>\n<meta property=\"og:title\" content=\"Zimska atrakcija po\u010dela sa radom: U Tuzli ju\u010der otvoreno klizali\u0161te - TuzlaInfo.ba\" \/>\n<meta property=\"og:description\" content=\"Ju\u010der je na kompleksu Panonskih jezera zvani\u010dno otvorena nova sezona klizanja. Klizali\u0161te koje ove godine&hellip;\" \/>\n<meta property=\"og:url\" content=\"https:\/\/tuzlainfo.ba\/index.php\/novosti\/item\/155884-zimska-atrakcija-pocela-sa-radom-u-tuzli-jucer-otvoreno-klizaliste\/\" \/>\n<meta property=\"og:site_name\" content=\"TuzlaInfo.ba\" \/>\n<meta property=\"article:publisher\" content=\"https:\/\/www.facebook.com\/tuzlainfo.ba\/\" \/>\n<meta property=\"article:published_time\" content=\"2021-11-26T10:30:09+00:00\" \/>\n<meta property=\"article:modified_time\" content=\"2021-11-26T09:27:11+00:00\" \/>\n<meta property=\"og:image\" content=\"https:\/\/tuzlainfo.ba\/wp-content\/uploads\/2021\/11\/inbound7538292769172158833.jpg\" \/>\n\t<meta property=\"og:image:width\" content=\"1080\" \/>\n\t<meta property=\"og:image:height\" content=\"608\" \/>\n\t<meta property=\"og:image:type\" content=\"image\/jpeg\" \/>\n<meta name=\"author\" content=\"Tuzla Info\" \/>\n<meta name=\"twitter:card\" content=\"summary_large_image\" \/>\n<meta name=\"twitter:label1\" content=\"Written by\" \/>\n\t<meta name=\"twitter:data1\" content=\"Tuzla Info\" \/>\n<script type=\"application\/ld+json\" class=\"yoast-schema-graph\">{\"@context\":\"https:\/\/schema.org\",\"@graph\":[{\"@type\":\"Article\",\"@id\":\"https:\/\/tuzlainfo.ba\/index.php\/novosti\/item\/155884-zimska-atrakcija-pocela-sa-radom-u-tuzli-jucer-otvoreno-klizaliste\/#article\",\"isPartOf\":{\"@id\":\"https:\/\/tuzlainfo.ba\/index.php\/novosti\/item\/155884-zimska-atrakcija-pocela-sa-radom-u-tuzli-jucer-otvoreno-klizaliste\/\"},\"author\":{\"name\":\"Tuzla Info\",\"@id\":\"https:\/\/tuzlainfo.ba\/#\/schema\/person\/46cad4c57790cbc50781edd14870825a\"},\"headline\":\"Zimska atrakcija po\u010dela sa radom: U Tuzli ju\u010der otvoreno klizali\u0161te\",\"datePublished\":\"2021-11-26T10:30:09+00:00\",\"dateModified\":\"2021-11-26T09:27:11+00:00\",\"mainEntityOfPage\":{\"@id\":\"https:\/\/tuzlainfo.ba\/index.php\/novosti\/item\/155884-zimska-atrakcija-pocela-sa-radom-u-tuzli-jucer-otvoreno-klizaliste\/\"},\"wordCount\":111,\"commentCount\":0,\"publisher\":{\"@id\":\"https:\/\/tuzlainfo.ba\/#organization\"},\"image\":{\"@id\":\"https:\/\/tuzlainfo.ba\/index.php\/novosti\/item\/155884-zimska-atrakcija-pocela-sa-radom-u-tuzli-jucer-otvoreno-klizaliste\/#primaryimage\"},\"thumbnailUrl\":\"https:\/\/tuzlainfo.ba\/wp-content\/uploads\/2021\/11\/inbound7538292769172158833.jpg\",\"keywords\":[\"JKP Panonika\",\"Klizali\u0161te\"],\"articleSection\":[\"Istaknuto\",\"Novosti\"],\"inLanguage\":\"bs-BA\"},{\"@type\":\"WebPage\",\"@id\":\"https:\/\/tuzlainfo.ba\/index.php\/novosti\/item\/155884-zimska-atrakcija-pocela-sa-radom-u-tuzli-jucer-otvoreno-klizaliste\/\",\"url\":\"https:\/\/tuzlainfo.ba\/index.php\/novosti\/item\/155884-zimska-atrakcija-pocela-sa-radom-u-tuzli-jucer-otvoreno-klizaliste\/\",\"name\":\"Zimska atrakcija po\u010dela sa radom: U Tuzli ju\u010der otvoreno klizali\u0161te - TuzlaInfo.ba\",\"isPartOf\":{\"@id\":\"https:\/\/tuzlainfo.ba\/#website\"},\"primaryImageOfPage\":{\"@id\":\"https:\/\/tuzlainfo.ba\/index.php\/novosti\/item\/155884-zimska-atrakcija-pocela-sa-radom-u-tuzli-jucer-otvoreno-klizaliste\/#primaryimage\"},\"image\":{\"@id\":\"https:\/\/tuzlainfo.ba\/index.php\/novosti\/item\/155884-zimska-atrakcija-pocela-sa-radom-u-tuzli-jucer-otvoreno-klizaliste\/#primaryimage\"},\"thumbnailUrl\":\"https:\/\/tuzlainfo.ba\/wp-content\/uploads\/2021\/11\/inbound7538292769172158833.jpg\",\"datePublished\":\"2021-11-26T10:30:09+00:00\",\"dateModified\":\"2021-11-26T09:27:11+00:00\",\"breadcrumb\":{\"@id\":\"https:\/\/tuzlainfo.ba\/index.php\/novosti\/item\/155884-zimska-atrakcija-pocela-sa-radom-u-tuzli-jucer-otvoreno-klizaliste\/#breadcrumb\"},\"inLanguage\":\"bs-BA\",\"potentialAction\":[{\"@type\":\"ReadAction\",\"target\":[\"https:\/\/tuzlainfo.ba\/index.php\/novosti\/item\/155884-zimska-atrakcija-pocela-sa-radom-u-tuzli-jucer-otvoreno-klizaliste\/\"]}]},{\"@type\":\"ImageObject\",\"inLanguage\":\"bs-BA\",\"@id\":\"https:\/\/tuzlainfo.ba\/index.php\/novosti\/item\/155884-zimska-atrakcija-pocela-sa-radom-u-tuzli-jucer-otvoreno-klizaliste\/#primaryimage\",\"url\":\"https:\/\/tuzlainfo.ba\/wp-content\/uploads\/2021\/11\/inbound7538292769172158833.jpg\",\"contentUrl\":\"https:\/\/tuzlainfo.ba\/wp-content\/uploads\/2021\/11\/inbound7538292769172158833.jpg\",\"width\":1080,\"height\":608},{\"@type\":\"BreadcrumbList\",\"@id\":\"https:\/\/tuzlainfo.ba\/index.php\/novosti\/item\/155884-zimska-atrakcija-pocela-sa-radom-u-tuzli-jucer-otvoreno-klizaliste\/#breadcrumb\",\"itemListElement\":[{\"@type\":\"ListItem\",\"position\":1,\"name\":\"Home\",\"item\":\"https:\/\/tuzlainfo.ba\/\"},{\"@type\":\"ListItem\",\"position\":2,\"name\":\"Zimska atrakcija po\u010dela sa radom: U Tuzli ju\u010der otvoreno klizali\u0161te\"}]},{\"@type\":\"WebSite\",\"@id\":\"https:\/\/tuzlainfo.ba\/#website\",\"url\":\"https:\/\/tuzlainfo.ba\/\",\"name\":\"TuzlaInfo.ba\",\"description\":\"Tuzla info, gradski informator - Tuzla na dlanu\",\"publisher\":{\"@id\":\"https:\/\/tuzlainfo.ba\/#organization\"},\"potentialAction\":[{\"@type\":\"SearchAction\",\"target\":{\"@type\":\"EntryPoint\",\"urlTemplate\":\"https:\/\/tuzlainfo.ba\/?s={search_term_string}\"},\"query-input\":{\"@type\":\"PropertyValueSpecification\",\"valueRequired\":true,\"valueName\":\"search_term_string\"}}],\"inLanguage\":\"bs-BA\"},{\"@type\":\"Organization\",\"@id\":\"https:\/\/tuzlainfo.ba\/#organization\",\"name\":\"TuzlaInfo.ba\",\"url\":\"https:\/\/tuzlainfo.ba\/\",\"logo\":{\"@type\":\"ImageObject\",\"inLanguage\":\"bs-BA\",\"@id\":\"https:\/\/tuzlainfo.ba\/#\/schema\/logo\/image\/\",\"url\":\"https:\/\/tuzlainfo.ba\/wp-content\/uploads\/2021\/03\/logo-ver-3-1.png\",\"contentUrl\":\"https:\/\/tuzlainfo.ba\/wp-content\/uploads\/2021\/03\/logo-ver-3-1.png\",\"width\":350,\"height\":95,\"caption\":\"TuzlaInfo.ba\"},\"image\":{\"@id\":\"https:\/\/tuzlainfo.ba\/#\/schema\/logo\/image\/\"},\"sameAs\":[\"https:\/\/www.facebook.com\/tuzlainfo.ba\/\"]},{\"@type\":\"Person\",\"@id\":\"https:\/\/tuzlainfo.ba\/#\/schema\/person\/46cad4c57790cbc50781edd14870825a\",\"name\":\"Tuzla Info\",\"image\":{\"@type\":\"ImageObject\",\"inLanguage\":\"bs-BA\",\"@id\":\"https:\/\/tuzlainfo.ba\/#\/schema\/person\/image\/\",\"url\":\"https:\/\/tuzlainfo.ba\/wp-content\/litespeed\/avatar\/b6c453a6c38e3654f2e4416c643fc25c.jpg?ver=1777051911\",\"contentUrl\":\"https:\/\/tuzlainfo.ba\/wp-content\/litespeed\/avatar\/b6c453a6c38e3654f2e4416c643fc25c.jpg?ver=1777051911\",\"caption\":\"Tuzla Info\"}}]}<\/script>\n<!-- \/ Yoast SEO plugin. -->","yoast_head_json":{"title":"Zimska atrakcija po\u010dela sa radom: U Tuzli ju\u010der otvoreno klizali\u0161te - TuzlaInfo.ba","robots":{"index":"index","follow":"follow","max-snippet":"max-snippet:-1","max-image-preview":"max-image-preview:large","max-video-preview":"max-video-preview:-1"},"canonical":"https:\/\/tuzlainfo.ba\/index.php\/novosti\/item\/155884-zimska-atrakcija-pocela-sa-radom-u-tuzli-jucer-otvoreno-klizaliste\/","og_locale":"bs_BA","og_type":"article","og_title":"Zimska atrakcija po\u010dela sa radom: U Tuzli ju\u010der otvoreno klizali\u0161te - TuzlaInfo.ba","og_description":"Ju\u010der je na kompleksu Panonskih jezera zvani\u010dno otvorena nova sezona klizanja. Klizali\u0161te koje ove godine&hellip;","og_url":"https:\/\/tuzlainfo.ba\/index.php\/novosti\/item\/155884-zimska-atrakcija-pocela-sa-radom-u-tuzli-jucer-otvoreno-klizaliste\/","og_site_name":"TuzlaInfo.ba","article_publisher":"https:\/\/www.facebook.com\/tuzlainfo.ba\/","article_published_time":"2021-11-26T10:30:09+00:00","article_modified_time":"2021-11-26T09:27:11+00:00","og_image":[{"width":1080,"height":608,"url":"https:\/\/tuzlainfo.ba\/wp-content\/uploads\/2021\/11\/inbound7538292769172158833.jpg","type":"image\/jpeg"}],"author":"Tuzla Info","twitter_card":"summary_large_image","twitter_misc":{"Written by":"Tuzla Info"},"schema":{"@context":"https:\/\/schema.org","@graph":[{"@type":"Article","@id":"https:\/\/tuzlainfo.ba\/index.php\/novosti\/item\/155884-zimska-atrakcija-pocela-sa-radom-u-tuzli-jucer-otvoreno-klizaliste\/#article","isPartOf":{"@id":"https:\/\/tuzlainfo.ba\/index.php\/novosti\/item\/155884-zimska-atrakcija-pocela-sa-radom-u-tuzli-jucer-otvoreno-klizaliste\/"},"author":{"name":"Tuzla Info","@id":"https:\/\/tuzlainfo.ba\/#\/schema\/person\/46cad4c57790cbc50781edd14870825a"},"headline":"Zimska atrakcija po\u010dela sa radom: U Tuzli ju\u010der otvoreno klizali\u0161te","datePublished":"2021-11-26T10:30:09+00:00","dateModified":"2021-11-26T09:27:11+00:00","mainEntityOfPage":{"@id":"https:\/\/tuzlainfo.ba\/index.php\/novosti\/item\/155884-zimska-atrakcija-pocela-sa-radom-u-tuzli-jucer-otvoreno-klizaliste\/"},"wordCount":111,"commentCount":0,"publisher":{"@id":"https:\/\/tuzlainfo.ba\/#organization"},"image":{"@id":"https:\/\/tuzlainfo.ba\/index.php\/novosti\/item\/155884-zimska-atrakcija-pocela-sa-radom-u-tuzli-jucer-otvoreno-klizaliste\/#primaryimage"},"thumbnailUrl":"https:\/\/tuzlainfo.ba\/wp-content\/uploads\/2021\/11\/inbound7538292769172158833.jpg","keywords":["JKP Panonika","Klizali\u0161te"],"articleSection":["Istaknuto","Novosti"],"inLanguage":"bs-BA"},{"@type":"WebPage","@id":"https:\/\/tuzlainfo.ba\/index.php\/novosti\/item\/155884-zimska-atrakcija-pocela-sa-radom-u-tuzli-jucer-otvoreno-klizaliste\/","url":"https:\/\/tuzlainfo.ba\/index.php\/novosti\/item\/155884-zimska-atrakcija-pocela-sa-radom-u-tuzli-jucer-otvoreno-klizaliste\/","name":"Zimska atrakcija po\u010dela sa radom: U Tuzli ju\u010der otvoreno klizali\u0161te - TuzlaInfo.ba","isPartOf":{"@id":"https:\/\/tuzlainfo.ba\/#website"},"primaryImageOfPage":{"@id":"https:\/\/tuzlainfo.ba\/index.php\/novosti\/item\/155884-zimska-atrakcija-pocela-sa-radom-u-tuzli-jucer-otvoreno-klizaliste\/#primaryimage"},"image":{"@id":"https:\/\/tuzlainfo.ba\/index.php\/novosti\/item\/155884-zimska-atrakcija-pocela-sa-radom-u-tuzli-jucer-otvoreno-klizaliste\/#primaryimage"},"thumbnailUrl":"https:\/\/tuzlainfo.ba\/wp-content\/uploads\/2021\/11\/inbound7538292769172158833.jpg","datePublished":"2021-11-26T10:30:09+00:00","dateModified":"2021-11-26T09:27:11+00:00","breadcrumb":{"@id":"https:\/\/tuzlainfo.ba\/index.php\/novosti\/item\/155884-zimska-atrakcija-pocela-sa-radom-u-tuzli-jucer-otvoreno-klizaliste\/#breadcrumb"},"inLanguage":"bs-BA","potentialAction":[{"@type":"ReadAction","target":["https:\/\/tuzlainfo.ba\/index.php\/novosti\/item\/155884-zimska-atrakcija-pocela-sa-radom-u-tuzli-jucer-otvoreno-klizaliste\/"]}]},{"@type":"ImageObject","inLanguage":"bs-BA","@id":"https:\/\/tuzlainfo.ba\/index.php\/novosti\/item\/155884-zimska-atrakcija-pocela-sa-radom-u-tuzli-jucer-otvoreno-klizaliste\/#primaryimage","url":"https:\/\/tuzlainfo.ba\/wp-content\/uploads\/2021\/11\/inbound7538292769172158833.jpg","contentUrl":"https:\/\/tuzlainfo.ba\/wp-content\/uploads\/2021\/11\/inbound7538292769172158833.jpg","width":1080,"height":608},{"@type":"BreadcrumbList","@id":"https:\/\/tuzlainfo.ba\/index.php\/novosti\/item\/155884-zimska-atrakcija-pocela-sa-radom-u-tuzli-jucer-otvoreno-klizaliste\/#breadcrumb","itemListElement":[{"@type":"ListItem","position":1,"name":"Home","item":"https:\/\/tuzlainfo.ba\/"},{"@type":"ListItem","position":2,"name":"Zimska atrakcija po\u010dela sa radom: U Tuzli ju\u010der otvoreno klizali\u0161te"}]},{"@type":"WebSite","@id":"https:\/\/tuzlainfo.ba\/#website","url":"https:\/\/tuzlainfo.ba\/","name":"TuzlaInfo.ba","description":"Tuzla info, gradski informator - Tuzla na dlanu","publisher":{"@id":"https:\/\/tuzlainfo.ba\/#organization"},"potentialAction":[{"@type":"SearchAction","target":{"@type":"EntryPoint","urlTemplate":"https:\/\/tuzlainfo.ba\/?s={search_term_string}"},"query-input":{"@type":"PropertyValueSpecification","valueRequired":true,"valueName":"search_term_string"}}],"inLanguage":"bs-BA"},{"@type":"Organization","@id":"https:\/\/tuzlainfo.ba\/#organization","name":"TuzlaInfo.ba","url":"https:\/\/tuzlainfo.ba\/","logo":{"@type":"ImageObject","inLanguage":"bs-BA","@id":"https:\/\/tuzlainfo.ba\/#\/schema\/logo\/image\/","url":"https:\/\/tuzlainfo.ba\/wp-content\/uploads\/2021\/03\/logo-ver-3-1.png","contentUrl":"https:\/\/tuzlainfo.ba\/wp-content\/uploads\/2021\/03\/logo-ver-3-1.png","width":350,"height":95,"caption":"TuzlaInfo.ba"},"image":{"@id":"https:\/\/tuzlainfo.ba\/#\/schema\/logo\/image\/"},"sameAs":["https:\/\/www.facebook.com\/tuzlainfo.ba\/"]},{"@type":"Person","@id":"https:\/\/tuzlainfo.ba\/#\/schema\/person\/46cad4c57790cbc50781edd14870825a","name":"Tuzla Info","image":{"@type":"ImageObject","inLanguage":"bs-BA","@id":"https:\/\/tuzlainfo.ba\/#\/schema\/person\/image\/","url":"https:\/\/tuzlainfo.ba\/wp-content\/litespeed\/avatar\/b6c453a6c38e3654f2e4416c643fc25c.jpg?ver=1777051911","contentUrl":"https:\/\/tuzlainfo.ba\/wp-content\/litespeed\/avatar\/b6c453a6c38e3654f2e4416c643fc25c.jpg?ver=1777051911","caption":"Tuzla Info"}}]}},"_links":{"self":[{"href":"https:\/\/tuzlainfo.ba\/index.php\/wp-json\/wp\/v2\/posts\/155884"}],"collection":[{"href":"https:\/\/tuzlainfo.ba\/index.php\/wp-json\/wp\/v2\/posts"}],"about":[{"href":"https:\/\/tuzlainfo.ba\/index.php\/wp-json\/wp\/v2\/types\/post"}],"author":[{"embeddable":true,"href":"https:\/\/tuzlainfo.ba\/index.php\/wp-json\/wp\/v2\/users\/4"}],"replies":[{"embeddable":true,"href":"https:\/\/tuzlainfo.ba\/index.php\/wp-json\/wp\/v2\/comments?post=155884"}],"version-history":[{"count":0,"href":"https:\/\/tuzlainfo.ba\/index.php\/wp-json\/wp\/v2\/posts\/155884\/revisions"}],"wp:featuredmedia":[{"embeddable":true,"href":"https:\/\/tuzlainfo.ba\/index.php\/wp-json\/wp\/v2\/media\/155889"}],"wp:attachment":[{"href":"https:\/\/tuzlainfo.ba\/index.php\/wp-json\/wp\/v2\/media?parent=155884"}],"wp:term":[{"taxonomy":"category","embeddable":true,"href":"https:\/\/tuzlainfo.ba\/index.php\/wp-json\/wp\/v2\/categories?post=155884"},{"taxonomy":"post_tag","embeddable":true,"href":"https:\/\/tuzlainfo.ba\/index.php\/wp-json\/wp\/v2\/tags?post=155884"}],"curies":[{"name":"wp","href":"https:\/\/api.w.org\/{rel}","templated":true}]}}