{"id":155678,"date":"2021-11-24T17:38:18","date_gmt":"2021-11-24T16:38:18","guid":{"rendered":"https:\/\/tuzlainfo.ba\/?p=155678"},"modified":"2021-11-24T17:38:42","modified_gmt":"2021-11-24T16:38:42","slug":"andelija-zaliha-uglja-ima-samo-za-10-dana-sutra-se-gasimo-dva-bloka-u-te-tuzl","status":"publish","type":"post","link":"https:\/\/tuzlainfo.ba\/index.php\/bosna-i-hercegovina\/item\/155678-andelija-zaliha-uglja-ima-samo-za-10-dana-sutra-se-gasimo-dva-bloka-u-te-tuzl\/","title":{"rendered":"Andelija: Zaliha uglja ima samo za 10 dana, sutra gasimo dva bloka u TE Tuzla"},"content":{"rendered":"<p>Zbog prestanka proizvodnje uglja u rudnicima koji se nalaze u koncernu Elektroprivrede Bosne i Hercegovine od sutra se gase dva bloka u Termoelektrani Tuzla. Admir Andelija, generalni direktor Elektroprivrede Bosnei Hercegovine kazao je kako \u0107e raditi samo jedan kotao Bloka 3 TE Tuzla kako bi se osigurala toplotna energija za Tuzlu i Lukavac. U TE Kakanj ima zaliha uglja za samo 10 dana. Nakon toga, upozorio je Andelija, isporuka elektri\u010dne energije bit \u0107e ugro\u017eena.<\/p>\n<p>Andelija je rekao kako je isporuka elektri\u010dne energije ve\u0107 mjesecima ugro\u017eena jer je smanjena proizvodnja uglja. Ali, kazao je kako se nada da ne\u0107e biti redukcija struje.<\/p>\n<p>\u201cMi od jula imamo eskalaciju problema kada je u pitanju proizvodnja elektri\u010dne energije u TE Tuzla. Rudnik Kreka je proizveo pola tone manje uglja. To je stra\u0161an balast kada je u pitanju bilans. Poku\u0161ali smo dio osigurati kroz nabakvu od rudnika Stanari \u010dime smo spasili sezonu grijanja. Stanje depoa u TE Tuzla je kriti\u010dno. Depo mrkog uglja za Blok 6 je prazan i proizvodi ono \u0161to do\u0111e iz RMU Banovi\u0107i koji nije u \u0161trajku. To se ne mo\u017ee vi\u0161e tako ni tehni\u010dki ni sigurnosno voditi. Tako da je odluka da se Blok 6 stavlja van proizvodnje. Zbog stanja lignita, Blok 4 ide van snage. Aktivira se samo jedan kotao Bloka 3 da se osigura grijanje Tuzli i Lukavcu. Tako \u0107e biti dok se ne osigraju potrebne koli\u010dine uglja\u201d, rekao je Andelija.<\/p>\n<p>Naveo je kako je u TE Kakanj bolja situacija jer rade tri bloka za proizvodnju struje, ali da to zahtjeva ve\u0107u potro\u0161nju uglja. Zaliha im samo za 10 dana.<\/p>\n<p>To je razlog zbog kojeg rudnici trebaju \u0161to prije po\u010deti s proizvodnjom uglja. Dobio sam informaciju da \u0107e sindikati pristati na nastavak razgovora. O\u010dekujem da \u0107e proiza\u0107i nastavak proizvodnje. Nikome ne odgovara takvo stanje\u201d, rekao je Andelija.<\/p>\n<p>\u010cestitao je rudarima na odluci da prekinu proteste u Sarajevu i nastave u rudnicima.<\/p>\n<p>&nbsp;<\/p>\n<p>\u201cProbleme trebamo rje\u0161avati u na\u0161im ku\u0107ama i mislim da \u0107emo ih uspjeti rije\u0161iti\u201d, kazao je.<\/p>\n<p>&nbsp;<\/p>\n<p>Upozorio je da Elektroprivreda BiH ne mo\u017ee sama nositi teret reorganizacije i rada rudnika, kao \u0161to je to do sada bilo te da ne\u0107e dozvoliti da EPBiH bude jedina koja ispa\u0161ta. Kazao je i to da \u0107e ako budu primorani da sami snose tro\u0161kove, tra\u017eiti korekciju cijene elektri\u010dne energije.<\/p>\n<p>Dugovi se gomilaju, a odgovornost za to, rekao je, snose svi \u2013 i EP i rudnici.<\/p>\n<p>\u201cOdlu\u010dni smo da to tako vi\u0161e ne mo\u017ee. Rudnici moraju pla\u0107ati poreze i doprinose\u201d, rekao je Andelija.<\/p>\n<p>Dodao je kako su stanovi\u0161ta da se plata ispla\u0107uje onako i onoliko koliko se zaradi. Istakao je kako imaju problem s proizvodnim radnicima jer ih je manjak. Dosta ih je oti\u0161lo van BiH. Kazao je kako ovim radnicima ne\u0107e biti smanjena niti jednu marku. S druge strane, administrativni radnici ne \u017eele da se, kako ka\u017ee, pomaknu s mjesta i planiraju ostati tu dok rudnici ne propadnu, prenosi N1.<\/p>\n","protected":false},"excerpt":{"rendered":"<p>Zbog prestanka proizvodnje uglja u rudnicima koji se nalaze u koncernu Elektroprivrede Bosne i Hercegovine&hellip;<\/p>\n","protected":false},"author":4,"featured_media":155679,"comment_status":"open","ping_status":"closed","sticky":false,"template":"","format":"standard","meta":{"_acf_changed":false,"footnotes":""},"categories":[291,304],"tags":[3148,1108],"acf":[],"yoast_head":"<!-- This site is optimized with the Yoast SEO plugin v23.5 - https:\/\/yoast.com\/wordpress\/plugins\/seo\/ -->\n<title>Andelija: Zaliha uglja ima samo za 10 dana, sutra gasimo dva bloka u TE Tuzla - TuzlaInfo.ba<\/title>\n<meta name=\"robots\" content=\"index, follow, max-snippet:-1, max-image-preview:large, max-video-preview:-1\" \/>\n<link rel=\"canonical\" href=\"https:\/\/tuzlainfo.ba\/index.php\/bosna-i-hercegovina\/item\/155678-andelija-zaliha-uglja-ima-samo-za-10-dana-sutra-se-gasimo-dva-bloka-u-te-tuzl\/\" \/>\n<meta property=\"og:locale\" content=\"bs_BA\" \/>\n<meta property=\"og:type\" content=\"article\" \/>\n<meta property=\"og:title\" content=\"Andelija: Zaliha uglja ima samo za 10 dana, sutra gasimo dva bloka u TE Tuzla - TuzlaInfo.ba\" \/>\n<meta property=\"og:description\" content=\"Zbog prestanka proizvodnje uglja u rudnicima koji se nalaze u koncernu Elektroprivrede Bosne i Hercegovine&hellip;\" \/>\n<meta property=\"og:url\" content=\"https:\/\/tuzlainfo.ba\/index.php\/bosna-i-hercegovina\/item\/155678-andelija-zaliha-uglja-ima-samo-za-10-dana-sutra-se-gasimo-dva-bloka-u-te-tuzl\/\" \/>\n<meta property=\"og:site_name\" content=\"TuzlaInfo.ba\" \/>\n<meta property=\"article:publisher\" content=\"https:\/\/www.facebook.com\/tuzlainfo.ba\/\" \/>\n<meta property=\"article:published_time\" content=\"2021-11-24T16:38:18+00:00\" \/>\n<meta property=\"article:modified_time\" content=\"2021-11-24T16:38:42+00:00\" \/>\n<meta property=\"og:image\" content=\"https:\/\/tuzlainfo.ba\/wp-content\/uploads\/2021\/11\/inbound1482235509536714572.jpg\" \/>\n\t<meta property=\"og:image:width\" content=\"884\" \/>\n\t<meta property=\"og:image:height\" content=\"643\" \/>\n\t<meta property=\"og:image:type\" content=\"image\/jpeg\" \/>\n<meta name=\"author\" content=\"Tuzla Info\" \/>\n<meta name=\"twitter:card\" content=\"summary_large_image\" \/>\n<meta name=\"twitter:label1\" content=\"Written by\" \/>\n\t<meta name=\"twitter:data1\" content=\"Tuzla Info\" \/>\n\t<meta name=\"twitter:label2\" content=\"Est. reading time\" \/>\n\t<meta name=\"twitter:data2\" content=\"3 minute\" \/>\n<script type=\"application\/ld+json\" class=\"yoast-schema-graph\">{\"@context\":\"https:\/\/schema.org\",\"@graph\":[{\"@type\":\"Article\",\"@id\":\"https:\/\/tuzlainfo.ba\/index.php\/bosna-i-hercegovina\/item\/155678-andelija-zaliha-uglja-ima-samo-za-10-dana-sutra-se-gasimo-dva-bloka-u-te-tuzl\/#article\",\"isPartOf\":{\"@id\":\"https:\/\/tuzlainfo.ba\/index.php\/bosna-i-hercegovina\/item\/155678-andelija-zaliha-uglja-ima-samo-za-10-dana-sutra-se-gasimo-dva-bloka-u-te-tuzl\/\"},\"author\":{\"name\":\"Tuzla Info\",\"@id\":\"https:\/\/tuzlainfo.ba\/#\/schema\/person\/46cad4c57790cbc50781edd14870825a\"},\"headline\":\"Andelija: Zaliha uglja ima samo za 10 dana, sutra gasimo dva bloka u TE Tuzla\",\"datePublished\":\"2021-11-24T16:38:18+00:00\",\"dateModified\":\"2021-11-24T16:38:42+00:00\",\"mainEntityOfPage\":{\"@id\":\"https:\/\/tuzlainfo.ba\/index.php\/bosna-i-hercegovina\/item\/155678-andelija-zaliha-uglja-ima-samo-za-10-dana-sutra-se-gasimo-dva-bloka-u-te-tuzl\/\"},\"wordCount\":524,\"commentCount\":0,\"publisher\":{\"@id\":\"https:\/\/tuzlainfo.ba\/#organization\"},\"image\":{\"@id\":\"https:\/\/tuzlainfo.ba\/index.php\/bosna-i-hercegovina\/item\/155678-andelija-zaliha-uglja-ima-samo-za-10-dana-sutra-se-gasimo-dva-bloka-u-te-tuzl\/#primaryimage\"},\"thumbnailUrl\":\"https:\/\/tuzlainfo.ba\/wp-content\/uploads\/2021\/11\/inbound1482235509536714572.jpg\",\"keywords\":[\"Admir Andelija\",\"Elektroprivreda BiH\"],\"articleSection\":[\"Bosna i Hercegovina\",\"Istaknuto\"],\"inLanguage\":\"bs-BA\"},{\"@type\":\"WebPage\",\"@id\":\"https:\/\/tuzlainfo.ba\/index.php\/bosna-i-hercegovina\/item\/155678-andelija-zaliha-uglja-ima-samo-za-10-dana-sutra-se-gasimo-dva-bloka-u-te-tuzl\/\",\"url\":\"https:\/\/tuzlainfo.ba\/index.php\/bosna-i-hercegovina\/item\/155678-andelija-zaliha-uglja-ima-samo-za-10-dana-sutra-se-gasimo-dva-bloka-u-te-tuzl\/\",\"name\":\"Andelija: Zaliha uglja ima samo za 10 dana, sutra gasimo dva bloka u TE Tuzla - TuzlaInfo.ba\",\"isPartOf\":{\"@id\":\"https:\/\/tuzlainfo.ba\/#website\"},\"primaryImageOfPage\":{\"@id\":\"https:\/\/tuzlainfo.ba\/index.php\/bosna-i-hercegovina\/item\/155678-andelija-zaliha-uglja-ima-samo-za-10-dana-sutra-se-gasimo-dva-bloka-u-te-tuzl\/#primaryimage\"},\"image\":{\"@id\":\"https:\/\/tuzlainfo.ba\/index.php\/bosna-i-hercegovina\/item\/155678-andelija-zaliha-uglja-ima-samo-za-10-dana-sutra-se-gasimo-dva-bloka-u-te-tuzl\/#primaryimage\"},\"thumbnailUrl\":\"https:\/\/tuzlainfo.ba\/wp-content\/uploads\/2021\/11\/inbound1482235509536714572.jpg\",\"datePublished\":\"2021-11-24T16:38:18+00:00\",\"dateModified\":\"2021-11-24T16:38:42+00:00\",\"breadcrumb\":{\"@id\":\"https:\/\/tuzlainfo.ba\/index.php\/bosna-i-hercegovina\/item\/155678-andelija-zaliha-uglja-ima-samo-za-10-dana-sutra-se-gasimo-dva-bloka-u-te-tuzl\/#breadcrumb\"},\"inLanguage\":\"bs-BA\",\"potentialAction\":[{\"@type\":\"ReadAction\",\"target\":[\"https:\/\/tuzlainfo.ba\/index.php\/bosna-i-hercegovina\/item\/155678-andelija-zaliha-uglja-ima-samo-za-10-dana-sutra-se-gasimo-dva-bloka-u-te-tuzl\/\"]}]},{\"@type\":\"ImageObject\",\"inLanguage\":\"bs-BA\",\"@id\":\"https:\/\/tuzlainfo.ba\/index.php\/bosna-i-hercegovina\/item\/155678-andelija-zaliha-uglja-ima-samo-za-10-dana-sutra-se-gasimo-dva-bloka-u-te-tuzl\/#primaryimage\",\"url\":\"https:\/\/tuzlainfo.ba\/wp-content\/uploads\/2021\/11\/inbound1482235509536714572.jpg\",\"contentUrl\":\"https:\/\/tuzlainfo.ba\/wp-content\/uploads\/2021\/11\/inbound1482235509536714572.jpg\",\"width\":884,\"height\":643},{\"@type\":\"BreadcrumbList\",\"@id\":\"https:\/\/tuzlainfo.ba\/index.php\/bosna-i-hercegovina\/item\/155678-andelija-zaliha-uglja-ima-samo-za-10-dana-sutra-se-gasimo-dva-bloka-u-te-tuzl\/#breadcrumb\",\"itemListElement\":[{\"@type\":\"ListItem\",\"position\":1,\"name\":\"Home\",\"item\":\"https:\/\/tuzlainfo.ba\/\"},{\"@type\":\"ListItem\",\"position\":2,\"name\":\"Andelija: Zaliha uglja ima samo za 10 dana, sutra gasimo dva bloka u TE Tuzla\"}]},{\"@type\":\"WebSite\",\"@id\":\"https:\/\/tuzlainfo.ba\/#website\",\"url\":\"https:\/\/tuzlainfo.ba\/\",\"name\":\"TuzlaInfo.ba\",\"description\":\"Tuzla info, gradski informator - Tuzla na dlanu\",\"publisher\":{\"@id\":\"https:\/\/tuzlainfo.ba\/#organization\"},\"potentialAction\":[{\"@type\":\"SearchAction\",\"target\":{\"@type\":\"EntryPoint\",\"urlTemplate\":\"https:\/\/tuzlainfo.ba\/?s={search_term_string}\"},\"query-input\":{\"@type\":\"PropertyValueSpecification\",\"valueRequired\":true,\"valueName\":\"search_term_string\"}}],\"inLanguage\":\"bs-BA\"},{\"@type\":\"Organization\",\"@id\":\"https:\/\/tuzlainfo.ba\/#organization\",\"name\":\"TuzlaInfo.ba\",\"url\":\"https:\/\/tuzlainfo.ba\/\",\"logo\":{\"@type\":\"ImageObject\",\"inLanguage\":\"bs-BA\",\"@id\":\"https:\/\/tuzlainfo.ba\/#\/schema\/logo\/image\/\",\"url\":\"https:\/\/tuzlainfo.ba\/wp-content\/uploads\/2021\/03\/logo-ver-3-1.png\",\"contentUrl\":\"https:\/\/tuzlainfo.ba\/wp-content\/uploads\/2021\/03\/logo-ver-3-1.png\",\"width\":350,\"height\":95,\"caption\":\"TuzlaInfo.ba\"},\"image\":{\"@id\":\"https:\/\/tuzlainfo.ba\/#\/schema\/logo\/image\/\"},\"sameAs\":[\"https:\/\/www.facebook.com\/tuzlainfo.ba\/\"]},{\"@type\":\"Person\",\"@id\":\"https:\/\/tuzlainfo.ba\/#\/schema\/person\/46cad4c57790cbc50781edd14870825a\",\"name\":\"Tuzla Info\",\"image\":{\"@type\":\"ImageObject\",\"inLanguage\":\"bs-BA\",\"@id\":\"https:\/\/tuzlainfo.ba\/#\/schema\/person\/image\/\",\"url\":\"https:\/\/tuzlainfo.ba\/wp-content\/litespeed\/avatar\/b6c453a6c38e3654f2e4416c643fc25c.jpg?ver=1777051911\",\"contentUrl\":\"https:\/\/tuzlainfo.ba\/wp-content\/litespeed\/avatar\/b6c453a6c38e3654f2e4416c643fc25c.jpg?ver=1777051911\",\"caption\":\"Tuzla Info\"}}]}<\/script>\n<!-- \/ Yoast SEO plugin. -->","yoast_head_json":{"title":"Andelija: Zaliha uglja ima samo za 10 dana, sutra gasimo dva bloka u TE Tuzla - TuzlaInfo.ba","robots":{"index":"index","follow":"follow","max-snippet":"max-snippet:-1","max-image-preview":"max-image-preview:large","max-video-preview":"max-video-preview:-1"},"canonical":"https:\/\/tuzlainfo.ba\/index.php\/bosna-i-hercegovina\/item\/155678-andelija-zaliha-uglja-ima-samo-za-10-dana-sutra-se-gasimo-dva-bloka-u-te-tuzl\/","og_locale":"bs_BA","og_type":"article","og_title":"Andelija: Zaliha uglja ima samo za 10 dana, sutra gasimo dva bloka u TE Tuzla - TuzlaInfo.ba","og_description":"Zbog prestanka proizvodnje uglja u rudnicima koji se nalaze u koncernu Elektroprivrede Bosne i Hercegovine&hellip;","og_url":"https:\/\/tuzlainfo.ba\/index.php\/bosna-i-hercegovina\/item\/155678-andelija-zaliha-uglja-ima-samo-za-10-dana-sutra-se-gasimo-dva-bloka-u-te-tuzl\/","og_site_name":"TuzlaInfo.ba","article_publisher":"https:\/\/www.facebook.com\/tuzlainfo.ba\/","article_published_time":"2021-11-24T16:38:18+00:00","article_modified_time":"2021-11-24T16:38:42+00:00","og_image":[{"width":884,"height":643,"url":"https:\/\/tuzlainfo.ba\/wp-content\/uploads\/2021\/11\/inbound1482235509536714572.jpg","type":"image\/jpeg"}],"author":"Tuzla Info","twitter_card":"summary_large_image","twitter_misc":{"Written by":"Tuzla Info","Est. reading time":"3 minute"},"schema":{"@context":"https:\/\/schema.org","@graph":[{"@type":"Article","@id":"https:\/\/tuzlainfo.ba\/index.php\/bosna-i-hercegovina\/item\/155678-andelija-zaliha-uglja-ima-samo-za-10-dana-sutra-se-gasimo-dva-bloka-u-te-tuzl\/#article","isPartOf":{"@id":"https:\/\/tuzlainfo.ba\/index.php\/bosna-i-hercegovina\/item\/155678-andelija-zaliha-uglja-ima-samo-za-10-dana-sutra-se-gasimo-dva-bloka-u-te-tuzl\/"},"author":{"name":"Tuzla Info","@id":"https:\/\/tuzlainfo.ba\/#\/schema\/person\/46cad4c57790cbc50781edd14870825a"},"headline":"Andelija: Zaliha uglja ima samo za 10 dana, sutra gasimo dva bloka u TE Tuzla","datePublished":"2021-11-24T16:38:18+00:00","dateModified":"2021-11-24T16:38:42+00:00","mainEntityOfPage":{"@id":"https:\/\/tuzlainfo.ba\/index.php\/bosna-i-hercegovina\/item\/155678-andelija-zaliha-uglja-ima-samo-za-10-dana-sutra-se-gasimo-dva-bloka-u-te-tuzl\/"},"wordCount":524,"commentCount":0,"publisher":{"@id":"https:\/\/tuzlainfo.ba\/#organization"},"image":{"@id":"https:\/\/tuzlainfo.ba\/index.php\/bosna-i-hercegovina\/item\/155678-andelija-zaliha-uglja-ima-samo-za-10-dana-sutra-se-gasimo-dva-bloka-u-te-tuzl\/#primaryimage"},"thumbnailUrl":"https:\/\/tuzlainfo.ba\/wp-content\/uploads\/2021\/11\/inbound1482235509536714572.jpg","keywords":["Admir Andelija","Elektroprivreda BiH"],"articleSection":["Bosna i Hercegovina","Istaknuto"],"inLanguage":"bs-BA"},{"@type":"WebPage","@id":"https:\/\/tuzlainfo.ba\/index.php\/bosna-i-hercegovina\/item\/155678-andelija-zaliha-uglja-ima-samo-za-10-dana-sutra-se-gasimo-dva-bloka-u-te-tuzl\/","url":"https:\/\/tuzlainfo.ba\/index.php\/bosna-i-hercegovina\/item\/155678-andelija-zaliha-uglja-ima-samo-za-10-dana-sutra-se-gasimo-dva-bloka-u-te-tuzl\/","name":"Andelija: Zaliha uglja ima samo za 10 dana, sutra gasimo dva bloka u TE Tuzla - TuzlaInfo.ba","isPartOf":{"@id":"https:\/\/tuzlainfo.ba\/#website"},"primaryImageOfPage":{"@id":"https:\/\/tuzlainfo.ba\/index.php\/bosna-i-hercegovina\/item\/155678-andelija-zaliha-uglja-ima-samo-za-10-dana-sutra-se-gasimo-dva-bloka-u-te-tuzl\/#primaryimage"},"image":{"@id":"https:\/\/tuzlainfo.ba\/index.php\/bosna-i-hercegovina\/item\/155678-andelija-zaliha-uglja-ima-samo-za-10-dana-sutra-se-gasimo-dva-bloka-u-te-tuzl\/#primaryimage"},"thumbnailUrl":"https:\/\/tuzlainfo.ba\/wp-content\/uploads\/2021\/11\/inbound1482235509536714572.jpg","datePublished":"2021-11-24T16:38:18+00:00","dateModified":"2021-11-24T16:38:42+00:00","breadcrumb":{"@id":"https:\/\/tuzlainfo.ba\/index.php\/bosna-i-hercegovina\/item\/155678-andelija-zaliha-uglja-ima-samo-za-10-dana-sutra-se-gasimo-dva-bloka-u-te-tuzl\/#breadcrumb"},"inLanguage":"bs-BA","potentialAction":[{"@type":"ReadAction","target":["https:\/\/tuzlainfo.ba\/index.php\/bosna-i-hercegovina\/item\/155678-andelija-zaliha-uglja-ima-samo-za-10-dana-sutra-se-gasimo-dva-bloka-u-te-tuzl\/"]}]},{"@type":"ImageObject","inLanguage":"bs-BA","@id":"https:\/\/tuzlainfo.ba\/index.php\/bosna-i-hercegovina\/item\/155678-andelija-zaliha-uglja-ima-samo-za-10-dana-sutra-se-gasimo-dva-bloka-u-te-tuzl\/#primaryimage","url":"https:\/\/tuzlainfo.ba\/wp-content\/uploads\/2021\/11\/inbound1482235509536714572.jpg","contentUrl":"https:\/\/tuzlainfo.ba\/wp-content\/uploads\/2021\/11\/inbound1482235509536714572.jpg","width":884,"height":643},{"@type":"BreadcrumbList","@id":"https:\/\/tuzlainfo.ba\/index.php\/bosna-i-hercegovina\/item\/155678-andelija-zaliha-uglja-ima-samo-za-10-dana-sutra-se-gasimo-dva-bloka-u-te-tuzl\/#breadcrumb","itemListElement":[{"@type":"ListItem","position":1,"name":"Home","item":"https:\/\/tuzlainfo.ba\/"},{"@type":"ListItem","position":2,"name":"Andelija: Zaliha uglja ima samo za 10 dana, sutra gasimo dva bloka u TE Tuzla"}]},{"@type":"WebSite","@id":"https:\/\/tuzlainfo.ba\/#website","url":"https:\/\/tuzlainfo.ba\/","name":"TuzlaInfo.ba","description":"Tuzla info, gradski informator - Tuzla na dlanu","publisher":{"@id":"https:\/\/tuzlainfo.ba\/#organization"},"potentialAction":[{"@type":"SearchAction","target":{"@type":"EntryPoint","urlTemplate":"https:\/\/tuzlainfo.ba\/?s={search_term_string}"},"query-input":{"@type":"PropertyValueSpecification","valueRequired":true,"valueName":"search_term_string"}}],"inLanguage":"bs-BA"},{"@type":"Organization","@id":"https:\/\/tuzlainfo.ba\/#organization","name":"TuzlaInfo.ba","url":"https:\/\/tuzlainfo.ba\/","logo":{"@type":"ImageObject","inLanguage":"bs-BA","@id":"https:\/\/tuzlainfo.ba\/#\/schema\/logo\/image\/","url":"https:\/\/tuzlainfo.ba\/wp-content\/uploads\/2021\/03\/logo-ver-3-1.png","contentUrl":"https:\/\/tuzlainfo.ba\/wp-content\/uploads\/2021\/03\/logo-ver-3-1.png","width":350,"height":95,"caption":"TuzlaInfo.ba"},"image":{"@id":"https:\/\/tuzlainfo.ba\/#\/schema\/logo\/image\/"},"sameAs":["https:\/\/www.facebook.com\/tuzlainfo.ba\/"]},{"@type":"Person","@id":"https:\/\/tuzlainfo.ba\/#\/schema\/person\/46cad4c57790cbc50781edd14870825a","name":"Tuzla Info","image":{"@type":"ImageObject","inLanguage":"bs-BA","@id":"https:\/\/tuzlainfo.ba\/#\/schema\/person\/image\/","url":"https:\/\/tuzlainfo.ba\/wp-content\/litespeed\/avatar\/b6c453a6c38e3654f2e4416c643fc25c.jpg?ver=1777051911","contentUrl":"https:\/\/tuzlainfo.ba\/wp-content\/litespeed\/avatar\/b6c453a6c38e3654f2e4416c643fc25c.jpg?ver=1777051911","caption":"Tuzla Info"}}]}},"_links":{"self":[{"href":"https:\/\/tuzlainfo.ba\/index.php\/wp-json\/wp\/v2\/posts\/155678"}],"collection":[{"href":"https:\/\/tuzlainfo.ba\/index.php\/wp-json\/wp\/v2\/posts"}],"about":[{"href":"https:\/\/tuzlainfo.ba\/index.php\/wp-json\/wp\/v2\/types\/post"}],"author":[{"embeddable":true,"href":"https:\/\/tuzlainfo.ba\/index.php\/wp-json\/wp\/v2\/users\/4"}],"replies":[{"embeddable":true,"href":"https:\/\/tuzlainfo.ba\/index.php\/wp-json\/wp\/v2\/comments?post=155678"}],"version-history":[{"count":0,"href":"https:\/\/tuzlainfo.ba\/index.php\/wp-json\/wp\/v2\/posts\/155678\/revisions"}],"wp:featuredmedia":[{"embeddable":true,"href":"https:\/\/tuzlainfo.ba\/index.php\/wp-json\/wp\/v2\/media\/155679"}],"wp:attachment":[{"href":"https:\/\/tuzlainfo.ba\/index.php\/wp-json\/wp\/v2\/media?parent=155678"}],"wp:term":[{"taxonomy":"category","embeddable":true,"href":"https:\/\/tuzlainfo.ba\/index.php\/wp-json\/wp\/v2\/categories?post=155678"},{"taxonomy":"post_tag","embeddable":true,"href":"https:\/\/tuzlainfo.ba\/index.php\/wp-json\/wp\/v2\/tags?post=155678"}],"curies":[{"name":"wp","href":"https:\/\/api.w.org\/{rel}","templated":true}]}}