{"id":155575,"date":"2021-11-24T11:07:13","date_gmt":"2021-11-24T10:07:13","guid":{"rendered":"https:\/\/tuzlainfo.ba\/?p=155575"},"modified":"2021-11-24T11:07:13","modified_gmt":"2021-11-24T10:07:13","slug":"andelija-imamo-problem-u-te-tuzla-ako-iskljucimo-blok-6-grad-ce-ostati-bez-struje","status":"publish","type":"post","link":"https:\/\/tuzlainfo.ba\/index.php\/novosti\/item\/155575-andelija-imamo-problem-u-te-tuzla-ako-iskljucimo-blok-6-grad-ce-ostati-bez-struje\/","title":{"rendered":"Andelija: Imamo problem u TE Tuzla, ako isklju\u010dimo Blok 6 grad \u0107e ostati bez struje"},"content":{"rendered":"<p>Tuzla bi mogla ostati bez elektri\u010dne energije zbog trenutne situacije sa obustavom proizvodnje u rudniku Kreka, poru\u010deno je jutros na press konferenciji nakon sastanka u Vladi FBiH.<\/p>\n<p>Ovo je kazao direktor Elektroprivrede BiH, Admir Andelija koji je kazao da bi Tuzla bez elektri\u010dne energije mogla ostati ve\u0107 danas ukoliko se iz proizvodnje isklju\u010di i Blok 6.<\/p>\n<p>&#8220;Imamo stra\u0161an problem u Termoelektrani Tuzla. Kreka je za prvih deset mjeseci ove godine isporu\u010dila pola miliona tona manje uglja. Iz pogona smo morali izbaciti Blok 5, imamo Blok 6 koji radi proto\u010dno, ono \u0161to do\u0111e odmah se spali. Ukoliko se nastavi ovo bit \u0107emo prisiljeni izbaciti Blok 6 iz proizvodnje i do\u0107i \u0107emo u deficit sa elektri\u010dnom energijom, a to se mo\u017ee desiti ubrzo&#8221; &#8211; kazao je jutros na press konferenciji direktor EP BiH, Admir Andelija.<\/p>\n<p>Podsje\u0107amo, rudari koji od ju\u010der protestuju ispred Vlade Federacije obustavili su proizvodnju u rudnicima, a s obzirom da su ju\u010der iz Sindikata rudara kazali da \u0107e dio rudara oti\u0107i ku\u0107i kako bi mogli i\u0107i na posao, postoji mogu\u0107nost da \u0107e proizvodnja biti nastavljena, ali to \u0107emo znati tek tokom dana. \/A.B.\/<\/p>\n<p>&nbsp;<\/p>\n","protected":false},"excerpt":{"rendered":"<p>Tuzla bi mogla ostati bez elektri\u010dne energije zbog trenutne situacije sa obustavom proizvodnje u rudniku&hellip;<\/p>\n","protected":false},"author":4,"featured_media":155576,"comment_status":"open","ping_status":"closed","sticky":false,"template":"","format":"standard","meta":{"_acf_changed":false,"footnotes":""},"categories":[304,12],"tags":[3148,2148,943],"acf":[],"yoast_head":"<!-- This site is optimized with the Yoast SEO plugin v23.5 - https:\/\/yoast.com\/wordpress\/plugins\/seo\/ -->\n<title>Andelija: Imamo problem u TE Tuzla, ako isklju\u010dimo Blok 6 grad \u0107e ostati bez struje - TuzlaInfo.ba<\/title>\n<meta name=\"robots\" content=\"index, follow, max-snippet:-1, max-image-preview:large, max-video-preview:-1\" \/>\n<link rel=\"canonical\" href=\"https:\/\/tuzlainfo.ba\/index.php\/novosti\/item\/155575-andelija-imamo-problem-u-te-tuzla-ako-iskljucimo-blok-6-grad-ce-ostati-bez-struje\/\" \/>\n<meta property=\"og:locale\" content=\"bs_BA\" \/>\n<meta property=\"og:type\" content=\"article\" \/>\n<meta property=\"og:title\" content=\"Andelija: Imamo problem u TE Tuzla, ako isklju\u010dimo Blok 6 grad \u0107e ostati bez struje - TuzlaInfo.ba\" \/>\n<meta property=\"og:description\" content=\"Tuzla bi mogla ostati bez elektri\u010dne energije zbog trenutne situacije sa obustavom proizvodnje u rudniku&hellip;\" \/>\n<meta property=\"og:url\" content=\"https:\/\/tuzlainfo.ba\/index.php\/novosti\/item\/155575-andelija-imamo-problem-u-te-tuzla-ako-iskljucimo-blok-6-grad-ce-ostati-bez-struje\/\" \/>\n<meta property=\"og:site_name\" content=\"TuzlaInfo.ba\" \/>\n<meta property=\"article:publisher\" content=\"https:\/\/www.facebook.com\/tuzlainfo.ba\/\" \/>\n<meta property=\"article:published_time\" content=\"2021-11-24T10:07:13+00:00\" \/>\n<meta property=\"og:image\" content=\"https:\/\/tuzlainfo.ba\/wp-content\/uploads\/2021\/11\/inbound4422618978185319238.jpg\" \/>\n\t<meta property=\"og:image:width\" content=\"750\" \/>\n\t<meta property=\"og:image:height\" content=\"465\" \/>\n\t<meta property=\"og:image:type\" content=\"image\/jpeg\" \/>\n<meta name=\"author\" content=\"Tuzla Info\" \/>\n<meta name=\"twitter:card\" content=\"summary_large_image\" \/>\n<meta name=\"twitter:label1\" content=\"Written by\" \/>\n\t<meta name=\"twitter:data1\" content=\"Tuzla Info\" \/>\n\t<meta name=\"twitter:label2\" content=\"Est. reading time\" \/>\n\t<meta name=\"twitter:data2\" content=\"1 minuta\" \/>\n<script type=\"application\/ld+json\" class=\"yoast-schema-graph\">{\"@context\":\"https:\/\/schema.org\",\"@graph\":[{\"@type\":\"Article\",\"@id\":\"https:\/\/tuzlainfo.ba\/index.php\/novosti\/item\/155575-andelija-imamo-problem-u-te-tuzla-ako-iskljucimo-blok-6-grad-ce-ostati-bez-struje\/#article\",\"isPartOf\":{\"@id\":\"https:\/\/tuzlainfo.ba\/index.php\/novosti\/item\/155575-andelija-imamo-problem-u-te-tuzla-ako-iskljucimo-blok-6-grad-ce-ostati-bez-struje\/\"},\"author\":{\"name\":\"Tuzla Info\",\"@id\":\"https:\/\/tuzlainfo.ba\/#\/schema\/person\/46cad4c57790cbc50781edd14870825a\"},\"headline\":\"Andelija: Imamo problem u TE Tuzla, ako isklju\u010dimo Blok 6 grad \u0107e ostati bez struje\",\"datePublished\":\"2021-11-24T10:07:13+00:00\",\"dateModified\":\"2021-11-24T10:07:13+00:00\",\"mainEntityOfPage\":{\"@id\":\"https:\/\/tuzlainfo.ba\/index.php\/novosti\/item\/155575-andelija-imamo-problem-u-te-tuzla-ako-iskljucimo-blok-6-grad-ce-ostati-bez-struje\/\"},\"wordCount\":215,\"commentCount\":0,\"publisher\":{\"@id\":\"https:\/\/tuzlainfo.ba\/#organization\"},\"image\":{\"@id\":\"https:\/\/tuzlainfo.ba\/index.php\/novosti\/item\/155575-andelija-imamo-problem-u-te-tuzla-ako-iskljucimo-blok-6-grad-ce-ostati-bez-struje\/#primaryimage\"},\"thumbnailUrl\":\"https:\/\/tuzlainfo.ba\/wp-content\/uploads\/2021\/11\/inbound4422618978185319238.jpg\",\"keywords\":[\"Admir Andelija\",\"elektri\u010dna energija\",\"rudari\"],\"articleSection\":[\"Istaknuto\",\"Novosti\"],\"inLanguage\":\"bs-BA\"},{\"@type\":\"WebPage\",\"@id\":\"https:\/\/tuzlainfo.ba\/index.php\/novosti\/item\/155575-andelija-imamo-problem-u-te-tuzla-ako-iskljucimo-blok-6-grad-ce-ostati-bez-struje\/\",\"url\":\"https:\/\/tuzlainfo.ba\/index.php\/novosti\/item\/155575-andelija-imamo-problem-u-te-tuzla-ako-iskljucimo-blok-6-grad-ce-ostati-bez-struje\/\",\"name\":\"Andelija: Imamo problem u TE Tuzla, ako isklju\u010dimo Blok 6 grad \u0107e ostati bez struje - TuzlaInfo.ba\",\"isPartOf\":{\"@id\":\"https:\/\/tuzlainfo.ba\/#website\"},\"primaryImageOfPage\":{\"@id\":\"https:\/\/tuzlainfo.ba\/index.php\/novosti\/item\/155575-andelija-imamo-problem-u-te-tuzla-ako-iskljucimo-blok-6-grad-ce-ostati-bez-struje\/#primaryimage\"},\"image\":{\"@id\":\"https:\/\/tuzlainfo.ba\/index.php\/novosti\/item\/155575-andelija-imamo-problem-u-te-tuzla-ako-iskljucimo-blok-6-grad-ce-ostati-bez-struje\/#primaryimage\"},\"thumbnailUrl\":\"https:\/\/tuzlainfo.ba\/wp-content\/uploads\/2021\/11\/inbound4422618978185319238.jpg\",\"datePublished\":\"2021-11-24T10:07:13+00:00\",\"dateModified\":\"2021-11-24T10:07:13+00:00\",\"breadcrumb\":{\"@id\":\"https:\/\/tuzlainfo.ba\/index.php\/novosti\/item\/155575-andelija-imamo-problem-u-te-tuzla-ako-iskljucimo-blok-6-grad-ce-ostati-bez-struje\/#breadcrumb\"},\"inLanguage\":\"bs-BA\",\"potentialAction\":[{\"@type\":\"ReadAction\",\"target\":[\"https:\/\/tuzlainfo.ba\/index.php\/novosti\/item\/155575-andelija-imamo-problem-u-te-tuzla-ako-iskljucimo-blok-6-grad-ce-ostati-bez-struje\/\"]}]},{\"@type\":\"ImageObject\",\"inLanguage\":\"bs-BA\",\"@id\":\"https:\/\/tuzlainfo.ba\/index.php\/novosti\/item\/155575-andelija-imamo-problem-u-te-tuzla-ako-iskljucimo-blok-6-grad-ce-ostati-bez-struje\/#primaryimage\",\"url\":\"https:\/\/tuzlainfo.ba\/wp-content\/uploads\/2021\/11\/inbound4422618978185319238.jpg\",\"contentUrl\":\"https:\/\/tuzlainfo.ba\/wp-content\/uploads\/2021\/11\/inbound4422618978185319238.jpg\",\"width\":750,\"height\":465},{\"@type\":\"BreadcrumbList\",\"@id\":\"https:\/\/tuzlainfo.ba\/index.php\/novosti\/item\/155575-andelija-imamo-problem-u-te-tuzla-ako-iskljucimo-blok-6-grad-ce-ostati-bez-struje\/#breadcrumb\",\"itemListElement\":[{\"@type\":\"ListItem\",\"position\":1,\"name\":\"Home\",\"item\":\"https:\/\/tuzlainfo.ba\/\"},{\"@type\":\"ListItem\",\"position\":2,\"name\":\"Andelija: Imamo problem u TE Tuzla, ako isklju\u010dimo Blok 6 grad \u0107e ostati bez struje\"}]},{\"@type\":\"WebSite\",\"@id\":\"https:\/\/tuzlainfo.ba\/#website\",\"url\":\"https:\/\/tuzlainfo.ba\/\",\"name\":\"TuzlaInfo.ba\",\"description\":\"Tuzla info, gradski informator - Tuzla na dlanu\",\"publisher\":{\"@id\":\"https:\/\/tuzlainfo.ba\/#organization\"},\"potentialAction\":[{\"@type\":\"SearchAction\",\"target\":{\"@type\":\"EntryPoint\",\"urlTemplate\":\"https:\/\/tuzlainfo.ba\/?s={search_term_string}\"},\"query-input\":{\"@type\":\"PropertyValueSpecification\",\"valueRequired\":true,\"valueName\":\"search_term_string\"}}],\"inLanguage\":\"bs-BA\"},{\"@type\":\"Organization\",\"@id\":\"https:\/\/tuzlainfo.ba\/#organization\",\"name\":\"TuzlaInfo.ba\",\"url\":\"https:\/\/tuzlainfo.ba\/\",\"logo\":{\"@type\":\"ImageObject\",\"inLanguage\":\"bs-BA\",\"@id\":\"https:\/\/tuzlainfo.ba\/#\/schema\/logo\/image\/\",\"url\":\"https:\/\/tuzlainfo.ba\/wp-content\/uploads\/2021\/03\/logo-ver-3-1.png\",\"contentUrl\":\"https:\/\/tuzlainfo.ba\/wp-content\/uploads\/2021\/03\/logo-ver-3-1.png\",\"width\":350,\"height\":95,\"caption\":\"TuzlaInfo.ba\"},\"image\":{\"@id\":\"https:\/\/tuzlainfo.ba\/#\/schema\/logo\/image\/\"},\"sameAs\":[\"https:\/\/www.facebook.com\/tuzlainfo.ba\/\"]},{\"@type\":\"Person\",\"@id\":\"https:\/\/tuzlainfo.ba\/#\/schema\/person\/46cad4c57790cbc50781edd14870825a\",\"name\":\"Tuzla Info\",\"image\":{\"@type\":\"ImageObject\",\"inLanguage\":\"bs-BA\",\"@id\":\"https:\/\/tuzlainfo.ba\/#\/schema\/person\/image\/\",\"url\":\"https:\/\/tuzlainfo.ba\/wp-content\/litespeed\/avatar\/b6c453a6c38e3654f2e4416c643fc25c.jpg?ver=1777051911\",\"contentUrl\":\"https:\/\/tuzlainfo.ba\/wp-content\/litespeed\/avatar\/b6c453a6c38e3654f2e4416c643fc25c.jpg?ver=1777051911\",\"caption\":\"Tuzla Info\"}}]}<\/script>\n<!-- \/ Yoast SEO plugin. -->","yoast_head_json":{"title":"Andelija: Imamo problem u TE Tuzla, ako isklju\u010dimo Blok 6 grad \u0107e ostati bez struje - TuzlaInfo.ba","robots":{"index":"index","follow":"follow","max-snippet":"max-snippet:-1","max-image-preview":"max-image-preview:large","max-video-preview":"max-video-preview:-1"},"canonical":"https:\/\/tuzlainfo.ba\/index.php\/novosti\/item\/155575-andelija-imamo-problem-u-te-tuzla-ako-iskljucimo-blok-6-grad-ce-ostati-bez-struje\/","og_locale":"bs_BA","og_type":"article","og_title":"Andelija: Imamo problem u TE Tuzla, ako isklju\u010dimo Blok 6 grad \u0107e ostati bez struje - TuzlaInfo.ba","og_description":"Tuzla bi mogla ostati bez elektri\u010dne energije zbog trenutne situacije sa obustavom proizvodnje u rudniku&hellip;","og_url":"https:\/\/tuzlainfo.ba\/index.php\/novosti\/item\/155575-andelija-imamo-problem-u-te-tuzla-ako-iskljucimo-blok-6-grad-ce-ostati-bez-struje\/","og_site_name":"TuzlaInfo.ba","article_publisher":"https:\/\/www.facebook.com\/tuzlainfo.ba\/","article_published_time":"2021-11-24T10:07:13+00:00","og_image":[{"width":750,"height":465,"url":"https:\/\/tuzlainfo.ba\/wp-content\/uploads\/2021\/11\/inbound4422618978185319238.jpg","type":"image\/jpeg"}],"author":"Tuzla Info","twitter_card":"summary_large_image","twitter_misc":{"Written by":"Tuzla Info","Est. reading time":"1 minuta"},"schema":{"@context":"https:\/\/schema.org","@graph":[{"@type":"Article","@id":"https:\/\/tuzlainfo.ba\/index.php\/novosti\/item\/155575-andelija-imamo-problem-u-te-tuzla-ako-iskljucimo-blok-6-grad-ce-ostati-bez-struje\/#article","isPartOf":{"@id":"https:\/\/tuzlainfo.ba\/index.php\/novosti\/item\/155575-andelija-imamo-problem-u-te-tuzla-ako-iskljucimo-blok-6-grad-ce-ostati-bez-struje\/"},"author":{"name":"Tuzla Info","@id":"https:\/\/tuzlainfo.ba\/#\/schema\/person\/46cad4c57790cbc50781edd14870825a"},"headline":"Andelija: Imamo problem u TE Tuzla, ako isklju\u010dimo Blok 6 grad \u0107e ostati bez struje","datePublished":"2021-11-24T10:07:13+00:00","dateModified":"2021-11-24T10:07:13+00:00","mainEntityOfPage":{"@id":"https:\/\/tuzlainfo.ba\/index.php\/novosti\/item\/155575-andelija-imamo-problem-u-te-tuzla-ako-iskljucimo-blok-6-grad-ce-ostati-bez-struje\/"},"wordCount":215,"commentCount":0,"publisher":{"@id":"https:\/\/tuzlainfo.ba\/#organization"},"image":{"@id":"https:\/\/tuzlainfo.ba\/index.php\/novosti\/item\/155575-andelija-imamo-problem-u-te-tuzla-ako-iskljucimo-blok-6-grad-ce-ostati-bez-struje\/#primaryimage"},"thumbnailUrl":"https:\/\/tuzlainfo.ba\/wp-content\/uploads\/2021\/11\/inbound4422618978185319238.jpg","keywords":["Admir Andelija","elektri\u010dna energija","rudari"],"articleSection":["Istaknuto","Novosti"],"inLanguage":"bs-BA"},{"@type":"WebPage","@id":"https:\/\/tuzlainfo.ba\/index.php\/novosti\/item\/155575-andelija-imamo-problem-u-te-tuzla-ako-iskljucimo-blok-6-grad-ce-ostati-bez-struje\/","url":"https:\/\/tuzlainfo.ba\/index.php\/novosti\/item\/155575-andelija-imamo-problem-u-te-tuzla-ako-iskljucimo-blok-6-grad-ce-ostati-bez-struje\/","name":"Andelija: Imamo problem u TE Tuzla, ako isklju\u010dimo Blok 6 grad \u0107e ostati bez struje - TuzlaInfo.ba","isPartOf":{"@id":"https:\/\/tuzlainfo.ba\/#website"},"primaryImageOfPage":{"@id":"https:\/\/tuzlainfo.ba\/index.php\/novosti\/item\/155575-andelija-imamo-problem-u-te-tuzla-ako-iskljucimo-blok-6-grad-ce-ostati-bez-struje\/#primaryimage"},"image":{"@id":"https:\/\/tuzlainfo.ba\/index.php\/novosti\/item\/155575-andelija-imamo-problem-u-te-tuzla-ako-iskljucimo-blok-6-grad-ce-ostati-bez-struje\/#primaryimage"},"thumbnailUrl":"https:\/\/tuzlainfo.ba\/wp-content\/uploads\/2021\/11\/inbound4422618978185319238.jpg","datePublished":"2021-11-24T10:07:13+00:00","dateModified":"2021-11-24T10:07:13+00:00","breadcrumb":{"@id":"https:\/\/tuzlainfo.ba\/index.php\/novosti\/item\/155575-andelija-imamo-problem-u-te-tuzla-ako-iskljucimo-blok-6-grad-ce-ostati-bez-struje\/#breadcrumb"},"inLanguage":"bs-BA","potentialAction":[{"@type":"ReadAction","target":["https:\/\/tuzlainfo.ba\/index.php\/novosti\/item\/155575-andelija-imamo-problem-u-te-tuzla-ako-iskljucimo-blok-6-grad-ce-ostati-bez-struje\/"]}]},{"@type":"ImageObject","inLanguage":"bs-BA","@id":"https:\/\/tuzlainfo.ba\/index.php\/novosti\/item\/155575-andelija-imamo-problem-u-te-tuzla-ako-iskljucimo-blok-6-grad-ce-ostati-bez-struje\/#primaryimage","url":"https:\/\/tuzlainfo.ba\/wp-content\/uploads\/2021\/11\/inbound4422618978185319238.jpg","contentUrl":"https:\/\/tuzlainfo.ba\/wp-content\/uploads\/2021\/11\/inbound4422618978185319238.jpg","width":750,"height":465},{"@type":"BreadcrumbList","@id":"https:\/\/tuzlainfo.ba\/index.php\/novosti\/item\/155575-andelija-imamo-problem-u-te-tuzla-ako-iskljucimo-blok-6-grad-ce-ostati-bez-struje\/#breadcrumb","itemListElement":[{"@type":"ListItem","position":1,"name":"Home","item":"https:\/\/tuzlainfo.ba\/"},{"@type":"ListItem","position":2,"name":"Andelija: Imamo problem u TE Tuzla, ako isklju\u010dimo Blok 6 grad \u0107e ostati bez struje"}]},{"@type":"WebSite","@id":"https:\/\/tuzlainfo.ba\/#website","url":"https:\/\/tuzlainfo.ba\/","name":"TuzlaInfo.ba","description":"Tuzla info, gradski informator - Tuzla na dlanu","publisher":{"@id":"https:\/\/tuzlainfo.ba\/#organization"},"potentialAction":[{"@type":"SearchAction","target":{"@type":"EntryPoint","urlTemplate":"https:\/\/tuzlainfo.ba\/?s={search_term_string}"},"query-input":{"@type":"PropertyValueSpecification","valueRequired":true,"valueName":"search_term_string"}}],"inLanguage":"bs-BA"},{"@type":"Organization","@id":"https:\/\/tuzlainfo.ba\/#organization","name":"TuzlaInfo.ba","url":"https:\/\/tuzlainfo.ba\/","logo":{"@type":"ImageObject","inLanguage":"bs-BA","@id":"https:\/\/tuzlainfo.ba\/#\/schema\/logo\/image\/","url":"https:\/\/tuzlainfo.ba\/wp-content\/uploads\/2021\/03\/logo-ver-3-1.png","contentUrl":"https:\/\/tuzlainfo.ba\/wp-content\/uploads\/2021\/03\/logo-ver-3-1.png","width":350,"height":95,"caption":"TuzlaInfo.ba"},"image":{"@id":"https:\/\/tuzlainfo.ba\/#\/schema\/logo\/image\/"},"sameAs":["https:\/\/www.facebook.com\/tuzlainfo.ba\/"]},{"@type":"Person","@id":"https:\/\/tuzlainfo.ba\/#\/schema\/person\/46cad4c57790cbc50781edd14870825a","name":"Tuzla Info","image":{"@type":"ImageObject","inLanguage":"bs-BA","@id":"https:\/\/tuzlainfo.ba\/#\/schema\/person\/image\/","url":"https:\/\/tuzlainfo.ba\/wp-content\/litespeed\/avatar\/b6c453a6c38e3654f2e4416c643fc25c.jpg?ver=1777051911","contentUrl":"https:\/\/tuzlainfo.ba\/wp-content\/litespeed\/avatar\/b6c453a6c38e3654f2e4416c643fc25c.jpg?ver=1777051911","caption":"Tuzla Info"}}]}},"_links":{"self":[{"href":"https:\/\/tuzlainfo.ba\/index.php\/wp-json\/wp\/v2\/posts\/155575"}],"collection":[{"href":"https:\/\/tuzlainfo.ba\/index.php\/wp-json\/wp\/v2\/posts"}],"about":[{"href":"https:\/\/tuzlainfo.ba\/index.php\/wp-json\/wp\/v2\/types\/post"}],"author":[{"embeddable":true,"href":"https:\/\/tuzlainfo.ba\/index.php\/wp-json\/wp\/v2\/users\/4"}],"replies":[{"embeddable":true,"href":"https:\/\/tuzlainfo.ba\/index.php\/wp-json\/wp\/v2\/comments?post=155575"}],"version-history":[{"count":0,"href":"https:\/\/tuzlainfo.ba\/index.php\/wp-json\/wp\/v2\/posts\/155575\/revisions"}],"wp:featuredmedia":[{"embeddable":true,"href":"https:\/\/tuzlainfo.ba\/index.php\/wp-json\/wp\/v2\/media\/155576"}],"wp:attachment":[{"href":"https:\/\/tuzlainfo.ba\/index.php\/wp-json\/wp\/v2\/media?parent=155575"}],"wp:term":[{"taxonomy":"category","embeddable":true,"href":"https:\/\/tuzlainfo.ba\/index.php\/wp-json\/wp\/v2\/categories?post=155575"},{"taxonomy":"post_tag","embeddable":true,"href":"https:\/\/tuzlainfo.ba\/index.php\/wp-json\/wp\/v2\/tags?post=155575"}],"curies":[{"name":"wp","href":"https:\/\/api.w.org\/{rel}","templated":true}]}}