{"id":155520,"date":"2021-11-23T21:33:59","date_gmt":"2021-11-23T20:33:59","guid":{"rendered":"https:\/\/tuzlainfo.ba\/?p=155520"},"modified":"2021-11-23T21:35:32","modified_gmt":"2021-11-23T20:35:32","slug":"clanovi-dubioza-kolektiva-podrzali-rudare-i-porucili-pred-vladom-fbih-ima-dovoljno-mjesta","status":"publish","type":"post","link":"https:\/\/tuzlainfo.ba\/index.php\/bosna-i-hercegovina\/item\/155520-clanovi-dubioza-kolektiva-podrzali-rudare-i-porucili-pred-vladom-fbih-ima-dovoljno-mjesta\/","title":{"rendered":"\u010clanovi &#8220;Dubioza kolektiva&#8221; podr\u017eali rudare i poru\u010dili: &#8220;Pred Vladom FBiH ima dovoljno mjesta\u201d"},"content":{"rendered":"<p>Proteste rudara u Sarajevu podr\u017eali su i \u010dlanovi popularnog benda \u201cDubioza kolektiv\u201d.<\/p>\n<p>Rudari su putem videoporuke na Facebooku objavili da pozivaju \u201cnajbolji bend u BiH da do\u0111e sutra na proteste u Sarajevu\u201d. Odgovor je brzo stigao\u2026<\/p>\n<p>-Nas su zvali i dolazimo. Pred Vladom FBiH ima dovoljno mjesta. Hajdemo sutra \u2013 objavili su iz Dubioze\u201d.<\/p>\n<p><iframe style=\"border: none; overflow: hidden;\" src=\"https:\/\/www.facebook.com\/plugins\/video.php?height=308&amp;href=https%3A%2F%2Fwww.facebook.com%2Fdubioza%2Fvideos%2F881905115860978%2F&amp;show_text=false&amp;width=560&amp;t=0\" width=\"560\" height=\"308\" frameborder=\"0\" scrolling=\"no\" allowfullscreen=\"allowfullscreen\"><\/iframe><\/p>\n","protected":false},"excerpt":{"rendered":"<p>Proteste rudara u Sarajevu podr\u017eali su i \u010dlanovi popularnog benda \u201cDubioza kolektiv\u201d. Rudari su putem&hellip;<\/p>\n","protected":false},"author":2,"featured_media":155523,"comment_status":"open","ping_status":"closed","sticky":false,"template":"","format":"standard","meta":{"_acf_changed":false,"footnotes":""},"categories":[291],"tags":[3285,3433],"acf":[],"yoast_head":"<!-- This site is optimized with the Yoast SEO plugin v23.5 - https:\/\/yoast.com\/wordpress\/plugins\/seo\/ -->\n<title>\u010clanovi &quot;Dubioza kolektiva&quot; podr\u017eali rudare i poru\u010dili: &quot;Pred Vladom FBiH ima dovoljno mjesta\u201d - TuzlaInfo.ba<\/title>\n<meta name=\"robots\" content=\"index, follow, max-snippet:-1, max-image-preview:large, max-video-preview:-1\" \/>\n<link rel=\"canonical\" href=\"https:\/\/tuzlainfo.ba\/index.php\/bosna-i-hercegovina\/item\/155520-clanovi-dubioza-kolektiva-podrzali-rudare-i-porucili-pred-vladom-fbih-ima-dovoljno-mjesta\/\" \/>\n<meta property=\"og:locale\" content=\"bs_BA\" \/>\n<meta property=\"og:type\" content=\"article\" \/>\n<meta property=\"og:title\" content=\"\u010clanovi &quot;Dubioza kolektiva&quot; podr\u017eali rudare i poru\u010dili: &quot;Pred Vladom FBiH ima dovoljno mjesta\u201d - TuzlaInfo.ba\" \/>\n<meta property=\"og:description\" content=\"Proteste rudara u Sarajevu podr\u017eali su i \u010dlanovi popularnog benda \u201cDubioza kolektiv\u201d. Rudari su putem&hellip;\" \/>\n<meta property=\"og:url\" content=\"https:\/\/tuzlainfo.ba\/index.php\/bosna-i-hercegovina\/item\/155520-clanovi-dubioza-kolektiva-podrzali-rudare-i-porucili-pred-vladom-fbih-ima-dovoljno-mjesta\/\" \/>\n<meta property=\"og:site_name\" content=\"TuzlaInfo.ba\" \/>\n<meta property=\"article:publisher\" content=\"https:\/\/www.facebook.com\/tuzlainfo.ba\/\" \/>\n<meta property=\"article:published_time\" content=\"2021-11-23T20:33:59+00:00\" \/>\n<meta property=\"article:modified_time\" content=\"2021-11-23T20:35:32+00:00\" \/>\n<meta property=\"og:image\" content=\"https:\/\/tuzlainfo.ba\/wp-content\/uploads\/2021\/11\/2311_dubioza_rudari.jpg\" \/>\n\t<meta property=\"og:image:width\" content=\"1489\" \/>\n\t<meta property=\"og:image:height\" content=\"827\" \/>\n\t<meta property=\"og:image:type\" content=\"image\/jpeg\" \/>\n<meta name=\"author\" content=\"nedim\" \/>\n<meta name=\"twitter:card\" content=\"summary_large_image\" \/>\n<meta name=\"twitter:label1\" content=\"Written by\" \/>\n\t<meta name=\"twitter:data1\" content=\"nedim\" \/>\n<script type=\"application\/ld+json\" class=\"yoast-schema-graph\">{\"@context\":\"https:\/\/schema.org\",\"@graph\":[{\"@type\":\"Article\",\"@id\":\"https:\/\/tuzlainfo.ba\/index.php\/bosna-i-hercegovina\/item\/155520-clanovi-dubioza-kolektiva-podrzali-rudare-i-porucili-pred-vladom-fbih-ima-dovoljno-mjesta\/#article\",\"isPartOf\":{\"@id\":\"https:\/\/tuzlainfo.ba\/index.php\/bosna-i-hercegovina\/item\/155520-clanovi-dubioza-kolektiva-podrzali-rudare-i-porucili-pred-vladom-fbih-ima-dovoljno-mjesta\/\"},\"author\":{\"name\":\"nedim\",\"@id\":\"https:\/\/tuzlainfo.ba\/#\/schema\/person\/f434e20dc27ea133923aab08451b7f7f\"},\"headline\":\"\u010clanovi &#8220;Dubioza kolektiva&#8221; podr\u017eali rudare i poru\u010dili: &#8220;Pred Vladom FBiH ima dovoljno mjesta\u201d\",\"datePublished\":\"2021-11-23T20:33:59+00:00\",\"dateModified\":\"2021-11-23T20:35:32+00:00\",\"mainEntityOfPage\":{\"@id\":\"https:\/\/tuzlainfo.ba\/index.php\/bosna-i-hercegovina\/item\/155520-clanovi-dubioza-kolektiva-podrzali-rudare-i-porucili-pred-vladom-fbih-ima-dovoljno-mjesta\/\"},\"wordCount\":70,\"commentCount\":0,\"publisher\":{\"@id\":\"https:\/\/tuzlainfo.ba\/#organization\"},\"image\":{\"@id\":\"https:\/\/tuzlainfo.ba\/index.php\/bosna-i-hercegovina\/item\/155520-clanovi-dubioza-kolektiva-podrzali-rudare-i-porucili-pred-vladom-fbih-ima-dovoljno-mjesta\/#primaryimage\"},\"thumbnailUrl\":\"https:\/\/tuzlainfo.ba\/wp-content\/uploads\/2021\/11\/2311_dubioza_rudari.jpg\",\"keywords\":[\"dubioza kolektiv\",\"protesti rudara\"],\"articleSection\":[\"Bosna i Hercegovina\"],\"inLanguage\":\"bs-BA\"},{\"@type\":\"WebPage\",\"@id\":\"https:\/\/tuzlainfo.ba\/index.php\/bosna-i-hercegovina\/item\/155520-clanovi-dubioza-kolektiva-podrzali-rudare-i-porucili-pred-vladom-fbih-ima-dovoljno-mjesta\/\",\"url\":\"https:\/\/tuzlainfo.ba\/index.php\/bosna-i-hercegovina\/item\/155520-clanovi-dubioza-kolektiva-podrzali-rudare-i-porucili-pred-vladom-fbih-ima-dovoljno-mjesta\/\",\"name\":\"\u010clanovi \\\"Dubioza kolektiva\\\" podr\u017eali rudare i poru\u010dili: \\\"Pred Vladom FBiH ima dovoljno mjesta\u201d - TuzlaInfo.ba\",\"isPartOf\":{\"@id\":\"https:\/\/tuzlainfo.ba\/#website\"},\"primaryImageOfPage\":{\"@id\":\"https:\/\/tuzlainfo.ba\/index.php\/bosna-i-hercegovina\/item\/155520-clanovi-dubioza-kolektiva-podrzali-rudare-i-porucili-pred-vladom-fbih-ima-dovoljno-mjesta\/#primaryimage\"},\"image\":{\"@id\":\"https:\/\/tuzlainfo.ba\/index.php\/bosna-i-hercegovina\/item\/155520-clanovi-dubioza-kolektiva-podrzali-rudare-i-porucili-pred-vladom-fbih-ima-dovoljno-mjesta\/#primaryimage\"},\"thumbnailUrl\":\"https:\/\/tuzlainfo.ba\/wp-content\/uploads\/2021\/11\/2311_dubioza_rudari.jpg\",\"datePublished\":\"2021-11-23T20:33:59+00:00\",\"dateModified\":\"2021-11-23T20:35:32+00:00\",\"breadcrumb\":{\"@id\":\"https:\/\/tuzlainfo.ba\/index.php\/bosna-i-hercegovina\/item\/155520-clanovi-dubioza-kolektiva-podrzali-rudare-i-porucili-pred-vladom-fbih-ima-dovoljno-mjesta\/#breadcrumb\"},\"inLanguage\":\"bs-BA\",\"potentialAction\":[{\"@type\":\"ReadAction\",\"target\":[\"https:\/\/tuzlainfo.ba\/index.php\/bosna-i-hercegovina\/item\/155520-clanovi-dubioza-kolektiva-podrzali-rudare-i-porucili-pred-vladom-fbih-ima-dovoljno-mjesta\/\"]}]},{\"@type\":\"ImageObject\",\"inLanguage\":\"bs-BA\",\"@id\":\"https:\/\/tuzlainfo.ba\/index.php\/bosna-i-hercegovina\/item\/155520-clanovi-dubioza-kolektiva-podrzali-rudare-i-porucili-pred-vladom-fbih-ima-dovoljno-mjesta\/#primaryimage\",\"url\":\"https:\/\/tuzlainfo.ba\/wp-content\/uploads\/2021\/11\/2311_dubioza_rudari.jpg\",\"contentUrl\":\"https:\/\/tuzlainfo.ba\/wp-content\/uploads\/2021\/11\/2311_dubioza_rudari.jpg\",\"width\":1489,\"height\":827},{\"@type\":\"BreadcrumbList\",\"@id\":\"https:\/\/tuzlainfo.ba\/index.php\/bosna-i-hercegovina\/item\/155520-clanovi-dubioza-kolektiva-podrzali-rudare-i-porucili-pred-vladom-fbih-ima-dovoljno-mjesta\/#breadcrumb\",\"itemListElement\":[{\"@type\":\"ListItem\",\"position\":1,\"name\":\"Home\",\"item\":\"https:\/\/tuzlainfo.ba\/\"},{\"@type\":\"ListItem\",\"position\":2,\"name\":\"\u010clanovi &#8220;Dubioza kolektiva&#8221; podr\u017eali rudare i poru\u010dili: &#8220;Pred Vladom FBiH ima dovoljno mjesta\u201d\"}]},{\"@type\":\"WebSite\",\"@id\":\"https:\/\/tuzlainfo.ba\/#website\",\"url\":\"https:\/\/tuzlainfo.ba\/\",\"name\":\"TuzlaInfo.ba\",\"description\":\"Tuzla info, gradski informator - Tuzla na dlanu\",\"publisher\":{\"@id\":\"https:\/\/tuzlainfo.ba\/#organization\"},\"potentialAction\":[{\"@type\":\"SearchAction\",\"target\":{\"@type\":\"EntryPoint\",\"urlTemplate\":\"https:\/\/tuzlainfo.ba\/?s={search_term_string}\"},\"query-input\":{\"@type\":\"PropertyValueSpecification\",\"valueRequired\":true,\"valueName\":\"search_term_string\"}}],\"inLanguage\":\"bs-BA\"},{\"@type\":\"Organization\",\"@id\":\"https:\/\/tuzlainfo.ba\/#organization\",\"name\":\"TuzlaInfo.ba\",\"url\":\"https:\/\/tuzlainfo.ba\/\",\"logo\":{\"@type\":\"ImageObject\",\"inLanguage\":\"bs-BA\",\"@id\":\"https:\/\/tuzlainfo.ba\/#\/schema\/logo\/image\/\",\"url\":\"https:\/\/tuzlainfo.ba\/wp-content\/uploads\/2021\/03\/logo-ver-3-1.png\",\"contentUrl\":\"https:\/\/tuzlainfo.ba\/wp-content\/uploads\/2021\/03\/logo-ver-3-1.png\",\"width\":350,\"height\":95,\"caption\":\"TuzlaInfo.ba\"},\"image\":{\"@id\":\"https:\/\/tuzlainfo.ba\/#\/schema\/logo\/image\/\"},\"sameAs\":[\"https:\/\/www.facebook.com\/tuzlainfo.ba\/\"]},{\"@type\":\"Person\",\"@id\":\"https:\/\/tuzlainfo.ba\/#\/schema\/person\/f434e20dc27ea133923aab08451b7f7f\",\"name\":\"nedim\",\"image\":{\"@type\":\"ImageObject\",\"inLanguage\":\"bs-BA\",\"@id\":\"https:\/\/tuzlainfo.ba\/#\/schema\/person\/image\/\",\"url\":\"https:\/\/tuzlainfo.ba\/wp-content\/litespeed\/avatar\/aabad687af24844af817603ac1cbdc4f.jpg?ver=1776702173\",\"contentUrl\":\"https:\/\/tuzlainfo.ba\/wp-content\/litespeed\/avatar\/aabad687af24844af817603ac1cbdc4f.jpg?ver=1776702173\",\"caption\":\"nedim\"},\"description\":\"Tuzlainfo.ba pratite na dru\u0161tvenim mre\u017eama: Facebook, Instagram i Youtube. Svoje pri\u010de, upite i fotografije \u0161aljite na na\u0161u e-mail adresu.\"}]}<\/script>\n<!-- \/ Yoast SEO plugin. -->","yoast_head_json":{"title":"\u010clanovi \"Dubioza kolektiva\" podr\u017eali rudare i poru\u010dili: \"Pred Vladom FBiH ima dovoljno mjesta\u201d - TuzlaInfo.ba","robots":{"index":"index","follow":"follow","max-snippet":"max-snippet:-1","max-image-preview":"max-image-preview:large","max-video-preview":"max-video-preview:-1"},"canonical":"https:\/\/tuzlainfo.ba\/index.php\/bosna-i-hercegovina\/item\/155520-clanovi-dubioza-kolektiva-podrzali-rudare-i-porucili-pred-vladom-fbih-ima-dovoljno-mjesta\/","og_locale":"bs_BA","og_type":"article","og_title":"\u010clanovi \"Dubioza kolektiva\" podr\u017eali rudare i poru\u010dili: \"Pred Vladom FBiH ima dovoljno mjesta\u201d - TuzlaInfo.ba","og_description":"Proteste rudara u Sarajevu podr\u017eali su i \u010dlanovi popularnog benda \u201cDubioza kolektiv\u201d. Rudari su putem&hellip;","og_url":"https:\/\/tuzlainfo.ba\/index.php\/bosna-i-hercegovina\/item\/155520-clanovi-dubioza-kolektiva-podrzali-rudare-i-porucili-pred-vladom-fbih-ima-dovoljno-mjesta\/","og_site_name":"TuzlaInfo.ba","article_publisher":"https:\/\/www.facebook.com\/tuzlainfo.ba\/","article_published_time":"2021-11-23T20:33:59+00:00","article_modified_time":"2021-11-23T20:35:32+00:00","og_image":[{"width":1489,"height":827,"url":"https:\/\/tuzlainfo.ba\/wp-content\/uploads\/2021\/11\/2311_dubioza_rudari.jpg","type":"image\/jpeg"}],"author":"nedim","twitter_card":"summary_large_image","twitter_misc":{"Written by":"nedim"},"schema":{"@context":"https:\/\/schema.org","@graph":[{"@type":"Article","@id":"https:\/\/tuzlainfo.ba\/index.php\/bosna-i-hercegovina\/item\/155520-clanovi-dubioza-kolektiva-podrzali-rudare-i-porucili-pred-vladom-fbih-ima-dovoljno-mjesta\/#article","isPartOf":{"@id":"https:\/\/tuzlainfo.ba\/index.php\/bosna-i-hercegovina\/item\/155520-clanovi-dubioza-kolektiva-podrzali-rudare-i-porucili-pred-vladom-fbih-ima-dovoljno-mjesta\/"},"author":{"name":"nedim","@id":"https:\/\/tuzlainfo.ba\/#\/schema\/person\/f434e20dc27ea133923aab08451b7f7f"},"headline":"\u010clanovi &#8220;Dubioza kolektiva&#8221; podr\u017eali rudare i poru\u010dili: &#8220;Pred Vladom FBiH ima dovoljno mjesta\u201d","datePublished":"2021-11-23T20:33:59+00:00","dateModified":"2021-11-23T20:35:32+00:00","mainEntityOfPage":{"@id":"https:\/\/tuzlainfo.ba\/index.php\/bosna-i-hercegovina\/item\/155520-clanovi-dubioza-kolektiva-podrzali-rudare-i-porucili-pred-vladom-fbih-ima-dovoljno-mjesta\/"},"wordCount":70,"commentCount":0,"publisher":{"@id":"https:\/\/tuzlainfo.ba\/#organization"},"image":{"@id":"https:\/\/tuzlainfo.ba\/index.php\/bosna-i-hercegovina\/item\/155520-clanovi-dubioza-kolektiva-podrzali-rudare-i-porucili-pred-vladom-fbih-ima-dovoljno-mjesta\/#primaryimage"},"thumbnailUrl":"https:\/\/tuzlainfo.ba\/wp-content\/uploads\/2021\/11\/2311_dubioza_rudari.jpg","keywords":["dubioza kolektiv","protesti rudara"],"articleSection":["Bosna i Hercegovina"],"inLanguage":"bs-BA"},{"@type":"WebPage","@id":"https:\/\/tuzlainfo.ba\/index.php\/bosna-i-hercegovina\/item\/155520-clanovi-dubioza-kolektiva-podrzali-rudare-i-porucili-pred-vladom-fbih-ima-dovoljno-mjesta\/","url":"https:\/\/tuzlainfo.ba\/index.php\/bosna-i-hercegovina\/item\/155520-clanovi-dubioza-kolektiva-podrzali-rudare-i-porucili-pred-vladom-fbih-ima-dovoljno-mjesta\/","name":"\u010clanovi \"Dubioza kolektiva\" podr\u017eali rudare i poru\u010dili: \"Pred Vladom FBiH ima dovoljno mjesta\u201d - TuzlaInfo.ba","isPartOf":{"@id":"https:\/\/tuzlainfo.ba\/#website"},"primaryImageOfPage":{"@id":"https:\/\/tuzlainfo.ba\/index.php\/bosna-i-hercegovina\/item\/155520-clanovi-dubioza-kolektiva-podrzali-rudare-i-porucili-pred-vladom-fbih-ima-dovoljno-mjesta\/#primaryimage"},"image":{"@id":"https:\/\/tuzlainfo.ba\/index.php\/bosna-i-hercegovina\/item\/155520-clanovi-dubioza-kolektiva-podrzali-rudare-i-porucili-pred-vladom-fbih-ima-dovoljno-mjesta\/#primaryimage"},"thumbnailUrl":"https:\/\/tuzlainfo.ba\/wp-content\/uploads\/2021\/11\/2311_dubioza_rudari.jpg","datePublished":"2021-11-23T20:33:59+00:00","dateModified":"2021-11-23T20:35:32+00:00","breadcrumb":{"@id":"https:\/\/tuzlainfo.ba\/index.php\/bosna-i-hercegovina\/item\/155520-clanovi-dubioza-kolektiva-podrzali-rudare-i-porucili-pred-vladom-fbih-ima-dovoljno-mjesta\/#breadcrumb"},"inLanguage":"bs-BA","potentialAction":[{"@type":"ReadAction","target":["https:\/\/tuzlainfo.ba\/index.php\/bosna-i-hercegovina\/item\/155520-clanovi-dubioza-kolektiva-podrzali-rudare-i-porucili-pred-vladom-fbih-ima-dovoljno-mjesta\/"]}]},{"@type":"ImageObject","inLanguage":"bs-BA","@id":"https:\/\/tuzlainfo.ba\/index.php\/bosna-i-hercegovina\/item\/155520-clanovi-dubioza-kolektiva-podrzali-rudare-i-porucili-pred-vladom-fbih-ima-dovoljno-mjesta\/#primaryimage","url":"https:\/\/tuzlainfo.ba\/wp-content\/uploads\/2021\/11\/2311_dubioza_rudari.jpg","contentUrl":"https:\/\/tuzlainfo.ba\/wp-content\/uploads\/2021\/11\/2311_dubioza_rudari.jpg","width":1489,"height":827},{"@type":"BreadcrumbList","@id":"https:\/\/tuzlainfo.ba\/index.php\/bosna-i-hercegovina\/item\/155520-clanovi-dubioza-kolektiva-podrzali-rudare-i-porucili-pred-vladom-fbih-ima-dovoljno-mjesta\/#breadcrumb","itemListElement":[{"@type":"ListItem","position":1,"name":"Home","item":"https:\/\/tuzlainfo.ba\/"},{"@type":"ListItem","position":2,"name":"\u010clanovi &#8220;Dubioza kolektiva&#8221; podr\u017eali rudare i poru\u010dili: &#8220;Pred Vladom FBiH ima dovoljno mjesta\u201d"}]},{"@type":"WebSite","@id":"https:\/\/tuzlainfo.ba\/#website","url":"https:\/\/tuzlainfo.ba\/","name":"TuzlaInfo.ba","description":"Tuzla info, gradski informator - Tuzla na dlanu","publisher":{"@id":"https:\/\/tuzlainfo.ba\/#organization"},"potentialAction":[{"@type":"SearchAction","target":{"@type":"EntryPoint","urlTemplate":"https:\/\/tuzlainfo.ba\/?s={search_term_string}"},"query-input":{"@type":"PropertyValueSpecification","valueRequired":true,"valueName":"search_term_string"}}],"inLanguage":"bs-BA"},{"@type":"Organization","@id":"https:\/\/tuzlainfo.ba\/#organization","name":"TuzlaInfo.ba","url":"https:\/\/tuzlainfo.ba\/","logo":{"@type":"ImageObject","inLanguage":"bs-BA","@id":"https:\/\/tuzlainfo.ba\/#\/schema\/logo\/image\/","url":"https:\/\/tuzlainfo.ba\/wp-content\/uploads\/2021\/03\/logo-ver-3-1.png","contentUrl":"https:\/\/tuzlainfo.ba\/wp-content\/uploads\/2021\/03\/logo-ver-3-1.png","width":350,"height":95,"caption":"TuzlaInfo.ba"},"image":{"@id":"https:\/\/tuzlainfo.ba\/#\/schema\/logo\/image\/"},"sameAs":["https:\/\/www.facebook.com\/tuzlainfo.ba\/"]},{"@type":"Person","@id":"https:\/\/tuzlainfo.ba\/#\/schema\/person\/f434e20dc27ea133923aab08451b7f7f","name":"nedim","image":{"@type":"ImageObject","inLanguage":"bs-BA","@id":"https:\/\/tuzlainfo.ba\/#\/schema\/person\/image\/","url":"https:\/\/tuzlainfo.ba\/wp-content\/litespeed\/avatar\/aabad687af24844af817603ac1cbdc4f.jpg?ver=1776702173","contentUrl":"https:\/\/tuzlainfo.ba\/wp-content\/litespeed\/avatar\/aabad687af24844af817603ac1cbdc4f.jpg?ver=1776702173","caption":"nedim"},"description":"Tuzlainfo.ba pratite na dru\u0161tvenim mre\u017eama: Facebook, Instagram i Youtube. Svoje pri\u010de, upite i fotografije \u0161aljite na na\u0161u e-mail adresu."}]}},"_links":{"self":[{"href":"https:\/\/tuzlainfo.ba\/index.php\/wp-json\/wp\/v2\/posts\/155520"}],"collection":[{"href":"https:\/\/tuzlainfo.ba\/index.php\/wp-json\/wp\/v2\/posts"}],"about":[{"href":"https:\/\/tuzlainfo.ba\/index.php\/wp-json\/wp\/v2\/types\/post"}],"author":[{"embeddable":true,"href":"https:\/\/tuzlainfo.ba\/index.php\/wp-json\/wp\/v2\/users\/2"}],"replies":[{"embeddable":true,"href":"https:\/\/tuzlainfo.ba\/index.php\/wp-json\/wp\/v2\/comments?post=155520"}],"version-history":[{"count":0,"href":"https:\/\/tuzlainfo.ba\/index.php\/wp-json\/wp\/v2\/posts\/155520\/revisions"}],"wp:featuredmedia":[{"embeddable":true,"href":"https:\/\/tuzlainfo.ba\/index.php\/wp-json\/wp\/v2\/media\/155523"}],"wp:attachment":[{"href":"https:\/\/tuzlainfo.ba\/index.php\/wp-json\/wp\/v2\/media?parent=155520"}],"wp:term":[{"taxonomy":"category","embeddable":true,"href":"https:\/\/tuzlainfo.ba\/index.php\/wp-json\/wp\/v2\/categories?post=155520"},{"taxonomy":"post_tag","embeddable":true,"href":"https:\/\/tuzlainfo.ba\/index.php\/wp-json\/wp\/v2\/tags?post=155520"}],"curies":[{"name":"wp","href":"https:\/\/api.w.org\/{rel}","templated":true}]}}