{"id":155352,"date":"2021-11-22T20:56:42","date_gmt":"2021-11-22T19:56:42","guid":{"rendered":"https:\/\/tuzlainfo.ba\/?p=155352"},"modified":"2021-11-22T20:57:12","modified_gmt":"2021-11-22T19:57:12","slug":"tragedija-u-kanadi-mirsad-i-anita-stradali-u-klizistu-iza-njih-ostalo-dvogodisnje-dijete","status":"publish","type":"post","link":"https:\/\/tuzlainfo.ba\/index.php\/clanci\/sa-svih-strana\/item\/155352-tragedija-u-kanadi-mirsad-i-anita-stradali-u-klizistu-iza-njih-ostalo-dvogodisnje-dijete\/","title":{"rendered":"Tragedija u Kanadi: Mirsad i Anita stradali u klizi\u0161tu, iza njih ostalo dvogodi\u0161nje dijete"},"content":{"rendered":"<p>Mirsad i Anita Had\u017ei\u0107 stradali su u Kanadi, kada ih je prilikom povratka u Vancuover iz Okanagana zatrpalo klizi\u0161te, koje se pokrenulo nakon jakih padavina u ovoj dr\u017eavi.<\/p>\n<p>Kanadski mediji navode da je bra\u010dni par, porijeklom iz Bosne i Hercegovine, bio me\u0111u posljednjim \u017ertvama odrona na putu Duffey Lake Road.<\/p>\n<p>-Par se vra\u0107ao sa putovanja kada ih je pogodio fatalni odron na autoputu 99. Anitino tijelo je prona\u0111eno u vozilu, dok je potraga za Mirsadom okon\u010dana u petak, 19. novembra, kada je prona\u0111eno njegovo tijelo \u2013 rekao je njihov blizak prijatelj Ali Azodi, prenosi GH News.<\/p>\n<p>Iza Mirsada i Anite je ostala dvogodi\u0161nja k\u0107erka o kojoj se trenutno brine njihova porodica.<\/p>\n<p>Pokrenuta je akcija prikupljanja sredstava koja \u0107e pomo\u0107i za brigu o djetetu.<\/p>\n","protected":false},"excerpt":{"rendered":"<p>Mirsad i Anita Had\u017ei\u0107 stradali su u Kanadi, kada ih je prilikom povratka u Vancuover&hellip;<\/p>\n","protected":false},"author":2,"featured_media":155353,"comment_status":"open","ping_status":"closed","sticky":false,"template":"","format":"standard","meta":{"_acf_changed":false,"footnotes":""},"categories":[16],"tags":[3428],"acf":[],"yoast_head":"<!-- This site is optimized with the Yoast SEO plugin v23.5 - https:\/\/yoast.com\/wordpress\/plugins\/seo\/ -->\n<title>Tragedija u Kanadi: Mirsad i Anita stradali u klizi\u0161tu, iza njih ostalo dvogodi\u0161nje dijete - TuzlaInfo.ba<\/title>\n<meta name=\"robots\" content=\"index, follow, max-snippet:-1, max-image-preview:large, max-video-preview:-1\" \/>\n<link rel=\"canonical\" href=\"https:\/\/tuzlainfo.ba\/index.php\/clanci\/sa-svih-strana\/item\/155352-tragedija-u-kanadi-mirsad-i-anita-stradali-u-klizistu-iza-njih-ostalo-dvogodisnje-dijete\/\" \/>\n<meta property=\"og:locale\" content=\"bs_BA\" \/>\n<meta property=\"og:type\" content=\"article\" \/>\n<meta property=\"og:title\" content=\"Tragedija u Kanadi: Mirsad i Anita stradali u klizi\u0161tu, iza njih ostalo dvogodi\u0161nje dijete - TuzlaInfo.ba\" \/>\n<meta property=\"og:description\" content=\"Mirsad i Anita Had\u017ei\u0107 stradali su u Kanadi, kada ih je prilikom povratka u Vancuover&hellip;\" \/>\n<meta property=\"og:url\" content=\"https:\/\/tuzlainfo.ba\/index.php\/clanci\/sa-svih-strana\/item\/155352-tragedija-u-kanadi-mirsad-i-anita-stradali-u-klizistu-iza-njih-ostalo-dvogodisnje-dijete\/\" \/>\n<meta property=\"og:site_name\" content=\"TuzlaInfo.ba\" \/>\n<meta property=\"article:publisher\" content=\"https:\/\/www.facebook.com\/tuzlainfo.ba\/\" \/>\n<meta property=\"article:published_time\" content=\"2021-11-22T19:56:42+00:00\" \/>\n<meta property=\"article:modified_time\" content=\"2021-11-22T19:57:12+00:00\" \/>\n<meta property=\"og:image\" content=\"https:\/\/tuzlainfo.ba\/wp-content\/uploads\/2021\/11\/2211_mirsad_anita.jpg\" \/>\n\t<meta property=\"og:image:width\" content=\"770\" \/>\n\t<meta property=\"og:image:height\" content=\"567\" \/>\n\t<meta property=\"og:image:type\" content=\"image\/jpeg\" \/>\n<meta name=\"author\" content=\"nedim\" \/>\n<meta name=\"twitter:card\" content=\"summary_large_image\" \/>\n<meta name=\"twitter:label1\" content=\"Written by\" \/>\n\t<meta name=\"twitter:data1\" content=\"nedim\" \/>\n\t<meta name=\"twitter:label2\" content=\"Est. reading time\" \/>\n\t<meta name=\"twitter:data2\" content=\"1 minuta\" \/>\n<script type=\"application\/ld+json\" class=\"yoast-schema-graph\">{\"@context\":\"https:\/\/schema.org\",\"@graph\":[{\"@type\":\"Article\",\"@id\":\"https:\/\/tuzlainfo.ba\/index.php\/clanci\/sa-svih-strana\/item\/155352-tragedija-u-kanadi-mirsad-i-anita-stradali-u-klizistu-iza-njih-ostalo-dvogodisnje-dijete\/#article\",\"isPartOf\":{\"@id\":\"https:\/\/tuzlainfo.ba\/index.php\/clanci\/sa-svih-strana\/item\/155352-tragedija-u-kanadi-mirsad-i-anita-stradali-u-klizistu-iza-njih-ostalo-dvogodisnje-dijete\/\"},\"author\":{\"name\":\"nedim\",\"@id\":\"https:\/\/tuzlainfo.ba\/#\/schema\/person\/f434e20dc27ea133923aab08451b7f7f\"},\"headline\":\"Tragedija u Kanadi: Mirsad i Anita stradali u klizi\u0161tu, iza njih ostalo dvogodi\u0161nje dijete\",\"datePublished\":\"2021-11-22T19:56:42+00:00\",\"dateModified\":\"2021-11-22T19:57:12+00:00\",\"mainEntityOfPage\":{\"@id\":\"https:\/\/tuzlainfo.ba\/index.php\/clanci\/sa-svih-strana\/item\/155352-tragedija-u-kanadi-mirsad-i-anita-stradali-u-klizistu-iza-njih-ostalo-dvogodisnje-dijete\/\"},\"wordCount\":148,\"commentCount\":0,\"publisher\":{\"@id\":\"https:\/\/tuzlainfo.ba\/#organization\"},\"image\":{\"@id\":\"https:\/\/tuzlainfo.ba\/index.php\/clanci\/sa-svih-strana\/item\/155352-tragedija-u-kanadi-mirsad-i-anita-stradali-u-klizistu-iza-njih-ostalo-dvogodisnje-dijete\/#primaryimage\"},\"thumbnailUrl\":\"https:\/\/tuzlainfo.ba\/wp-content\/uploads\/2021\/11\/2211_mirsad_anita.jpg\",\"keywords\":[\"kanada\"],\"articleSection\":[\"Sa svih strana\"],\"inLanguage\":\"bs-BA\"},{\"@type\":\"WebPage\",\"@id\":\"https:\/\/tuzlainfo.ba\/index.php\/clanci\/sa-svih-strana\/item\/155352-tragedija-u-kanadi-mirsad-i-anita-stradali-u-klizistu-iza-njih-ostalo-dvogodisnje-dijete\/\",\"url\":\"https:\/\/tuzlainfo.ba\/index.php\/clanci\/sa-svih-strana\/item\/155352-tragedija-u-kanadi-mirsad-i-anita-stradali-u-klizistu-iza-njih-ostalo-dvogodisnje-dijete\/\",\"name\":\"Tragedija u Kanadi: Mirsad i Anita stradali u klizi\u0161tu, iza njih ostalo dvogodi\u0161nje dijete - TuzlaInfo.ba\",\"isPartOf\":{\"@id\":\"https:\/\/tuzlainfo.ba\/#website\"},\"primaryImageOfPage\":{\"@id\":\"https:\/\/tuzlainfo.ba\/index.php\/clanci\/sa-svih-strana\/item\/155352-tragedija-u-kanadi-mirsad-i-anita-stradali-u-klizistu-iza-njih-ostalo-dvogodisnje-dijete\/#primaryimage\"},\"image\":{\"@id\":\"https:\/\/tuzlainfo.ba\/index.php\/clanci\/sa-svih-strana\/item\/155352-tragedija-u-kanadi-mirsad-i-anita-stradali-u-klizistu-iza-njih-ostalo-dvogodisnje-dijete\/#primaryimage\"},\"thumbnailUrl\":\"https:\/\/tuzlainfo.ba\/wp-content\/uploads\/2021\/11\/2211_mirsad_anita.jpg\",\"datePublished\":\"2021-11-22T19:56:42+00:00\",\"dateModified\":\"2021-11-22T19:57:12+00:00\",\"breadcrumb\":{\"@id\":\"https:\/\/tuzlainfo.ba\/index.php\/clanci\/sa-svih-strana\/item\/155352-tragedija-u-kanadi-mirsad-i-anita-stradali-u-klizistu-iza-njih-ostalo-dvogodisnje-dijete\/#breadcrumb\"},\"inLanguage\":\"bs-BA\",\"potentialAction\":[{\"@type\":\"ReadAction\",\"target\":[\"https:\/\/tuzlainfo.ba\/index.php\/clanci\/sa-svih-strana\/item\/155352-tragedija-u-kanadi-mirsad-i-anita-stradali-u-klizistu-iza-njih-ostalo-dvogodisnje-dijete\/\"]}]},{\"@type\":\"ImageObject\",\"inLanguage\":\"bs-BA\",\"@id\":\"https:\/\/tuzlainfo.ba\/index.php\/clanci\/sa-svih-strana\/item\/155352-tragedija-u-kanadi-mirsad-i-anita-stradali-u-klizistu-iza-njih-ostalo-dvogodisnje-dijete\/#primaryimage\",\"url\":\"https:\/\/tuzlainfo.ba\/wp-content\/uploads\/2021\/11\/2211_mirsad_anita.jpg\",\"contentUrl\":\"https:\/\/tuzlainfo.ba\/wp-content\/uploads\/2021\/11\/2211_mirsad_anita.jpg\",\"width\":770,\"height\":567},{\"@type\":\"BreadcrumbList\",\"@id\":\"https:\/\/tuzlainfo.ba\/index.php\/clanci\/sa-svih-strana\/item\/155352-tragedija-u-kanadi-mirsad-i-anita-stradali-u-klizistu-iza-njih-ostalo-dvogodisnje-dijete\/#breadcrumb\",\"itemListElement\":[{\"@type\":\"ListItem\",\"position\":1,\"name\":\"Home\",\"item\":\"https:\/\/tuzlainfo.ba\/\"},{\"@type\":\"ListItem\",\"position\":2,\"name\":\"Tragedija u Kanadi: Mirsad i Anita stradali u klizi\u0161tu, iza njih ostalo dvogodi\u0161nje dijete\"}]},{\"@type\":\"WebSite\",\"@id\":\"https:\/\/tuzlainfo.ba\/#website\",\"url\":\"https:\/\/tuzlainfo.ba\/\",\"name\":\"TuzlaInfo.ba\",\"description\":\"Tuzla info, gradski informator - Tuzla na dlanu\",\"publisher\":{\"@id\":\"https:\/\/tuzlainfo.ba\/#organization\"},\"potentialAction\":[{\"@type\":\"SearchAction\",\"target\":{\"@type\":\"EntryPoint\",\"urlTemplate\":\"https:\/\/tuzlainfo.ba\/?s={search_term_string}\"},\"query-input\":{\"@type\":\"PropertyValueSpecification\",\"valueRequired\":true,\"valueName\":\"search_term_string\"}}],\"inLanguage\":\"bs-BA\"},{\"@type\":\"Organization\",\"@id\":\"https:\/\/tuzlainfo.ba\/#organization\",\"name\":\"TuzlaInfo.ba\",\"url\":\"https:\/\/tuzlainfo.ba\/\",\"logo\":{\"@type\":\"ImageObject\",\"inLanguage\":\"bs-BA\",\"@id\":\"https:\/\/tuzlainfo.ba\/#\/schema\/logo\/image\/\",\"url\":\"https:\/\/tuzlainfo.ba\/wp-content\/uploads\/2021\/03\/logo-ver-3-1.png\",\"contentUrl\":\"https:\/\/tuzlainfo.ba\/wp-content\/uploads\/2021\/03\/logo-ver-3-1.png\",\"width\":350,\"height\":95,\"caption\":\"TuzlaInfo.ba\"},\"image\":{\"@id\":\"https:\/\/tuzlainfo.ba\/#\/schema\/logo\/image\/\"},\"sameAs\":[\"https:\/\/www.facebook.com\/tuzlainfo.ba\/\"]},{\"@type\":\"Person\",\"@id\":\"https:\/\/tuzlainfo.ba\/#\/schema\/person\/f434e20dc27ea133923aab08451b7f7f\",\"name\":\"nedim\",\"image\":{\"@type\":\"ImageObject\",\"inLanguage\":\"bs-BA\",\"@id\":\"https:\/\/tuzlainfo.ba\/#\/schema\/person\/image\/\",\"url\":\"https:\/\/tuzlainfo.ba\/wp-content\/litespeed\/avatar\/aabad687af24844af817603ac1cbdc4f.jpg?ver=1776702173\",\"contentUrl\":\"https:\/\/tuzlainfo.ba\/wp-content\/litespeed\/avatar\/aabad687af24844af817603ac1cbdc4f.jpg?ver=1776702173\",\"caption\":\"nedim\"},\"description\":\"Tuzlainfo.ba pratite na dru\u0161tvenim mre\u017eama: Facebook, Instagram i Youtube. Svoje pri\u010de, upite i fotografije \u0161aljite na na\u0161u e-mail adresu.\"}]}<\/script>\n<!-- \/ Yoast SEO plugin. -->","yoast_head_json":{"title":"Tragedija u Kanadi: Mirsad i Anita stradali u klizi\u0161tu, iza njih ostalo dvogodi\u0161nje dijete - TuzlaInfo.ba","robots":{"index":"index","follow":"follow","max-snippet":"max-snippet:-1","max-image-preview":"max-image-preview:large","max-video-preview":"max-video-preview:-1"},"canonical":"https:\/\/tuzlainfo.ba\/index.php\/clanci\/sa-svih-strana\/item\/155352-tragedija-u-kanadi-mirsad-i-anita-stradali-u-klizistu-iza-njih-ostalo-dvogodisnje-dijete\/","og_locale":"bs_BA","og_type":"article","og_title":"Tragedija u Kanadi: Mirsad i Anita stradali u klizi\u0161tu, iza njih ostalo dvogodi\u0161nje dijete - TuzlaInfo.ba","og_description":"Mirsad i Anita Had\u017ei\u0107 stradali su u Kanadi, kada ih je prilikom povratka u Vancuover&hellip;","og_url":"https:\/\/tuzlainfo.ba\/index.php\/clanci\/sa-svih-strana\/item\/155352-tragedija-u-kanadi-mirsad-i-anita-stradali-u-klizistu-iza-njih-ostalo-dvogodisnje-dijete\/","og_site_name":"TuzlaInfo.ba","article_publisher":"https:\/\/www.facebook.com\/tuzlainfo.ba\/","article_published_time":"2021-11-22T19:56:42+00:00","article_modified_time":"2021-11-22T19:57:12+00:00","og_image":[{"width":770,"height":567,"url":"https:\/\/tuzlainfo.ba\/wp-content\/uploads\/2021\/11\/2211_mirsad_anita.jpg","type":"image\/jpeg"}],"author":"nedim","twitter_card":"summary_large_image","twitter_misc":{"Written by":"nedim","Est. reading time":"1 minuta"},"schema":{"@context":"https:\/\/schema.org","@graph":[{"@type":"Article","@id":"https:\/\/tuzlainfo.ba\/index.php\/clanci\/sa-svih-strana\/item\/155352-tragedija-u-kanadi-mirsad-i-anita-stradali-u-klizistu-iza-njih-ostalo-dvogodisnje-dijete\/#article","isPartOf":{"@id":"https:\/\/tuzlainfo.ba\/index.php\/clanci\/sa-svih-strana\/item\/155352-tragedija-u-kanadi-mirsad-i-anita-stradali-u-klizistu-iza-njih-ostalo-dvogodisnje-dijete\/"},"author":{"name":"nedim","@id":"https:\/\/tuzlainfo.ba\/#\/schema\/person\/f434e20dc27ea133923aab08451b7f7f"},"headline":"Tragedija u Kanadi: Mirsad i Anita stradali u klizi\u0161tu, iza njih ostalo dvogodi\u0161nje dijete","datePublished":"2021-11-22T19:56:42+00:00","dateModified":"2021-11-22T19:57:12+00:00","mainEntityOfPage":{"@id":"https:\/\/tuzlainfo.ba\/index.php\/clanci\/sa-svih-strana\/item\/155352-tragedija-u-kanadi-mirsad-i-anita-stradali-u-klizistu-iza-njih-ostalo-dvogodisnje-dijete\/"},"wordCount":148,"commentCount":0,"publisher":{"@id":"https:\/\/tuzlainfo.ba\/#organization"},"image":{"@id":"https:\/\/tuzlainfo.ba\/index.php\/clanci\/sa-svih-strana\/item\/155352-tragedija-u-kanadi-mirsad-i-anita-stradali-u-klizistu-iza-njih-ostalo-dvogodisnje-dijete\/#primaryimage"},"thumbnailUrl":"https:\/\/tuzlainfo.ba\/wp-content\/uploads\/2021\/11\/2211_mirsad_anita.jpg","keywords":["kanada"],"articleSection":["Sa svih strana"],"inLanguage":"bs-BA"},{"@type":"WebPage","@id":"https:\/\/tuzlainfo.ba\/index.php\/clanci\/sa-svih-strana\/item\/155352-tragedija-u-kanadi-mirsad-i-anita-stradali-u-klizistu-iza-njih-ostalo-dvogodisnje-dijete\/","url":"https:\/\/tuzlainfo.ba\/index.php\/clanci\/sa-svih-strana\/item\/155352-tragedija-u-kanadi-mirsad-i-anita-stradali-u-klizistu-iza-njih-ostalo-dvogodisnje-dijete\/","name":"Tragedija u Kanadi: Mirsad i Anita stradali u klizi\u0161tu, iza njih ostalo dvogodi\u0161nje dijete - TuzlaInfo.ba","isPartOf":{"@id":"https:\/\/tuzlainfo.ba\/#website"},"primaryImageOfPage":{"@id":"https:\/\/tuzlainfo.ba\/index.php\/clanci\/sa-svih-strana\/item\/155352-tragedija-u-kanadi-mirsad-i-anita-stradali-u-klizistu-iza-njih-ostalo-dvogodisnje-dijete\/#primaryimage"},"image":{"@id":"https:\/\/tuzlainfo.ba\/index.php\/clanci\/sa-svih-strana\/item\/155352-tragedija-u-kanadi-mirsad-i-anita-stradali-u-klizistu-iza-njih-ostalo-dvogodisnje-dijete\/#primaryimage"},"thumbnailUrl":"https:\/\/tuzlainfo.ba\/wp-content\/uploads\/2021\/11\/2211_mirsad_anita.jpg","datePublished":"2021-11-22T19:56:42+00:00","dateModified":"2021-11-22T19:57:12+00:00","breadcrumb":{"@id":"https:\/\/tuzlainfo.ba\/index.php\/clanci\/sa-svih-strana\/item\/155352-tragedija-u-kanadi-mirsad-i-anita-stradali-u-klizistu-iza-njih-ostalo-dvogodisnje-dijete\/#breadcrumb"},"inLanguage":"bs-BA","potentialAction":[{"@type":"ReadAction","target":["https:\/\/tuzlainfo.ba\/index.php\/clanci\/sa-svih-strana\/item\/155352-tragedija-u-kanadi-mirsad-i-anita-stradali-u-klizistu-iza-njih-ostalo-dvogodisnje-dijete\/"]}]},{"@type":"ImageObject","inLanguage":"bs-BA","@id":"https:\/\/tuzlainfo.ba\/index.php\/clanci\/sa-svih-strana\/item\/155352-tragedija-u-kanadi-mirsad-i-anita-stradali-u-klizistu-iza-njih-ostalo-dvogodisnje-dijete\/#primaryimage","url":"https:\/\/tuzlainfo.ba\/wp-content\/uploads\/2021\/11\/2211_mirsad_anita.jpg","contentUrl":"https:\/\/tuzlainfo.ba\/wp-content\/uploads\/2021\/11\/2211_mirsad_anita.jpg","width":770,"height":567},{"@type":"BreadcrumbList","@id":"https:\/\/tuzlainfo.ba\/index.php\/clanci\/sa-svih-strana\/item\/155352-tragedija-u-kanadi-mirsad-i-anita-stradali-u-klizistu-iza-njih-ostalo-dvogodisnje-dijete\/#breadcrumb","itemListElement":[{"@type":"ListItem","position":1,"name":"Home","item":"https:\/\/tuzlainfo.ba\/"},{"@type":"ListItem","position":2,"name":"Tragedija u Kanadi: Mirsad i Anita stradali u klizi\u0161tu, iza njih ostalo dvogodi\u0161nje dijete"}]},{"@type":"WebSite","@id":"https:\/\/tuzlainfo.ba\/#website","url":"https:\/\/tuzlainfo.ba\/","name":"TuzlaInfo.ba","description":"Tuzla info, gradski informator - Tuzla na dlanu","publisher":{"@id":"https:\/\/tuzlainfo.ba\/#organization"},"potentialAction":[{"@type":"SearchAction","target":{"@type":"EntryPoint","urlTemplate":"https:\/\/tuzlainfo.ba\/?s={search_term_string}"},"query-input":{"@type":"PropertyValueSpecification","valueRequired":true,"valueName":"search_term_string"}}],"inLanguage":"bs-BA"},{"@type":"Organization","@id":"https:\/\/tuzlainfo.ba\/#organization","name":"TuzlaInfo.ba","url":"https:\/\/tuzlainfo.ba\/","logo":{"@type":"ImageObject","inLanguage":"bs-BA","@id":"https:\/\/tuzlainfo.ba\/#\/schema\/logo\/image\/","url":"https:\/\/tuzlainfo.ba\/wp-content\/uploads\/2021\/03\/logo-ver-3-1.png","contentUrl":"https:\/\/tuzlainfo.ba\/wp-content\/uploads\/2021\/03\/logo-ver-3-1.png","width":350,"height":95,"caption":"TuzlaInfo.ba"},"image":{"@id":"https:\/\/tuzlainfo.ba\/#\/schema\/logo\/image\/"},"sameAs":["https:\/\/www.facebook.com\/tuzlainfo.ba\/"]},{"@type":"Person","@id":"https:\/\/tuzlainfo.ba\/#\/schema\/person\/f434e20dc27ea133923aab08451b7f7f","name":"nedim","image":{"@type":"ImageObject","inLanguage":"bs-BA","@id":"https:\/\/tuzlainfo.ba\/#\/schema\/person\/image\/","url":"https:\/\/tuzlainfo.ba\/wp-content\/litespeed\/avatar\/aabad687af24844af817603ac1cbdc4f.jpg?ver=1776702173","contentUrl":"https:\/\/tuzlainfo.ba\/wp-content\/litespeed\/avatar\/aabad687af24844af817603ac1cbdc4f.jpg?ver=1776702173","caption":"nedim"},"description":"Tuzlainfo.ba pratite na dru\u0161tvenim mre\u017eama: Facebook, Instagram i Youtube. Svoje pri\u010de, upite i fotografije \u0161aljite na na\u0161u e-mail adresu."}]}},"_links":{"self":[{"href":"https:\/\/tuzlainfo.ba\/index.php\/wp-json\/wp\/v2\/posts\/155352"}],"collection":[{"href":"https:\/\/tuzlainfo.ba\/index.php\/wp-json\/wp\/v2\/posts"}],"about":[{"href":"https:\/\/tuzlainfo.ba\/index.php\/wp-json\/wp\/v2\/types\/post"}],"author":[{"embeddable":true,"href":"https:\/\/tuzlainfo.ba\/index.php\/wp-json\/wp\/v2\/users\/2"}],"replies":[{"embeddable":true,"href":"https:\/\/tuzlainfo.ba\/index.php\/wp-json\/wp\/v2\/comments?post=155352"}],"version-history":[{"count":0,"href":"https:\/\/tuzlainfo.ba\/index.php\/wp-json\/wp\/v2\/posts\/155352\/revisions"}],"wp:featuredmedia":[{"embeddable":true,"href":"https:\/\/tuzlainfo.ba\/index.php\/wp-json\/wp\/v2\/media\/155353"}],"wp:attachment":[{"href":"https:\/\/tuzlainfo.ba\/index.php\/wp-json\/wp\/v2\/media?parent=155352"}],"wp:term":[{"taxonomy":"category","embeddable":true,"href":"https:\/\/tuzlainfo.ba\/index.php\/wp-json\/wp\/v2\/categories?post=155352"},{"taxonomy":"post_tag","embeddable":true,"href":"https:\/\/tuzlainfo.ba\/index.php\/wp-json\/wp\/v2\/tags?post=155352"}],"curies":[{"name":"wp","href":"https:\/\/api.w.org\/{rel}","templated":true}]}}