{"id":155106,"date":"2021-11-20T15:42:22","date_gmt":"2021-11-20T14:42:22","guid":{"rendered":"https:\/\/tuzlainfo.ba\/?p=155106"},"modified":"2021-11-20T15:42:22","modified_gmt":"2021-11-20T14:42:22","slug":"kriticari-iz-evrope-sve-glasniji-izgradnja-bloka-7-te-tuzla-za-fbih-ce-biti-kamen-oko-vrata","status":"publish","type":"post","link":"https:\/\/tuzlainfo.ba\/index.php\/novosti\/item\/155106-kriticari-iz-evrope-sve-glasniji-izgradnja-bloka-7-te-tuzla-za-fbih-ce-biti-kamen-oko-vrata\/","title":{"rendered":"Kriti\u010dari iz Evrope sve glasniji: Izgradnja Bloka 7 TE Tuzla za FBIH \u0107e biti kamen oko vrata"},"content":{"rendered":"<p>Sekretarijat Energetske zajednice objavio je da je Savjetodavni odbor predao zvani\u010dno mi\u0161ljenje u predmetu protiv BiH.<\/p>\n<p>Predmet se odnosi na garanciju FBiH za kredit koji je Elektroprivreda BiH uzela od kineske Eximbanke, za izgradnju bloka 7 termoelektrane Tuzla.<\/p>\n<p>Savjetodavni odbor je potvrdio argumentaciju Sekretarijata Energetske zajednice da odluka Vije\u0107a za dr\u017eavnu pomo\u0107 nije u skladu sa pravilima Evropske unije o dr\u017eavnoj pomo\u0107i, te da garancija za kredit za Blok 7 predstavlja dr\u017eavnu pomo\u0107.<\/p>\n<p>Mi\u0161ljenje Savjetodavnog odbora je potrebno kao posljednji korak prije nego \u0161to Vije\u0107e ministara \u010dlanica Energetske zajednice donese odluku o ovom pitanju 30. novembra.<\/p>\n<p>&#8220;Ovo je jo\u0161 jedna u nizu potvrda da Blok 7 termoelektrane Tuzla nema budu\u0107nosti. Ostaje da vidimo da li \u0107e se pojedini predstavnici vlasti i Elektroprivrede i dalje igrati sa novcem gra\u0111ana Bosne i Hercegovine i pod svaku cijenu tvrdoglavo srljati u propast&#8221;, kazao je\u00a0<strong>Denis \u017di\u0161ko<\/strong>\u00a0iz Aarhus Centra Tuzla.<\/p>\n<p>Projekt izgradnje Bloka 7 termoelektrane Tuzla, istakao je \u017di\u0161ko, se nalazi u ozbiljnim problemima i zbog odustajanja firme General Electric, od isporuke opreme definirane potpisanim ugovorom. Izvo\u0111a\u010d radova, Gezhouba, nudi alternativnu kinesku tehnologiju, a vlasti FBiH trenutno razmatraju da li da odustanu od projekta ili \u0107e riskirati nastavak projekta sa nepoznatom kineskom tehnologijom.<\/p>\n<p>&#8220;Izgradnja Bloka 7 termoelektrane Tuzla se predstavlja kao razvojna \u0161ansa za Federaciju BiH, ali \u0107e zapravo biti mlinski kamen oko vrata. Pretpostavke koje su uklju\u010dene u studiju izvodljivosti su apsolutno nerealne i nema teorije da \u0107e blok 7 biti isplativ. Ova vijest iz Energetske zajednice je jo\u0161 jedan razlog za odustajanje od projekta i razvijanje odr\u017eivih alternativa&#8221;, kazala je Pippa Gallop iz mre\u017ee CEE Bankwatch-a.<\/p>\n<p>Vije\u0107e za dr\u017eavnu pomo\u0107 Bosne i Hercegovine je 2018. utvrdilo je da ova garancija ne sadr\u017ei elemente dr\u017eavne pomo\u0107i, me\u0111utim udru\u017eenje Aarhus Centar BiH i mre\u017ea CEE Bankwatch se nisu slo\u017eili.<\/p>\n<p>U septembru 2018. su predali zahtjev Energetskoj zajednici da se istra\u017ei uskla\u0111enost garancija sa pravilima Sporazuma o uspostavi Energetske zajednice, a Sekretarijat Energetske zajednice je u martu. 2019. otvorio postupak protiv Bosne i Hercegovine, pi\u0161u Vijesti.ba.<\/p>\n","protected":false},"excerpt":{"rendered":"<p>Sekretarijat Energetske zajednice objavio je da je Savjetodavni odbor predao zvani\u010dno mi\u0161ljenje u predmetu protiv&hellip;<\/p>\n","protected":false},"author":2,"featured_media":74464,"comment_status":"open","ping_status":"closed","sticky":false,"template":"","format":"standard","meta":{"_acf_changed":false,"footnotes":""},"categories":[304,12],"tags":[2225,3403],"acf":[],"yoast_head":"<!-- This site is optimized with the Yoast SEO plugin v23.5 - https:\/\/yoast.com\/wordpress\/plugins\/seo\/ -->\n<title>Kriti\u010dari iz Evrope sve glasniji: Izgradnja Bloka 7 TE Tuzla za FBIH \u0107e biti kamen oko vrata - TuzlaInfo.ba<\/title>\n<meta name=\"robots\" content=\"index, follow, max-snippet:-1, max-image-preview:large, max-video-preview:-1\" \/>\n<link rel=\"canonical\" href=\"https:\/\/tuzlainfo.ba\/index.php\/novosti\/item\/155106-kriticari-iz-evrope-sve-glasniji-izgradnja-bloka-7-te-tuzla-za-fbih-ce-biti-kamen-oko-vrata\/\" \/>\n<meta property=\"og:locale\" content=\"bs_BA\" \/>\n<meta property=\"og:type\" content=\"article\" \/>\n<meta property=\"og:title\" content=\"Kriti\u010dari iz Evrope sve glasniji: Izgradnja Bloka 7 TE Tuzla za FBIH \u0107e biti kamen oko vrata - TuzlaInfo.ba\" \/>\n<meta property=\"og:description\" content=\"Sekretarijat Energetske zajednice objavio je da je Savjetodavni odbor predao zvani\u010dno mi\u0161ljenje u predmetu protiv&hellip;\" \/>\n<meta property=\"og:url\" content=\"https:\/\/tuzlainfo.ba\/index.php\/novosti\/item\/155106-kriticari-iz-evrope-sve-glasniji-izgradnja-bloka-7-te-tuzla-za-fbih-ce-biti-kamen-oko-vrata\/\" \/>\n<meta property=\"og:site_name\" content=\"TuzlaInfo.ba\" \/>\n<meta property=\"article:publisher\" content=\"https:\/\/www.facebook.com\/tuzlainfo.ba\/\" \/>\n<meta property=\"article:published_time\" content=\"2021-11-20T14:42:22+00:00\" \/>\n<meta property=\"og:image\" content=\"https:\/\/tuzlainfo.ba\/wp-content\/uploads\/2019\/11\/sadrzaj_2019_20190101_01012019_blok_7_termoelektrana.jpg\" \/>\n\t<meta property=\"og:image:width\" content=\"770\" \/>\n\t<meta property=\"og:image:height\" content=\"482\" \/>\n\t<meta property=\"og:image:type\" content=\"image\/jpeg\" \/>\n<meta name=\"author\" content=\"nedim\" \/>\n<meta name=\"twitter:card\" content=\"summary_large_image\" \/>\n<meta name=\"twitter:label1\" content=\"Written by\" \/>\n\t<meta name=\"twitter:data1\" content=\"nedim\" \/>\n\t<meta name=\"twitter:label2\" content=\"Est. reading time\" \/>\n\t<meta name=\"twitter:data2\" content=\"2 minute\" \/>\n<script type=\"application\/ld+json\" class=\"yoast-schema-graph\">{\"@context\":\"https:\/\/schema.org\",\"@graph\":[{\"@type\":\"Article\",\"@id\":\"https:\/\/tuzlainfo.ba\/index.php\/novosti\/item\/155106-kriticari-iz-evrope-sve-glasniji-izgradnja-bloka-7-te-tuzla-za-fbih-ce-biti-kamen-oko-vrata\/#article\",\"isPartOf\":{\"@id\":\"https:\/\/tuzlainfo.ba\/index.php\/novosti\/item\/155106-kriticari-iz-evrope-sve-glasniji-izgradnja-bloka-7-te-tuzla-za-fbih-ce-biti-kamen-oko-vrata\/\"},\"author\":{\"name\":\"nedim\",\"@id\":\"https:\/\/tuzlainfo.ba\/#\/schema\/person\/f434e20dc27ea133923aab08451b7f7f\"},\"headline\":\"Kriti\u010dari iz Evrope sve glasniji: Izgradnja Bloka 7 TE Tuzla za FBIH \u0107e biti kamen oko vrata\",\"datePublished\":\"2021-11-20T14:42:22+00:00\",\"dateModified\":\"2021-11-20T14:42:22+00:00\",\"mainEntityOfPage\":{\"@id\":\"https:\/\/tuzlainfo.ba\/index.php\/novosti\/item\/155106-kriticari-iz-evrope-sve-glasniji-izgradnja-bloka-7-te-tuzla-za-fbih-ce-biti-kamen-oko-vrata\/\"},\"wordCount\":369,\"commentCount\":0,\"publisher\":{\"@id\":\"https:\/\/tuzlainfo.ba\/#organization\"},\"image\":{\"@id\":\"https:\/\/tuzlainfo.ba\/index.php\/novosti\/item\/155106-kriticari-iz-evrope-sve-glasniji-izgradnja-bloka-7-te-tuzla-za-fbih-ce-biti-kamen-oko-vrata\/#primaryimage\"},\"thumbnailUrl\":\"https:\/\/tuzlainfo.ba\/wp-content\/uploads\/2019\/11\/sadrzaj_2019_20190101_01012019_blok_7_termoelektrana.jpg\",\"keywords\":[\"blok 7\",\"termoelektrana tuzla\"],\"articleSection\":[\"Istaknuto\",\"Novosti\"],\"inLanguage\":\"bs-BA\"},{\"@type\":\"WebPage\",\"@id\":\"https:\/\/tuzlainfo.ba\/index.php\/novosti\/item\/155106-kriticari-iz-evrope-sve-glasniji-izgradnja-bloka-7-te-tuzla-za-fbih-ce-biti-kamen-oko-vrata\/\",\"url\":\"https:\/\/tuzlainfo.ba\/index.php\/novosti\/item\/155106-kriticari-iz-evrope-sve-glasniji-izgradnja-bloka-7-te-tuzla-za-fbih-ce-biti-kamen-oko-vrata\/\",\"name\":\"Kriti\u010dari iz Evrope sve glasniji: Izgradnja Bloka 7 TE Tuzla za FBIH \u0107e biti kamen oko vrata - TuzlaInfo.ba\",\"isPartOf\":{\"@id\":\"https:\/\/tuzlainfo.ba\/#website\"},\"primaryImageOfPage\":{\"@id\":\"https:\/\/tuzlainfo.ba\/index.php\/novosti\/item\/155106-kriticari-iz-evrope-sve-glasniji-izgradnja-bloka-7-te-tuzla-za-fbih-ce-biti-kamen-oko-vrata\/#primaryimage\"},\"image\":{\"@id\":\"https:\/\/tuzlainfo.ba\/index.php\/novosti\/item\/155106-kriticari-iz-evrope-sve-glasniji-izgradnja-bloka-7-te-tuzla-za-fbih-ce-biti-kamen-oko-vrata\/#primaryimage\"},\"thumbnailUrl\":\"https:\/\/tuzlainfo.ba\/wp-content\/uploads\/2019\/11\/sadrzaj_2019_20190101_01012019_blok_7_termoelektrana.jpg\",\"datePublished\":\"2021-11-20T14:42:22+00:00\",\"dateModified\":\"2021-11-20T14:42:22+00:00\",\"breadcrumb\":{\"@id\":\"https:\/\/tuzlainfo.ba\/index.php\/novosti\/item\/155106-kriticari-iz-evrope-sve-glasniji-izgradnja-bloka-7-te-tuzla-za-fbih-ce-biti-kamen-oko-vrata\/#breadcrumb\"},\"inLanguage\":\"bs-BA\",\"potentialAction\":[{\"@type\":\"ReadAction\",\"target\":[\"https:\/\/tuzlainfo.ba\/index.php\/novosti\/item\/155106-kriticari-iz-evrope-sve-glasniji-izgradnja-bloka-7-te-tuzla-za-fbih-ce-biti-kamen-oko-vrata\/\"]}]},{\"@type\":\"ImageObject\",\"inLanguage\":\"bs-BA\",\"@id\":\"https:\/\/tuzlainfo.ba\/index.php\/novosti\/item\/155106-kriticari-iz-evrope-sve-glasniji-izgradnja-bloka-7-te-tuzla-za-fbih-ce-biti-kamen-oko-vrata\/#primaryimage\",\"url\":\"https:\/\/tuzlainfo.ba\/wp-content\/uploads\/2019\/11\/sadrzaj_2019_20190101_01012019_blok_7_termoelektrana.jpg\",\"contentUrl\":\"https:\/\/tuzlainfo.ba\/wp-content\/uploads\/2019\/11\/sadrzaj_2019_20190101_01012019_blok_7_termoelektrana.jpg\",\"width\":770,\"height\":482,\"caption\":\"01012019 blok 7 termoelektrana\"},{\"@type\":\"BreadcrumbList\",\"@id\":\"https:\/\/tuzlainfo.ba\/index.php\/novosti\/item\/155106-kriticari-iz-evrope-sve-glasniji-izgradnja-bloka-7-te-tuzla-za-fbih-ce-biti-kamen-oko-vrata\/#breadcrumb\",\"itemListElement\":[{\"@type\":\"ListItem\",\"position\":1,\"name\":\"Home\",\"item\":\"https:\/\/tuzlainfo.ba\/\"},{\"@type\":\"ListItem\",\"position\":2,\"name\":\"Kriti\u010dari iz Evrope sve glasniji: Izgradnja Bloka 7 TE Tuzla za FBIH \u0107e biti kamen oko vrata\"}]},{\"@type\":\"WebSite\",\"@id\":\"https:\/\/tuzlainfo.ba\/#website\",\"url\":\"https:\/\/tuzlainfo.ba\/\",\"name\":\"TuzlaInfo.ba\",\"description\":\"Tuzla info, gradski informator - Tuzla na dlanu\",\"publisher\":{\"@id\":\"https:\/\/tuzlainfo.ba\/#organization\"},\"potentialAction\":[{\"@type\":\"SearchAction\",\"target\":{\"@type\":\"EntryPoint\",\"urlTemplate\":\"https:\/\/tuzlainfo.ba\/?s={search_term_string}\"},\"query-input\":{\"@type\":\"PropertyValueSpecification\",\"valueRequired\":true,\"valueName\":\"search_term_string\"}}],\"inLanguage\":\"bs-BA\"},{\"@type\":\"Organization\",\"@id\":\"https:\/\/tuzlainfo.ba\/#organization\",\"name\":\"TuzlaInfo.ba\",\"url\":\"https:\/\/tuzlainfo.ba\/\",\"logo\":{\"@type\":\"ImageObject\",\"inLanguage\":\"bs-BA\",\"@id\":\"https:\/\/tuzlainfo.ba\/#\/schema\/logo\/image\/\",\"url\":\"https:\/\/tuzlainfo.ba\/wp-content\/uploads\/2021\/03\/logo-ver-3-1.png\",\"contentUrl\":\"https:\/\/tuzlainfo.ba\/wp-content\/uploads\/2021\/03\/logo-ver-3-1.png\",\"width\":350,\"height\":95,\"caption\":\"TuzlaInfo.ba\"},\"image\":{\"@id\":\"https:\/\/tuzlainfo.ba\/#\/schema\/logo\/image\/\"},\"sameAs\":[\"https:\/\/www.facebook.com\/tuzlainfo.ba\/\"]},{\"@type\":\"Person\",\"@id\":\"https:\/\/tuzlainfo.ba\/#\/schema\/person\/f434e20dc27ea133923aab08451b7f7f\",\"name\":\"nedim\",\"image\":{\"@type\":\"ImageObject\",\"inLanguage\":\"bs-BA\",\"@id\":\"https:\/\/tuzlainfo.ba\/#\/schema\/person\/image\/\",\"url\":\"https:\/\/tuzlainfo.ba\/wp-content\/litespeed\/avatar\/aabad687af24844af817603ac1cbdc4f.jpg?ver=1776702173\",\"contentUrl\":\"https:\/\/tuzlainfo.ba\/wp-content\/litespeed\/avatar\/aabad687af24844af817603ac1cbdc4f.jpg?ver=1776702173\",\"caption\":\"nedim\"},\"description\":\"Tuzlainfo.ba pratite na dru\u0161tvenim mre\u017eama: Facebook, Instagram i Youtube. Svoje pri\u010de, upite i fotografije \u0161aljite na na\u0161u e-mail adresu.\"}]}<\/script>\n<!-- \/ Yoast SEO plugin. -->","yoast_head_json":{"title":"Kriti\u010dari iz Evrope sve glasniji: Izgradnja Bloka 7 TE Tuzla za FBIH \u0107e biti kamen oko vrata - TuzlaInfo.ba","robots":{"index":"index","follow":"follow","max-snippet":"max-snippet:-1","max-image-preview":"max-image-preview:large","max-video-preview":"max-video-preview:-1"},"canonical":"https:\/\/tuzlainfo.ba\/index.php\/novosti\/item\/155106-kriticari-iz-evrope-sve-glasniji-izgradnja-bloka-7-te-tuzla-za-fbih-ce-biti-kamen-oko-vrata\/","og_locale":"bs_BA","og_type":"article","og_title":"Kriti\u010dari iz Evrope sve glasniji: Izgradnja Bloka 7 TE Tuzla za FBIH \u0107e biti kamen oko vrata - TuzlaInfo.ba","og_description":"Sekretarijat Energetske zajednice objavio je da je Savjetodavni odbor predao zvani\u010dno mi\u0161ljenje u predmetu protiv&hellip;","og_url":"https:\/\/tuzlainfo.ba\/index.php\/novosti\/item\/155106-kriticari-iz-evrope-sve-glasniji-izgradnja-bloka-7-te-tuzla-za-fbih-ce-biti-kamen-oko-vrata\/","og_site_name":"TuzlaInfo.ba","article_publisher":"https:\/\/www.facebook.com\/tuzlainfo.ba\/","article_published_time":"2021-11-20T14:42:22+00:00","og_image":[{"width":770,"height":482,"url":"https:\/\/tuzlainfo.ba\/wp-content\/uploads\/2019\/11\/sadrzaj_2019_20190101_01012019_blok_7_termoelektrana.jpg","type":"image\/jpeg"}],"author":"nedim","twitter_card":"summary_large_image","twitter_misc":{"Written by":"nedim","Est. reading time":"2 minute"},"schema":{"@context":"https:\/\/schema.org","@graph":[{"@type":"Article","@id":"https:\/\/tuzlainfo.ba\/index.php\/novosti\/item\/155106-kriticari-iz-evrope-sve-glasniji-izgradnja-bloka-7-te-tuzla-za-fbih-ce-biti-kamen-oko-vrata\/#article","isPartOf":{"@id":"https:\/\/tuzlainfo.ba\/index.php\/novosti\/item\/155106-kriticari-iz-evrope-sve-glasniji-izgradnja-bloka-7-te-tuzla-za-fbih-ce-biti-kamen-oko-vrata\/"},"author":{"name":"nedim","@id":"https:\/\/tuzlainfo.ba\/#\/schema\/person\/f434e20dc27ea133923aab08451b7f7f"},"headline":"Kriti\u010dari iz Evrope sve glasniji: Izgradnja Bloka 7 TE Tuzla za FBIH \u0107e biti kamen oko vrata","datePublished":"2021-11-20T14:42:22+00:00","dateModified":"2021-11-20T14:42:22+00:00","mainEntityOfPage":{"@id":"https:\/\/tuzlainfo.ba\/index.php\/novosti\/item\/155106-kriticari-iz-evrope-sve-glasniji-izgradnja-bloka-7-te-tuzla-za-fbih-ce-biti-kamen-oko-vrata\/"},"wordCount":369,"commentCount":0,"publisher":{"@id":"https:\/\/tuzlainfo.ba\/#organization"},"image":{"@id":"https:\/\/tuzlainfo.ba\/index.php\/novosti\/item\/155106-kriticari-iz-evrope-sve-glasniji-izgradnja-bloka-7-te-tuzla-za-fbih-ce-biti-kamen-oko-vrata\/#primaryimage"},"thumbnailUrl":"https:\/\/tuzlainfo.ba\/wp-content\/uploads\/2019\/11\/sadrzaj_2019_20190101_01012019_blok_7_termoelektrana.jpg","keywords":["blok 7","termoelektrana tuzla"],"articleSection":["Istaknuto","Novosti"],"inLanguage":"bs-BA"},{"@type":"WebPage","@id":"https:\/\/tuzlainfo.ba\/index.php\/novosti\/item\/155106-kriticari-iz-evrope-sve-glasniji-izgradnja-bloka-7-te-tuzla-za-fbih-ce-biti-kamen-oko-vrata\/","url":"https:\/\/tuzlainfo.ba\/index.php\/novosti\/item\/155106-kriticari-iz-evrope-sve-glasniji-izgradnja-bloka-7-te-tuzla-za-fbih-ce-biti-kamen-oko-vrata\/","name":"Kriti\u010dari iz Evrope sve glasniji: Izgradnja Bloka 7 TE Tuzla za FBIH \u0107e biti kamen oko vrata - TuzlaInfo.ba","isPartOf":{"@id":"https:\/\/tuzlainfo.ba\/#website"},"primaryImageOfPage":{"@id":"https:\/\/tuzlainfo.ba\/index.php\/novosti\/item\/155106-kriticari-iz-evrope-sve-glasniji-izgradnja-bloka-7-te-tuzla-za-fbih-ce-biti-kamen-oko-vrata\/#primaryimage"},"image":{"@id":"https:\/\/tuzlainfo.ba\/index.php\/novosti\/item\/155106-kriticari-iz-evrope-sve-glasniji-izgradnja-bloka-7-te-tuzla-za-fbih-ce-biti-kamen-oko-vrata\/#primaryimage"},"thumbnailUrl":"https:\/\/tuzlainfo.ba\/wp-content\/uploads\/2019\/11\/sadrzaj_2019_20190101_01012019_blok_7_termoelektrana.jpg","datePublished":"2021-11-20T14:42:22+00:00","dateModified":"2021-11-20T14:42:22+00:00","breadcrumb":{"@id":"https:\/\/tuzlainfo.ba\/index.php\/novosti\/item\/155106-kriticari-iz-evrope-sve-glasniji-izgradnja-bloka-7-te-tuzla-za-fbih-ce-biti-kamen-oko-vrata\/#breadcrumb"},"inLanguage":"bs-BA","potentialAction":[{"@type":"ReadAction","target":["https:\/\/tuzlainfo.ba\/index.php\/novosti\/item\/155106-kriticari-iz-evrope-sve-glasniji-izgradnja-bloka-7-te-tuzla-za-fbih-ce-biti-kamen-oko-vrata\/"]}]},{"@type":"ImageObject","inLanguage":"bs-BA","@id":"https:\/\/tuzlainfo.ba\/index.php\/novosti\/item\/155106-kriticari-iz-evrope-sve-glasniji-izgradnja-bloka-7-te-tuzla-za-fbih-ce-biti-kamen-oko-vrata\/#primaryimage","url":"https:\/\/tuzlainfo.ba\/wp-content\/uploads\/2019\/11\/sadrzaj_2019_20190101_01012019_blok_7_termoelektrana.jpg","contentUrl":"https:\/\/tuzlainfo.ba\/wp-content\/uploads\/2019\/11\/sadrzaj_2019_20190101_01012019_blok_7_termoelektrana.jpg","width":770,"height":482,"caption":"01012019 blok 7 termoelektrana"},{"@type":"BreadcrumbList","@id":"https:\/\/tuzlainfo.ba\/index.php\/novosti\/item\/155106-kriticari-iz-evrope-sve-glasniji-izgradnja-bloka-7-te-tuzla-za-fbih-ce-biti-kamen-oko-vrata\/#breadcrumb","itemListElement":[{"@type":"ListItem","position":1,"name":"Home","item":"https:\/\/tuzlainfo.ba\/"},{"@type":"ListItem","position":2,"name":"Kriti\u010dari iz Evrope sve glasniji: Izgradnja Bloka 7 TE Tuzla za FBIH \u0107e biti kamen oko vrata"}]},{"@type":"WebSite","@id":"https:\/\/tuzlainfo.ba\/#website","url":"https:\/\/tuzlainfo.ba\/","name":"TuzlaInfo.ba","description":"Tuzla info, gradski informator - Tuzla na dlanu","publisher":{"@id":"https:\/\/tuzlainfo.ba\/#organization"},"potentialAction":[{"@type":"SearchAction","target":{"@type":"EntryPoint","urlTemplate":"https:\/\/tuzlainfo.ba\/?s={search_term_string}"},"query-input":{"@type":"PropertyValueSpecification","valueRequired":true,"valueName":"search_term_string"}}],"inLanguage":"bs-BA"},{"@type":"Organization","@id":"https:\/\/tuzlainfo.ba\/#organization","name":"TuzlaInfo.ba","url":"https:\/\/tuzlainfo.ba\/","logo":{"@type":"ImageObject","inLanguage":"bs-BA","@id":"https:\/\/tuzlainfo.ba\/#\/schema\/logo\/image\/","url":"https:\/\/tuzlainfo.ba\/wp-content\/uploads\/2021\/03\/logo-ver-3-1.png","contentUrl":"https:\/\/tuzlainfo.ba\/wp-content\/uploads\/2021\/03\/logo-ver-3-1.png","width":350,"height":95,"caption":"TuzlaInfo.ba"},"image":{"@id":"https:\/\/tuzlainfo.ba\/#\/schema\/logo\/image\/"},"sameAs":["https:\/\/www.facebook.com\/tuzlainfo.ba\/"]},{"@type":"Person","@id":"https:\/\/tuzlainfo.ba\/#\/schema\/person\/f434e20dc27ea133923aab08451b7f7f","name":"nedim","image":{"@type":"ImageObject","inLanguage":"bs-BA","@id":"https:\/\/tuzlainfo.ba\/#\/schema\/person\/image\/","url":"https:\/\/tuzlainfo.ba\/wp-content\/litespeed\/avatar\/aabad687af24844af817603ac1cbdc4f.jpg?ver=1776702173","contentUrl":"https:\/\/tuzlainfo.ba\/wp-content\/litespeed\/avatar\/aabad687af24844af817603ac1cbdc4f.jpg?ver=1776702173","caption":"nedim"},"description":"Tuzlainfo.ba pratite na dru\u0161tvenim mre\u017eama: Facebook, Instagram i Youtube. Svoje pri\u010de, upite i fotografije \u0161aljite na na\u0161u e-mail adresu."}]}},"_links":{"self":[{"href":"https:\/\/tuzlainfo.ba\/index.php\/wp-json\/wp\/v2\/posts\/155106"}],"collection":[{"href":"https:\/\/tuzlainfo.ba\/index.php\/wp-json\/wp\/v2\/posts"}],"about":[{"href":"https:\/\/tuzlainfo.ba\/index.php\/wp-json\/wp\/v2\/types\/post"}],"author":[{"embeddable":true,"href":"https:\/\/tuzlainfo.ba\/index.php\/wp-json\/wp\/v2\/users\/2"}],"replies":[{"embeddable":true,"href":"https:\/\/tuzlainfo.ba\/index.php\/wp-json\/wp\/v2\/comments?post=155106"}],"version-history":[{"count":0,"href":"https:\/\/tuzlainfo.ba\/index.php\/wp-json\/wp\/v2\/posts\/155106\/revisions"}],"wp:featuredmedia":[{"embeddable":true,"href":"https:\/\/tuzlainfo.ba\/index.php\/wp-json\/wp\/v2\/media\/74464"}],"wp:attachment":[{"href":"https:\/\/tuzlainfo.ba\/index.php\/wp-json\/wp\/v2\/media?parent=155106"}],"wp:term":[{"taxonomy":"category","embeddable":true,"href":"https:\/\/tuzlainfo.ba\/index.php\/wp-json\/wp\/v2\/categories?post=155106"},{"taxonomy":"post_tag","embeddable":true,"href":"https:\/\/tuzlainfo.ba\/index.php\/wp-json\/wp\/v2\/tags?post=155106"}],"curies":[{"name":"wp","href":"https:\/\/api.w.org\/{rel}","templated":true}]}}