{"id":155086,"date":"2021-11-20T08:47:06","date_gmt":"2021-11-20T07:47:06","guid":{"rendered":"https:\/\/tuzlainfo.ba\/?p=155086"},"modified":"2021-11-20T08:47:36","modified_gmt":"2021-11-20T07:47:36","slug":"ljekar-bijele-kuce-saopstio-informacije-o-zdravstvenom-stanju-americkog-predsjednika","status":"publish","type":"post","link":"https:\/\/tuzlainfo.ba\/index.php\/clanci\/sa-svih-strana\/item\/155086-ljekar-bijele-kuce-saopstio-informacije-o-zdravstvenom-stanju-americkog-predsjednika\/","title":{"rendered":"Ljekar Bijele ku\u0107e saop\u0161tio informacije o zdravstvenom stanju ameri\u010dkog predsjednika"},"content":{"rendered":"<p>Ameri\u010dki predsjednik Joe Biden, koji je u petak bio na ljekarskom pregledu te podvrgnut kolonoskopiji, &#8220;spreman je za du\u017enost i sposoban izvr\u0161avati svoje du\u017enosti bez ikakvih prilagodbi&#8221;, naveo je njegov ljekar u pismu koje je objavila Bijela ku\u0107a.<\/p>\n<p>Kevin O\u2019Connor, ljekar ameri\u010dkog predsjednika, kazao je da je kolonoskopijom prona\u0111en \u201cpolip benignog izgleda\u201d koji je lagano odstranjen.<\/p>\n<p>\u201cO\u010dekuje se da \u0107e histolo\u0161ka evaluacija biti dovr\u0161ena po\u010detkom naredne sedmice. Predsjednik nikad nije imao rak debelog crijeva\u201d, izvijestio je ljekar.<\/p>\n<div class=\"itemFullText\">\n<p>O\u2019Connor je tako\u0111er rekao da je Biden pokazao pove\u0107anu u\u010destalost i ozbiljnost \u201cpro\u010di\u0161\u0107avanja grla\u201d zbog refluksa, \u0161to je zahtijevalo detaljan pregled. Taj pregled, kako prenosi Hina, nije otkrio tumore, \u010direve, rak ili druga ozbiljna stanja, naveo je ljekar.<\/p>\n<p>Bidenov hod se tako\u0111er \u010dini \u201cosjetno tvr\u0111im i manje fluidnim\u201d nego u pro\u0161losti, napisao je O\u2019Connor. Pretraga je pokazala da se ve\u0107i dio uko\u010denosti mo\u017ee pripisati tro\u0161enju ki\u010dme.<\/p>\n<p>Joe Biden, koji u subotu slavi 79. ro\u0111endan, nastavio je obna\u0161ati svoje predsjedni\u010dke du\u017enosti u petak oko 17.35 sati po srednjeevropskom vremenu nakon kratkog prebacivanja ovlasti na potpredsjednicu Kamalu Harris tokom anestezije. Harris je tako postala prva \u017eenu u historiji SAD-a koja je imala predsjedni\u010dke ovlasti.<\/p>\n<p>Biden je kao 78-godi\u0161njak postao najstariji ameri\u010dki predsjednik u historiji. Iako se jo\u0161 spekuli\u0161e ho\u0107e li se ponovno kandidovati 2024., on govori da o\u010dekuje i drugi mandat.<\/p>\n<\/div>\n<div class=\"item__related\"><\/div>\n","protected":false},"excerpt":{"rendered":"<p>Ameri\u010dki predsjednik Joe Biden, koji je u petak bio na ljekarskom pregledu te podvrgnut kolonoskopiji,&hellip;<\/p>\n","protected":false},"author":2,"featured_media":139286,"comment_status":"open","ping_status":"closed","sticky":false,"template":"","format":"standard","meta":{"_acf_changed":false,"footnotes":""},"categories":[16],"tags":[1533],"acf":[],"yoast_head":"<!-- This site is optimized with the Yoast SEO plugin v23.5 - https:\/\/yoast.com\/wordpress\/plugins\/seo\/ -->\n<title>Ljekar Bijele ku\u0107e saop\u0161tio informacije o zdravstvenom stanju ameri\u010dkog predsjednika - TuzlaInfo.ba<\/title>\n<meta name=\"robots\" content=\"index, follow, max-snippet:-1, max-image-preview:large, max-video-preview:-1\" \/>\n<link rel=\"canonical\" href=\"https:\/\/tuzlainfo.ba\/index.php\/clanci\/sa-svih-strana\/item\/155086-ljekar-bijele-kuce-saopstio-informacije-o-zdravstvenom-stanju-americkog-predsjednika\/\" \/>\n<meta property=\"og:locale\" content=\"bs_BA\" \/>\n<meta property=\"og:type\" content=\"article\" \/>\n<meta property=\"og:title\" content=\"Ljekar Bijele ku\u0107e saop\u0161tio informacije o zdravstvenom stanju ameri\u010dkog predsjednika - TuzlaInfo.ba\" \/>\n<meta property=\"og:description\" content=\"Ameri\u010dki predsjednik Joe Biden, koji je u petak bio na ljekarskom pregledu te podvrgnut kolonoskopiji,&hellip;\" \/>\n<meta property=\"og:url\" content=\"https:\/\/tuzlainfo.ba\/index.php\/clanci\/sa-svih-strana\/item\/155086-ljekar-bijele-kuce-saopstio-informacije-o-zdravstvenom-stanju-americkog-predsjednika\/\" \/>\n<meta property=\"og:site_name\" content=\"TuzlaInfo.ba\" \/>\n<meta property=\"article:publisher\" content=\"https:\/\/www.facebook.com\/tuzlainfo.ba\/\" \/>\n<meta property=\"article:published_time\" content=\"2021-11-20T07:47:06+00:00\" \/>\n<meta property=\"article:modified_time\" content=\"2021-11-20T07:47:36+00:00\" \/>\n<meta property=\"og:image\" content=\"https:\/\/tuzlainfo.ba\/wp-content\/uploads\/2021\/06\/1006_joe_biden.jpg\" \/>\n\t<meta property=\"og:image:width\" content=\"1229\" \/>\n\t<meta property=\"og:image:height\" content=\"881\" \/>\n\t<meta property=\"og:image:type\" content=\"image\/jpeg\" \/>\n<meta name=\"author\" content=\"nedim\" \/>\n<meta name=\"twitter:card\" content=\"summary_large_image\" \/>\n<meta name=\"twitter:label1\" content=\"Written by\" \/>\n\t<meta name=\"twitter:data1\" content=\"nedim\" \/>\n\t<meta name=\"twitter:label2\" content=\"Est. reading time\" \/>\n\t<meta name=\"twitter:data2\" content=\"1 minuta\" \/>\n<script type=\"application\/ld+json\" class=\"yoast-schema-graph\">{\"@context\":\"https:\/\/schema.org\",\"@graph\":[{\"@type\":\"Article\",\"@id\":\"https:\/\/tuzlainfo.ba\/index.php\/clanci\/sa-svih-strana\/item\/155086-ljekar-bijele-kuce-saopstio-informacije-o-zdravstvenom-stanju-americkog-predsjednika\/#article\",\"isPartOf\":{\"@id\":\"https:\/\/tuzlainfo.ba\/index.php\/clanci\/sa-svih-strana\/item\/155086-ljekar-bijele-kuce-saopstio-informacije-o-zdravstvenom-stanju-americkog-predsjednika\/\"},\"author\":{\"name\":\"nedim\",\"@id\":\"https:\/\/tuzlainfo.ba\/#\/schema\/person\/f434e20dc27ea133923aab08451b7f7f\"},\"headline\":\"Ljekar Bijele ku\u0107e saop\u0161tio informacije o zdravstvenom stanju ameri\u010dkog predsjednika\",\"datePublished\":\"2021-11-20T07:47:06+00:00\",\"dateModified\":\"2021-11-20T07:47:36+00:00\",\"mainEntityOfPage\":{\"@id\":\"https:\/\/tuzlainfo.ba\/index.php\/clanci\/sa-svih-strana\/item\/155086-ljekar-bijele-kuce-saopstio-informacije-o-zdravstvenom-stanju-americkog-predsjednika\/\"},\"wordCount\":263,\"commentCount\":0,\"publisher\":{\"@id\":\"https:\/\/tuzlainfo.ba\/#organization\"},\"image\":{\"@id\":\"https:\/\/tuzlainfo.ba\/index.php\/clanci\/sa-svih-strana\/item\/155086-ljekar-bijele-kuce-saopstio-informacije-o-zdravstvenom-stanju-americkog-predsjednika\/#primaryimage\"},\"thumbnailUrl\":\"https:\/\/tuzlainfo.ba\/wp-content\/uploads\/2021\/06\/1006_joe_biden.jpg\",\"keywords\":[\"joe biden\"],\"articleSection\":[\"Sa svih strana\"],\"inLanguage\":\"bs-BA\"},{\"@type\":\"WebPage\",\"@id\":\"https:\/\/tuzlainfo.ba\/index.php\/clanci\/sa-svih-strana\/item\/155086-ljekar-bijele-kuce-saopstio-informacije-o-zdravstvenom-stanju-americkog-predsjednika\/\",\"url\":\"https:\/\/tuzlainfo.ba\/index.php\/clanci\/sa-svih-strana\/item\/155086-ljekar-bijele-kuce-saopstio-informacije-o-zdravstvenom-stanju-americkog-predsjednika\/\",\"name\":\"Ljekar Bijele ku\u0107e saop\u0161tio informacije o zdravstvenom stanju ameri\u010dkog predsjednika - TuzlaInfo.ba\",\"isPartOf\":{\"@id\":\"https:\/\/tuzlainfo.ba\/#website\"},\"primaryImageOfPage\":{\"@id\":\"https:\/\/tuzlainfo.ba\/index.php\/clanci\/sa-svih-strana\/item\/155086-ljekar-bijele-kuce-saopstio-informacije-o-zdravstvenom-stanju-americkog-predsjednika\/#primaryimage\"},\"image\":{\"@id\":\"https:\/\/tuzlainfo.ba\/index.php\/clanci\/sa-svih-strana\/item\/155086-ljekar-bijele-kuce-saopstio-informacije-o-zdravstvenom-stanju-americkog-predsjednika\/#primaryimage\"},\"thumbnailUrl\":\"https:\/\/tuzlainfo.ba\/wp-content\/uploads\/2021\/06\/1006_joe_biden.jpg\",\"datePublished\":\"2021-11-20T07:47:06+00:00\",\"dateModified\":\"2021-11-20T07:47:36+00:00\",\"breadcrumb\":{\"@id\":\"https:\/\/tuzlainfo.ba\/index.php\/clanci\/sa-svih-strana\/item\/155086-ljekar-bijele-kuce-saopstio-informacije-o-zdravstvenom-stanju-americkog-predsjednika\/#breadcrumb\"},\"inLanguage\":\"bs-BA\",\"potentialAction\":[{\"@type\":\"ReadAction\",\"target\":[\"https:\/\/tuzlainfo.ba\/index.php\/clanci\/sa-svih-strana\/item\/155086-ljekar-bijele-kuce-saopstio-informacije-o-zdravstvenom-stanju-americkog-predsjednika\/\"]}]},{\"@type\":\"ImageObject\",\"inLanguage\":\"bs-BA\",\"@id\":\"https:\/\/tuzlainfo.ba\/index.php\/clanci\/sa-svih-strana\/item\/155086-ljekar-bijele-kuce-saopstio-informacije-o-zdravstvenom-stanju-americkog-predsjednika\/#primaryimage\",\"url\":\"https:\/\/tuzlainfo.ba\/wp-content\/uploads\/2021\/06\/1006_joe_biden.jpg\",\"contentUrl\":\"https:\/\/tuzlainfo.ba\/wp-content\/uploads\/2021\/06\/1006_joe_biden.jpg\",\"width\":1229,\"height\":881},{\"@type\":\"BreadcrumbList\",\"@id\":\"https:\/\/tuzlainfo.ba\/index.php\/clanci\/sa-svih-strana\/item\/155086-ljekar-bijele-kuce-saopstio-informacije-o-zdravstvenom-stanju-americkog-predsjednika\/#breadcrumb\",\"itemListElement\":[{\"@type\":\"ListItem\",\"position\":1,\"name\":\"Home\",\"item\":\"https:\/\/tuzlainfo.ba\/\"},{\"@type\":\"ListItem\",\"position\":2,\"name\":\"Ljekar Bijele ku\u0107e saop\u0161tio informacije o zdravstvenom stanju ameri\u010dkog predsjednika\"}]},{\"@type\":\"WebSite\",\"@id\":\"https:\/\/tuzlainfo.ba\/#website\",\"url\":\"https:\/\/tuzlainfo.ba\/\",\"name\":\"TuzlaInfo.ba\",\"description\":\"Tuzla info, gradski informator - Tuzla na dlanu\",\"publisher\":{\"@id\":\"https:\/\/tuzlainfo.ba\/#organization\"},\"potentialAction\":[{\"@type\":\"SearchAction\",\"target\":{\"@type\":\"EntryPoint\",\"urlTemplate\":\"https:\/\/tuzlainfo.ba\/?s={search_term_string}\"},\"query-input\":{\"@type\":\"PropertyValueSpecification\",\"valueRequired\":true,\"valueName\":\"search_term_string\"}}],\"inLanguage\":\"bs-BA\"},{\"@type\":\"Organization\",\"@id\":\"https:\/\/tuzlainfo.ba\/#organization\",\"name\":\"TuzlaInfo.ba\",\"url\":\"https:\/\/tuzlainfo.ba\/\",\"logo\":{\"@type\":\"ImageObject\",\"inLanguage\":\"bs-BA\",\"@id\":\"https:\/\/tuzlainfo.ba\/#\/schema\/logo\/image\/\",\"url\":\"https:\/\/tuzlainfo.ba\/wp-content\/uploads\/2021\/03\/logo-ver-3-1.png\",\"contentUrl\":\"https:\/\/tuzlainfo.ba\/wp-content\/uploads\/2021\/03\/logo-ver-3-1.png\",\"width\":350,\"height\":95,\"caption\":\"TuzlaInfo.ba\"},\"image\":{\"@id\":\"https:\/\/tuzlainfo.ba\/#\/schema\/logo\/image\/\"},\"sameAs\":[\"https:\/\/www.facebook.com\/tuzlainfo.ba\/\"]},{\"@type\":\"Person\",\"@id\":\"https:\/\/tuzlainfo.ba\/#\/schema\/person\/f434e20dc27ea133923aab08451b7f7f\",\"name\":\"nedim\",\"image\":{\"@type\":\"ImageObject\",\"inLanguage\":\"bs-BA\",\"@id\":\"https:\/\/tuzlainfo.ba\/#\/schema\/person\/image\/\",\"url\":\"https:\/\/tuzlainfo.ba\/wp-content\/litespeed\/avatar\/aabad687af24844af817603ac1cbdc4f.jpg?ver=1777306975\",\"contentUrl\":\"https:\/\/tuzlainfo.ba\/wp-content\/litespeed\/avatar\/aabad687af24844af817603ac1cbdc4f.jpg?ver=1777306975\",\"caption\":\"nedim\"},\"description\":\"Tuzlainfo.ba pratite na dru\u0161tvenim mre\u017eama: Facebook, Instagram i Youtube. Svoje pri\u010de, upite i fotografije \u0161aljite na na\u0161u e-mail adresu.\"}]}<\/script>\n<!-- \/ Yoast SEO plugin. -->","yoast_head_json":{"title":"Ljekar Bijele ku\u0107e saop\u0161tio informacije o zdravstvenom stanju ameri\u010dkog predsjednika - TuzlaInfo.ba","robots":{"index":"index","follow":"follow","max-snippet":"max-snippet:-1","max-image-preview":"max-image-preview:large","max-video-preview":"max-video-preview:-1"},"canonical":"https:\/\/tuzlainfo.ba\/index.php\/clanci\/sa-svih-strana\/item\/155086-ljekar-bijele-kuce-saopstio-informacije-o-zdravstvenom-stanju-americkog-predsjednika\/","og_locale":"bs_BA","og_type":"article","og_title":"Ljekar Bijele ku\u0107e saop\u0161tio informacije o zdravstvenom stanju ameri\u010dkog predsjednika - TuzlaInfo.ba","og_description":"Ameri\u010dki predsjednik Joe Biden, koji je u petak bio na ljekarskom pregledu te podvrgnut kolonoskopiji,&hellip;","og_url":"https:\/\/tuzlainfo.ba\/index.php\/clanci\/sa-svih-strana\/item\/155086-ljekar-bijele-kuce-saopstio-informacije-o-zdravstvenom-stanju-americkog-predsjednika\/","og_site_name":"TuzlaInfo.ba","article_publisher":"https:\/\/www.facebook.com\/tuzlainfo.ba\/","article_published_time":"2021-11-20T07:47:06+00:00","article_modified_time":"2021-11-20T07:47:36+00:00","og_image":[{"width":1229,"height":881,"url":"https:\/\/tuzlainfo.ba\/wp-content\/uploads\/2021\/06\/1006_joe_biden.jpg","type":"image\/jpeg"}],"author":"nedim","twitter_card":"summary_large_image","twitter_misc":{"Written by":"nedim","Est. reading time":"1 minuta"},"schema":{"@context":"https:\/\/schema.org","@graph":[{"@type":"Article","@id":"https:\/\/tuzlainfo.ba\/index.php\/clanci\/sa-svih-strana\/item\/155086-ljekar-bijele-kuce-saopstio-informacije-o-zdravstvenom-stanju-americkog-predsjednika\/#article","isPartOf":{"@id":"https:\/\/tuzlainfo.ba\/index.php\/clanci\/sa-svih-strana\/item\/155086-ljekar-bijele-kuce-saopstio-informacije-o-zdravstvenom-stanju-americkog-predsjednika\/"},"author":{"name":"nedim","@id":"https:\/\/tuzlainfo.ba\/#\/schema\/person\/f434e20dc27ea133923aab08451b7f7f"},"headline":"Ljekar Bijele ku\u0107e saop\u0161tio informacije o zdravstvenom stanju ameri\u010dkog predsjednika","datePublished":"2021-11-20T07:47:06+00:00","dateModified":"2021-11-20T07:47:36+00:00","mainEntityOfPage":{"@id":"https:\/\/tuzlainfo.ba\/index.php\/clanci\/sa-svih-strana\/item\/155086-ljekar-bijele-kuce-saopstio-informacije-o-zdravstvenom-stanju-americkog-predsjednika\/"},"wordCount":263,"commentCount":0,"publisher":{"@id":"https:\/\/tuzlainfo.ba\/#organization"},"image":{"@id":"https:\/\/tuzlainfo.ba\/index.php\/clanci\/sa-svih-strana\/item\/155086-ljekar-bijele-kuce-saopstio-informacije-o-zdravstvenom-stanju-americkog-predsjednika\/#primaryimage"},"thumbnailUrl":"https:\/\/tuzlainfo.ba\/wp-content\/uploads\/2021\/06\/1006_joe_biden.jpg","keywords":["joe biden"],"articleSection":["Sa svih strana"],"inLanguage":"bs-BA"},{"@type":"WebPage","@id":"https:\/\/tuzlainfo.ba\/index.php\/clanci\/sa-svih-strana\/item\/155086-ljekar-bijele-kuce-saopstio-informacije-o-zdravstvenom-stanju-americkog-predsjednika\/","url":"https:\/\/tuzlainfo.ba\/index.php\/clanci\/sa-svih-strana\/item\/155086-ljekar-bijele-kuce-saopstio-informacije-o-zdravstvenom-stanju-americkog-predsjednika\/","name":"Ljekar Bijele ku\u0107e saop\u0161tio informacije o zdravstvenom stanju ameri\u010dkog predsjednika - TuzlaInfo.ba","isPartOf":{"@id":"https:\/\/tuzlainfo.ba\/#website"},"primaryImageOfPage":{"@id":"https:\/\/tuzlainfo.ba\/index.php\/clanci\/sa-svih-strana\/item\/155086-ljekar-bijele-kuce-saopstio-informacije-o-zdravstvenom-stanju-americkog-predsjednika\/#primaryimage"},"image":{"@id":"https:\/\/tuzlainfo.ba\/index.php\/clanci\/sa-svih-strana\/item\/155086-ljekar-bijele-kuce-saopstio-informacije-o-zdravstvenom-stanju-americkog-predsjednika\/#primaryimage"},"thumbnailUrl":"https:\/\/tuzlainfo.ba\/wp-content\/uploads\/2021\/06\/1006_joe_biden.jpg","datePublished":"2021-11-20T07:47:06+00:00","dateModified":"2021-11-20T07:47:36+00:00","breadcrumb":{"@id":"https:\/\/tuzlainfo.ba\/index.php\/clanci\/sa-svih-strana\/item\/155086-ljekar-bijele-kuce-saopstio-informacije-o-zdravstvenom-stanju-americkog-predsjednika\/#breadcrumb"},"inLanguage":"bs-BA","potentialAction":[{"@type":"ReadAction","target":["https:\/\/tuzlainfo.ba\/index.php\/clanci\/sa-svih-strana\/item\/155086-ljekar-bijele-kuce-saopstio-informacije-o-zdravstvenom-stanju-americkog-predsjednika\/"]}]},{"@type":"ImageObject","inLanguage":"bs-BA","@id":"https:\/\/tuzlainfo.ba\/index.php\/clanci\/sa-svih-strana\/item\/155086-ljekar-bijele-kuce-saopstio-informacije-o-zdravstvenom-stanju-americkog-predsjednika\/#primaryimage","url":"https:\/\/tuzlainfo.ba\/wp-content\/uploads\/2021\/06\/1006_joe_biden.jpg","contentUrl":"https:\/\/tuzlainfo.ba\/wp-content\/uploads\/2021\/06\/1006_joe_biden.jpg","width":1229,"height":881},{"@type":"BreadcrumbList","@id":"https:\/\/tuzlainfo.ba\/index.php\/clanci\/sa-svih-strana\/item\/155086-ljekar-bijele-kuce-saopstio-informacije-o-zdravstvenom-stanju-americkog-predsjednika\/#breadcrumb","itemListElement":[{"@type":"ListItem","position":1,"name":"Home","item":"https:\/\/tuzlainfo.ba\/"},{"@type":"ListItem","position":2,"name":"Ljekar Bijele ku\u0107e saop\u0161tio informacije o zdravstvenom stanju ameri\u010dkog predsjednika"}]},{"@type":"WebSite","@id":"https:\/\/tuzlainfo.ba\/#website","url":"https:\/\/tuzlainfo.ba\/","name":"TuzlaInfo.ba","description":"Tuzla info, gradski informator - Tuzla na dlanu","publisher":{"@id":"https:\/\/tuzlainfo.ba\/#organization"},"potentialAction":[{"@type":"SearchAction","target":{"@type":"EntryPoint","urlTemplate":"https:\/\/tuzlainfo.ba\/?s={search_term_string}"},"query-input":{"@type":"PropertyValueSpecification","valueRequired":true,"valueName":"search_term_string"}}],"inLanguage":"bs-BA"},{"@type":"Organization","@id":"https:\/\/tuzlainfo.ba\/#organization","name":"TuzlaInfo.ba","url":"https:\/\/tuzlainfo.ba\/","logo":{"@type":"ImageObject","inLanguage":"bs-BA","@id":"https:\/\/tuzlainfo.ba\/#\/schema\/logo\/image\/","url":"https:\/\/tuzlainfo.ba\/wp-content\/uploads\/2021\/03\/logo-ver-3-1.png","contentUrl":"https:\/\/tuzlainfo.ba\/wp-content\/uploads\/2021\/03\/logo-ver-3-1.png","width":350,"height":95,"caption":"TuzlaInfo.ba"},"image":{"@id":"https:\/\/tuzlainfo.ba\/#\/schema\/logo\/image\/"},"sameAs":["https:\/\/www.facebook.com\/tuzlainfo.ba\/"]},{"@type":"Person","@id":"https:\/\/tuzlainfo.ba\/#\/schema\/person\/f434e20dc27ea133923aab08451b7f7f","name":"nedim","image":{"@type":"ImageObject","inLanguage":"bs-BA","@id":"https:\/\/tuzlainfo.ba\/#\/schema\/person\/image\/","url":"https:\/\/tuzlainfo.ba\/wp-content\/litespeed\/avatar\/aabad687af24844af817603ac1cbdc4f.jpg?ver=1777306975","contentUrl":"https:\/\/tuzlainfo.ba\/wp-content\/litespeed\/avatar\/aabad687af24844af817603ac1cbdc4f.jpg?ver=1777306975","caption":"nedim"},"description":"Tuzlainfo.ba pratite na dru\u0161tvenim mre\u017eama: Facebook, Instagram i Youtube. Svoje pri\u010de, upite i fotografije \u0161aljite na na\u0161u e-mail adresu."}]}},"_links":{"self":[{"href":"https:\/\/tuzlainfo.ba\/index.php\/wp-json\/wp\/v2\/posts\/155086"}],"collection":[{"href":"https:\/\/tuzlainfo.ba\/index.php\/wp-json\/wp\/v2\/posts"}],"about":[{"href":"https:\/\/tuzlainfo.ba\/index.php\/wp-json\/wp\/v2\/types\/post"}],"author":[{"embeddable":true,"href":"https:\/\/tuzlainfo.ba\/index.php\/wp-json\/wp\/v2\/users\/2"}],"replies":[{"embeddable":true,"href":"https:\/\/tuzlainfo.ba\/index.php\/wp-json\/wp\/v2\/comments?post=155086"}],"version-history":[{"count":0,"href":"https:\/\/tuzlainfo.ba\/index.php\/wp-json\/wp\/v2\/posts\/155086\/revisions"}],"wp:featuredmedia":[{"embeddable":true,"href":"https:\/\/tuzlainfo.ba\/index.php\/wp-json\/wp\/v2\/media\/139286"}],"wp:attachment":[{"href":"https:\/\/tuzlainfo.ba\/index.php\/wp-json\/wp\/v2\/media?parent=155086"}],"wp:term":[{"taxonomy":"category","embeddable":true,"href":"https:\/\/tuzlainfo.ba\/index.php\/wp-json\/wp\/v2\/categories?post=155086"},{"taxonomy":"post_tag","embeddable":true,"href":"https:\/\/tuzlainfo.ba\/index.php\/wp-json\/wp\/v2\/tags?post=155086"}],"curies":[{"name":"wp","href":"https:\/\/api.w.org\/{rel}","templated":true}]}}