{"id":154862,"date":"2021-11-18T11:00:00","date_gmt":"2021-11-18T10:00:00","guid":{"rendered":"https:\/\/tuzlainfo.ba\/?p=154862"},"modified":"2021-11-18T09:32:50","modified_gmt":"2021-11-18T08:32:50","slug":"zajednicka-akcija-privredne-komore-i-zzjz-tk-sutra-vakcinacija-radnika-kompanije-virgin-pulse","status":"publish","type":"post","link":"https:\/\/tuzlainfo.ba\/index.php\/novosti\/item\/154862-zajednicka-akcija-privredne-komore-i-zzjz-tk-sutra-vakcinacija-radnika-kompanije-virgin-pulse\/","title":{"rendered":"Zajedni\u010dka akcija Privredne komore i ZZJZ TK: Sutra vakcinacija radnika kompanije &#8216;Virgin Pulse&#8217;"},"content":{"rendered":"<p>U okviru zajedni\u010dke akcije koju su pokrenuli Kantonalna privredna komora Tuzla i Zavod za javno zdravstvo Tuzlanskog kantona, nastavlja se vakcinisanje protiv COVID-19 u privrednim subjektima na podru\u010dju Tuzlanskog kantona. Komora i Zavod su ranije pozvali sve privredne subjekte da animiraju svoje uposlene da se pravovremeno vakcini\u0161u i da na taj na\u010din doprinesu obezbje\u0111enju sigurnog poslovnog okru\u017eenje i smanjenju mogu\u0107nosti uvo\u0111enja restriktivnih mjera u predstoje\u0107em zimskom periodu.<\/p>\n<p>S tim u vezi, a u saradnji sa JZNU Dom Zdravlja \u201edr Mustafa \u0160ehovi\u0107\u201c Tuzla, u petak, 19. novembra sa po\u010detkom u 12,oo i 13,oo sati, bi\u0107e organizovano grupno vakcinisanje 60 uposlenika kompanije &#8220;Virgin Pulse&#8221; Tuzla.<\/p>\n<p>Vakcinisanje \u0107e biti organizovano u prostorijama JZNU Dom Zdravlja \u201edr Mustafa \u0160ehovi\u0107\u201c Tuzla ( prostorije biv\u0161eg restorana).<\/p>\n<p>Kantonalna privredna komora Tuzla i Zavod za javno zdravstvo Tuzlanskog kantona jo\u0161 jednom pozivaju sve privredne subjekte na podru\u010dju Tuzlanskog kantona, da animiraju svoje radnike, obavijeste ih o ovoj zajedni\u010dkoj akciji te spiskove svojih zainteresovanih uposlenika sa mati\u010dnim brojem (JMBG) dostave u Kantonalnu privrednu komoru Tuzla. Sve ovo s ciljem organizovanja termina za vakcinaciju na punktu za vakcinaciju u konkretnoj lokalnoj zajednici. U slu\u010daju ve\u0107eg broja zainteresovanih uposlenika, Zavod za javno zdravstvo TK \u0107e organizovati mobilni tim i vakcinaciju izvr\u0161iti u prostorijama kompanije. Spiskove je mogu\u0107e slati, i sve dodatne informacije dobiti na: e-mail adresu komora@kpktz.ba ili edina@kpktz.ba, Kontakt telefon 035\/369-550.<\/p>\n","protected":false},"excerpt":{"rendered":"<p>U okviru zajedni\u010dke akcije koju su pokrenuli Kantonalna privredna komora Tuzla i Zavod za javno&hellip;<\/p>\n","protected":false},"author":4,"featured_media":136287,"comment_status":"open","ping_status":"closed","sticky":false,"template":"","format":"standard","meta":{"_acf_changed":false,"footnotes":""},"categories":[12],"tags":[1763,366,2051],"acf":[],"yoast_head":"<!-- This site is optimized with the Yoast SEO plugin v23.5 - https:\/\/yoast.com\/wordpress\/plugins\/seo\/ -->\n<title>Zajedni\u010dka akcija Privredne komore i ZZJZ TK: Sutra vakcinacija radnika kompanije &#039;Virgin Pulse&#039; - TuzlaInfo.ba<\/title>\n<meta name=\"robots\" content=\"index, follow, max-snippet:-1, max-image-preview:large, max-video-preview:-1\" \/>\n<link rel=\"canonical\" href=\"https:\/\/tuzlainfo.ba\/index.php\/novosti\/item\/154862-zajednicka-akcija-privredne-komore-i-zzjz-tk-sutra-vakcinacija-radnika-kompanije-virgin-pulse\/\" \/>\n<meta property=\"og:locale\" content=\"bs_BA\" \/>\n<meta property=\"og:type\" content=\"article\" \/>\n<meta property=\"og:title\" content=\"Zajedni\u010dka akcija Privredne komore i ZZJZ TK: Sutra vakcinacija radnika kompanije &#039;Virgin Pulse&#039; - TuzlaInfo.ba\" \/>\n<meta property=\"og:description\" content=\"U okviru zajedni\u010dke akcije koju su pokrenuli Kantonalna privredna komora Tuzla i Zavod za javno&hellip;\" \/>\n<meta property=\"og:url\" content=\"https:\/\/tuzlainfo.ba\/index.php\/novosti\/item\/154862-zajednicka-akcija-privredne-komore-i-zzjz-tk-sutra-vakcinacija-radnika-kompanije-virgin-pulse\/\" \/>\n<meta property=\"og:site_name\" content=\"TuzlaInfo.ba\" \/>\n<meta property=\"article:publisher\" content=\"https:\/\/www.facebook.com\/tuzlainfo.ba\/\" \/>\n<meta property=\"article:published_time\" content=\"2021-11-18T10:00:00+00:00\" \/>\n<meta property=\"article:modified_time\" content=\"2021-11-18T08:32:50+00:00\" \/>\n<meta property=\"og:image\" content=\"https:\/\/tuzlainfo.ba\/wp-content\/uploads\/2021\/04\/2604_vakcina2.jpg\" \/>\n\t<meta property=\"og:image:width\" content=\"960\" \/>\n\t<meta property=\"og:image:height\" content=\"720\" \/>\n\t<meta property=\"og:image:type\" content=\"image\/jpeg\" \/>\n<meta name=\"author\" content=\"Tuzla Info\" \/>\n<meta name=\"twitter:card\" content=\"summary_large_image\" \/>\n<meta name=\"twitter:label1\" content=\"Written by\" \/>\n\t<meta name=\"twitter:data1\" content=\"Tuzla Info\" \/>\n\t<meta name=\"twitter:label2\" content=\"Est. reading time\" \/>\n\t<meta name=\"twitter:data2\" content=\"1 minuta\" \/>\n<script type=\"application\/ld+json\" class=\"yoast-schema-graph\">{\"@context\":\"https:\/\/schema.org\",\"@graph\":[{\"@type\":\"Article\",\"@id\":\"https:\/\/tuzlainfo.ba\/index.php\/novosti\/item\/154862-zajednicka-akcija-privredne-komore-i-zzjz-tk-sutra-vakcinacija-radnika-kompanije-virgin-pulse\/#article\",\"isPartOf\":{\"@id\":\"https:\/\/tuzlainfo.ba\/index.php\/novosti\/item\/154862-zajednicka-akcija-privredne-komore-i-zzjz-tk-sutra-vakcinacija-radnika-kompanije-virgin-pulse\/\"},\"author\":{\"name\":\"Tuzla Info\",\"@id\":\"https:\/\/tuzlainfo.ba\/#\/schema\/person\/46cad4c57790cbc50781edd14870825a\"},\"headline\":\"Zajedni\u010dka akcija Privredne komore i ZZJZ TK: Sutra vakcinacija radnika kompanije &#8216;Virgin Pulse&#8217;\",\"datePublished\":\"2021-11-18T10:00:00+00:00\",\"dateModified\":\"2021-11-18T08:32:50+00:00\",\"mainEntityOfPage\":{\"@id\":\"https:\/\/tuzlainfo.ba\/index.php\/novosti\/item\/154862-zajednicka-akcija-privredne-komore-i-zzjz-tk-sutra-vakcinacija-radnika-kompanije-virgin-pulse\/\"},\"wordCount\":255,\"commentCount\":0,\"publisher\":{\"@id\":\"https:\/\/tuzlainfo.ba\/#organization\"},\"image\":{\"@id\":\"https:\/\/tuzlainfo.ba\/index.php\/novosti\/item\/154862-zajednicka-akcija-privredne-komore-i-zzjz-tk-sutra-vakcinacija-radnika-kompanije-virgin-pulse\/#primaryimage\"},\"thumbnailUrl\":\"https:\/\/tuzlainfo.ba\/wp-content\/uploads\/2021\/04\/2604_vakcina2.jpg\",\"keywords\":[\"kanronalna privredna komora tuzla\",\"vakcinacija\",\"zzjz tk\"],\"articleSection\":[\"Novosti\"],\"inLanguage\":\"bs-BA\"},{\"@type\":\"WebPage\",\"@id\":\"https:\/\/tuzlainfo.ba\/index.php\/novosti\/item\/154862-zajednicka-akcija-privredne-komore-i-zzjz-tk-sutra-vakcinacija-radnika-kompanije-virgin-pulse\/\",\"url\":\"https:\/\/tuzlainfo.ba\/index.php\/novosti\/item\/154862-zajednicka-akcija-privredne-komore-i-zzjz-tk-sutra-vakcinacija-radnika-kompanije-virgin-pulse\/\",\"name\":\"Zajedni\u010dka akcija Privredne komore i ZZJZ TK: Sutra vakcinacija radnika kompanije 'Virgin Pulse' - TuzlaInfo.ba\",\"isPartOf\":{\"@id\":\"https:\/\/tuzlainfo.ba\/#website\"},\"primaryImageOfPage\":{\"@id\":\"https:\/\/tuzlainfo.ba\/index.php\/novosti\/item\/154862-zajednicka-akcija-privredne-komore-i-zzjz-tk-sutra-vakcinacija-radnika-kompanije-virgin-pulse\/#primaryimage\"},\"image\":{\"@id\":\"https:\/\/tuzlainfo.ba\/index.php\/novosti\/item\/154862-zajednicka-akcija-privredne-komore-i-zzjz-tk-sutra-vakcinacija-radnika-kompanije-virgin-pulse\/#primaryimage\"},\"thumbnailUrl\":\"https:\/\/tuzlainfo.ba\/wp-content\/uploads\/2021\/04\/2604_vakcina2.jpg\",\"datePublished\":\"2021-11-18T10:00:00+00:00\",\"dateModified\":\"2021-11-18T08:32:50+00:00\",\"breadcrumb\":{\"@id\":\"https:\/\/tuzlainfo.ba\/index.php\/novosti\/item\/154862-zajednicka-akcija-privredne-komore-i-zzjz-tk-sutra-vakcinacija-radnika-kompanije-virgin-pulse\/#breadcrumb\"},\"inLanguage\":\"bs-BA\",\"potentialAction\":[{\"@type\":\"ReadAction\",\"target\":[\"https:\/\/tuzlainfo.ba\/index.php\/novosti\/item\/154862-zajednicka-akcija-privredne-komore-i-zzjz-tk-sutra-vakcinacija-radnika-kompanije-virgin-pulse\/\"]}]},{\"@type\":\"ImageObject\",\"inLanguage\":\"bs-BA\",\"@id\":\"https:\/\/tuzlainfo.ba\/index.php\/novosti\/item\/154862-zajednicka-akcija-privredne-komore-i-zzjz-tk-sutra-vakcinacija-radnika-kompanije-virgin-pulse\/#primaryimage\",\"url\":\"https:\/\/tuzlainfo.ba\/wp-content\/uploads\/2021\/04\/2604_vakcina2.jpg\",\"contentUrl\":\"https:\/\/tuzlainfo.ba\/wp-content\/uploads\/2021\/04\/2604_vakcina2.jpg\",\"width\":960,\"height\":720},{\"@type\":\"BreadcrumbList\",\"@id\":\"https:\/\/tuzlainfo.ba\/index.php\/novosti\/item\/154862-zajednicka-akcija-privredne-komore-i-zzjz-tk-sutra-vakcinacija-radnika-kompanije-virgin-pulse\/#breadcrumb\",\"itemListElement\":[{\"@type\":\"ListItem\",\"position\":1,\"name\":\"Home\",\"item\":\"https:\/\/tuzlainfo.ba\/\"},{\"@type\":\"ListItem\",\"position\":2,\"name\":\"Zajedni\u010dka akcija Privredne komore i ZZJZ TK: Sutra vakcinacija radnika kompanije &#8216;Virgin Pulse&#8217;\"}]},{\"@type\":\"WebSite\",\"@id\":\"https:\/\/tuzlainfo.ba\/#website\",\"url\":\"https:\/\/tuzlainfo.ba\/\",\"name\":\"TuzlaInfo.ba\",\"description\":\"Tuzla info, gradski informator - Tuzla na dlanu\",\"publisher\":{\"@id\":\"https:\/\/tuzlainfo.ba\/#organization\"},\"potentialAction\":[{\"@type\":\"SearchAction\",\"target\":{\"@type\":\"EntryPoint\",\"urlTemplate\":\"https:\/\/tuzlainfo.ba\/?s={search_term_string}\"},\"query-input\":{\"@type\":\"PropertyValueSpecification\",\"valueRequired\":true,\"valueName\":\"search_term_string\"}}],\"inLanguage\":\"bs-BA\"},{\"@type\":\"Organization\",\"@id\":\"https:\/\/tuzlainfo.ba\/#organization\",\"name\":\"TuzlaInfo.ba\",\"url\":\"https:\/\/tuzlainfo.ba\/\",\"logo\":{\"@type\":\"ImageObject\",\"inLanguage\":\"bs-BA\",\"@id\":\"https:\/\/tuzlainfo.ba\/#\/schema\/logo\/image\/\",\"url\":\"https:\/\/tuzlainfo.ba\/wp-content\/uploads\/2021\/03\/logo-ver-3-1.png\",\"contentUrl\":\"https:\/\/tuzlainfo.ba\/wp-content\/uploads\/2021\/03\/logo-ver-3-1.png\",\"width\":350,\"height\":95,\"caption\":\"TuzlaInfo.ba\"},\"image\":{\"@id\":\"https:\/\/tuzlainfo.ba\/#\/schema\/logo\/image\/\"},\"sameAs\":[\"https:\/\/www.facebook.com\/tuzlainfo.ba\/\"]},{\"@type\":\"Person\",\"@id\":\"https:\/\/tuzlainfo.ba\/#\/schema\/person\/46cad4c57790cbc50781edd14870825a\",\"name\":\"Tuzla Info\",\"image\":{\"@type\":\"ImageObject\",\"inLanguage\":\"bs-BA\",\"@id\":\"https:\/\/tuzlainfo.ba\/#\/schema\/person\/image\/\",\"url\":\"https:\/\/tuzlainfo.ba\/wp-content\/litespeed\/avatar\/b6c453a6c38e3654f2e4416c643fc25c.jpg?ver=1777051911\",\"contentUrl\":\"https:\/\/tuzlainfo.ba\/wp-content\/litespeed\/avatar\/b6c453a6c38e3654f2e4416c643fc25c.jpg?ver=1777051911\",\"caption\":\"Tuzla Info\"}}]}<\/script>\n<!-- \/ Yoast SEO plugin. -->","yoast_head_json":{"title":"Zajedni\u010dka akcija Privredne komore i ZZJZ TK: Sutra vakcinacija radnika kompanije 'Virgin Pulse' - TuzlaInfo.ba","robots":{"index":"index","follow":"follow","max-snippet":"max-snippet:-1","max-image-preview":"max-image-preview:large","max-video-preview":"max-video-preview:-1"},"canonical":"https:\/\/tuzlainfo.ba\/index.php\/novosti\/item\/154862-zajednicka-akcija-privredne-komore-i-zzjz-tk-sutra-vakcinacija-radnika-kompanije-virgin-pulse\/","og_locale":"bs_BA","og_type":"article","og_title":"Zajedni\u010dka akcija Privredne komore i ZZJZ TK: Sutra vakcinacija radnika kompanije 'Virgin Pulse' - TuzlaInfo.ba","og_description":"U okviru zajedni\u010dke akcije koju su pokrenuli Kantonalna privredna komora Tuzla i Zavod za javno&hellip;","og_url":"https:\/\/tuzlainfo.ba\/index.php\/novosti\/item\/154862-zajednicka-akcija-privredne-komore-i-zzjz-tk-sutra-vakcinacija-radnika-kompanije-virgin-pulse\/","og_site_name":"TuzlaInfo.ba","article_publisher":"https:\/\/www.facebook.com\/tuzlainfo.ba\/","article_published_time":"2021-11-18T10:00:00+00:00","article_modified_time":"2021-11-18T08:32:50+00:00","og_image":[{"width":960,"height":720,"url":"https:\/\/tuzlainfo.ba\/wp-content\/uploads\/2021\/04\/2604_vakcina2.jpg","type":"image\/jpeg"}],"author":"Tuzla Info","twitter_card":"summary_large_image","twitter_misc":{"Written by":"Tuzla Info","Est. reading time":"1 minuta"},"schema":{"@context":"https:\/\/schema.org","@graph":[{"@type":"Article","@id":"https:\/\/tuzlainfo.ba\/index.php\/novosti\/item\/154862-zajednicka-akcija-privredne-komore-i-zzjz-tk-sutra-vakcinacija-radnika-kompanije-virgin-pulse\/#article","isPartOf":{"@id":"https:\/\/tuzlainfo.ba\/index.php\/novosti\/item\/154862-zajednicka-akcija-privredne-komore-i-zzjz-tk-sutra-vakcinacija-radnika-kompanije-virgin-pulse\/"},"author":{"name":"Tuzla Info","@id":"https:\/\/tuzlainfo.ba\/#\/schema\/person\/46cad4c57790cbc50781edd14870825a"},"headline":"Zajedni\u010dka akcija Privredne komore i ZZJZ TK: Sutra vakcinacija radnika kompanije &#8216;Virgin Pulse&#8217;","datePublished":"2021-11-18T10:00:00+00:00","dateModified":"2021-11-18T08:32:50+00:00","mainEntityOfPage":{"@id":"https:\/\/tuzlainfo.ba\/index.php\/novosti\/item\/154862-zajednicka-akcija-privredne-komore-i-zzjz-tk-sutra-vakcinacija-radnika-kompanije-virgin-pulse\/"},"wordCount":255,"commentCount":0,"publisher":{"@id":"https:\/\/tuzlainfo.ba\/#organization"},"image":{"@id":"https:\/\/tuzlainfo.ba\/index.php\/novosti\/item\/154862-zajednicka-akcija-privredne-komore-i-zzjz-tk-sutra-vakcinacija-radnika-kompanije-virgin-pulse\/#primaryimage"},"thumbnailUrl":"https:\/\/tuzlainfo.ba\/wp-content\/uploads\/2021\/04\/2604_vakcina2.jpg","keywords":["kanronalna privredna komora tuzla","vakcinacija","zzjz tk"],"articleSection":["Novosti"],"inLanguage":"bs-BA"},{"@type":"WebPage","@id":"https:\/\/tuzlainfo.ba\/index.php\/novosti\/item\/154862-zajednicka-akcija-privredne-komore-i-zzjz-tk-sutra-vakcinacija-radnika-kompanije-virgin-pulse\/","url":"https:\/\/tuzlainfo.ba\/index.php\/novosti\/item\/154862-zajednicka-akcija-privredne-komore-i-zzjz-tk-sutra-vakcinacija-radnika-kompanije-virgin-pulse\/","name":"Zajedni\u010dka akcija Privredne komore i ZZJZ TK: Sutra vakcinacija radnika kompanije 'Virgin Pulse' - TuzlaInfo.ba","isPartOf":{"@id":"https:\/\/tuzlainfo.ba\/#website"},"primaryImageOfPage":{"@id":"https:\/\/tuzlainfo.ba\/index.php\/novosti\/item\/154862-zajednicka-akcija-privredne-komore-i-zzjz-tk-sutra-vakcinacija-radnika-kompanije-virgin-pulse\/#primaryimage"},"image":{"@id":"https:\/\/tuzlainfo.ba\/index.php\/novosti\/item\/154862-zajednicka-akcija-privredne-komore-i-zzjz-tk-sutra-vakcinacija-radnika-kompanije-virgin-pulse\/#primaryimage"},"thumbnailUrl":"https:\/\/tuzlainfo.ba\/wp-content\/uploads\/2021\/04\/2604_vakcina2.jpg","datePublished":"2021-11-18T10:00:00+00:00","dateModified":"2021-11-18T08:32:50+00:00","breadcrumb":{"@id":"https:\/\/tuzlainfo.ba\/index.php\/novosti\/item\/154862-zajednicka-akcija-privredne-komore-i-zzjz-tk-sutra-vakcinacija-radnika-kompanije-virgin-pulse\/#breadcrumb"},"inLanguage":"bs-BA","potentialAction":[{"@type":"ReadAction","target":["https:\/\/tuzlainfo.ba\/index.php\/novosti\/item\/154862-zajednicka-akcija-privredne-komore-i-zzjz-tk-sutra-vakcinacija-radnika-kompanije-virgin-pulse\/"]}]},{"@type":"ImageObject","inLanguage":"bs-BA","@id":"https:\/\/tuzlainfo.ba\/index.php\/novosti\/item\/154862-zajednicka-akcija-privredne-komore-i-zzjz-tk-sutra-vakcinacija-radnika-kompanije-virgin-pulse\/#primaryimage","url":"https:\/\/tuzlainfo.ba\/wp-content\/uploads\/2021\/04\/2604_vakcina2.jpg","contentUrl":"https:\/\/tuzlainfo.ba\/wp-content\/uploads\/2021\/04\/2604_vakcina2.jpg","width":960,"height":720},{"@type":"BreadcrumbList","@id":"https:\/\/tuzlainfo.ba\/index.php\/novosti\/item\/154862-zajednicka-akcija-privredne-komore-i-zzjz-tk-sutra-vakcinacija-radnika-kompanije-virgin-pulse\/#breadcrumb","itemListElement":[{"@type":"ListItem","position":1,"name":"Home","item":"https:\/\/tuzlainfo.ba\/"},{"@type":"ListItem","position":2,"name":"Zajedni\u010dka akcija Privredne komore i ZZJZ TK: Sutra vakcinacija radnika kompanije &#8216;Virgin Pulse&#8217;"}]},{"@type":"WebSite","@id":"https:\/\/tuzlainfo.ba\/#website","url":"https:\/\/tuzlainfo.ba\/","name":"TuzlaInfo.ba","description":"Tuzla info, gradski informator - Tuzla na dlanu","publisher":{"@id":"https:\/\/tuzlainfo.ba\/#organization"},"potentialAction":[{"@type":"SearchAction","target":{"@type":"EntryPoint","urlTemplate":"https:\/\/tuzlainfo.ba\/?s={search_term_string}"},"query-input":{"@type":"PropertyValueSpecification","valueRequired":true,"valueName":"search_term_string"}}],"inLanguage":"bs-BA"},{"@type":"Organization","@id":"https:\/\/tuzlainfo.ba\/#organization","name":"TuzlaInfo.ba","url":"https:\/\/tuzlainfo.ba\/","logo":{"@type":"ImageObject","inLanguage":"bs-BA","@id":"https:\/\/tuzlainfo.ba\/#\/schema\/logo\/image\/","url":"https:\/\/tuzlainfo.ba\/wp-content\/uploads\/2021\/03\/logo-ver-3-1.png","contentUrl":"https:\/\/tuzlainfo.ba\/wp-content\/uploads\/2021\/03\/logo-ver-3-1.png","width":350,"height":95,"caption":"TuzlaInfo.ba"},"image":{"@id":"https:\/\/tuzlainfo.ba\/#\/schema\/logo\/image\/"},"sameAs":["https:\/\/www.facebook.com\/tuzlainfo.ba\/"]},{"@type":"Person","@id":"https:\/\/tuzlainfo.ba\/#\/schema\/person\/46cad4c57790cbc50781edd14870825a","name":"Tuzla Info","image":{"@type":"ImageObject","inLanguage":"bs-BA","@id":"https:\/\/tuzlainfo.ba\/#\/schema\/person\/image\/","url":"https:\/\/tuzlainfo.ba\/wp-content\/litespeed\/avatar\/b6c453a6c38e3654f2e4416c643fc25c.jpg?ver=1777051911","contentUrl":"https:\/\/tuzlainfo.ba\/wp-content\/litespeed\/avatar\/b6c453a6c38e3654f2e4416c643fc25c.jpg?ver=1777051911","caption":"Tuzla Info"}}]}},"_links":{"self":[{"href":"https:\/\/tuzlainfo.ba\/index.php\/wp-json\/wp\/v2\/posts\/154862"}],"collection":[{"href":"https:\/\/tuzlainfo.ba\/index.php\/wp-json\/wp\/v2\/posts"}],"about":[{"href":"https:\/\/tuzlainfo.ba\/index.php\/wp-json\/wp\/v2\/types\/post"}],"author":[{"embeddable":true,"href":"https:\/\/tuzlainfo.ba\/index.php\/wp-json\/wp\/v2\/users\/4"}],"replies":[{"embeddable":true,"href":"https:\/\/tuzlainfo.ba\/index.php\/wp-json\/wp\/v2\/comments?post=154862"}],"version-history":[{"count":0,"href":"https:\/\/tuzlainfo.ba\/index.php\/wp-json\/wp\/v2\/posts\/154862\/revisions"}],"wp:featuredmedia":[{"embeddable":true,"href":"https:\/\/tuzlainfo.ba\/index.php\/wp-json\/wp\/v2\/media\/136287"}],"wp:attachment":[{"href":"https:\/\/tuzlainfo.ba\/index.php\/wp-json\/wp\/v2\/media?parent=154862"}],"wp:term":[{"taxonomy":"category","embeddable":true,"href":"https:\/\/tuzlainfo.ba\/index.php\/wp-json\/wp\/v2\/categories?post=154862"},{"taxonomy":"post_tag","embeddable":true,"href":"https:\/\/tuzlainfo.ba\/index.php\/wp-json\/wp\/v2\/tags?post=154862"}],"curies":[{"name":"wp","href":"https:\/\/api.w.org\/{rel}","templated":true}]}}