{"id":154470,"date":"2021-11-15T10:27:43","date_gmt":"2021-11-15T09:27:43","guid":{"rendered":"https:\/\/tuzlainfo.ba\/?p=154470"},"modified":"2021-11-15T10:27:43","modified_gmt":"2021-11-15T09:27:43","slug":"predavao-na-medicinskom-fakultetu-tuzla-preminuo-profesor-sergije-markovic","status":"publish","type":"post","link":"https:\/\/tuzlainfo.ba\/index.php\/novosti\/item\/154470-predavao-na-medicinskom-fakultetu-tuzla-preminuo-profesor-sergije-markovic\/","title":{"rendered":"Predavao na Medicinskom fakultetu Tuzla: Preminuo profesor Sergije Markovi\u0107"},"content":{"rendered":"<p>Preminuo je profesor Sergije Markovi\u0107 koji je predavao na Medicinskom fakultetu Univerziteta u Tuzli. Ova informacija potvr\u0111ena je i u objavi Studentskog vije\u0107a Medicinskog fakulteta, koji su se od profesora oprostili emotivnom objavom.<\/p>\n<p>&#8220;Profesor Markovi\u0107 je ostavio neizbrisiv trag me\u0111u nama studentima, me\u0111u njegovim kolegama i svima koji su ga poznavali. Bio izvrstan nastavnik, pedagog, kolega i prijatelj. O njegovim djelima, gestama pri\u010dat \u0107e generacije studenata koji su imali \u010dast i zadovoljstvo da ih edukuje profesor Markovi\u0107. Svojim osobinama i karakterom, nevjerovatnom harizmom, izazivao je osje\u0107aje po\u0161tovanja od strane studenata&#8221; &#8211; stoji u objavi Studentskog vije\u0107a Medicus.<\/p>\n<p><a href=\"http:\/\/iframe%20src=https:\/\/www.facebook.com\/plugins\/post.php?href=https%3A%2F%2Fwww.facebook.com%2FsvMEDICUS%2Fposts%2F3127168107513045&amp;show_text=true&amp;width=500%20width=500%20height=776%20style=border:none;overflow:hidden%20scrolling=no%20frameborder=0%20allowfullscreen=true%20allow=autoplay;%20clipboard-write;%20encrypted-media;%20picture-in-picture;%20web-share\/iframe\">http:\/\/<iframe style=\"border: none; overflow: hidden;\" src=\"https:\/\/www.facebook.com\/plugins\/post.php?href=https%3A%2F%2Fwww.facebook.com%2FsvMEDICUS%2Fposts%2F3127168107513045&amp;show_text=true&amp;width=500\" width=\"500\" height=\"776\" frameborder=\"0\" scrolling=\"no\" allowfullscreen=\"allowfullscreen\"><\/iframe><\/a><\/p>\n","protected":false},"excerpt":{"rendered":"<p>Preminuo je profesor Sergije Markovi\u0107 koji je predavao na Medicinskom fakultetu Univerziteta u Tuzli. Ova&hellip;<\/p>\n","protected":false},"author":4,"featured_media":154471,"comment_status":"open","ping_status":"closed","sticky":false,"template":"","format":"standard","meta":{"_acf_changed":false,"footnotes":""},"categories":[12],"tags":[1449,3334],"acf":[],"yoast_head":"<!-- This site is optimized with the Yoast SEO plugin v23.5 - https:\/\/yoast.com\/wordpress\/plugins\/seo\/ -->\n<title>Predavao na Medicinskom fakultetu Tuzla: Preminuo profesor Sergije Markovi\u0107 - TuzlaInfo.ba<\/title>\n<meta name=\"robots\" content=\"index, follow, max-snippet:-1, max-image-preview:large, max-video-preview:-1\" \/>\n<link rel=\"canonical\" href=\"https:\/\/tuzlainfo.ba\/index.php\/novosti\/item\/154470-predavao-na-medicinskom-fakultetu-tuzla-preminuo-profesor-sergije-markovic\/\" \/>\n<meta property=\"og:locale\" content=\"bs_BA\" \/>\n<meta property=\"og:type\" content=\"article\" \/>\n<meta property=\"og:title\" content=\"Predavao na Medicinskom fakultetu Tuzla: Preminuo profesor Sergije Markovi\u0107 - TuzlaInfo.ba\" \/>\n<meta property=\"og:description\" content=\"Preminuo je profesor Sergije Markovi\u0107 koji je predavao na Medicinskom fakultetu Univerziteta u Tuzli. Ova&hellip;\" \/>\n<meta property=\"og:url\" content=\"https:\/\/tuzlainfo.ba\/index.php\/novosti\/item\/154470-predavao-na-medicinskom-fakultetu-tuzla-preminuo-profesor-sergije-markovic\/\" \/>\n<meta property=\"og:site_name\" content=\"TuzlaInfo.ba\" \/>\n<meta property=\"article:publisher\" content=\"https:\/\/www.facebook.com\/tuzlainfo.ba\/\" \/>\n<meta property=\"article:published_time\" content=\"2021-11-15T09:27:43+00:00\" \/>\n<meta property=\"og:image\" content=\"https:\/\/tuzlainfo.ba\/wp-content\/uploads\/2021\/11\/1511_sergije-markovic.jpg\" \/>\n\t<meta property=\"og:image:width\" content=\"770\" \/>\n\t<meta property=\"og:image:height\" content=\"692\" \/>\n\t<meta property=\"og:image:type\" content=\"image\/jpeg\" \/>\n<meta name=\"author\" content=\"Tuzla Info\" \/>\n<meta name=\"twitter:card\" content=\"summary_large_image\" \/>\n<meta name=\"twitter:label1\" content=\"Written by\" \/>\n\t<meta name=\"twitter:data1\" content=\"Tuzla Info\" \/>\n\t<meta name=\"twitter:label2\" content=\"Est. reading time\" \/>\n\t<meta name=\"twitter:data2\" content=\"1 minuta\" \/>\n<script type=\"application\/ld+json\" class=\"yoast-schema-graph\">{\"@context\":\"https:\/\/schema.org\",\"@graph\":[{\"@type\":\"Article\",\"@id\":\"https:\/\/tuzlainfo.ba\/index.php\/novosti\/item\/154470-predavao-na-medicinskom-fakultetu-tuzla-preminuo-profesor-sergije-markovic\/#article\",\"isPartOf\":{\"@id\":\"https:\/\/tuzlainfo.ba\/index.php\/novosti\/item\/154470-predavao-na-medicinskom-fakultetu-tuzla-preminuo-profesor-sergije-markovic\/\"},\"author\":{\"name\":\"Tuzla Info\",\"@id\":\"https:\/\/tuzlainfo.ba\/#\/schema\/person\/46cad4c57790cbc50781edd14870825a\"},\"headline\":\"Predavao na Medicinskom fakultetu Tuzla: Preminuo profesor Sergije Markovi\u0107\",\"datePublished\":\"2021-11-15T09:27:43+00:00\",\"dateModified\":\"2021-11-15T09:27:43+00:00\",\"mainEntityOfPage\":{\"@id\":\"https:\/\/tuzlainfo.ba\/index.php\/novosti\/item\/154470-predavao-na-medicinskom-fakultetu-tuzla-preminuo-profesor-sergije-markovic\/\"},\"wordCount\":115,\"commentCount\":0,\"publisher\":{\"@id\":\"https:\/\/tuzlainfo.ba\/#organization\"},\"image\":{\"@id\":\"https:\/\/tuzlainfo.ba\/index.php\/novosti\/item\/154470-predavao-na-medicinskom-fakultetu-tuzla-preminuo-profesor-sergije-markovic\/#primaryimage\"},\"thumbnailUrl\":\"https:\/\/tuzlainfo.ba\/wp-content\/uploads\/2021\/11\/1511_sergije-markovic.jpg\",\"keywords\":[\"medicinski fakultet\",\"sergije markovic\"],\"articleSection\":[\"Novosti\"],\"inLanguage\":\"bs-BA\"},{\"@type\":\"WebPage\",\"@id\":\"https:\/\/tuzlainfo.ba\/index.php\/novosti\/item\/154470-predavao-na-medicinskom-fakultetu-tuzla-preminuo-profesor-sergije-markovic\/\",\"url\":\"https:\/\/tuzlainfo.ba\/index.php\/novosti\/item\/154470-predavao-na-medicinskom-fakultetu-tuzla-preminuo-profesor-sergije-markovic\/\",\"name\":\"Predavao na Medicinskom fakultetu Tuzla: Preminuo profesor Sergije Markovi\u0107 - TuzlaInfo.ba\",\"isPartOf\":{\"@id\":\"https:\/\/tuzlainfo.ba\/#website\"},\"primaryImageOfPage\":{\"@id\":\"https:\/\/tuzlainfo.ba\/index.php\/novosti\/item\/154470-predavao-na-medicinskom-fakultetu-tuzla-preminuo-profesor-sergije-markovic\/#primaryimage\"},\"image\":{\"@id\":\"https:\/\/tuzlainfo.ba\/index.php\/novosti\/item\/154470-predavao-na-medicinskom-fakultetu-tuzla-preminuo-profesor-sergije-markovic\/#primaryimage\"},\"thumbnailUrl\":\"https:\/\/tuzlainfo.ba\/wp-content\/uploads\/2021\/11\/1511_sergije-markovic.jpg\",\"datePublished\":\"2021-11-15T09:27:43+00:00\",\"dateModified\":\"2021-11-15T09:27:43+00:00\",\"breadcrumb\":{\"@id\":\"https:\/\/tuzlainfo.ba\/index.php\/novosti\/item\/154470-predavao-na-medicinskom-fakultetu-tuzla-preminuo-profesor-sergije-markovic\/#breadcrumb\"},\"inLanguage\":\"bs-BA\",\"potentialAction\":[{\"@type\":\"ReadAction\",\"target\":[\"https:\/\/tuzlainfo.ba\/index.php\/novosti\/item\/154470-predavao-na-medicinskom-fakultetu-tuzla-preminuo-profesor-sergije-markovic\/\"]}]},{\"@type\":\"ImageObject\",\"inLanguage\":\"bs-BA\",\"@id\":\"https:\/\/tuzlainfo.ba\/index.php\/novosti\/item\/154470-predavao-na-medicinskom-fakultetu-tuzla-preminuo-profesor-sergije-markovic\/#primaryimage\",\"url\":\"https:\/\/tuzlainfo.ba\/wp-content\/uploads\/2021\/11\/1511_sergije-markovic.jpg\",\"contentUrl\":\"https:\/\/tuzlainfo.ba\/wp-content\/uploads\/2021\/11\/1511_sergije-markovic.jpg\",\"width\":770,\"height\":692},{\"@type\":\"BreadcrumbList\",\"@id\":\"https:\/\/tuzlainfo.ba\/index.php\/novosti\/item\/154470-predavao-na-medicinskom-fakultetu-tuzla-preminuo-profesor-sergije-markovic\/#breadcrumb\",\"itemListElement\":[{\"@type\":\"ListItem\",\"position\":1,\"name\":\"Home\",\"item\":\"https:\/\/tuzlainfo.ba\/\"},{\"@type\":\"ListItem\",\"position\":2,\"name\":\"Predavao na Medicinskom fakultetu Tuzla: Preminuo profesor Sergije Markovi\u0107\"}]},{\"@type\":\"WebSite\",\"@id\":\"https:\/\/tuzlainfo.ba\/#website\",\"url\":\"https:\/\/tuzlainfo.ba\/\",\"name\":\"TuzlaInfo.ba\",\"description\":\"Tuzla info, gradski informator - Tuzla na dlanu\",\"publisher\":{\"@id\":\"https:\/\/tuzlainfo.ba\/#organization\"},\"potentialAction\":[{\"@type\":\"SearchAction\",\"target\":{\"@type\":\"EntryPoint\",\"urlTemplate\":\"https:\/\/tuzlainfo.ba\/?s={search_term_string}\"},\"query-input\":{\"@type\":\"PropertyValueSpecification\",\"valueRequired\":true,\"valueName\":\"search_term_string\"}}],\"inLanguage\":\"bs-BA\"},{\"@type\":\"Organization\",\"@id\":\"https:\/\/tuzlainfo.ba\/#organization\",\"name\":\"TuzlaInfo.ba\",\"url\":\"https:\/\/tuzlainfo.ba\/\",\"logo\":{\"@type\":\"ImageObject\",\"inLanguage\":\"bs-BA\",\"@id\":\"https:\/\/tuzlainfo.ba\/#\/schema\/logo\/image\/\",\"url\":\"https:\/\/tuzlainfo.ba\/wp-content\/uploads\/2021\/03\/logo-ver-3-1.png\",\"contentUrl\":\"https:\/\/tuzlainfo.ba\/wp-content\/uploads\/2021\/03\/logo-ver-3-1.png\",\"width\":350,\"height\":95,\"caption\":\"TuzlaInfo.ba\"},\"image\":{\"@id\":\"https:\/\/tuzlainfo.ba\/#\/schema\/logo\/image\/\"},\"sameAs\":[\"https:\/\/www.facebook.com\/tuzlainfo.ba\/\"]},{\"@type\":\"Person\",\"@id\":\"https:\/\/tuzlainfo.ba\/#\/schema\/person\/46cad4c57790cbc50781edd14870825a\",\"name\":\"Tuzla Info\",\"image\":{\"@type\":\"ImageObject\",\"inLanguage\":\"bs-BA\",\"@id\":\"https:\/\/tuzlainfo.ba\/#\/schema\/person\/image\/\",\"url\":\"https:\/\/tuzlainfo.ba\/wp-content\/litespeed\/avatar\/b6c453a6c38e3654f2e4416c643fc25c.jpg?ver=1777051911\",\"contentUrl\":\"https:\/\/tuzlainfo.ba\/wp-content\/litespeed\/avatar\/b6c453a6c38e3654f2e4416c643fc25c.jpg?ver=1777051911\",\"caption\":\"Tuzla Info\"}}]}<\/script>\n<!-- \/ Yoast SEO plugin. -->","yoast_head_json":{"title":"Predavao na Medicinskom fakultetu Tuzla: Preminuo profesor Sergije Markovi\u0107 - TuzlaInfo.ba","robots":{"index":"index","follow":"follow","max-snippet":"max-snippet:-1","max-image-preview":"max-image-preview:large","max-video-preview":"max-video-preview:-1"},"canonical":"https:\/\/tuzlainfo.ba\/index.php\/novosti\/item\/154470-predavao-na-medicinskom-fakultetu-tuzla-preminuo-profesor-sergije-markovic\/","og_locale":"bs_BA","og_type":"article","og_title":"Predavao na Medicinskom fakultetu Tuzla: Preminuo profesor Sergije Markovi\u0107 - TuzlaInfo.ba","og_description":"Preminuo je profesor Sergije Markovi\u0107 koji je predavao na Medicinskom fakultetu Univerziteta u Tuzli. Ova&hellip;","og_url":"https:\/\/tuzlainfo.ba\/index.php\/novosti\/item\/154470-predavao-na-medicinskom-fakultetu-tuzla-preminuo-profesor-sergije-markovic\/","og_site_name":"TuzlaInfo.ba","article_publisher":"https:\/\/www.facebook.com\/tuzlainfo.ba\/","article_published_time":"2021-11-15T09:27:43+00:00","og_image":[{"width":770,"height":692,"url":"https:\/\/tuzlainfo.ba\/wp-content\/uploads\/2021\/11\/1511_sergije-markovic.jpg","type":"image\/jpeg"}],"author":"Tuzla Info","twitter_card":"summary_large_image","twitter_misc":{"Written by":"Tuzla Info","Est. reading time":"1 minuta"},"schema":{"@context":"https:\/\/schema.org","@graph":[{"@type":"Article","@id":"https:\/\/tuzlainfo.ba\/index.php\/novosti\/item\/154470-predavao-na-medicinskom-fakultetu-tuzla-preminuo-profesor-sergije-markovic\/#article","isPartOf":{"@id":"https:\/\/tuzlainfo.ba\/index.php\/novosti\/item\/154470-predavao-na-medicinskom-fakultetu-tuzla-preminuo-profesor-sergije-markovic\/"},"author":{"name":"Tuzla Info","@id":"https:\/\/tuzlainfo.ba\/#\/schema\/person\/46cad4c57790cbc50781edd14870825a"},"headline":"Predavao na Medicinskom fakultetu Tuzla: Preminuo profesor Sergije Markovi\u0107","datePublished":"2021-11-15T09:27:43+00:00","dateModified":"2021-11-15T09:27:43+00:00","mainEntityOfPage":{"@id":"https:\/\/tuzlainfo.ba\/index.php\/novosti\/item\/154470-predavao-na-medicinskom-fakultetu-tuzla-preminuo-profesor-sergije-markovic\/"},"wordCount":115,"commentCount":0,"publisher":{"@id":"https:\/\/tuzlainfo.ba\/#organization"},"image":{"@id":"https:\/\/tuzlainfo.ba\/index.php\/novosti\/item\/154470-predavao-na-medicinskom-fakultetu-tuzla-preminuo-profesor-sergije-markovic\/#primaryimage"},"thumbnailUrl":"https:\/\/tuzlainfo.ba\/wp-content\/uploads\/2021\/11\/1511_sergije-markovic.jpg","keywords":["medicinski fakultet","sergije markovic"],"articleSection":["Novosti"],"inLanguage":"bs-BA"},{"@type":"WebPage","@id":"https:\/\/tuzlainfo.ba\/index.php\/novosti\/item\/154470-predavao-na-medicinskom-fakultetu-tuzla-preminuo-profesor-sergije-markovic\/","url":"https:\/\/tuzlainfo.ba\/index.php\/novosti\/item\/154470-predavao-na-medicinskom-fakultetu-tuzla-preminuo-profesor-sergije-markovic\/","name":"Predavao na Medicinskom fakultetu Tuzla: Preminuo profesor Sergije Markovi\u0107 - TuzlaInfo.ba","isPartOf":{"@id":"https:\/\/tuzlainfo.ba\/#website"},"primaryImageOfPage":{"@id":"https:\/\/tuzlainfo.ba\/index.php\/novosti\/item\/154470-predavao-na-medicinskom-fakultetu-tuzla-preminuo-profesor-sergije-markovic\/#primaryimage"},"image":{"@id":"https:\/\/tuzlainfo.ba\/index.php\/novosti\/item\/154470-predavao-na-medicinskom-fakultetu-tuzla-preminuo-profesor-sergije-markovic\/#primaryimage"},"thumbnailUrl":"https:\/\/tuzlainfo.ba\/wp-content\/uploads\/2021\/11\/1511_sergije-markovic.jpg","datePublished":"2021-11-15T09:27:43+00:00","dateModified":"2021-11-15T09:27:43+00:00","breadcrumb":{"@id":"https:\/\/tuzlainfo.ba\/index.php\/novosti\/item\/154470-predavao-na-medicinskom-fakultetu-tuzla-preminuo-profesor-sergije-markovic\/#breadcrumb"},"inLanguage":"bs-BA","potentialAction":[{"@type":"ReadAction","target":["https:\/\/tuzlainfo.ba\/index.php\/novosti\/item\/154470-predavao-na-medicinskom-fakultetu-tuzla-preminuo-profesor-sergije-markovic\/"]}]},{"@type":"ImageObject","inLanguage":"bs-BA","@id":"https:\/\/tuzlainfo.ba\/index.php\/novosti\/item\/154470-predavao-na-medicinskom-fakultetu-tuzla-preminuo-profesor-sergije-markovic\/#primaryimage","url":"https:\/\/tuzlainfo.ba\/wp-content\/uploads\/2021\/11\/1511_sergije-markovic.jpg","contentUrl":"https:\/\/tuzlainfo.ba\/wp-content\/uploads\/2021\/11\/1511_sergije-markovic.jpg","width":770,"height":692},{"@type":"BreadcrumbList","@id":"https:\/\/tuzlainfo.ba\/index.php\/novosti\/item\/154470-predavao-na-medicinskom-fakultetu-tuzla-preminuo-profesor-sergije-markovic\/#breadcrumb","itemListElement":[{"@type":"ListItem","position":1,"name":"Home","item":"https:\/\/tuzlainfo.ba\/"},{"@type":"ListItem","position":2,"name":"Predavao na Medicinskom fakultetu Tuzla: Preminuo profesor Sergije Markovi\u0107"}]},{"@type":"WebSite","@id":"https:\/\/tuzlainfo.ba\/#website","url":"https:\/\/tuzlainfo.ba\/","name":"TuzlaInfo.ba","description":"Tuzla info, gradski informator - Tuzla na dlanu","publisher":{"@id":"https:\/\/tuzlainfo.ba\/#organization"},"potentialAction":[{"@type":"SearchAction","target":{"@type":"EntryPoint","urlTemplate":"https:\/\/tuzlainfo.ba\/?s={search_term_string}"},"query-input":{"@type":"PropertyValueSpecification","valueRequired":true,"valueName":"search_term_string"}}],"inLanguage":"bs-BA"},{"@type":"Organization","@id":"https:\/\/tuzlainfo.ba\/#organization","name":"TuzlaInfo.ba","url":"https:\/\/tuzlainfo.ba\/","logo":{"@type":"ImageObject","inLanguage":"bs-BA","@id":"https:\/\/tuzlainfo.ba\/#\/schema\/logo\/image\/","url":"https:\/\/tuzlainfo.ba\/wp-content\/uploads\/2021\/03\/logo-ver-3-1.png","contentUrl":"https:\/\/tuzlainfo.ba\/wp-content\/uploads\/2021\/03\/logo-ver-3-1.png","width":350,"height":95,"caption":"TuzlaInfo.ba"},"image":{"@id":"https:\/\/tuzlainfo.ba\/#\/schema\/logo\/image\/"},"sameAs":["https:\/\/www.facebook.com\/tuzlainfo.ba\/"]},{"@type":"Person","@id":"https:\/\/tuzlainfo.ba\/#\/schema\/person\/46cad4c57790cbc50781edd14870825a","name":"Tuzla Info","image":{"@type":"ImageObject","inLanguage":"bs-BA","@id":"https:\/\/tuzlainfo.ba\/#\/schema\/person\/image\/","url":"https:\/\/tuzlainfo.ba\/wp-content\/litespeed\/avatar\/b6c453a6c38e3654f2e4416c643fc25c.jpg?ver=1777051911","contentUrl":"https:\/\/tuzlainfo.ba\/wp-content\/litespeed\/avatar\/b6c453a6c38e3654f2e4416c643fc25c.jpg?ver=1777051911","caption":"Tuzla Info"}}]}},"_links":{"self":[{"href":"https:\/\/tuzlainfo.ba\/index.php\/wp-json\/wp\/v2\/posts\/154470"}],"collection":[{"href":"https:\/\/tuzlainfo.ba\/index.php\/wp-json\/wp\/v2\/posts"}],"about":[{"href":"https:\/\/tuzlainfo.ba\/index.php\/wp-json\/wp\/v2\/types\/post"}],"author":[{"embeddable":true,"href":"https:\/\/tuzlainfo.ba\/index.php\/wp-json\/wp\/v2\/users\/4"}],"replies":[{"embeddable":true,"href":"https:\/\/tuzlainfo.ba\/index.php\/wp-json\/wp\/v2\/comments?post=154470"}],"version-history":[{"count":0,"href":"https:\/\/tuzlainfo.ba\/index.php\/wp-json\/wp\/v2\/posts\/154470\/revisions"}],"wp:featuredmedia":[{"embeddable":true,"href":"https:\/\/tuzlainfo.ba\/index.php\/wp-json\/wp\/v2\/media\/154471"}],"wp:attachment":[{"href":"https:\/\/tuzlainfo.ba\/index.php\/wp-json\/wp\/v2\/media?parent=154470"}],"wp:term":[{"taxonomy":"category","embeddable":true,"href":"https:\/\/tuzlainfo.ba\/index.php\/wp-json\/wp\/v2\/categories?post=154470"},{"taxonomy":"post_tag","embeddable":true,"href":"https:\/\/tuzlainfo.ba\/index.php\/wp-json\/wp\/v2\/tags?post=154470"}],"curies":[{"name":"wp","href":"https:\/\/api.w.org\/{rel}","templated":true}]}}