{"id":153975,"date":"2021-11-10T11:23:44","date_gmt":"2021-11-10T10:23:44","guid":{"rendered":"https:\/\/tuzlainfo.ba\/?p=153975"},"modified":"2021-11-11T10:28:52","modified_gmt":"2021-11-11T09:28:52","slug":"bcc-tuzla-sutra-otvaranjem-hm-prodavnice-pocinje-rodjendansko-slavlje","status":"publish","type":"post","link":"https:\/\/tuzlainfo.ba\/index.php\/novosti\/item\/153975-bcc-tuzla-sutra-otvaranjem-hm-prodavnice-pocinje-rodjendansko-slavlje\/","title":{"rendered":"BCC Tuzla sutra otvaranjem H&#038;M prodavnice po\u010dinje ro\u0111endansko slavlje"},"content":{"rendered":"<p>Bingo City Centar Tuzla sutra 11. novembra po\u010dinje trodnevnu ro\u0111endansku zabavu kojom \u0107e proslaviti 5. ro\u0111endan.<\/p>\n<p>Tim povodom BCC priprema veliku zabavu za sve posjetioce. U periodu od 11. do 14. novembra svi koji do\u0111u u BCC Tuzla u\u017eivat \u0107e u odli\u010dnom provodu, zabavi, a \u010dekaju ih i vrijedne nagrade i fenomenalni ro\u0111endanski popusti koji idu do nevjerovatnih 50%.<\/p>\n<p><b>\u00a0<\/b>Najve\u0107i \u0161oping centar u ovom dijelu BiH i ove godine je pripremio mno\u0161tvo iznena\u0111enja za djecu i odrasle. Tako \u0107e svi prisutni imati priliku da se super zabave uz gigantske dru\u0161tvene igre koje \u0107e biti postavljene u centru. Mali\u0161ani \u0107e posebno u\u017eivati jer \u0107e za njih pobrinuti zabavni animatori, maskote, balon majstori i face painting umjetnici.<\/p>\n<p>Proslavu 5. ro\u0111endana BCC-a \u0107e obilje\u017eiti i nagradna igra, tako da \u0107e svi koji u periodu od 11. do 14. novembra obave kupovinu u iznosu od 50 KM ili vi\u0161e u trgovinama u centru mo\u0107i da osvoje i jednu od skoro 200 vrijednih nagrada. Najsretniji \u0107e osvojiti bankovne platne kartice u iznosu od 50, 100 i 200 KM. Izvla\u010denje dobitnika zakazano je za 15. novembar.<\/p>\n<p>Tako\u0111er, za 11. novembar je zakazano i otvaranje <strong>H&amp;M<\/strong> prodavnice u tuzlanskom BCC-u. Kompanija na tr\u017ei\u0161tu Bosne i Hercegovine posluje od marta 2019. godine, kada je otvorena prodavnica u Banjoj Luci i ovo \u0107e biti njihovo tek drugo prodajno mjesto u Bosni i Hercegovini.<\/p>\n","protected":false},"excerpt":{"rendered":"<p>Bingo City Centar Tuzla sutra 11. novembra po\u010dinje trodnevnu ro\u0111endansku zabavu kojom \u0107e proslaviti 5.&hellip;<\/p>\n","protected":false},"author":2,"featured_media":153976,"comment_status":"open","ping_status":"closed","sticky":false,"template":"","format":"standard","meta":{"_acf_changed":false,"footnotes":""},"categories":[304,12],"tags":[2060],"acf":[],"yoast_head":"<!-- This site is optimized with the Yoast SEO plugin v23.5 - https:\/\/yoast.com\/wordpress\/plugins\/seo\/ -->\n<title>BCC Tuzla sutra otvaranjem H&amp;M prodavnice po\u010dinje ro\u0111endansko slavlje - TuzlaInfo.ba<\/title>\n<meta name=\"robots\" content=\"index, follow, max-snippet:-1, max-image-preview:large, max-video-preview:-1\" \/>\n<link rel=\"canonical\" href=\"https:\/\/tuzlainfo.ba\/index.php\/novosti\/item\/153975-bcc-tuzla-sutra-otvaranjem-hm-prodavnice-pocinje-rodjendansko-slavlje\/\" \/>\n<meta property=\"og:locale\" content=\"bs_BA\" \/>\n<meta property=\"og:type\" content=\"article\" \/>\n<meta property=\"og:title\" content=\"BCC Tuzla sutra otvaranjem H&amp;M prodavnice po\u010dinje ro\u0111endansko slavlje - TuzlaInfo.ba\" \/>\n<meta property=\"og:description\" content=\"Bingo City Centar Tuzla sutra 11. novembra po\u010dinje trodnevnu ro\u0111endansku zabavu kojom \u0107e proslaviti 5.&hellip;\" \/>\n<meta property=\"og:url\" content=\"https:\/\/tuzlainfo.ba\/index.php\/novosti\/item\/153975-bcc-tuzla-sutra-otvaranjem-hm-prodavnice-pocinje-rodjendansko-slavlje\/\" \/>\n<meta property=\"og:site_name\" content=\"TuzlaInfo.ba\" \/>\n<meta property=\"article:publisher\" content=\"https:\/\/www.facebook.com\/tuzlainfo.ba\/\" \/>\n<meta property=\"article:published_time\" content=\"2021-11-10T10:23:44+00:00\" \/>\n<meta property=\"article:modified_time\" content=\"2021-11-11T09:28:52+00:00\" \/>\n<meta property=\"og:image\" content=\"https:\/\/tuzlainfo.ba\/wp-content\/uploads\/2021\/11\/1011_BCC_rodjendan.jpg\" \/>\n\t<meta property=\"og:image:width\" content=\"1200\" \/>\n\t<meta property=\"og:image:height\" content=\"755\" \/>\n\t<meta property=\"og:image:type\" content=\"image\/jpeg\" \/>\n<meta name=\"author\" content=\"nedim\" \/>\n<meta name=\"twitter:card\" content=\"summary_large_image\" \/>\n<meta name=\"twitter:label1\" content=\"Written by\" \/>\n\t<meta name=\"twitter:data1\" content=\"nedim\" \/>\n\t<meta name=\"twitter:label2\" content=\"Est. reading time\" \/>\n\t<meta name=\"twitter:data2\" content=\"1 minuta\" \/>\n<script type=\"application\/ld+json\" class=\"yoast-schema-graph\">{\"@context\":\"https:\/\/schema.org\",\"@graph\":[{\"@type\":\"Article\",\"@id\":\"https:\/\/tuzlainfo.ba\/index.php\/novosti\/item\/153975-bcc-tuzla-sutra-otvaranjem-hm-prodavnice-pocinje-rodjendansko-slavlje\/#article\",\"isPartOf\":{\"@id\":\"https:\/\/tuzlainfo.ba\/index.php\/novosti\/item\/153975-bcc-tuzla-sutra-otvaranjem-hm-prodavnice-pocinje-rodjendansko-slavlje\/\"},\"author\":{\"name\":\"nedim\",\"@id\":\"https:\/\/tuzlainfo.ba\/#\/schema\/person\/f434e20dc27ea133923aab08451b7f7f\"},\"headline\":\"BCC Tuzla sutra otvaranjem H&#038;M prodavnice po\u010dinje ro\u0111endansko slavlje\",\"datePublished\":\"2021-11-10T10:23:44+00:00\",\"dateModified\":\"2021-11-11T09:28:52+00:00\",\"mainEntityOfPage\":{\"@id\":\"https:\/\/tuzlainfo.ba\/index.php\/novosti\/item\/153975-bcc-tuzla-sutra-otvaranjem-hm-prodavnice-pocinje-rodjendansko-slavlje\/\"},\"wordCount\":243,\"commentCount\":0,\"publisher\":{\"@id\":\"https:\/\/tuzlainfo.ba\/#organization\"},\"image\":{\"@id\":\"https:\/\/tuzlainfo.ba\/index.php\/novosti\/item\/153975-bcc-tuzla-sutra-otvaranjem-hm-prodavnice-pocinje-rodjendansko-slavlje\/#primaryimage\"},\"thumbnailUrl\":\"https:\/\/tuzlainfo.ba\/wp-content\/uploads\/2021\/11\/1011_BCC_rodjendan.jpg\",\"keywords\":[\"bingo city centar tuzla\"],\"articleSection\":[\"Istaknuto\",\"Novosti\"],\"inLanguage\":\"bs-BA\"},{\"@type\":\"WebPage\",\"@id\":\"https:\/\/tuzlainfo.ba\/index.php\/novosti\/item\/153975-bcc-tuzla-sutra-otvaranjem-hm-prodavnice-pocinje-rodjendansko-slavlje\/\",\"url\":\"https:\/\/tuzlainfo.ba\/index.php\/novosti\/item\/153975-bcc-tuzla-sutra-otvaranjem-hm-prodavnice-pocinje-rodjendansko-slavlje\/\",\"name\":\"BCC Tuzla sutra otvaranjem H&M prodavnice po\u010dinje ro\u0111endansko slavlje - TuzlaInfo.ba\",\"isPartOf\":{\"@id\":\"https:\/\/tuzlainfo.ba\/#website\"},\"primaryImageOfPage\":{\"@id\":\"https:\/\/tuzlainfo.ba\/index.php\/novosti\/item\/153975-bcc-tuzla-sutra-otvaranjem-hm-prodavnice-pocinje-rodjendansko-slavlje\/#primaryimage\"},\"image\":{\"@id\":\"https:\/\/tuzlainfo.ba\/index.php\/novosti\/item\/153975-bcc-tuzla-sutra-otvaranjem-hm-prodavnice-pocinje-rodjendansko-slavlje\/#primaryimage\"},\"thumbnailUrl\":\"https:\/\/tuzlainfo.ba\/wp-content\/uploads\/2021\/11\/1011_BCC_rodjendan.jpg\",\"datePublished\":\"2021-11-10T10:23:44+00:00\",\"dateModified\":\"2021-11-11T09:28:52+00:00\",\"breadcrumb\":{\"@id\":\"https:\/\/tuzlainfo.ba\/index.php\/novosti\/item\/153975-bcc-tuzla-sutra-otvaranjem-hm-prodavnice-pocinje-rodjendansko-slavlje\/#breadcrumb\"},\"inLanguage\":\"bs-BA\",\"potentialAction\":[{\"@type\":\"ReadAction\",\"target\":[\"https:\/\/tuzlainfo.ba\/index.php\/novosti\/item\/153975-bcc-tuzla-sutra-otvaranjem-hm-prodavnice-pocinje-rodjendansko-slavlje\/\"]}]},{\"@type\":\"ImageObject\",\"inLanguage\":\"bs-BA\",\"@id\":\"https:\/\/tuzlainfo.ba\/index.php\/novosti\/item\/153975-bcc-tuzla-sutra-otvaranjem-hm-prodavnice-pocinje-rodjendansko-slavlje\/#primaryimage\",\"url\":\"https:\/\/tuzlainfo.ba\/wp-content\/uploads\/2021\/11\/1011_BCC_rodjendan.jpg\",\"contentUrl\":\"https:\/\/tuzlainfo.ba\/wp-content\/uploads\/2021\/11\/1011_BCC_rodjendan.jpg\",\"width\":1200,\"height\":755,\"caption\":\"Detalj sa proslave 3. rodjendana Bingo City Centera u Tuzli\"},{\"@type\":\"BreadcrumbList\",\"@id\":\"https:\/\/tuzlainfo.ba\/index.php\/novosti\/item\/153975-bcc-tuzla-sutra-otvaranjem-hm-prodavnice-pocinje-rodjendansko-slavlje\/#breadcrumb\",\"itemListElement\":[{\"@type\":\"ListItem\",\"position\":1,\"name\":\"Home\",\"item\":\"https:\/\/tuzlainfo.ba\/\"},{\"@type\":\"ListItem\",\"position\":2,\"name\":\"BCC Tuzla sutra otvaranjem H&#038;M prodavnice po\u010dinje ro\u0111endansko slavlje\"}]},{\"@type\":\"WebSite\",\"@id\":\"https:\/\/tuzlainfo.ba\/#website\",\"url\":\"https:\/\/tuzlainfo.ba\/\",\"name\":\"TuzlaInfo.ba\",\"description\":\"Tuzla info, gradski informator - Tuzla na dlanu\",\"publisher\":{\"@id\":\"https:\/\/tuzlainfo.ba\/#organization\"},\"potentialAction\":[{\"@type\":\"SearchAction\",\"target\":{\"@type\":\"EntryPoint\",\"urlTemplate\":\"https:\/\/tuzlainfo.ba\/?s={search_term_string}\"},\"query-input\":{\"@type\":\"PropertyValueSpecification\",\"valueRequired\":true,\"valueName\":\"search_term_string\"}}],\"inLanguage\":\"bs-BA\"},{\"@type\":\"Organization\",\"@id\":\"https:\/\/tuzlainfo.ba\/#organization\",\"name\":\"TuzlaInfo.ba\",\"url\":\"https:\/\/tuzlainfo.ba\/\",\"logo\":{\"@type\":\"ImageObject\",\"inLanguage\":\"bs-BA\",\"@id\":\"https:\/\/tuzlainfo.ba\/#\/schema\/logo\/image\/\",\"url\":\"https:\/\/tuzlainfo.ba\/wp-content\/uploads\/2021\/03\/logo-ver-3-1.png\",\"contentUrl\":\"https:\/\/tuzlainfo.ba\/wp-content\/uploads\/2021\/03\/logo-ver-3-1.png\",\"width\":350,\"height\":95,\"caption\":\"TuzlaInfo.ba\"},\"image\":{\"@id\":\"https:\/\/tuzlainfo.ba\/#\/schema\/logo\/image\/\"},\"sameAs\":[\"https:\/\/www.facebook.com\/tuzlainfo.ba\/\"]},{\"@type\":\"Person\",\"@id\":\"https:\/\/tuzlainfo.ba\/#\/schema\/person\/f434e20dc27ea133923aab08451b7f7f\",\"name\":\"nedim\",\"image\":{\"@type\":\"ImageObject\",\"inLanguage\":\"bs-BA\",\"@id\":\"https:\/\/tuzlainfo.ba\/#\/schema\/person\/image\/\",\"url\":\"https:\/\/tuzlainfo.ba\/wp-content\/litespeed\/avatar\/aabad687af24844af817603ac1cbdc4f.jpg?ver=1777306975\",\"contentUrl\":\"https:\/\/tuzlainfo.ba\/wp-content\/litespeed\/avatar\/aabad687af24844af817603ac1cbdc4f.jpg?ver=1777306975\",\"caption\":\"nedim\"},\"description\":\"Tuzlainfo.ba pratite na dru\u0161tvenim mre\u017eama: Facebook, Instagram i Youtube. Svoje pri\u010de, upite i fotografije \u0161aljite na na\u0161u e-mail adresu.\"}]}<\/script>\n<!-- \/ Yoast SEO plugin. -->","yoast_head_json":{"title":"BCC Tuzla sutra otvaranjem H&M prodavnice po\u010dinje ro\u0111endansko slavlje - TuzlaInfo.ba","robots":{"index":"index","follow":"follow","max-snippet":"max-snippet:-1","max-image-preview":"max-image-preview:large","max-video-preview":"max-video-preview:-1"},"canonical":"https:\/\/tuzlainfo.ba\/index.php\/novosti\/item\/153975-bcc-tuzla-sutra-otvaranjem-hm-prodavnice-pocinje-rodjendansko-slavlje\/","og_locale":"bs_BA","og_type":"article","og_title":"BCC Tuzla sutra otvaranjem H&M prodavnice po\u010dinje ro\u0111endansko slavlje - TuzlaInfo.ba","og_description":"Bingo City Centar Tuzla sutra 11. novembra po\u010dinje trodnevnu ro\u0111endansku zabavu kojom \u0107e proslaviti 5.&hellip;","og_url":"https:\/\/tuzlainfo.ba\/index.php\/novosti\/item\/153975-bcc-tuzla-sutra-otvaranjem-hm-prodavnice-pocinje-rodjendansko-slavlje\/","og_site_name":"TuzlaInfo.ba","article_publisher":"https:\/\/www.facebook.com\/tuzlainfo.ba\/","article_published_time":"2021-11-10T10:23:44+00:00","article_modified_time":"2021-11-11T09:28:52+00:00","og_image":[{"width":1200,"height":755,"url":"https:\/\/tuzlainfo.ba\/wp-content\/uploads\/2021\/11\/1011_BCC_rodjendan.jpg","type":"image\/jpeg"}],"author":"nedim","twitter_card":"summary_large_image","twitter_misc":{"Written by":"nedim","Est. reading time":"1 minuta"},"schema":{"@context":"https:\/\/schema.org","@graph":[{"@type":"Article","@id":"https:\/\/tuzlainfo.ba\/index.php\/novosti\/item\/153975-bcc-tuzla-sutra-otvaranjem-hm-prodavnice-pocinje-rodjendansko-slavlje\/#article","isPartOf":{"@id":"https:\/\/tuzlainfo.ba\/index.php\/novosti\/item\/153975-bcc-tuzla-sutra-otvaranjem-hm-prodavnice-pocinje-rodjendansko-slavlje\/"},"author":{"name":"nedim","@id":"https:\/\/tuzlainfo.ba\/#\/schema\/person\/f434e20dc27ea133923aab08451b7f7f"},"headline":"BCC Tuzla sutra otvaranjem H&#038;M prodavnice po\u010dinje ro\u0111endansko slavlje","datePublished":"2021-11-10T10:23:44+00:00","dateModified":"2021-11-11T09:28:52+00:00","mainEntityOfPage":{"@id":"https:\/\/tuzlainfo.ba\/index.php\/novosti\/item\/153975-bcc-tuzla-sutra-otvaranjem-hm-prodavnice-pocinje-rodjendansko-slavlje\/"},"wordCount":243,"commentCount":0,"publisher":{"@id":"https:\/\/tuzlainfo.ba\/#organization"},"image":{"@id":"https:\/\/tuzlainfo.ba\/index.php\/novosti\/item\/153975-bcc-tuzla-sutra-otvaranjem-hm-prodavnice-pocinje-rodjendansko-slavlje\/#primaryimage"},"thumbnailUrl":"https:\/\/tuzlainfo.ba\/wp-content\/uploads\/2021\/11\/1011_BCC_rodjendan.jpg","keywords":["bingo city centar tuzla"],"articleSection":["Istaknuto","Novosti"],"inLanguage":"bs-BA"},{"@type":"WebPage","@id":"https:\/\/tuzlainfo.ba\/index.php\/novosti\/item\/153975-bcc-tuzla-sutra-otvaranjem-hm-prodavnice-pocinje-rodjendansko-slavlje\/","url":"https:\/\/tuzlainfo.ba\/index.php\/novosti\/item\/153975-bcc-tuzla-sutra-otvaranjem-hm-prodavnice-pocinje-rodjendansko-slavlje\/","name":"BCC Tuzla sutra otvaranjem H&M prodavnice po\u010dinje ro\u0111endansko slavlje - TuzlaInfo.ba","isPartOf":{"@id":"https:\/\/tuzlainfo.ba\/#website"},"primaryImageOfPage":{"@id":"https:\/\/tuzlainfo.ba\/index.php\/novosti\/item\/153975-bcc-tuzla-sutra-otvaranjem-hm-prodavnice-pocinje-rodjendansko-slavlje\/#primaryimage"},"image":{"@id":"https:\/\/tuzlainfo.ba\/index.php\/novosti\/item\/153975-bcc-tuzla-sutra-otvaranjem-hm-prodavnice-pocinje-rodjendansko-slavlje\/#primaryimage"},"thumbnailUrl":"https:\/\/tuzlainfo.ba\/wp-content\/uploads\/2021\/11\/1011_BCC_rodjendan.jpg","datePublished":"2021-11-10T10:23:44+00:00","dateModified":"2021-11-11T09:28:52+00:00","breadcrumb":{"@id":"https:\/\/tuzlainfo.ba\/index.php\/novosti\/item\/153975-bcc-tuzla-sutra-otvaranjem-hm-prodavnice-pocinje-rodjendansko-slavlje\/#breadcrumb"},"inLanguage":"bs-BA","potentialAction":[{"@type":"ReadAction","target":["https:\/\/tuzlainfo.ba\/index.php\/novosti\/item\/153975-bcc-tuzla-sutra-otvaranjem-hm-prodavnice-pocinje-rodjendansko-slavlje\/"]}]},{"@type":"ImageObject","inLanguage":"bs-BA","@id":"https:\/\/tuzlainfo.ba\/index.php\/novosti\/item\/153975-bcc-tuzla-sutra-otvaranjem-hm-prodavnice-pocinje-rodjendansko-slavlje\/#primaryimage","url":"https:\/\/tuzlainfo.ba\/wp-content\/uploads\/2021\/11\/1011_BCC_rodjendan.jpg","contentUrl":"https:\/\/tuzlainfo.ba\/wp-content\/uploads\/2021\/11\/1011_BCC_rodjendan.jpg","width":1200,"height":755,"caption":"Detalj sa proslave 3. rodjendana Bingo City Centera u Tuzli"},{"@type":"BreadcrumbList","@id":"https:\/\/tuzlainfo.ba\/index.php\/novosti\/item\/153975-bcc-tuzla-sutra-otvaranjem-hm-prodavnice-pocinje-rodjendansko-slavlje\/#breadcrumb","itemListElement":[{"@type":"ListItem","position":1,"name":"Home","item":"https:\/\/tuzlainfo.ba\/"},{"@type":"ListItem","position":2,"name":"BCC Tuzla sutra otvaranjem H&#038;M prodavnice po\u010dinje ro\u0111endansko slavlje"}]},{"@type":"WebSite","@id":"https:\/\/tuzlainfo.ba\/#website","url":"https:\/\/tuzlainfo.ba\/","name":"TuzlaInfo.ba","description":"Tuzla info, gradski informator - Tuzla na dlanu","publisher":{"@id":"https:\/\/tuzlainfo.ba\/#organization"},"potentialAction":[{"@type":"SearchAction","target":{"@type":"EntryPoint","urlTemplate":"https:\/\/tuzlainfo.ba\/?s={search_term_string}"},"query-input":{"@type":"PropertyValueSpecification","valueRequired":true,"valueName":"search_term_string"}}],"inLanguage":"bs-BA"},{"@type":"Organization","@id":"https:\/\/tuzlainfo.ba\/#organization","name":"TuzlaInfo.ba","url":"https:\/\/tuzlainfo.ba\/","logo":{"@type":"ImageObject","inLanguage":"bs-BA","@id":"https:\/\/tuzlainfo.ba\/#\/schema\/logo\/image\/","url":"https:\/\/tuzlainfo.ba\/wp-content\/uploads\/2021\/03\/logo-ver-3-1.png","contentUrl":"https:\/\/tuzlainfo.ba\/wp-content\/uploads\/2021\/03\/logo-ver-3-1.png","width":350,"height":95,"caption":"TuzlaInfo.ba"},"image":{"@id":"https:\/\/tuzlainfo.ba\/#\/schema\/logo\/image\/"},"sameAs":["https:\/\/www.facebook.com\/tuzlainfo.ba\/"]},{"@type":"Person","@id":"https:\/\/tuzlainfo.ba\/#\/schema\/person\/f434e20dc27ea133923aab08451b7f7f","name":"nedim","image":{"@type":"ImageObject","inLanguage":"bs-BA","@id":"https:\/\/tuzlainfo.ba\/#\/schema\/person\/image\/","url":"https:\/\/tuzlainfo.ba\/wp-content\/litespeed\/avatar\/aabad687af24844af817603ac1cbdc4f.jpg?ver=1777306975","contentUrl":"https:\/\/tuzlainfo.ba\/wp-content\/litespeed\/avatar\/aabad687af24844af817603ac1cbdc4f.jpg?ver=1777306975","caption":"nedim"},"description":"Tuzlainfo.ba pratite na dru\u0161tvenim mre\u017eama: Facebook, Instagram i Youtube. Svoje pri\u010de, upite i fotografije \u0161aljite na na\u0161u e-mail adresu."}]}},"_links":{"self":[{"href":"https:\/\/tuzlainfo.ba\/index.php\/wp-json\/wp\/v2\/posts\/153975"}],"collection":[{"href":"https:\/\/tuzlainfo.ba\/index.php\/wp-json\/wp\/v2\/posts"}],"about":[{"href":"https:\/\/tuzlainfo.ba\/index.php\/wp-json\/wp\/v2\/types\/post"}],"author":[{"embeddable":true,"href":"https:\/\/tuzlainfo.ba\/index.php\/wp-json\/wp\/v2\/users\/2"}],"replies":[{"embeddable":true,"href":"https:\/\/tuzlainfo.ba\/index.php\/wp-json\/wp\/v2\/comments?post=153975"}],"version-history":[{"count":0,"href":"https:\/\/tuzlainfo.ba\/index.php\/wp-json\/wp\/v2\/posts\/153975\/revisions"}],"wp:featuredmedia":[{"embeddable":true,"href":"https:\/\/tuzlainfo.ba\/index.php\/wp-json\/wp\/v2\/media\/153976"}],"wp:attachment":[{"href":"https:\/\/tuzlainfo.ba\/index.php\/wp-json\/wp\/v2\/media?parent=153975"}],"wp:term":[{"taxonomy":"category","embeddable":true,"href":"https:\/\/tuzlainfo.ba\/index.php\/wp-json\/wp\/v2\/categories?post=153975"},{"taxonomy":"post_tag","embeddable":true,"href":"https:\/\/tuzlainfo.ba\/index.php\/wp-json\/wp\/v2\/tags?post=153975"}],"curies":[{"name":"wp","href":"https:\/\/api.w.org\/{rel}","templated":true}]}}