{"id":153959,"date":"2021-11-10T10:11:29","date_gmt":"2021-11-10T09:11:29","guid":{"rendered":"https:\/\/tuzlainfo.ba\/?p=153959"},"modified":"2021-11-10T10:11:29","modified_gmt":"2021-11-10T09:11:29","slug":"na-podrucju-tk-pokrenuto-sest-klizista-poljoprivredna-zemljista-i-dalje-pod-vodom","status":"publish","type":"post","link":"https:\/\/tuzlainfo.ba\/index.php\/novosti\/item\/153959-na-podrucju-tk-pokrenuto-sest-klizista-poljoprivredna-zemljista-i-dalje-pod-vodom\/","title":{"rendered":"Na podru\u010dju TK pokrenuto \u0161est klizi\u0161ta, poljoprivredna zemlji\u0161ta i dalje pod vodom"},"content":{"rendered":"<p>Vodostaj na brani HA Modrac jutros u 06,00 sati bio je 199,04 m.n.m., (ta\u010dka preljeva je 200 m.n.m.). Nivo je vi\u0161i za 16 cm u odnosu na mjerenje od prije 24 h. Ispust kroz temeljne otvore iznosi 47,70 m3\/s.<\/p>\n<p>Vodostaji<\/p>\n<p>Vodostaj rijeke Tinje u 06,00 sati iznosio je 51 cm i trenutno se nalazi u fazi stagnacije.<\/p>\n<p>Vodostaj rijeke Spre\u010de u 07,00 sati na mjernom mjestu Karanovac iznosio je 302 cm i trenutno je u opadanju. (Mjere odbrane od poplava se sprovode na 300 cm).<\/p>\n<p>Vodostaj rijeke Gostelje u 07,00 sati iznosio je 107 cm i u fazi je stagniranja.<\/p>\n<p>Vodostaj rijeke Oskove u 07,00 sati iznosio je 70 cm i u fazi je opadanja.<\/p>\n<p>Vodostaj rijeke Turije u 07,00 sati iznosio je 49 cm i u fazi je opadanja.<\/p>\n<p>Grad Gra\u010danica Na podru\u010dju grada Gra\u010danica rijeka Spre\u010da se izlila i priobalno je poplavila oko 10 ha poljoprivrednog zemlji\u0161ta u naseljima Miri\u010dina, Donja Lohinja i Pribava.<\/p>\n<p>Grad \u017divinice Na podru\u010dju grada \u017divinice u MZ Rudar, Centar i Barice rijeka Spre\u010da se izlila i priobalno poplavila :<\/p>\n<p>MZ Rudar \u2013 put prema Dubravama, poplavljeno izme\u0111u 150 \u2013 200 dunuma priobalnog zemlji\u0161ta i okru\u017eena su dva stambena objekta sa tri strane vodom,<\/p>\n<p>MZ Centar \u2013 naselje Stra\u0161anj, poplavljeno izme\u0111u 10 \u2013 15 dunuma poljoprivrednog zemlji\u0161ta. Voda je okru\u017eila 7 stambenih objekata u kojima trenutno ne \u017eivi niko.<\/p>\n<p>MZ Barice \u2013 rijeka Spre\u010da i potok Jablanica su poplavili oko 35 dunuma priobalnog zemlji\u0161ta. Nema ugro\u017eenih stambenih objekata.<\/p>\n<p>Dana 09.11.2021.god. u periodu od 07-12 sati obavljene su aktivnosti na uklanjanju otpada i granja koje je blokiralo neometan protok vode ispod mosta na rijeci Spre\u010di u naselju Suha.<\/p>\n<p>Op\u0107ina Kalesija<\/p>\n<p>Na podru\u010dju op\u0107ine Kalesija prijavljeno je \u0161est klizi\u0161ta koja su na lokacijama:<\/p>\n<p>-3x Dubnica<\/p>\n<p>-3x Hrasno Gornje i Hrasno Donje<\/p>\n<p>Na prijavljenim klizi\u0161tima je ugro\u017eeno tri stambena objekta i prilazni put Dubnici.<\/p>\n<p>Po\u017eari<\/p>\n<p>Grad Tuzla<\/p>\n<p>Vatrogasna jedinica Tuzla je imala tri tehni\u010dke intervencije i jedeno ga\u0161enje otpada u kontejneru.<\/p>\n<p>Op\u0107ina Kalesija<\/p>\n<p>Vatrogasna jedinica Kalesija je imala jednu tehni\u010dku intervenciju.<\/p>\n<p>Grad Gra\u010danica<\/p>\n<p>Vatrogasna jedinica Gra\u010danica je imala jednu intervenciju na ga\u0161enju dimnjaka.<\/p>\n<p>Grad Srebrenik<\/p>\n<p>Vatrogasna jedinica Srebrenik imala je dvije tehni\u010dke intervencije.<\/p>\n<p>&nbsp;<\/p>\n<p>&nbsp;<\/p>\n","protected":false},"excerpt":{"rendered":"<p>Vodostaj na brani HA Modrac jutros u 06,00 sati bio je 199,04 m.n.m., (ta\u010dka preljeva&hellip;<\/p>\n","protected":false},"author":4,"featured_media":153603,"comment_status":"open","ping_status":"closed","sticky":false,"template":"","format":"standard","meta":{"_acf_changed":false,"footnotes":""},"categories":[304,12],"tags":[2689,2955,3252,1508],"acf":[],"yoast_head":"<!-- This site is optimized with the Yoast SEO plugin v23.5 - https:\/\/yoast.com\/wordpress\/plugins\/seo\/ -->\n<title>Na podru\u010dju TK pokrenuto \u0161est klizi\u0161ta, poljoprivredna zemlji\u0161ta i dalje pod vodom - TuzlaInfo.ba<\/title>\n<meta name=\"robots\" content=\"index, follow, max-snippet:-1, max-image-preview:large, max-video-preview:-1\" \/>\n<link rel=\"canonical\" href=\"https:\/\/tuzlainfo.ba\/index.php\/novosti\/item\/153959-na-podrucju-tk-pokrenuto-sest-klizista-poljoprivredna-zemljista-i-dalje-pod-vodom\/\" \/>\n<meta property=\"og:locale\" content=\"bs_BA\" \/>\n<meta property=\"og:type\" content=\"article\" \/>\n<meta property=\"og:title\" content=\"Na podru\u010dju TK pokrenuto \u0161est klizi\u0161ta, poljoprivredna zemlji\u0161ta i dalje pod vodom - TuzlaInfo.ba\" \/>\n<meta property=\"og:description\" content=\"Vodostaj na brani HA Modrac jutros u 06,00 sati bio je 199,04 m.n.m., (ta\u010dka preljeva&hellip;\" \/>\n<meta property=\"og:url\" content=\"https:\/\/tuzlainfo.ba\/index.php\/novosti\/item\/153959-na-podrucju-tk-pokrenuto-sest-klizista-poljoprivredna-zemljista-i-dalje-pod-vodom\/\" \/>\n<meta property=\"og:site_name\" content=\"TuzlaInfo.ba\" \/>\n<meta property=\"article:publisher\" content=\"https:\/\/www.facebook.com\/tuzlainfo.ba\/\" \/>\n<meta property=\"article:published_time\" content=\"2021-11-10T09:11:29+00:00\" \/>\n<meta property=\"og:image\" content=\"https:\/\/tuzlainfo.ba\/wp-content\/uploads\/2021\/11\/0711_poplave_strasanj-1.jpg\" \/>\n\t<meta property=\"og:image:width\" content=\"1600\" \/>\n\t<meta property=\"og:image:height\" content=\"721\" \/>\n\t<meta property=\"og:image:type\" content=\"image\/jpeg\" \/>\n<meta name=\"author\" content=\"Tuzla Info\" \/>\n<meta name=\"twitter:card\" content=\"summary_large_image\" \/>\n<meta name=\"twitter:label1\" content=\"Written by\" \/>\n\t<meta name=\"twitter:data1\" content=\"Tuzla Info\" \/>\n\t<meta name=\"twitter:label2\" content=\"Est. reading time\" \/>\n\t<meta name=\"twitter:data2\" content=\"2 minute\" \/>\n<script type=\"application\/ld+json\" class=\"yoast-schema-graph\">{\"@context\":\"https:\/\/schema.org\",\"@graph\":[{\"@type\":\"Article\",\"@id\":\"https:\/\/tuzlainfo.ba\/index.php\/novosti\/item\/153959-na-podrucju-tk-pokrenuto-sest-klizista-poljoprivredna-zemljista-i-dalje-pod-vodom\/#article\",\"isPartOf\":{\"@id\":\"https:\/\/tuzlainfo.ba\/index.php\/novosti\/item\/153959-na-podrucju-tk-pokrenuto-sest-klizista-poljoprivredna-zemljista-i-dalje-pod-vodom\/\"},\"author\":{\"name\":\"Tuzla Info\",\"@id\":\"https:\/\/tuzlainfo.ba\/#\/schema\/person\/46cad4c57790cbc50781edd14870825a\"},\"headline\":\"Na podru\u010dju TK pokrenuto \u0161est klizi\u0161ta, poljoprivredna zemlji\u0161ta i dalje pod vodom\",\"datePublished\":\"2021-11-10T09:11:29+00:00\",\"dateModified\":\"2021-11-10T09:11:29+00:00\",\"mainEntityOfPage\":{\"@id\":\"https:\/\/tuzlainfo.ba\/index.php\/novosti\/item\/153959-na-podrucju-tk-pokrenuto-sest-klizista-poljoprivredna-zemljista-i-dalje-pod-vodom\/\"},\"wordCount\":387,\"commentCount\":0,\"publisher\":{\"@id\":\"https:\/\/tuzlainfo.ba\/#organization\"},\"image\":{\"@id\":\"https:\/\/tuzlainfo.ba\/index.php\/novosti\/item\/153959-na-podrucju-tk-pokrenuto-sest-klizista-poljoprivredna-zemljista-i-dalje-pod-vodom\/#primaryimage\"},\"thumbnailUrl\":\"https:\/\/tuzlainfo.ba\/wp-content\/uploads\/2021\/11\/0711_poplave_strasanj-1.jpg\",\"keywords\":[\"izvje\u0161taj\",\"klizi\u0161ta\",\"KUCZ TK\",\"poplave\"],\"articleSection\":[\"Istaknuto\",\"Novosti\"],\"inLanguage\":\"bs-BA\"},{\"@type\":\"WebPage\",\"@id\":\"https:\/\/tuzlainfo.ba\/index.php\/novosti\/item\/153959-na-podrucju-tk-pokrenuto-sest-klizista-poljoprivredna-zemljista-i-dalje-pod-vodom\/\",\"url\":\"https:\/\/tuzlainfo.ba\/index.php\/novosti\/item\/153959-na-podrucju-tk-pokrenuto-sest-klizista-poljoprivredna-zemljista-i-dalje-pod-vodom\/\",\"name\":\"Na podru\u010dju TK pokrenuto \u0161est klizi\u0161ta, poljoprivredna zemlji\u0161ta i dalje pod vodom - TuzlaInfo.ba\",\"isPartOf\":{\"@id\":\"https:\/\/tuzlainfo.ba\/#website\"},\"primaryImageOfPage\":{\"@id\":\"https:\/\/tuzlainfo.ba\/index.php\/novosti\/item\/153959-na-podrucju-tk-pokrenuto-sest-klizista-poljoprivredna-zemljista-i-dalje-pod-vodom\/#primaryimage\"},\"image\":{\"@id\":\"https:\/\/tuzlainfo.ba\/index.php\/novosti\/item\/153959-na-podrucju-tk-pokrenuto-sest-klizista-poljoprivredna-zemljista-i-dalje-pod-vodom\/#primaryimage\"},\"thumbnailUrl\":\"https:\/\/tuzlainfo.ba\/wp-content\/uploads\/2021\/11\/0711_poplave_strasanj-1.jpg\",\"datePublished\":\"2021-11-10T09:11:29+00:00\",\"dateModified\":\"2021-11-10T09:11:29+00:00\",\"breadcrumb\":{\"@id\":\"https:\/\/tuzlainfo.ba\/index.php\/novosti\/item\/153959-na-podrucju-tk-pokrenuto-sest-klizista-poljoprivredna-zemljista-i-dalje-pod-vodom\/#breadcrumb\"},\"inLanguage\":\"bs-BA\",\"potentialAction\":[{\"@type\":\"ReadAction\",\"target\":[\"https:\/\/tuzlainfo.ba\/index.php\/novosti\/item\/153959-na-podrucju-tk-pokrenuto-sest-klizista-poljoprivredna-zemljista-i-dalje-pod-vodom\/\"]}]},{\"@type\":\"ImageObject\",\"inLanguage\":\"bs-BA\",\"@id\":\"https:\/\/tuzlainfo.ba\/index.php\/novosti\/item\/153959-na-podrucju-tk-pokrenuto-sest-klizista-poljoprivredna-zemljista-i-dalje-pod-vodom\/#primaryimage\",\"url\":\"https:\/\/tuzlainfo.ba\/wp-content\/uploads\/2021\/11\/0711_poplave_strasanj-1.jpg\",\"contentUrl\":\"https:\/\/tuzlainfo.ba\/wp-content\/uploads\/2021\/11\/0711_poplave_strasanj-1.jpg\",\"width\":1600,\"height\":721},{\"@type\":\"BreadcrumbList\",\"@id\":\"https:\/\/tuzlainfo.ba\/index.php\/novosti\/item\/153959-na-podrucju-tk-pokrenuto-sest-klizista-poljoprivredna-zemljista-i-dalje-pod-vodom\/#breadcrumb\",\"itemListElement\":[{\"@type\":\"ListItem\",\"position\":1,\"name\":\"Home\",\"item\":\"https:\/\/tuzlainfo.ba\/\"},{\"@type\":\"ListItem\",\"position\":2,\"name\":\"Na podru\u010dju TK pokrenuto \u0161est klizi\u0161ta, poljoprivredna zemlji\u0161ta i dalje pod vodom\"}]},{\"@type\":\"WebSite\",\"@id\":\"https:\/\/tuzlainfo.ba\/#website\",\"url\":\"https:\/\/tuzlainfo.ba\/\",\"name\":\"TuzlaInfo.ba\",\"description\":\"Tuzla info, gradski informator - Tuzla na dlanu\",\"publisher\":{\"@id\":\"https:\/\/tuzlainfo.ba\/#organization\"},\"potentialAction\":[{\"@type\":\"SearchAction\",\"target\":{\"@type\":\"EntryPoint\",\"urlTemplate\":\"https:\/\/tuzlainfo.ba\/?s={search_term_string}\"},\"query-input\":{\"@type\":\"PropertyValueSpecification\",\"valueRequired\":true,\"valueName\":\"search_term_string\"}}],\"inLanguage\":\"bs-BA\"},{\"@type\":\"Organization\",\"@id\":\"https:\/\/tuzlainfo.ba\/#organization\",\"name\":\"TuzlaInfo.ba\",\"url\":\"https:\/\/tuzlainfo.ba\/\",\"logo\":{\"@type\":\"ImageObject\",\"inLanguage\":\"bs-BA\",\"@id\":\"https:\/\/tuzlainfo.ba\/#\/schema\/logo\/image\/\",\"url\":\"https:\/\/tuzlainfo.ba\/wp-content\/uploads\/2021\/03\/logo-ver-3-1.png\",\"contentUrl\":\"https:\/\/tuzlainfo.ba\/wp-content\/uploads\/2021\/03\/logo-ver-3-1.png\",\"width\":350,\"height\":95,\"caption\":\"TuzlaInfo.ba\"},\"image\":{\"@id\":\"https:\/\/tuzlainfo.ba\/#\/schema\/logo\/image\/\"},\"sameAs\":[\"https:\/\/www.facebook.com\/tuzlainfo.ba\/\"]},{\"@type\":\"Person\",\"@id\":\"https:\/\/tuzlainfo.ba\/#\/schema\/person\/46cad4c57790cbc50781edd14870825a\",\"name\":\"Tuzla Info\",\"image\":{\"@type\":\"ImageObject\",\"inLanguage\":\"bs-BA\",\"@id\":\"https:\/\/tuzlainfo.ba\/#\/schema\/person\/image\/\",\"url\":\"https:\/\/tuzlainfo.ba\/wp-content\/litespeed\/avatar\/b6c453a6c38e3654f2e4416c643fc25c.jpg?ver=1777051911\",\"contentUrl\":\"https:\/\/tuzlainfo.ba\/wp-content\/litespeed\/avatar\/b6c453a6c38e3654f2e4416c643fc25c.jpg?ver=1777051911\",\"caption\":\"Tuzla Info\"}}]}<\/script>\n<!-- \/ Yoast SEO plugin. -->","yoast_head_json":{"title":"Na podru\u010dju TK pokrenuto \u0161est klizi\u0161ta, poljoprivredna zemlji\u0161ta i dalje pod vodom - TuzlaInfo.ba","robots":{"index":"index","follow":"follow","max-snippet":"max-snippet:-1","max-image-preview":"max-image-preview:large","max-video-preview":"max-video-preview:-1"},"canonical":"https:\/\/tuzlainfo.ba\/index.php\/novosti\/item\/153959-na-podrucju-tk-pokrenuto-sest-klizista-poljoprivredna-zemljista-i-dalje-pod-vodom\/","og_locale":"bs_BA","og_type":"article","og_title":"Na podru\u010dju TK pokrenuto \u0161est klizi\u0161ta, poljoprivredna zemlji\u0161ta i dalje pod vodom - TuzlaInfo.ba","og_description":"Vodostaj na brani HA Modrac jutros u 06,00 sati bio je 199,04 m.n.m., (ta\u010dka preljeva&hellip;","og_url":"https:\/\/tuzlainfo.ba\/index.php\/novosti\/item\/153959-na-podrucju-tk-pokrenuto-sest-klizista-poljoprivredna-zemljista-i-dalje-pod-vodom\/","og_site_name":"TuzlaInfo.ba","article_publisher":"https:\/\/www.facebook.com\/tuzlainfo.ba\/","article_published_time":"2021-11-10T09:11:29+00:00","og_image":[{"width":1600,"height":721,"url":"https:\/\/tuzlainfo.ba\/wp-content\/uploads\/2021\/11\/0711_poplave_strasanj-1.jpg","type":"image\/jpeg"}],"author":"Tuzla Info","twitter_card":"summary_large_image","twitter_misc":{"Written by":"Tuzla Info","Est. reading time":"2 minute"},"schema":{"@context":"https:\/\/schema.org","@graph":[{"@type":"Article","@id":"https:\/\/tuzlainfo.ba\/index.php\/novosti\/item\/153959-na-podrucju-tk-pokrenuto-sest-klizista-poljoprivredna-zemljista-i-dalje-pod-vodom\/#article","isPartOf":{"@id":"https:\/\/tuzlainfo.ba\/index.php\/novosti\/item\/153959-na-podrucju-tk-pokrenuto-sest-klizista-poljoprivredna-zemljista-i-dalje-pod-vodom\/"},"author":{"name":"Tuzla Info","@id":"https:\/\/tuzlainfo.ba\/#\/schema\/person\/46cad4c57790cbc50781edd14870825a"},"headline":"Na podru\u010dju TK pokrenuto \u0161est klizi\u0161ta, poljoprivredna zemlji\u0161ta i dalje pod vodom","datePublished":"2021-11-10T09:11:29+00:00","dateModified":"2021-11-10T09:11:29+00:00","mainEntityOfPage":{"@id":"https:\/\/tuzlainfo.ba\/index.php\/novosti\/item\/153959-na-podrucju-tk-pokrenuto-sest-klizista-poljoprivredna-zemljista-i-dalje-pod-vodom\/"},"wordCount":387,"commentCount":0,"publisher":{"@id":"https:\/\/tuzlainfo.ba\/#organization"},"image":{"@id":"https:\/\/tuzlainfo.ba\/index.php\/novosti\/item\/153959-na-podrucju-tk-pokrenuto-sest-klizista-poljoprivredna-zemljista-i-dalje-pod-vodom\/#primaryimage"},"thumbnailUrl":"https:\/\/tuzlainfo.ba\/wp-content\/uploads\/2021\/11\/0711_poplave_strasanj-1.jpg","keywords":["izvje\u0161taj","klizi\u0161ta","KUCZ TK","poplave"],"articleSection":["Istaknuto","Novosti"],"inLanguage":"bs-BA"},{"@type":"WebPage","@id":"https:\/\/tuzlainfo.ba\/index.php\/novosti\/item\/153959-na-podrucju-tk-pokrenuto-sest-klizista-poljoprivredna-zemljista-i-dalje-pod-vodom\/","url":"https:\/\/tuzlainfo.ba\/index.php\/novosti\/item\/153959-na-podrucju-tk-pokrenuto-sest-klizista-poljoprivredna-zemljista-i-dalje-pod-vodom\/","name":"Na podru\u010dju TK pokrenuto \u0161est klizi\u0161ta, poljoprivredna zemlji\u0161ta i dalje pod vodom - TuzlaInfo.ba","isPartOf":{"@id":"https:\/\/tuzlainfo.ba\/#website"},"primaryImageOfPage":{"@id":"https:\/\/tuzlainfo.ba\/index.php\/novosti\/item\/153959-na-podrucju-tk-pokrenuto-sest-klizista-poljoprivredna-zemljista-i-dalje-pod-vodom\/#primaryimage"},"image":{"@id":"https:\/\/tuzlainfo.ba\/index.php\/novosti\/item\/153959-na-podrucju-tk-pokrenuto-sest-klizista-poljoprivredna-zemljista-i-dalje-pod-vodom\/#primaryimage"},"thumbnailUrl":"https:\/\/tuzlainfo.ba\/wp-content\/uploads\/2021\/11\/0711_poplave_strasanj-1.jpg","datePublished":"2021-11-10T09:11:29+00:00","dateModified":"2021-11-10T09:11:29+00:00","breadcrumb":{"@id":"https:\/\/tuzlainfo.ba\/index.php\/novosti\/item\/153959-na-podrucju-tk-pokrenuto-sest-klizista-poljoprivredna-zemljista-i-dalje-pod-vodom\/#breadcrumb"},"inLanguage":"bs-BA","potentialAction":[{"@type":"ReadAction","target":["https:\/\/tuzlainfo.ba\/index.php\/novosti\/item\/153959-na-podrucju-tk-pokrenuto-sest-klizista-poljoprivredna-zemljista-i-dalje-pod-vodom\/"]}]},{"@type":"ImageObject","inLanguage":"bs-BA","@id":"https:\/\/tuzlainfo.ba\/index.php\/novosti\/item\/153959-na-podrucju-tk-pokrenuto-sest-klizista-poljoprivredna-zemljista-i-dalje-pod-vodom\/#primaryimage","url":"https:\/\/tuzlainfo.ba\/wp-content\/uploads\/2021\/11\/0711_poplave_strasanj-1.jpg","contentUrl":"https:\/\/tuzlainfo.ba\/wp-content\/uploads\/2021\/11\/0711_poplave_strasanj-1.jpg","width":1600,"height":721},{"@type":"BreadcrumbList","@id":"https:\/\/tuzlainfo.ba\/index.php\/novosti\/item\/153959-na-podrucju-tk-pokrenuto-sest-klizista-poljoprivredna-zemljista-i-dalje-pod-vodom\/#breadcrumb","itemListElement":[{"@type":"ListItem","position":1,"name":"Home","item":"https:\/\/tuzlainfo.ba\/"},{"@type":"ListItem","position":2,"name":"Na podru\u010dju TK pokrenuto \u0161est klizi\u0161ta, poljoprivredna zemlji\u0161ta i dalje pod vodom"}]},{"@type":"WebSite","@id":"https:\/\/tuzlainfo.ba\/#website","url":"https:\/\/tuzlainfo.ba\/","name":"TuzlaInfo.ba","description":"Tuzla info, gradski informator - Tuzla na dlanu","publisher":{"@id":"https:\/\/tuzlainfo.ba\/#organization"},"potentialAction":[{"@type":"SearchAction","target":{"@type":"EntryPoint","urlTemplate":"https:\/\/tuzlainfo.ba\/?s={search_term_string}"},"query-input":{"@type":"PropertyValueSpecification","valueRequired":true,"valueName":"search_term_string"}}],"inLanguage":"bs-BA"},{"@type":"Organization","@id":"https:\/\/tuzlainfo.ba\/#organization","name":"TuzlaInfo.ba","url":"https:\/\/tuzlainfo.ba\/","logo":{"@type":"ImageObject","inLanguage":"bs-BA","@id":"https:\/\/tuzlainfo.ba\/#\/schema\/logo\/image\/","url":"https:\/\/tuzlainfo.ba\/wp-content\/uploads\/2021\/03\/logo-ver-3-1.png","contentUrl":"https:\/\/tuzlainfo.ba\/wp-content\/uploads\/2021\/03\/logo-ver-3-1.png","width":350,"height":95,"caption":"TuzlaInfo.ba"},"image":{"@id":"https:\/\/tuzlainfo.ba\/#\/schema\/logo\/image\/"},"sameAs":["https:\/\/www.facebook.com\/tuzlainfo.ba\/"]},{"@type":"Person","@id":"https:\/\/tuzlainfo.ba\/#\/schema\/person\/46cad4c57790cbc50781edd14870825a","name":"Tuzla Info","image":{"@type":"ImageObject","inLanguage":"bs-BA","@id":"https:\/\/tuzlainfo.ba\/#\/schema\/person\/image\/","url":"https:\/\/tuzlainfo.ba\/wp-content\/litespeed\/avatar\/b6c453a6c38e3654f2e4416c643fc25c.jpg?ver=1777051911","contentUrl":"https:\/\/tuzlainfo.ba\/wp-content\/litespeed\/avatar\/b6c453a6c38e3654f2e4416c643fc25c.jpg?ver=1777051911","caption":"Tuzla Info"}}]}},"_links":{"self":[{"href":"https:\/\/tuzlainfo.ba\/index.php\/wp-json\/wp\/v2\/posts\/153959"}],"collection":[{"href":"https:\/\/tuzlainfo.ba\/index.php\/wp-json\/wp\/v2\/posts"}],"about":[{"href":"https:\/\/tuzlainfo.ba\/index.php\/wp-json\/wp\/v2\/types\/post"}],"author":[{"embeddable":true,"href":"https:\/\/tuzlainfo.ba\/index.php\/wp-json\/wp\/v2\/users\/4"}],"replies":[{"embeddable":true,"href":"https:\/\/tuzlainfo.ba\/index.php\/wp-json\/wp\/v2\/comments?post=153959"}],"version-history":[{"count":0,"href":"https:\/\/tuzlainfo.ba\/index.php\/wp-json\/wp\/v2\/posts\/153959\/revisions"}],"wp:featuredmedia":[{"embeddable":true,"href":"https:\/\/tuzlainfo.ba\/index.php\/wp-json\/wp\/v2\/media\/153603"}],"wp:attachment":[{"href":"https:\/\/tuzlainfo.ba\/index.php\/wp-json\/wp\/v2\/media?parent=153959"}],"wp:term":[{"taxonomy":"category","embeddable":true,"href":"https:\/\/tuzlainfo.ba\/index.php\/wp-json\/wp\/v2\/categories?post=153959"},{"taxonomy":"post_tag","embeddable":true,"href":"https:\/\/tuzlainfo.ba\/index.php\/wp-json\/wp\/v2\/tags?post=153959"}],"curies":[{"name":"wp","href":"https:\/\/api.w.org\/{rel}","templated":true}]}}