{"id":153897,"date":"2021-11-09T17:28:30","date_gmt":"2021-11-09T16:28:30","guid":{"rendered":"https:\/\/tuzlainfo.ba\/?p=153897"},"modified":"2021-11-09T17:28:30","modified_gmt":"2021-11-09T16:28:30","slug":"ljekarska-komora-tk-se-ogradila-od-ljekara-clanova-antivakserskih-pokreta","status":"publish","type":"post","link":"https:\/\/tuzlainfo.ba\/index.php\/novosti\/item\/153897-ljekarska-komora-tk-se-ogradila-od-ljekara-clanova-antivakserskih-pokreta\/","title":{"rendered":"Ljekarska komora TK se ogradila od ljekara \u010dlanova antivakserskih pokreta"},"content":{"rendered":"<p>Ljekarska komora TK prati aktivnosti \u010dlanova LJKTK koji participiraju u radu Kriznih \u0161tabova i radu zdravstvenih ustanova na podru\u010dju TK u kojima se zbrinjavaju oboljeli od Covid 19 infekcije na podru\u010dju na\u0161eg kantona &#8211; navodi se na po\u010detku saop\u0161tenja Ljekarske komora TK koje prenosimo u cjelosti:<\/p>\n<p>Komora izra\u017eava nezadovoljstvo procentom vakciniranoga stanovni\u0161tava na podru\u010dju TK. O\u010dekivali smo da \u0107e procenat vaksinisanih, obzirom na aktivnosti Kriznih \u0161tabova, biti znatno ve\u0107i.<\/p>\n<p>Jo\u0161 jednom upu\u0107ujemo apel gra\u0111anima na podru\u010dju TK da se vakcini\u0161u protiv Covid 19 infekcije, bilo kojom vakcinom dostupnom u na\u0161im zdravstvenim ustanovama.<\/p>\n<p>Tako\u0111e, primije\u0107ene su i poja\u010dane aktivnosti antivakserskih pokreta na podru\u010dju TK, a \u0161to je za nas iznena\u0111uju\u0107e uz u\u010de\u0161\u0107e pojednih \u010dlanova LJKTK u istima.<\/p>\n<p>Osu\u0111ujemo antivakserske pokrete, osobito \u010dlanove LJKTK koji u\u010destvuju u ovim aktivnostima.<\/p>\n<p>LJKTK prati aktivnosti takvih \u010dlanova, ogra\u0111uje se od istih i poziva ih da prestanu sa navedenim.<\/p>\n<p>LJKTK \u0107e sigurno postaviti pitanje odgovornosti takvih \u010dlanova, jer propagiraju stavove suprotne preporukama Kriznih \u0161tabova, zdravstvenih institucija i Svjetske zdravstvene organizacije, kao i preporukama LJKTK, obavezuju\u0107im za \u010dlanove Komore &#8211; saop\u0161teno.<\/p>\n","protected":false},"excerpt":{"rendered":"<p>Ljekarska komora TK prati aktivnosti \u010dlanova LJKTK koji participiraju u radu Kriznih \u0161tabova i radu&hellip;<\/p>\n","protected":false},"author":2,"featured_media":87268,"comment_status":"open","ping_status":"closed","sticky":false,"template":"","format":"standard","meta":{"_acf_changed":false,"footnotes":""},"categories":[304,12],"tags":[2665,366],"acf":[],"yoast_head":"<!-- This site is optimized with the Yoast SEO plugin v23.5 - https:\/\/yoast.com\/wordpress\/plugins\/seo\/ -->\n<title>Ljekarska komora TK se ogradila od ljekara \u010dlanova antivakserskih pokreta - TuzlaInfo.ba<\/title>\n<meta name=\"robots\" content=\"index, follow, max-snippet:-1, max-image-preview:large, max-video-preview:-1\" \/>\n<link rel=\"canonical\" href=\"https:\/\/tuzlainfo.ba\/index.php\/novosti\/item\/153897-ljekarska-komora-tk-se-ogradila-od-ljekara-clanova-antivakserskih-pokreta\/\" \/>\n<meta property=\"og:locale\" content=\"bs_BA\" \/>\n<meta property=\"og:type\" content=\"article\" \/>\n<meta property=\"og:title\" content=\"Ljekarska komora TK se ogradila od ljekara \u010dlanova antivakserskih pokreta - TuzlaInfo.ba\" \/>\n<meta property=\"og:description\" content=\"Ljekarska komora TK prati aktivnosti \u010dlanova LJKTK koji participiraju u radu Kriznih \u0161tabova i radu&hellip;\" \/>\n<meta property=\"og:url\" content=\"https:\/\/tuzlainfo.ba\/index.php\/novosti\/item\/153897-ljekarska-komora-tk-se-ogradila-od-ljekara-clanova-antivakserskih-pokreta\/\" \/>\n<meta property=\"og:site_name\" content=\"TuzlaInfo.ba\" \/>\n<meta property=\"article:publisher\" content=\"https:\/\/www.facebook.com\/tuzlainfo.ba\/\" \/>\n<meta property=\"article:published_time\" content=\"2021-11-09T16:28:30+00:00\" \/>\n<meta property=\"og:image\" content=\"https:\/\/tuzlainfo.ba\/wp-content\/uploads\/2021\/03\/sadrzaj_2021_20210301_1203_vakcinacija_ukc.jpg\" \/>\n\t<meta property=\"og:image:width\" content=\"770\" \/>\n\t<meta property=\"og:image:height\" content=\"578\" \/>\n\t<meta property=\"og:image:type\" content=\"image\/jpeg\" \/>\n<meta name=\"author\" content=\"nedim\" \/>\n<meta name=\"twitter:card\" content=\"summary_large_image\" \/>\n<meta name=\"twitter:label1\" content=\"Written by\" \/>\n\t<meta name=\"twitter:data1\" content=\"nedim\" \/>\n\t<meta name=\"twitter:label2\" content=\"Est. reading time\" \/>\n\t<meta name=\"twitter:data2\" content=\"1 minuta\" \/>\n<script type=\"application\/ld+json\" class=\"yoast-schema-graph\">{\"@context\":\"https:\/\/schema.org\",\"@graph\":[{\"@type\":\"Article\",\"@id\":\"https:\/\/tuzlainfo.ba\/index.php\/novosti\/item\/153897-ljekarska-komora-tk-se-ogradila-od-ljekara-clanova-antivakserskih-pokreta\/#article\",\"isPartOf\":{\"@id\":\"https:\/\/tuzlainfo.ba\/index.php\/novosti\/item\/153897-ljekarska-komora-tk-se-ogradila-od-ljekara-clanova-antivakserskih-pokreta\/\"},\"author\":{\"name\":\"nedim\",\"@id\":\"https:\/\/tuzlainfo.ba\/#\/schema\/person\/f434e20dc27ea133923aab08451b7f7f\"},\"headline\":\"Ljekarska komora TK se ogradila od ljekara \u010dlanova antivakserskih pokreta\",\"datePublished\":\"2021-11-09T16:28:30+00:00\",\"dateModified\":\"2021-11-09T16:28:30+00:00\",\"mainEntityOfPage\":{\"@id\":\"https:\/\/tuzlainfo.ba\/index.php\/novosti\/item\/153897-ljekarska-komora-tk-se-ogradila-od-ljekara-clanova-antivakserskih-pokreta\/\"},\"wordCount\":210,\"commentCount\":0,\"publisher\":{\"@id\":\"https:\/\/tuzlainfo.ba\/#organization\"},\"image\":{\"@id\":\"https:\/\/tuzlainfo.ba\/index.php\/novosti\/item\/153897-ljekarska-komora-tk-se-ogradila-od-ljekara-clanova-antivakserskih-pokreta\/#primaryimage\"},\"thumbnailUrl\":\"https:\/\/tuzlainfo.ba\/wp-content\/uploads\/2021\/03\/sadrzaj_2021_20210301_1203_vakcinacija_ukc.jpg\",\"keywords\":[\"ljekarska komora tk\",\"vakcinacija\"],\"articleSection\":[\"Istaknuto\",\"Novosti\"],\"inLanguage\":\"bs-BA\"},{\"@type\":\"WebPage\",\"@id\":\"https:\/\/tuzlainfo.ba\/index.php\/novosti\/item\/153897-ljekarska-komora-tk-se-ogradila-od-ljekara-clanova-antivakserskih-pokreta\/\",\"url\":\"https:\/\/tuzlainfo.ba\/index.php\/novosti\/item\/153897-ljekarska-komora-tk-se-ogradila-od-ljekara-clanova-antivakserskih-pokreta\/\",\"name\":\"Ljekarska komora TK se ogradila od ljekara \u010dlanova antivakserskih pokreta - TuzlaInfo.ba\",\"isPartOf\":{\"@id\":\"https:\/\/tuzlainfo.ba\/#website\"},\"primaryImageOfPage\":{\"@id\":\"https:\/\/tuzlainfo.ba\/index.php\/novosti\/item\/153897-ljekarska-komora-tk-se-ogradila-od-ljekara-clanova-antivakserskih-pokreta\/#primaryimage\"},\"image\":{\"@id\":\"https:\/\/tuzlainfo.ba\/index.php\/novosti\/item\/153897-ljekarska-komora-tk-se-ogradila-od-ljekara-clanova-antivakserskih-pokreta\/#primaryimage\"},\"thumbnailUrl\":\"https:\/\/tuzlainfo.ba\/wp-content\/uploads\/2021\/03\/sadrzaj_2021_20210301_1203_vakcinacija_ukc.jpg\",\"datePublished\":\"2021-11-09T16:28:30+00:00\",\"dateModified\":\"2021-11-09T16:28:30+00:00\",\"breadcrumb\":{\"@id\":\"https:\/\/tuzlainfo.ba\/index.php\/novosti\/item\/153897-ljekarska-komora-tk-se-ogradila-od-ljekara-clanova-antivakserskih-pokreta\/#breadcrumb\"},\"inLanguage\":\"bs-BA\",\"potentialAction\":[{\"@type\":\"ReadAction\",\"target\":[\"https:\/\/tuzlainfo.ba\/index.php\/novosti\/item\/153897-ljekarska-komora-tk-se-ogradila-od-ljekara-clanova-antivakserskih-pokreta\/\"]}]},{\"@type\":\"ImageObject\",\"inLanguage\":\"bs-BA\",\"@id\":\"https:\/\/tuzlainfo.ba\/index.php\/novosti\/item\/153897-ljekarska-komora-tk-se-ogradila-od-ljekara-clanova-antivakserskih-pokreta\/#primaryimage\",\"url\":\"https:\/\/tuzlainfo.ba\/wp-content\/uploads\/2021\/03\/sadrzaj_2021_20210301_1203_vakcinacija_ukc.jpg\",\"contentUrl\":\"https:\/\/tuzlainfo.ba\/wp-content\/uploads\/2021\/03\/sadrzaj_2021_20210301_1203_vakcinacija_ukc.jpg\",\"width\":770,\"height\":578,\"caption\":\"1203 vakcinacija ukc\"},{\"@type\":\"BreadcrumbList\",\"@id\":\"https:\/\/tuzlainfo.ba\/index.php\/novosti\/item\/153897-ljekarska-komora-tk-se-ogradila-od-ljekara-clanova-antivakserskih-pokreta\/#breadcrumb\",\"itemListElement\":[{\"@type\":\"ListItem\",\"position\":1,\"name\":\"Home\",\"item\":\"https:\/\/tuzlainfo.ba\/\"},{\"@type\":\"ListItem\",\"position\":2,\"name\":\"Ljekarska komora TK se ogradila od ljekara \u010dlanova antivakserskih pokreta\"}]},{\"@type\":\"WebSite\",\"@id\":\"https:\/\/tuzlainfo.ba\/#website\",\"url\":\"https:\/\/tuzlainfo.ba\/\",\"name\":\"TuzlaInfo.ba\",\"description\":\"Tuzla info, gradski informator - Tuzla na dlanu\",\"publisher\":{\"@id\":\"https:\/\/tuzlainfo.ba\/#organization\"},\"potentialAction\":[{\"@type\":\"SearchAction\",\"target\":{\"@type\":\"EntryPoint\",\"urlTemplate\":\"https:\/\/tuzlainfo.ba\/?s={search_term_string}\"},\"query-input\":{\"@type\":\"PropertyValueSpecification\",\"valueRequired\":true,\"valueName\":\"search_term_string\"}}],\"inLanguage\":\"bs-BA\"},{\"@type\":\"Organization\",\"@id\":\"https:\/\/tuzlainfo.ba\/#organization\",\"name\":\"TuzlaInfo.ba\",\"url\":\"https:\/\/tuzlainfo.ba\/\",\"logo\":{\"@type\":\"ImageObject\",\"inLanguage\":\"bs-BA\",\"@id\":\"https:\/\/tuzlainfo.ba\/#\/schema\/logo\/image\/\",\"url\":\"https:\/\/tuzlainfo.ba\/wp-content\/uploads\/2021\/03\/logo-ver-3-1.png\",\"contentUrl\":\"https:\/\/tuzlainfo.ba\/wp-content\/uploads\/2021\/03\/logo-ver-3-1.png\",\"width\":350,\"height\":95,\"caption\":\"TuzlaInfo.ba\"},\"image\":{\"@id\":\"https:\/\/tuzlainfo.ba\/#\/schema\/logo\/image\/\"},\"sameAs\":[\"https:\/\/www.facebook.com\/tuzlainfo.ba\/\"]},{\"@type\":\"Person\",\"@id\":\"https:\/\/tuzlainfo.ba\/#\/schema\/person\/f434e20dc27ea133923aab08451b7f7f\",\"name\":\"nedim\",\"image\":{\"@type\":\"ImageObject\",\"inLanguage\":\"bs-BA\",\"@id\":\"https:\/\/tuzlainfo.ba\/#\/schema\/person\/image\/\",\"url\":\"https:\/\/tuzlainfo.ba\/wp-content\/litespeed\/avatar\/aabad687af24844af817603ac1cbdc4f.jpg?ver=1777306975\",\"contentUrl\":\"https:\/\/tuzlainfo.ba\/wp-content\/litespeed\/avatar\/aabad687af24844af817603ac1cbdc4f.jpg?ver=1777306975\",\"caption\":\"nedim\"},\"description\":\"Tuzlainfo.ba pratite na dru\u0161tvenim mre\u017eama: Facebook, Instagram i Youtube. Svoje pri\u010de, upite i fotografije \u0161aljite na na\u0161u e-mail adresu.\"}]}<\/script>\n<!-- \/ Yoast SEO plugin. -->","yoast_head_json":{"title":"Ljekarska komora TK se ogradila od ljekara \u010dlanova antivakserskih pokreta - TuzlaInfo.ba","robots":{"index":"index","follow":"follow","max-snippet":"max-snippet:-1","max-image-preview":"max-image-preview:large","max-video-preview":"max-video-preview:-1"},"canonical":"https:\/\/tuzlainfo.ba\/index.php\/novosti\/item\/153897-ljekarska-komora-tk-se-ogradila-od-ljekara-clanova-antivakserskih-pokreta\/","og_locale":"bs_BA","og_type":"article","og_title":"Ljekarska komora TK se ogradila od ljekara \u010dlanova antivakserskih pokreta - TuzlaInfo.ba","og_description":"Ljekarska komora TK prati aktivnosti \u010dlanova LJKTK koji participiraju u radu Kriznih \u0161tabova i radu&hellip;","og_url":"https:\/\/tuzlainfo.ba\/index.php\/novosti\/item\/153897-ljekarska-komora-tk-se-ogradila-od-ljekara-clanova-antivakserskih-pokreta\/","og_site_name":"TuzlaInfo.ba","article_publisher":"https:\/\/www.facebook.com\/tuzlainfo.ba\/","article_published_time":"2021-11-09T16:28:30+00:00","og_image":[{"width":770,"height":578,"url":"https:\/\/tuzlainfo.ba\/wp-content\/uploads\/2021\/03\/sadrzaj_2021_20210301_1203_vakcinacija_ukc.jpg","type":"image\/jpeg"}],"author":"nedim","twitter_card":"summary_large_image","twitter_misc":{"Written by":"nedim","Est. reading time":"1 minuta"},"schema":{"@context":"https:\/\/schema.org","@graph":[{"@type":"Article","@id":"https:\/\/tuzlainfo.ba\/index.php\/novosti\/item\/153897-ljekarska-komora-tk-se-ogradila-od-ljekara-clanova-antivakserskih-pokreta\/#article","isPartOf":{"@id":"https:\/\/tuzlainfo.ba\/index.php\/novosti\/item\/153897-ljekarska-komora-tk-se-ogradila-od-ljekara-clanova-antivakserskih-pokreta\/"},"author":{"name":"nedim","@id":"https:\/\/tuzlainfo.ba\/#\/schema\/person\/f434e20dc27ea133923aab08451b7f7f"},"headline":"Ljekarska komora TK se ogradila od ljekara \u010dlanova antivakserskih pokreta","datePublished":"2021-11-09T16:28:30+00:00","dateModified":"2021-11-09T16:28:30+00:00","mainEntityOfPage":{"@id":"https:\/\/tuzlainfo.ba\/index.php\/novosti\/item\/153897-ljekarska-komora-tk-se-ogradila-od-ljekara-clanova-antivakserskih-pokreta\/"},"wordCount":210,"commentCount":0,"publisher":{"@id":"https:\/\/tuzlainfo.ba\/#organization"},"image":{"@id":"https:\/\/tuzlainfo.ba\/index.php\/novosti\/item\/153897-ljekarska-komora-tk-se-ogradila-od-ljekara-clanova-antivakserskih-pokreta\/#primaryimage"},"thumbnailUrl":"https:\/\/tuzlainfo.ba\/wp-content\/uploads\/2021\/03\/sadrzaj_2021_20210301_1203_vakcinacija_ukc.jpg","keywords":["ljekarska komora tk","vakcinacija"],"articleSection":["Istaknuto","Novosti"],"inLanguage":"bs-BA"},{"@type":"WebPage","@id":"https:\/\/tuzlainfo.ba\/index.php\/novosti\/item\/153897-ljekarska-komora-tk-se-ogradila-od-ljekara-clanova-antivakserskih-pokreta\/","url":"https:\/\/tuzlainfo.ba\/index.php\/novosti\/item\/153897-ljekarska-komora-tk-se-ogradila-od-ljekara-clanova-antivakserskih-pokreta\/","name":"Ljekarska komora TK se ogradila od ljekara \u010dlanova antivakserskih pokreta - TuzlaInfo.ba","isPartOf":{"@id":"https:\/\/tuzlainfo.ba\/#website"},"primaryImageOfPage":{"@id":"https:\/\/tuzlainfo.ba\/index.php\/novosti\/item\/153897-ljekarska-komora-tk-se-ogradila-od-ljekara-clanova-antivakserskih-pokreta\/#primaryimage"},"image":{"@id":"https:\/\/tuzlainfo.ba\/index.php\/novosti\/item\/153897-ljekarska-komora-tk-se-ogradila-od-ljekara-clanova-antivakserskih-pokreta\/#primaryimage"},"thumbnailUrl":"https:\/\/tuzlainfo.ba\/wp-content\/uploads\/2021\/03\/sadrzaj_2021_20210301_1203_vakcinacija_ukc.jpg","datePublished":"2021-11-09T16:28:30+00:00","dateModified":"2021-11-09T16:28:30+00:00","breadcrumb":{"@id":"https:\/\/tuzlainfo.ba\/index.php\/novosti\/item\/153897-ljekarska-komora-tk-se-ogradila-od-ljekara-clanova-antivakserskih-pokreta\/#breadcrumb"},"inLanguage":"bs-BA","potentialAction":[{"@type":"ReadAction","target":["https:\/\/tuzlainfo.ba\/index.php\/novosti\/item\/153897-ljekarska-komora-tk-se-ogradila-od-ljekara-clanova-antivakserskih-pokreta\/"]}]},{"@type":"ImageObject","inLanguage":"bs-BA","@id":"https:\/\/tuzlainfo.ba\/index.php\/novosti\/item\/153897-ljekarska-komora-tk-se-ogradila-od-ljekara-clanova-antivakserskih-pokreta\/#primaryimage","url":"https:\/\/tuzlainfo.ba\/wp-content\/uploads\/2021\/03\/sadrzaj_2021_20210301_1203_vakcinacija_ukc.jpg","contentUrl":"https:\/\/tuzlainfo.ba\/wp-content\/uploads\/2021\/03\/sadrzaj_2021_20210301_1203_vakcinacija_ukc.jpg","width":770,"height":578,"caption":"1203 vakcinacija ukc"},{"@type":"BreadcrumbList","@id":"https:\/\/tuzlainfo.ba\/index.php\/novosti\/item\/153897-ljekarska-komora-tk-se-ogradila-od-ljekara-clanova-antivakserskih-pokreta\/#breadcrumb","itemListElement":[{"@type":"ListItem","position":1,"name":"Home","item":"https:\/\/tuzlainfo.ba\/"},{"@type":"ListItem","position":2,"name":"Ljekarska komora TK se ogradila od ljekara \u010dlanova antivakserskih pokreta"}]},{"@type":"WebSite","@id":"https:\/\/tuzlainfo.ba\/#website","url":"https:\/\/tuzlainfo.ba\/","name":"TuzlaInfo.ba","description":"Tuzla info, gradski informator - Tuzla na dlanu","publisher":{"@id":"https:\/\/tuzlainfo.ba\/#organization"},"potentialAction":[{"@type":"SearchAction","target":{"@type":"EntryPoint","urlTemplate":"https:\/\/tuzlainfo.ba\/?s={search_term_string}"},"query-input":{"@type":"PropertyValueSpecification","valueRequired":true,"valueName":"search_term_string"}}],"inLanguage":"bs-BA"},{"@type":"Organization","@id":"https:\/\/tuzlainfo.ba\/#organization","name":"TuzlaInfo.ba","url":"https:\/\/tuzlainfo.ba\/","logo":{"@type":"ImageObject","inLanguage":"bs-BA","@id":"https:\/\/tuzlainfo.ba\/#\/schema\/logo\/image\/","url":"https:\/\/tuzlainfo.ba\/wp-content\/uploads\/2021\/03\/logo-ver-3-1.png","contentUrl":"https:\/\/tuzlainfo.ba\/wp-content\/uploads\/2021\/03\/logo-ver-3-1.png","width":350,"height":95,"caption":"TuzlaInfo.ba"},"image":{"@id":"https:\/\/tuzlainfo.ba\/#\/schema\/logo\/image\/"},"sameAs":["https:\/\/www.facebook.com\/tuzlainfo.ba\/"]},{"@type":"Person","@id":"https:\/\/tuzlainfo.ba\/#\/schema\/person\/f434e20dc27ea133923aab08451b7f7f","name":"nedim","image":{"@type":"ImageObject","inLanguage":"bs-BA","@id":"https:\/\/tuzlainfo.ba\/#\/schema\/person\/image\/","url":"https:\/\/tuzlainfo.ba\/wp-content\/litespeed\/avatar\/aabad687af24844af817603ac1cbdc4f.jpg?ver=1777306975","contentUrl":"https:\/\/tuzlainfo.ba\/wp-content\/litespeed\/avatar\/aabad687af24844af817603ac1cbdc4f.jpg?ver=1777306975","caption":"nedim"},"description":"Tuzlainfo.ba pratite na dru\u0161tvenim mre\u017eama: Facebook, Instagram i Youtube. Svoje pri\u010de, upite i fotografije \u0161aljite na na\u0161u e-mail adresu."}]}},"_links":{"self":[{"href":"https:\/\/tuzlainfo.ba\/index.php\/wp-json\/wp\/v2\/posts\/153897"}],"collection":[{"href":"https:\/\/tuzlainfo.ba\/index.php\/wp-json\/wp\/v2\/posts"}],"about":[{"href":"https:\/\/tuzlainfo.ba\/index.php\/wp-json\/wp\/v2\/types\/post"}],"author":[{"embeddable":true,"href":"https:\/\/tuzlainfo.ba\/index.php\/wp-json\/wp\/v2\/users\/2"}],"replies":[{"embeddable":true,"href":"https:\/\/tuzlainfo.ba\/index.php\/wp-json\/wp\/v2\/comments?post=153897"}],"version-history":[{"count":0,"href":"https:\/\/tuzlainfo.ba\/index.php\/wp-json\/wp\/v2\/posts\/153897\/revisions"}],"wp:featuredmedia":[{"embeddable":true,"href":"https:\/\/tuzlainfo.ba\/index.php\/wp-json\/wp\/v2\/media\/87268"}],"wp:attachment":[{"href":"https:\/\/tuzlainfo.ba\/index.php\/wp-json\/wp\/v2\/media?parent=153897"}],"wp:term":[{"taxonomy":"category","embeddable":true,"href":"https:\/\/tuzlainfo.ba\/index.php\/wp-json\/wp\/v2\/categories?post=153897"},{"taxonomy":"post_tag","embeddable":true,"href":"https:\/\/tuzlainfo.ba\/index.php\/wp-json\/wp\/v2\/tags?post=153897"}],"curies":[{"name":"wp","href":"https:\/\/api.w.org\/{rel}","templated":true}]}}