{"id":153881,"date":"2021-11-09T15:18:52","date_gmt":"2021-11-09T14:18:52","guid":{"rendered":"https:\/\/tuzlainfo.ba\/?p=153881"},"modified":"2021-11-09T15:18:52","modified_gmt":"2021-11-09T14:18:52","slug":"danas-najavljeno-prekrecavanje-policija-u-beogradu-stiti-mural-zlocincu-ratku-mladicu","status":"publish","type":"post","link":"https:\/\/tuzlainfo.ba\/index.php\/clanci\/sa-svih-strana\/item\/153881-danas-najavljeno-prekrecavanje-policija-u-beogradu-stiti-mural-zlocincu-ratku-mladicu\/","title":{"rendered":"Danas najavljeno prekre\u010davanje: Policija u Beogradu \u0161titi mural zlo\u010dincu Ratku Mladi\u0107u"},"content":{"rendered":"<div class=\"single-intro\">\n<p>U Njego\u0161evoj ulici u beogradskom Vra\u010daru, gdje se na jednom zidu nalazi mural sa likom Ratka Mladi\u0107a, biv\u0161eg komandanta Vojske Republike Srpske i presu\u0111enog ratnog zlo\u010dinca, nalazi se policija na oba \u0107o\u0161ka, prisutne su i dvije marice, a policajci legitimi\u0161u svakoga ko se zaustavi ispred murala.<\/p>\n<p>Podsjetimo, Inicijativa mladih za ljudska prava najavila je prije nekoliko dana da \u0107e danas prekre\u010diti mural posve\u0107en Ratku Mladi\u0107u, nakon \u010dega je Ministrarstvo unutra\u0161njih poslova Srbije zabranilo tu akciju. Nakon toga YIHR je objavio otvoreno pismo u kojem su naveli da ne\u0107e do\u0107i da kre\u010de mural, ali su objasnili i za\u0161to.<\/p>\n<\/div>\n<div class=\"single-text\">\n<p>Djevojka koja je govorila za N1 ka\u017ee da je stala porazgovara sa kom\u0161ijom, kada su joj tra\u017eili li\u010dnu kartu i uzeli podatke. Navodi da kada je prethodno prolazila u autu tra\u017ee\u0107i parking, vidjela je da policajci, tako\u0111er, legitimi\u0161u dva momka.<\/p>\n<p>Ona za N1 Beograd navodi da je pitala policajce za\u0161to su tu, primjetiv\u0161i da ima \u201cprevi\u0161e policije da \u010duva jedan zid\u201d, poslije \u010dega su je legitimisali. N1 Beograd je objavio i video snimke sa tog mjesta.<\/p>\n<p>Inicijativa mladih za ljudska prava najavila je prije nekoliko dana da \u0107e prekre\u010diti mural posve\u0107en Ratku Mladi\u0107u, nakon \u010dega je Ministrarstvo unutra\u0161njih poslova Srbije zabranilo tu akciju. Prema rije\u010dima ministra unutra\u0161njih poslova Srbije, Aleksandra Vulina, skup je zabranjen zbog bezbijednosnog rizika, dok Inicijativa tvrdi da dr\u017eava i ovog puta \u0161titi i brani ratne zlo\u010dince.<\/p>\n<p>\u201cNi oni koji bi da prekre\u010de mural generalu Mladi\u0107u, ni oni koji bi da ga \u010duvaju ne\u0107e dobiti dozvolu za okupljanje. Na 9. novembar Me\u0111unarodni dan borbe protiv fa\u0161izma u Beogradu se ne\u0107e niko sukobljavati na ulicama i kvariti \u017eivot na\u0161im gra\u0111anima, i niko ne\u0107e neprijatelje Srbije obradovati slikama krvavih srpskih glava\u201d, naveo je tada Vulin.<\/p>\n<p>Iz Inicijative su odgovorili otvorenim pismom navode\u0107i da \u201csaop\u0161tenje MUP i ministra Vulina, u kojem govore o \u201cslikama krvavih srpskih glava\u201d ako do\u0111e do kre\u010denja murala su dobro razumjeli.<\/p>\n<p>\u201cNjegove paramilitarne formacije, kao \u0161to je Levijatan, bi nam razbile glave, a njegova policija nas ne bi za\u0161titila. Nismo odustali zbog nedostatka hrabrosti, iako se naravno pla\u0161imo armije neonacista koja godinama neka\u017enjeno upra\u017enjava nasilje i prijeti svima koji im nisu po volji. Nije mjera hrabrosti da stane\u0161 na crtu dok ti neko razbija glavu, osim me\u0111u huliganima i kriminalcima \u2013 \u010diji sistem vrijednosti ova vlast poku\u0161ava da nametne cijelom dru\u0161tvu. Hrabrost zrelih dru\u0161tava i zrelih osoba se ogleda u dono\u0161enju te\u0161kih odluka. Ne\u0107emo organizovati uklanjanje kako smo planirali zato \u0161to mural Ratka Mladi\u0107a u Njego\u0161evoj ulici nije vi\u0161e obi\u010dan mural. To je sada spomenik Ratku Mladi\u0107u, podignut od strane nepoznatog autora u julu ove godine, ali stavljen pod za\u0161titu dr\u017eave Srbije 5. novembra, re\u0161enjem MUPa i ministra Aleksandra Vulina i \u0107utanjem predsjednika Vu\u010di\u0107a i Vlade Ane Brnabi\u0107\u201d, navedeno je u pismu izme\u0111u ostalog, pi\u0161e N1.<\/p>\n<\/div>\n","protected":false},"excerpt":{"rendered":"<p>U Njego\u0161evoj ulici u beogradskom Vra\u010daru, gdje se na jednom zidu nalazi mural sa likom&hellip;<\/p>\n","protected":false},"author":2,"featured_media":153882,"comment_status":"open","ping_status":"closed","sticky":false,"template":"","format":"standard","meta":{"_acf_changed":false,"footnotes":""},"categories":[16],"tags":[1171,966,939,309],"acf":[],"yoast_head":"<!-- This site is optimized with the Yoast SEO plugin v23.5 - https:\/\/yoast.com\/wordpress\/plugins\/seo\/ -->\n<title>Danas najavljeno prekre\u010davanje: Policija u Beogradu \u0161titi mural zlo\u010dincu Ratku Mladi\u0107u - TuzlaInfo.ba<\/title>\n<meta name=\"robots\" content=\"index, follow, max-snippet:-1, max-image-preview:large, max-video-preview:-1\" \/>\n<link rel=\"canonical\" href=\"https:\/\/tuzlainfo.ba\/index.php\/clanci\/sa-svih-strana\/item\/153881-danas-najavljeno-prekrecavanje-policija-u-beogradu-stiti-mural-zlocincu-ratku-mladicu\/\" \/>\n<meta property=\"og:locale\" content=\"bs_BA\" \/>\n<meta property=\"og:type\" content=\"article\" \/>\n<meta property=\"og:title\" content=\"Danas najavljeno prekre\u010davanje: Policija u Beogradu \u0161titi mural zlo\u010dincu Ratku Mladi\u0107u - TuzlaInfo.ba\" \/>\n<meta property=\"og:description\" content=\"U Njego\u0161evoj ulici u beogradskom Vra\u010daru, gdje se na jednom zidu nalazi mural sa likom&hellip;\" \/>\n<meta property=\"og:url\" content=\"https:\/\/tuzlainfo.ba\/index.php\/clanci\/sa-svih-strana\/item\/153881-danas-najavljeno-prekrecavanje-policija-u-beogradu-stiti-mural-zlocincu-ratku-mladicu\/\" \/>\n<meta property=\"og:site_name\" content=\"TuzlaInfo.ba\" \/>\n<meta property=\"article:publisher\" content=\"https:\/\/www.facebook.com\/tuzlainfo.ba\/\" \/>\n<meta property=\"article:published_time\" content=\"2021-11-09T14:18:52+00:00\" \/>\n<meta property=\"og:image\" content=\"https:\/\/tuzlainfo.ba\/wp-content\/uploads\/2021\/11\/0911_mladic_mural_bg.jpg\" \/>\n\t<meta property=\"og:image:width\" content=\"780\" \/>\n\t<meta property=\"og:image:height\" content=\"445\" \/>\n\t<meta property=\"og:image:type\" content=\"image\/jpeg\" \/>\n<meta name=\"author\" content=\"nedim\" \/>\n<meta name=\"twitter:card\" content=\"summary_large_image\" \/>\n<meta name=\"twitter:label1\" content=\"Written by\" \/>\n\t<meta name=\"twitter:data1\" content=\"nedim\" \/>\n\t<meta name=\"twitter:label2\" content=\"Est. reading time\" \/>\n\t<meta name=\"twitter:data2\" content=\"3 minute\" \/>\n<script type=\"application\/ld+json\" class=\"yoast-schema-graph\">{\"@context\":\"https:\/\/schema.org\",\"@graph\":[{\"@type\":\"Article\",\"@id\":\"https:\/\/tuzlainfo.ba\/index.php\/clanci\/sa-svih-strana\/item\/153881-danas-najavljeno-prekrecavanje-policija-u-beogradu-stiti-mural-zlocincu-ratku-mladicu\/#article\",\"isPartOf\":{\"@id\":\"https:\/\/tuzlainfo.ba\/index.php\/clanci\/sa-svih-strana\/item\/153881-danas-najavljeno-prekrecavanje-policija-u-beogradu-stiti-mural-zlocincu-ratku-mladicu\/\"},\"author\":{\"name\":\"nedim\",\"@id\":\"https:\/\/tuzlainfo.ba\/#\/schema\/person\/f434e20dc27ea133923aab08451b7f7f\"},\"headline\":\"Danas najavljeno prekre\u010davanje: Policija u Beogradu \u0161titi mural zlo\u010dincu Ratku Mladi\u0107u\",\"datePublished\":\"2021-11-09T14:18:52+00:00\",\"dateModified\":\"2021-11-09T14:18:52+00:00\",\"mainEntityOfPage\":{\"@id\":\"https:\/\/tuzlainfo.ba\/index.php\/clanci\/sa-svih-strana\/item\/153881-danas-najavljeno-prekrecavanje-policija-u-beogradu-stiti-mural-zlocincu-ratku-mladicu\/\"},\"wordCount\":539,\"commentCount\":0,\"publisher\":{\"@id\":\"https:\/\/tuzlainfo.ba\/#organization\"},\"image\":{\"@id\":\"https:\/\/tuzlainfo.ba\/index.php\/clanci\/sa-svih-strana\/item\/153881-danas-najavljeno-prekrecavanje-policija-u-beogradu-stiti-mural-zlocincu-ratku-mladicu\/#primaryimage\"},\"thumbnailUrl\":\"https:\/\/tuzlainfo.ba\/wp-content\/uploads\/2021\/11\/0911_mladic_mural_bg.jpg\",\"keywords\":[\"beograd\",\"mural\",\"ratko mladi\u0107\",\"srbija\"],\"articleSection\":[\"Sa svih strana\"],\"inLanguage\":\"bs-BA\"},{\"@type\":\"WebPage\",\"@id\":\"https:\/\/tuzlainfo.ba\/index.php\/clanci\/sa-svih-strana\/item\/153881-danas-najavljeno-prekrecavanje-policija-u-beogradu-stiti-mural-zlocincu-ratku-mladicu\/\",\"url\":\"https:\/\/tuzlainfo.ba\/index.php\/clanci\/sa-svih-strana\/item\/153881-danas-najavljeno-prekrecavanje-policija-u-beogradu-stiti-mural-zlocincu-ratku-mladicu\/\",\"name\":\"Danas najavljeno prekre\u010davanje: Policija u Beogradu \u0161titi mural zlo\u010dincu Ratku Mladi\u0107u - TuzlaInfo.ba\",\"isPartOf\":{\"@id\":\"https:\/\/tuzlainfo.ba\/#website\"},\"primaryImageOfPage\":{\"@id\":\"https:\/\/tuzlainfo.ba\/index.php\/clanci\/sa-svih-strana\/item\/153881-danas-najavljeno-prekrecavanje-policija-u-beogradu-stiti-mural-zlocincu-ratku-mladicu\/#primaryimage\"},\"image\":{\"@id\":\"https:\/\/tuzlainfo.ba\/index.php\/clanci\/sa-svih-strana\/item\/153881-danas-najavljeno-prekrecavanje-policija-u-beogradu-stiti-mural-zlocincu-ratku-mladicu\/#primaryimage\"},\"thumbnailUrl\":\"https:\/\/tuzlainfo.ba\/wp-content\/uploads\/2021\/11\/0911_mladic_mural_bg.jpg\",\"datePublished\":\"2021-11-09T14:18:52+00:00\",\"dateModified\":\"2021-11-09T14:18:52+00:00\",\"breadcrumb\":{\"@id\":\"https:\/\/tuzlainfo.ba\/index.php\/clanci\/sa-svih-strana\/item\/153881-danas-najavljeno-prekrecavanje-policija-u-beogradu-stiti-mural-zlocincu-ratku-mladicu\/#breadcrumb\"},\"inLanguage\":\"bs-BA\",\"potentialAction\":[{\"@type\":\"ReadAction\",\"target\":[\"https:\/\/tuzlainfo.ba\/index.php\/clanci\/sa-svih-strana\/item\/153881-danas-najavljeno-prekrecavanje-policija-u-beogradu-stiti-mural-zlocincu-ratku-mladicu\/\"]}]},{\"@type\":\"ImageObject\",\"inLanguage\":\"bs-BA\",\"@id\":\"https:\/\/tuzlainfo.ba\/index.php\/clanci\/sa-svih-strana\/item\/153881-danas-najavljeno-prekrecavanje-policija-u-beogradu-stiti-mural-zlocincu-ratku-mladicu\/#primaryimage\",\"url\":\"https:\/\/tuzlainfo.ba\/wp-content\/uploads\/2021\/11\/0911_mladic_mural_bg.jpg\",\"contentUrl\":\"https:\/\/tuzlainfo.ba\/wp-content\/uploads\/2021\/11\/0911_mladic_mural_bg.jpg\",\"width\":780,\"height\":445},{\"@type\":\"BreadcrumbList\",\"@id\":\"https:\/\/tuzlainfo.ba\/index.php\/clanci\/sa-svih-strana\/item\/153881-danas-najavljeno-prekrecavanje-policija-u-beogradu-stiti-mural-zlocincu-ratku-mladicu\/#breadcrumb\",\"itemListElement\":[{\"@type\":\"ListItem\",\"position\":1,\"name\":\"Home\",\"item\":\"https:\/\/tuzlainfo.ba\/\"},{\"@type\":\"ListItem\",\"position\":2,\"name\":\"Danas najavljeno prekre\u010davanje: Policija u Beogradu \u0161titi mural zlo\u010dincu Ratku Mladi\u0107u\"}]},{\"@type\":\"WebSite\",\"@id\":\"https:\/\/tuzlainfo.ba\/#website\",\"url\":\"https:\/\/tuzlainfo.ba\/\",\"name\":\"TuzlaInfo.ba\",\"description\":\"Tuzla info, gradski informator - Tuzla na dlanu\",\"publisher\":{\"@id\":\"https:\/\/tuzlainfo.ba\/#organization\"},\"potentialAction\":[{\"@type\":\"SearchAction\",\"target\":{\"@type\":\"EntryPoint\",\"urlTemplate\":\"https:\/\/tuzlainfo.ba\/?s={search_term_string}\"},\"query-input\":{\"@type\":\"PropertyValueSpecification\",\"valueRequired\":true,\"valueName\":\"search_term_string\"}}],\"inLanguage\":\"bs-BA\"},{\"@type\":\"Organization\",\"@id\":\"https:\/\/tuzlainfo.ba\/#organization\",\"name\":\"TuzlaInfo.ba\",\"url\":\"https:\/\/tuzlainfo.ba\/\",\"logo\":{\"@type\":\"ImageObject\",\"inLanguage\":\"bs-BA\",\"@id\":\"https:\/\/tuzlainfo.ba\/#\/schema\/logo\/image\/\",\"url\":\"https:\/\/tuzlainfo.ba\/wp-content\/uploads\/2021\/03\/logo-ver-3-1.png\",\"contentUrl\":\"https:\/\/tuzlainfo.ba\/wp-content\/uploads\/2021\/03\/logo-ver-3-1.png\",\"width\":350,\"height\":95,\"caption\":\"TuzlaInfo.ba\"},\"image\":{\"@id\":\"https:\/\/tuzlainfo.ba\/#\/schema\/logo\/image\/\"},\"sameAs\":[\"https:\/\/www.facebook.com\/tuzlainfo.ba\/\"]},{\"@type\":\"Person\",\"@id\":\"https:\/\/tuzlainfo.ba\/#\/schema\/person\/f434e20dc27ea133923aab08451b7f7f\",\"name\":\"nedim\",\"image\":{\"@type\":\"ImageObject\",\"inLanguage\":\"bs-BA\",\"@id\":\"https:\/\/tuzlainfo.ba\/#\/schema\/person\/image\/\",\"url\":\"https:\/\/tuzlainfo.ba\/wp-content\/litespeed\/avatar\/aabad687af24844af817603ac1cbdc4f.jpg?ver=1776702173\",\"contentUrl\":\"https:\/\/tuzlainfo.ba\/wp-content\/litespeed\/avatar\/aabad687af24844af817603ac1cbdc4f.jpg?ver=1776702173\",\"caption\":\"nedim\"},\"description\":\"Tuzlainfo.ba pratite na dru\u0161tvenim mre\u017eama: Facebook, Instagram i Youtube. Svoje pri\u010de, upite i fotografije \u0161aljite na na\u0161u e-mail adresu.\"}]}<\/script>\n<!-- \/ Yoast SEO plugin. -->","yoast_head_json":{"title":"Danas najavljeno prekre\u010davanje: Policija u Beogradu \u0161titi mural zlo\u010dincu Ratku Mladi\u0107u - TuzlaInfo.ba","robots":{"index":"index","follow":"follow","max-snippet":"max-snippet:-1","max-image-preview":"max-image-preview:large","max-video-preview":"max-video-preview:-1"},"canonical":"https:\/\/tuzlainfo.ba\/index.php\/clanci\/sa-svih-strana\/item\/153881-danas-najavljeno-prekrecavanje-policija-u-beogradu-stiti-mural-zlocincu-ratku-mladicu\/","og_locale":"bs_BA","og_type":"article","og_title":"Danas najavljeno prekre\u010davanje: Policija u Beogradu \u0161titi mural zlo\u010dincu Ratku Mladi\u0107u - TuzlaInfo.ba","og_description":"U Njego\u0161evoj ulici u beogradskom Vra\u010daru, gdje se na jednom zidu nalazi mural sa likom&hellip;","og_url":"https:\/\/tuzlainfo.ba\/index.php\/clanci\/sa-svih-strana\/item\/153881-danas-najavljeno-prekrecavanje-policija-u-beogradu-stiti-mural-zlocincu-ratku-mladicu\/","og_site_name":"TuzlaInfo.ba","article_publisher":"https:\/\/www.facebook.com\/tuzlainfo.ba\/","article_published_time":"2021-11-09T14:18:52+00:00","og_image":[{"width":780,"height":445,"url":"https:\/\/tuzlainfo.ba\/wp-content\/uploads\/2021\/11\/0911_mladic_mural_bg.jpg","type":"image\/jpeg"}],"author":"nedim","twitter_card":"summary_large_image","twitter_misc":{"Written by":"nedim","Est. reading time":"3 minute"},"schema":{"@context":"https:\/\/schema.org","@graph":[{"@type":"Article","@id":"https:\/\/tuzlainfo.ba\/index.php\/clanci\/sa-svih-strana\/item\/153881-danas-najavljeno-prekrecavanje-policija-u-beogradu-stiti-mural-zlocincu-ratku-mladicu\/#article","isPartOf":{"@id":"https:\/\/tuzlainfo.ba\/index.php\/clanci\/sa-svih-strana\/item\/153881-danas-najavljeno-prekrecavanje-policija-u-beogradu-stiti-mural-zlocincu-ratku-mladicu\/"},"author":{"name":"nedim","@id":"https:\/\/tuzlainfo.ba\/#\/schema\/person\/f434e20dc27ea133923aab08451b7f7f"},"headline":"Danas najavljeno prekre\u010davanje: Policija u Beogradu \u0161titi mural zlo\u010dincu Ratku Mladi\u0107u","datePublished":"2021-11-09T14:18:52+00:00","dateModified":"2021-11-09T14:18:52+00:00","mainEntityOfPage":{"@id":"https:\/\/tuzlainfo.ba\/index.php\/clanci\/sa-svih-strana\/item\/153881-danas-najavljeno-prekrecavanje-policija-u-beogradu-stiti-mural-zlocincu-ratku-mladicu\/"},"wordCount":539,"commentCount":0,"publisher":{"@id":"https:\/\/tuzlainfo.ba\/#organization"},"image":{"@id":"https:\/\/tuzlainfo.ba\/index.php\/clanci\/sa-svih-strana\/item\/153881-danas-najavljeno-prekrecavanje-policija-u-beogradu-stiti-mural-zlocincu-ratku-mladicu\/#primaryimage"},"thumbnailUrl":"https:\/\/tuzlainfo.ba\/wp-content\/uploads\/2021\/11\/0911_mladic_mural_bg.jpg","keywords":["beograd","mural","ratko mladi\u0107","srbija"],"articleSection":["Sa svih strana"],"inLanguage":"bs-BA"},{"@type":"WebPage","@id":"https:\/\/tuzlainfo.ba\/index.php\/clanci\/sa-svih-strana\/item\/153881-danas-najavljeno-prekrecavanje-policija-u-beogradu-stiti-mural-zlocincu-ratku-mladicu\/","url":"https:\/\/tuzlainfo.ba\/index.php\/clanci\/sa-svih-strana\/item\/153881-danas-najavljeno-prekrecavanje-policija-u-beogradu-stiti-mural-zlocincu-ratku-mladicu\/","name":"Danas najavljeno prekre\u010davanje: Policija u Beogradu \u0161titi mural zlo\u010dincu Ratku Mladi\u0107u - TuzlaInfo.ba","isPartOf":{"@id":"https:\/\/tuzlainfo.ba\/#website"},"primaryImageOfPage":{"@id":"https:\/\/tuzlainfo.ba\/index.php\/clanci\/sa-svih-strana\/item\/153881-danas-najavljeno-prekrecavanje-policija-u-beogradu-stiti-mural-zlocincu-ratku-mladicu\/#primaryimage"},"image":{"@id":"https:\/\/tuzlainfo.ba\/index.php\/clanci\/sa-svih-strana\/item\/153881-danas-najavljeno-prekrecavanje-policija-u-beogradu-stiti-mural-zlocincu-ratku-mladicu\/#primaryimage"},"thumbnailUrl":"https:\/\/tuzlainfo.ba\/wp-content\/uploads\/2021\/11\/0911_mladic_mural_bg.jpg","datePublished":"2021-11-09T14:18:52+00:00","dateModified":"2021-11-09T14:18:52+00:00","breadcrumb":{"@id":"https:\/\/tuzlainfo.ba\/index.php\/clanci\/sa-svih-strana\/item\/153881-danas-najavljeno-prekrecavanje-policija-u-beogradu-stiti-mural-zlocincu-ratku-mladicu\/#breadcrumb"},"inLanguage":"bs-BA","potentialAction":[{"@type":"ReadAction","target":["https:\/\/tuzlainfo.ba\/index.php\/clanci\/sa-svih-strana\/item\/153881-danas-najavljeno-prekrecavanje-policija-u-beogradu-stiti-mural-zlocincu-ratku-mladicu\/"]}]},{"@type":"ImageObject","inLanguage":"bs-BA","@id":"https:\/\/tuzlainfo.ba\/index.php\/clanci\/sa-svih-strana\/item\/153881-danas-najavljeno-prekrecavanje-policija-u-beogradu-stiti-mural-zlocincu-ratku-mladicu\/#primaryimage","url":"https:\/\/tuzlainfo.ba\/wp-content\/uploads\/2021\/11\/0911_mladic_mural_bg.jpg","contentUrl":"https:\/\/tuzlainfo.ba\/wp-content\/uploads\/2021\/11\/0911_mladic_mural_bg.jpg","width":780,"height":445},{"@type":"BreadcrumbList","@id":"https:\/\/tuzlainfo.ba\/index.php\/clanci\/sa-svih-strana\/item\/153881-danas-najavljeno-prekrecavanje-policija-u-beogradu-stiti-mural-zlocincu-ratku-mladicu\/#breadcrumb","itemListElement":[{"@type":"ListItem","position":1,"name":"Home","item":"https:\/\/tuzlainfo.ba\/"},{"@type":"ListItem","position":2,"name":"Danas najavljeno prekre\u010davanje: Policija u Beogradu \u0161titi mural zlo\u010dincu Ratku Mladi\u0107u"}]},{"@type":"WebSite","@id":"https:\/\/tuzlainfo.ba\/#website","url":"https:\/\/tuzlainfo.ba\/","name":"TuzlaInfo.ba","description":"Tuzla info, gradski informator - Tuzla na dlanu","publisher":{"@id":"https:\/\/tuzlainfo.ba\/#organization"},"potentialAction":[{"@type":"SearchAction","target":{"@type":"EntryPoint","urlTemplate":"https:\/\/tuzlainfo.ba\/?s={search_term_string}"},"query-input":{"@type":"PropertyValueSpecification","valueRequired":true,"valueName":"search_term_string"}}],"inLanguage":"bs-BA"},{"@type":"Organization","@id":"https:\/\/tuzlainfo.ba\/#organization","name":"TuzlaInfo.ba","url":"https:\/\/tuzlainfo.ba\/","logo":{"@type":"ImageObject","inLanguage":"bs-BA","@id":"https:\/\/tuzlainfo.ba\/#\/schema\/logo\/image\/","url":"https:\/\/tuzlainfo.ba\/wp-content\/uploads\/2021\/03\/logo-ver-3-1.png","contentUrl":"https:\/\/tuzlainfo.ba\/wp-content\/uploads\/2021\/03\/logo-ver-3-1.png","width":350,"height":95,"caption":"TuzlaInfo.ba"},"image":{"@id":"https:\/\/tuzlainfo.ba\/#\/schema\/logo\/image\/"},"sameAs":["https:\/\/www.facebook.com\/tuzlainfo.ba\/"]},{"@type":"Person","@id":"https:\/\/tuzlainfo.ba\/#\/schema\/person\/f434e20dc27ea133923aab08451b7f7f","name":"nedim","image":{"@type":"ImageObject","inLanguage":"bs-BA","@id":"https:\/\/tuzlainfo.ba\/#\/schema\/person\/image\/","url":"https:\/\/tuzlainfo.ba\/wp-content\/litespeed\/avatar\/aabad687af24844af817603ac1cbdc4f.jpg?ver=1776702173","contentUrl":"https:\/\/tuzlainfo.ba\/wp-content\/litespeed\/avatar\/aabad687af24844af817603ac1cbdc4f.jpg?ver=1776702173","caption":"nedim"},"description":"Tuzlainfo.ba pratite na dru\u0161tvenim mre\u017eama: Facebook, Instagram i Youtube. Svoje pri\u010de, upite i fotografije \u0161aljite na na\u0161u e-mail adresu."}]}},"_links":{"self":[{"href":"https:\/\/tuzlainfo.ba\/index.php\/wp-json\/wp\/v2\/posts\/153881"}],"collection":[{"href":"https:\/\/tuzlainfo.ba\/index.php\/wp-json\/wp\/v2\/posts"}],"about":[{"href":"https:\/\/tuzlainfo.ba\/index.php\/wp-json\/wp\/v2\/types\/post"}],"author":[{"embeddable":true,"href":"https:\/\/tuzlainfo.ba\/index.php\/wp-json\/wp\/v2\/users\/2"}],"replies":[{"embeddable":true,"href":"https:\/\/tuzlainfo.ba\/index.php\/wp-json\/wp\/v2\/comments?post=153881"}],"version-history":[{"count":0,"href":"https:\/\/tuzlainfo.ba\/index.php\/wp-json\/wp\/v2\/posts\/153881\/revisions"}],"wp:featuredmedia":[{"embeddable":true,"href":"https:\/\/tuzlainfo.ba\/index.php\/wp-json\/wp\/v2\/media\/153882"}],"wp:attachment":[{"href":"https:\/\/tuzlainfo.ba\/index.php\/wp-json\/wp\/v2\/media?parent=153881"}],"wp:term":[{"taxonomy":"category","embeddable":true,"href":"https:\/\/tuzlainfo.ba\/index.php\/wp-json\/wp\/v2\/categories?post=153881"},{"taxonomy":"post_tag","embeddable":true,"href":"https:\/\/tuzlainfo.ba\/index.php\/wp-json\/wp\/v2\/tags?post=153881"}],"curies":[{"name":"wp","href":"https:\/\/api.w.org\/{rel}","templated":true}]}}