{"id":153777,"date":"2021-11-08T18:46:27","date_gmt":"2021-11-08T17:46:27","guid":{"rendered":"https:\/\/tuzlainfo.ba\/?p=153777"},"modified":"2021-11-08T18:46:27","modified_gmt":"2021-11-08T17:46:27","slug":"sarovic-nakon-sastanka-sa-escobarom-danas-smo-saznali-pravu-istinu-o-dodiku","status":"publish","type":"post","link":"https:\/\/tuzlainfo.ba\/index.php\/bosna-i-hercegovina\/item\/153777-sarovic-nakon-sastanka-sa-escobarom-danas-smo-saznali-pravu-istinu-o-dodiku\/","title":{"rendered":"\u0160arovi\u0107 nakon sastanka sa Escobarom: Danas smo saznali pravu istinu o Dodiku"},"content":{"rendered":"<p class=\"single-intro\">Predsjednik Srpske demokratske stranke Mirko \u0160arovi\u0107 komentirao je danas da je sastanak sa zamjenikom pomo\u0107nika dr\u017eavnog sekretara SAD Gabrijelom Eskobarom jo\u0161 jednom potvrdio dvostruke politi\u010dke igre \u010dlana Predsjedni\u0161tva BiH Milorada Dodika.<\/p>\n<div class=\"single-text\">\n<p>&#8211; O\u010dekivana dvoli\u010dnost od nekoga ko godina jednu pri\u010du pri\u010da narodu Republike Srpske, a potpuno drugu na sastancima s me\u0111unarodnim predstavnicima. Imamo situaciju da, iako je proteklih dana optu\u017eivao druge da zagovaraju sankcije me\u0111unarodne zajednice, upravo Dodik se u razgovoru s Eskobarom zalo\u017eio za sankcije prema svima onima koji ugro\u017eavaju mir?! Ovim je ujedno i demantovao vlastite izjave da opozicija tra\u017ei sankcije me\u0111unarodne zajednice &#8211; istakao je \u0160arovi\u0107.<\/p>\n<p>On je upitao gdje je nestala pri\u010da o vra\u0107anju nadle\u017enosti.<\/p>\n<p>&#8211; Zar to nije trebalo biti na stolu? Kako to da je u prvom planu razgovora bilo o\u010duvanje teritorijalnog integriteta Bosne i Hercegovine, kako je zvani\u010dno saop\u0161teno? Kako to da \u0107e Dodik sa\u010duvati mir ako nam danima pri\u010da o &#8220;odlu\u010dnim&#8221; jednostranim odlukama koje, svi znamo, druga strana nikako ne\u0107e mirno prihvatiti niti na to pristati, po cijenu sukoba?! I ko onda ovdje zvecka oru\u017ejem? &#8211; rekao je \u0160arovi\u0107.<\/p>\n<p>On je rekao da smo pravu istinu o sastanku Dodika i Eskobara saznali iz zvani\u010dne Eskobarove izjave u kojoj ka\u017ee da je imao produktivan sastanak s Miloradom Dodikom i da je otvorena mogu\u0107nost da se povuku odluke koje je donio, navedeno je u saop\u0107enju Sektora za politiku i medije SDS-a.<\/p>\n<\/div>\n","protected":false},"excerpt":{"rendered":"<p>Predsjednik Srpske demokratske stranke Mirko \u0160arovi\u0107 komentirao je danas da je sastanak sa zamjenikom pomo\u0107nika&hellip;<\/p>\n","protected":false},"author":2,"featured_media":144124,"comment_status":"open","ping_status":"closed","sticky":false,"template":"","format":"standard","meta":{"_acf_changed":false,"footnotes":""},"categories":[291],"tags":[1847,3007],"acf":[],"yoast_head":"<!-- This site is optimized with the Yoast SEO plugin v23.5 - https:\/\/yoast.com\/wordpress\/plugins\/seo\/ -->\n<title>\u0160arovi\u0107 nakon sastanka sa Escobarom: Danas smo saznali pravu istinu o Dodiku - TuzlaInfo.ba<\/title>\n<meta name=\"robots\" content=\"index, follow, max-snippet:-1, max-image-preview:large, max-video-preview:-1\" \/>\n<link rel=\"canonical\" href=\"https:\/\/tuzlainfo.ba\/index.php\/bosna-i-hercegovina\/item\/153777-sarovic-nakon-sastanka-sa-escobarom-danas-smo-saznali-pravu-istinu-o-dodiku\/\" \/>\n<meta property=\"og:locale\" content=\"bs_BA\" \/>\n<meta property=\"og:type\" content=\"article\" \/>\n<meta property=\"og:title\" content=\"\u0160arovi\u0107 nakon sastanka sa Escobarom: Danas smo saznali pravu istinu o Dodiku - TuzlaInfo.ba\" \/>\n<meta property=\"og:description\" content=\"Predsjednik Srpske demokratske stranke Mirko \u0160arovi\u0107 komentirao je danas da je sastanak sa zamjenikom pomo\u0107nika&hellip;\" \/>\n<meta property=\"og:url\" content=\"https:\/\/tuzlainfo.ba\/index.php\/bosna-i-hercegovina\/item\/153777-sarovic-nakon-sastanka-sa-escobarom-danas-smo-saznali-pravu-istinu-o-dodiku\/\" \/>\n<meta property=\"og:site_name\" content=\"TuzlaInfo.ba\" \/>\n<meta property=\"article:publisher\" content=\"https:\/\/www.facebook.com\/tuzlainfo.ba\/\" \/>\n<meta property=\"article:published_time\" content=\"2021-11-08T17:46:27+00:00\" \/>\n<meta property=\"og:image\" content=\"https:\/\/tuzlainfo.ba\/wp-content\/uploads\/2021\/08\/0608_sarovic.jpg\" \/>\n\t<meta property=\"og:image:width\" content=\"750\" \/>\n\t<meta property=\"og:image:height\" content=\"465\" \/>\n\t<meta property=\"og:image:type\" content=\"image\/jpeg\" \/>\n<meta name=\"author\" content=\"nedim\" \/>\n<meta name=\"twitter:card\" content=\"summary_large_image\" \/>\n<meta name=\"twitter:label1\" content=\"Written by\" \/>\n\t<meta name=\"twitter:data1\" content=\"nedim\" \/>\n\t<meta name=\"twitter:label2\" content=\"Est. reading time\" \/>\n\t<meta name=\"twitter:data2\" content=\"1 minuta\" \/>\n<script type=\"application\/ld+json\" class=\"yoast-schema-graph\">{\"@context\":\"https:\/\/schema.org\",\"@graph\":[{\"@type\":\"Article\",\"@id\":\"https:\/\/tuzlainfo.ba\/index.php\/bosna-i-hercegovina\/item\/153777-sarovic-nakon-sastanka-sa-escobarom-danas-smo-saznali-pravu-istinu-o-dodiku\/#article\",\"isPartOf\":{\"@id\":\"https:\/\/tuzlainfo.ba\/index.php\/bosna-i-hercegovina\/item\/153777-sarovic-nakon-sastanka-sa-escobarom-danas-smo-saznali-pravu-istinu-o-dodiku\/\"},\"author\":{\"name\":\"nedim\",\"@id\":\"https:\/\/tuzlainfo.ba\/#\/schema\/person\/f434e20dc27ea133923aab08451b7f7f\"},\"headline\":\"\u0160arovi\u0107 nakon sastanka sa Escobarom: Danas smo saznali pravu istinu o Dodiku\",\"datePublished\":\"2021-11-08T17:46:27+00:00\",\"dateModified\":\"2021-11-08T17:46:27+00:00\",\"mainEntityOfPage\":{\"@id\":\"https:\/\/tuzlainfo.ba\/index.php\/bosna-i-hercegovina\/item\/153777-sarovic-nakon-sastanka-sa-escobarom-danas-smo-saznali-pravu-istinu-o-dodiku\/\"},\"wordCount\":269,\"commentCount\":0,\"publisher\":{\"@id\":\"https:\/\/tuzlainfo.ba\/#organization\"},\"image\":{\"@id\":\"https:\/\/tuzlainfo.ba\/index.php\/bosna-i-hercegovina\/item\/153777-sarovic-nakon-sastanka-sa-escobarom-danas-smo-saznali-pravu-istinu-o-dodiku\/#primaryimage\"},\"thumbnailUrl\":\"https:\/\/tuzlainfo.ba\/wp-content\/uploads\/2021\/08\/0608_sarovic.jpg\",\"keywords\":[\"mirko \u0161arovi\u0107\",\"SDS\"],\"articleSection\":[\"Bosna i Hercegovina\"],\"inLanguage\":\"bs-BA\"},{\"@type\":\"WebPage\",\"@id\":\"https:\/\/tuzlainfo.ba\/index.php\/bosna-i-hercegovina\/item\/153777-sarovic-nakon-sastanka-sa-escobarom-danas-smo-saznali-pravu-istinu-o-dodiku\/\",\"url\":\"https:\/\/tuzlainfo.ba\/index.php\/bosna-i-hercegovina\/item\/153777-sarovic-nakon-sastanka-sa-escobarom-danas-smo-saznali-pravu-istinu-o-dodiku\/\",\"name\":\"\u0160arovi\u0107 nakon sastanka sa Escobarom: Danas smo saznali pravu istinu o Dodiku - TuzlaInfo.ba\",\"isPartOf\":{\"@id\":\"https:\/\/tuzlainfo.ba\/#website\"},\"primaryImageOfPage\":{\"@id\":\"https:\/\/tuzlainfo.ba\/index.php\/bosna-i-hercegovina\/item\/153777-sarovic-nakon-sastanka-sa-escobarom-danas-smo-saznali-pravu-istinu-o-dodiku\/#primaryimage\"},\"image\":{\"@id\":\"https:\/\/tuzlainfo.ba\/index.php\/bosna-i-hercegovina\/item\/153777-sarovic-nakon-sastanka-sa-escobarom-danas-smo-saznali-pravu-istinu-o-dodiku\/#primaryimage\"},\"thumbnailUrl\":\"https:\/\/tuzlainfo.ba\/wp-content\/uploads\/2021\/08\/0608_sarovic.jpg\",\"datePublished\":\"2021-11-08T17:46:27+00:00\",\"dateModified\":\"2021-11-08T17:46:27+00:00\",\"breadcrumb\":{\"@id\":\"https:\/\/tuzlainfo.ba\/index.php\/bosna-i-hercegovina\/item\/153777-sarovic-nakon-sastanka-sa-escobarom-danas-smo-saznali-pravu-istinu-o-dodiku\/#breadcrumb\"},\"inLanguage\":\"bs-BA\",\"potentialAction\":[{\"@type\":\"ReadAction\",\"target\":[\"https:\/\/tuzlainfo.ba\/index.php\/bosna-i-hercegovina\/item\/153777-sarovic-nakon-sastanka-sa-escobarom-danas-smo-saznali-pravu-istinu-o-dodiku\/\"]}]},{\"@type\":\"ImageObject\",\"inLanguage\":\"bs-BA\",\"@id\":\"https:\/\/tuzlainfo.ba\/index.php\/bosna-i-hercegovina\/item\/153777-sarovic-nakon-sastanka-sa-escobarom-danas-smo-saznali-pravu-istinu-o-dodiku\/#primaryimage\",\"url\":\"https:\/\/tuzlainfo.ba\/wp-content\/uploads\/2021\/08\/0608_sarovic.jpg\",\"contentUrl\":\"https:\/\/tuzlainfo.ba\/wp-content\/uploads\/2021\/08\/0608_sarovic.jpg\",\"width\":750,\"height\":465},{\"@type\":\"BreadcrumbList\",\"@id\":\"https:\/\/tuzlainfo.ba\/index.php\/bosna-i-hercegovina\/item\/153777-sarovic-nakon-sastanka-sa-escobarom-danas-smo-saznali-pravu-istinu-o-dodiku\/#breadcrumb\",\"itemListElement\":[{\"@type\":\"ListItem\",\"position\":1,\"name\":\"Home\",\"item\":\"https:\/\/tuzlainfo.ba\/\"},{\"@type\":\"ListItem\",\"position\":2,\"name\":\"\u0160arovi\u0107 nakon sastanka sa Escobarom: Danas smo saznali pravu istinu o Dodiku\"}]},{\"@type\":\"WebSite\",\"@id\":\"https:\/\/tuzlainfo.ba\/#website\",\"url\":\"https:\/\/tuzlainfo.ba\/\",\"name\":\"TuzlaInfo.ba\",\"description\":\"Tuzla info, gradski informator - Tuzla na dlanu\",\"publisher\":{\"@id\":\"https:\/\/tuzlainfo.ba\/#organization\"},\"potentialAction\":[{\"@type\":\"SearchAction\",\"target\":{\"@type\":\"EntryPoint\",\"urlTemplate\":\"https:\/\/tuzlainfo.ba\/?s={search_term_string}\"},\"query-input\":{\"@type\":\"PropertyValueSpecification\",\"valueRequired\":true,\"valueName\":\"search_term_string\"}}],\"inLanguage\":\"bs-BA\"},{\"@type\":\"Organization\",\"@id\":\"https:\/\/tuzlainfo.ba\/#organization\",\"name\":\"TuzlaInfo.ba\",\"url\":\"https:\/\/tuzlainfo.ba\/\",\"logo\":{\"@type\":\"ImageObject\",\"inLanguage\":\"bs-BA\",\"@id\":\"https:\/\/tuzlainfo.ba\/#\/schema\/logo\/image\/\",\"url\":\"https:\/\/tuzlainfo.ba\/wp-content\/uploads\/2021\/03\/logo-ver-3-1.png\",\"contentUrl\":\"https:\/\/tuzlainfo.ba\/wp-content\/uploads\/2021\/03\/logo-ver-3-1.png\",\"width\":350,\"height\":95,\"caption\":\"TuzlaInfo.ba\"},\"image\":{\"@id\":\"https:\/\/tuzlainfo.ba\/#\/schema\/logo\/image\/\"},\"sameAs\":[\"https:\/\/www.facebook.com\/tuzlainfo.ba\/\"]},{\"@type\":\"Person\",\"@id\":\"https:\/\/tuzlainfo.ba\/#\/schema\/person\/f434e20dc27ea133923aab08451b7f7f\",\"name\":\"nedim\",\"image\":{\"@type\":\"ImageObject\",\"inLanguage\":\"bs-BA\",\"@id\":\"https:\/\/tuzlainfo.ba\/#\/schema\/person\/image\/\",\"url\":\"https:\/\/tuzlainfo.ba\/wp-content\/litespeed\/avatar\/aabad687af24844af817603ac1cbdc4f.jpg?ver=1777306975\",\"contentUrl\":\"https:\/\/tuzlainfo.ba\/wp-content\/litespeed\/avatar\/aabad687af24844af817603ac1cbdc4f.jpg?ver=1777306975\",\"caption\":\"nedim\"},\"description\":\"Tuzlainfo.ba pratite na dru\u0161tvenim mre\u017eama: Facebook, Instagram i Youtube. Svoje pri\u010de, upite i fotografije \u0161aljite na na\u0161u e-mail adresu.\"}]}<\/script>\n<!-- \/ Yoast SEO plugin. -->","yoast_head_json":{"title":"\u0160arovi\u0107 nakon sastanka sa Escobarom: Danas smo saznali pravu istinu o Dodiku - TuzlaInfo.ba","robots":{"index":"index","follow":"follow","max-snippet":"max-snippet:-1","max-image-preview":"max-image-preview:large","max-video-preview":"max-video-preview:-1"},"canonical":"https:\/\/tuzlainfo.ba\/index.php\/bosna-i-hercegovina\/item\/153777-sarovic-nakon-sastanka-sa-escobarom-danas-smo-saznali-pravu-istinu-o-dodiku\/","og_locale":"bs_BA","og_type":"article","og_title":"\u0160arovi\u0107 nakon sastanka sa Escobarom: Danas smo saznali pravu istinu o Dodiku - TuzlaInfo.ba","og_description":"Predsjednik Srpske demokratske stranke Mirko \u0160arovi\u0107 komentirao je danas da je sastanak sa zamjenikom pomo\u0107nika&hellip;","og_url":"https:\/\/tuzlainfo.ba\/index.php\/bosna-i-hercegovina\/item\/153777-sarovic-nakon-sastanka-sa-escobarom-danas-smo-saznali-pravu-istinu-o-dodiku\/","og_site_name":"TuzlaInfo.ba","article_publisher":"https:\/\/www.facebook.com\/tuzlainfo.ba\/","article_published_time":"2021-11-08T17:46:27+00:00","og_image":[{"width":750,"height":465,"url":"https:\/\/tuzlainfo.ba\/wp-content\/uploads\/2021\/08\/0608_sarovic.jpg","type":"image\/jpeg"}],"author":"nedim","twitter_card":"summary_large_image","twitter_misc":{"Written by":"nedim","Est. reading time":"1 minuta"},"schema":{"@context":"https:\/\/schema.org","@graph":[{"@type":"Article","@id":"https:\/\/tuzlainfo.ba\/index.php\/bosna-i-hercegovina\/item\/153777-sarovic-nakon-sastanka-sa-escobarom-danas-smo-saznali-pravu-istinu-o-dodiku\/#article","isPartOf":{"@id":"https:\/\/tuzlainfo.ba\/index.php\/bosna-i-hercegovina\/item\/153777-sarovic-nakon-sastanka-sa-escobarom-danas-smo-saznali-pravu-istinu-o-dodiku\/"},"author":{"name":"nedim","@id":"https:\/\/tuzlainfo.ba\/#\/schema\/person\/f434e20dc27ea133923aab08451b7f7f"},"headline":"\u0160arovi\u0107 nakon sastanka sa Escobarom: Danas smo saznali pravu istinu o Dodiku","datePublished":"2021-11-08T17:46:27+00:00","dateModified":"2021-11-08T17:46:27+00:00","mainEntityOfPage":{"@id":"https:\/\/tuzlainfo.ba\/index.php\/bosna-i-hercegovina\/item\/153777-sarovic-nakon-sastanka-sa-escobarom-danas-smo-saznali-pravu-istinu-o-dodiku\/"},"wordCount":269,"commentCount":0,"publisher":{"@id":"https:\/\/tuzlainfo.ba\/#organization"},"image":{"@id":"https:\/\/tuzlainfo.ba\/index.php\/bosna-i-hercegovina\/item\/153777-sarovic-nakon-sastanka-sa-escobarom-danas-smo-saznali-pravu-istinu-o-dodiku\/#primaryimage"},"thumbnailUrl":"https:\/\/tuzlainfo.ba\/wp-content\/uploads\/2021\/08\/0608_sarovic.jpg","keywords":["mirko \u0161arovi\u0107","SDS"],"articleSection":["Bosna i Hercegovina"],"inLanguage":"bs-BA"},{"@type":"WebPage","@id":"https:\/\/tuzlainfo.ba\/index.php\/bosna-i-hercegovina\/item\/153777-sarovic-nakon-sastanka-sa-escobarom-danas-smo-saznali-pravu-istinu-o-dodiku\/","url":"https:\/\/tuzlainfo.ba\/index.php\/bosna-i-hercegovina\/item\/153777-sarovic-nakon-sastanka-sa-escobarom-danas-smo-saznali-pravu-istinu-o-dodiku\/","name":"\u0160arovi\u0107 nakon sastanka sa Escobarom: Danas smo saznali pravu istinu o Dodiku - TuzlaInfo.ba","isPartOf":{"@id":"https:\/\/tuzlainfo.ba\/#website"},"primaryImageOfPage":{"@id":"https:\/\/tuzlainfo.ba\/index.php\/bosna-i-hercegovina\/item\/153777-sarovic-nakon-sastanka-sa-escobarom-danas-smo-saznali-pravu-istinu-o-dodiku\/#primaryimage"},"image":{"@id":"https:\/\/tuzlainfo.ba\/index.php\/bosna-i-hercegovina\/item\/153777-sarovic-nakon-sastanka-sa-escobarom-danas-smo-saznali-pravu-istinu-o-dodiku\/#primaryimage"},"thumbnailUrl":"https:\/\/tuzlainfo.ba\/wp-content\/uploads\/2021\/08\/0608_sarovic.jpg","datePublished":"2021-11-08T17:46:27+00:00","dateModified":"2021-11-08T17:46:27+00:00","breadcrumb":{"@id":"https:\/\/tuzlainfo.ba\/index.php\/bosna-i-hercegovina\/item\/153777-sarovic-nakon-sastanka-sa-escobarom-danas-smo-saznali-pravu-istinu-o-dodiku\/#breadcrumb"},"inLanguage":"bs-BA","potentialAction":[{"@type":"ReadAction","target":["https:\/\/tuzlainfo.ba\/index.php\/bosna-i-hercegovina\/item\/153777-sarovic-nakon-sastanka-sa-escobarom-danas-smo-saznali-pravu-istinu-o-dodiku\/"]}]},{"@type":"ImageObject","inLanguage":"bs-BA","@id":"https:\/\/tuzlainfo.ba\/index.php\/bosna-i-hercegovina\/item\/153777-sarovic-nakon-sastanka-sa-escobarom-danas-smo-saznali-pravu-istinu-o-dodiku\/#primaryimage","url":"https:\/\/tuzlainfo.ba\/wp-content\/uploads\/2021\/08\/0608_sarovic.jpg","contentUrl":"https:\/\/tuzlainfo.ba\/wp-content\/uploads\/2021\/08\/0608_sarovic.jpg","width":750,"height":465},{"@type":"BreadcrumbList","@id":"https:\/\/tuzlainfo.ba\/index.php\/bosna-i-hercegovina\/item\/153777-sarovic-nakon-sastanka-sa-escobarom-danas-smo-saznali-pravu-istinu-o-dodiku\/#breadcrumb","itemListElement":[{"@type":"ListItem","position":1,"name":"Home","item":"https:\/\/tuzlainfo.ba\/"},{"@type":"ListItem","position":2,"name":"\u0160arovi\u0107 nakon sastanka sa Escobarom: Danas smo saznali pravu istinu o Dodiku"}]},{"@type":"WebSite","@id":"https:\/\/tuzlainfo.ba\/#website","url":"https:\/\/tuzlainfo.ba\/","name":"TuzlaInfo.ba","description":"Tuzla info, gradski informator - Tuzla na dlanu","publisher":{"@id":"https:\/\/tuzlainfo.ba\/#organization"},"potentialAction":[{"@type":"SearchAction","target":{"@type":"EntryPoint","urlTemplate":"https:\/\/tuzlainfo.ba\/?s={search_term_string}"},"query-input":{"@type":"PropertyValueSpecification","valueRequired":true,"valueName":"search_term_string"}}],"inLanguage":"bs-BA"},{"@type":"Organization","@id":"https:\/\/tuzlainfo.ba\/#organization","name":"TuzlaInfo.ba","url":"https:\/\/tuzlainfo.ba\/","logo":{"@type":"ImageObject","inLanguage":"bs-BA","@id":"https:\/\/tuzlainfo.ba\/#\/schema\/logo\/image\/","url":"https:\/\/tuzlainfo.ba\/wp-content\/uploads\/2021\/03\/logo-ver-3-1.png","contentUrl":"https:\/\/tuzlainfo.ba\/wp-content\/uploads\/2021\/03\/logo-ver-3-1.png","width":350,"height":95,"caption":"TuzlaInfo.ba"},"image":{"@id":"https:\/\/tuzlainfo.ba\/#\/schema\/logo\/image\/"},"sameAs":["https:\/\/www.facebook.com\/tuzlainfo.ba\/"]},{"@type":"Person","@id":"https:\/\/tuzlainfo.ba\/#\/schema\/person\/f434e20dc27ea133923aab08451b7f7f","name":"nedim","image":{"@type":"ImageObject","inLanguage":"bs-BA","@id":"https:\/\/tuzlainfo.ba\/#\/schema\/person\/image\/","url":"https:\/\/tuzlainfo.ba\/wp-content\/litespeed\/avatar\/aabad687af24844af817603ac1cbdc4f.jpg?ver=1777306975","contentUrl":"https:\/\/tuzlainfo.ba\/wp-content\/litespeed\/avatar\/aabad687af24844af817603ac1cbdc4f.jpg?ver=1777306975","caption":"nedim"},"description":"Tuzlainfo.ba pratite na dru\u0161tvenim mre\u017eama: Facebook, Instagram i Youtube. Svoje pri\u010de, upite i fotografije \u0161aljite na na\u0161u e-mail adresu."}]}},"_links":{"self":[{"href":"https:\/\/tuzlainfo.ba\/index.php\/wp-json\/wp\/v2\/posts\/153777"}],"collection":[{"href":"https:\/\/tuzlainfo.ba\/index.php\/wp-json\/wp\/v2\/posts"}],"about":[{"href":"https:\/\/tuzlainfo.ba\/index.php\/wp-json\/wp\/v2\/types\/post"}],"author":[{"embeddable":true,"href":"https:\/\/tuzlainfo.ba\/index.php\/wp-json\/wp\/v2\/users\/2"}],"replies":[{"embeddable":true,"href":"https:\/\/tuzlainfo.ba\/index.php\/wp-json\/wp\/v2\/comments?post=153777"}],"version-history":[{"count":0,"href":"https:\/\/tuzlainfo.ba\/index.php\/wp-json\/wp\/v2\/posts\/153777\/revisions"}],"wp:featuredmedia":[{"embeddable":true,"href":"https:\/\/tuzlainfo.ba\/index.php\/wp-json\/wp\/v2\/media\/144124"}],"wp:attachment":[{"href":"https:\/\/tuzlainfo.ba\/index.php\/wp-json\/wp\/v2\/media?parent=153777"}],"wp:term":[{"taxonomy":"category","embeddable":true,"href":"https:\/\/tuzlainfo.ba\/index.php\/wp-json\/wp\/v2\/categories?post=153777"},{"taxonomy":"post_tag","embeddable":true,"href":"https:\/\/tuzlainfo.ba\/index.php\/wp-json\/wp\/v2\/tags?post=153777"}],"curies":[{"name":"wp","href":"https:\/\/api.w.org\/{rel}","templated":true}]}}