{"id":153510,"date":"2021-11-06T20:00:21","date_gmt":"2021-11-06T19:00:21","guid":{"rendered":"https:\/\/tuzlainfo.ba\/?p=153510"},"modified":"2021-11-06T18:39:52","modified_gmt":"2021-11-06T17:39:52","slug":"io-sda-tuzla-odobren-prijem-111-novih-clanova-pozvali-na-jedinstvo-u-ko-sda-tk","status":"publish","type":"post","link":"https:\/\/tuzlainfo.ba\/index.php\/novosti\/item\/153510-io-sda-tuzla-odobren-prijem-111-novih-clanova-pozvali-na-jedinstvo-u-ko-sda-tk\/","title":{"rendered":"IO SDA Tuzla: Odobren prijem 111 novih \u010dlanova, pozvali na jedinstvo u KO SDA TK"},"content":{"rendered":"<p>Ove sedmice je u prostorijama GO Stranke demokratske akcije Tuzla odr\u017eana redovna sjednica Izvr\u0161nog odbora.<\/p>\n<p>Kako je navedeno u informaciji objavljenoj na web stranici GO SDA Tuzla, na sjednici je data puna podr\u0161ka predsjedniku Bakiru Izetbegovi\u0107u i svim probosanskim strankama kao i njenim izabranim zvani\u010dnicima u o\u010duvanju mira i stabilnosti u Bosni i Hercegovini.<\/p>\n<p>Izvr\u0161ni odbor SDA Tuzla je poslao jasnu poruku u kojoj pozivaju na zajedni\u010dko ja\u010danje institucija.<\/p>\n<p>Na redovnoj sjednici SDA Tuzla je o\u0161tro osudila neusvajanje inicijative o obaveznom uvo\u0111enju u protokol odavanja po\u010dasti svim \u017ertvama na Tuzlanskoj kapiji, prilikom posjete Gradu Tuzli. Istu je na posljednjoj sjednici predlo\u017eio prof.dr. Zijah Rifatbegovi\u0107, a vije\u0107nici ve\u0107ine nisu podr\u017eali.<\/p>\n<p>Smatramo kako je ovo \u010din nepo\u0161tovanja mladosti Tuzle i porodica \u010dijoj djeci je oduzet \u017eivot &#8211; istakli su iz GO SDA Tuzla.<\/p>\n<article class=\"post-full post-13599 post type-post status-publish format-standard has-post-thumbnail hentry category-sda category-vijesti tag-go-sda-tuzla tag-sda\">\n<div class=\"post-content\">\n<div class=\"entry-content\">\n<div class=\"wprt-container\">\n<p>Jedna od ta\u010daka dnevnog reda je bilo razmatranje trenutne aktuelna politi\u010dka situacija na svim nivoima.<\/p>\n<p>Gradski odbor SDA Tuzla je podr\u017eao izabrane organe Kantonalnog odbora SDA Tuzlanskog kantona i pozvao na jedinstvo svih u KO SDA TK.<\/p>\n<p>Tokom sjednice Izvr\u0161nog odbora SDA Tuzla usvojena je Odluka o prijemu u \u010dlanstvo 111 novih \u010dlanova SDA koji su pristupili u posljednjih 60 dana.<\/p>\n<p>Ovo je nastavak ja\u010danja Gradskog odbora Stranke demokratske akcije Tuzla kroz pristupanje mladih, obrazovanih i ljudi sa respektabilnim karijerama koji su prepoznali platformu SDA Tuzla koji je isklju\u010divo fokusiran na ljep\u0161u i bolju Tuzlu &#8211; navedeno je u informaciji GO SDA Tuzla.<\/p>\n<\/div>\n<\/div>\n<\/div>\n<div class=\"post-gap\"><\/div>\n<\/article>\n","protected":false},"excerpt":{"rendered":"<p>Ove sedmice je u prostorijama GO Stranke demokratske akcije Tuzla odr\u017eana redovna sjednica Izvr\u0161nog odbora.&hellip;<\/p>\n","protected":false},"author":2,"featured_media":153511,"comment_status":"open","ping_status":"closed","sticky":false,"template":"","format":"standard","meta":{"_acf_changed":false,"footnotes":""},"categories":[12],"tags":[3238],"acf":[],"yoast_head":"<!-- This site is optimized with the Yoast SEO plugin v23.5 - https:\/\/yoast.com\/wordpress\/plugins\/seo\/ -->\n<title>IO SDA Tuzla: Odobren prijem 111 novih \u010dlanova, pozvali na jedinstvo u KO SDA TK - TuzlaInfo.ba<\/title>\n<meta name=\"robots\" content=\"index, follow, max-snippet:-1, max-image-preview:large, max-video-preview:-1\" \/>\n<link rel=\"canonical\" href=\"https:\/\/tuzlainfo.ba\/index.php\/novosti\/item\/153510-io-sda-tuzla-odobren-prijem-111-novih-clanova-pozvali-na-jedinstvo-u-ko-sda-tk\/\" \/>\n<meta property=\"og:locale\" content=\"bs_BA\" \/>\n<meta property=\"og:type\" content=\"article\" \/>\n<meta property=\"og:title\" content=\"IO SDA Tuzla: Odobren prijem 111 novih \u010dlanova, pozvali na jedinstvo u KO SDA TK - TuzlaInfo.ba\" \/>\n<meta property=\"og:description\" content=\"Ove sedmice je u prostorijama GO Stranke demokratske akcije Tuzla odr\u017eana redovna sjednica Izvr\u0161nog odbora.&hellip;\" \/>\n<meta property=\"og:url\" content=\"https:\/\/tuzlainfo.ba\/index.php\/novosti\/item\/153510-io-sda-tuzla-odobren-prijem-111-novih-clanova-pozvali-na-jedinstvo-u-ko-sda-tk\/\" \/>\n<meta property=\"og:site_name\" content=\"TuzlaInfo.ba\" \/>\n<meta property=\"article:publisher\" content=\"https:\/\/www.facebook.com\/tuzlainfo.ba\/\" \/>\n<meta property=\"article:published_time\" content=\"2021-11-06T19:00:21+00:00\" \/>\n<meta property=\"article:modified_time\" content=\"2021-11-06T17:39:52+00:00\" \/>\n<meta property=\"og:image\" content=\"https:\/\/tuzlainfo.ba\/wp-content\/uploads\/2021\/11\/0611_IO_SDAtuzla.jpg\" \/>\n\t<meta property=\"og:image:width\" content=\"799\" \/>\n\t<meta property=\"og:image:height\" content=\"520\" \/>\n\t<meta property=\"og:image:type\" content=\"image\/jpeg\" \/>\n<meta name=\"author\" content=\"nedim\" \/>\n<meta name=\"twitter:card\" content=\"summary_large_image\" \/>\n<meta name=\"twitter:label1\" content=\"Written by\" \/>\n\t<meta name=\"twitter:data1\" content=\"nedim\" \/>\n\t<meta name=\"twitter:label2\" content=\"Est. reading time\" \/>\n\t<meta name=\"twitter:data2\" content=\"1 minuta\" \/>\n<script type=\"application\/ld+json\" class=\"yoast-schema-graph\">{\"@context\":\"https:\/\/schema.org\",\"@graph\":[{\"@type\":\"Article\",\"@id\":\"https:\/\/tuzlainfo.ba\/index.php\/novosti\/item\/153510-io-sda-tuzla-odobren-prijem-111-novih-clanova-pozvali-na-jedinstvo-u-ko-sda-tk\/#article\",\"isPartOf\":{\"@id\":\"https:\/\/tuzlainfo.ba\/index.php\/novosti\/item\/153510-io-sda-tuzla-odobren-prijem-111-novih-clanova-pozvali-na-jedinstvo-u-ko-sda-tk\/\"},\"author\":{\"name\":\"nedim\",\"@id\":\"https:\/\/tuzlainfo.ba\/#\/schema\/person\/f434e20dc27ea133923aab08451b7f7f\"},\"headline\":\"IO SDA Tuzla: Odobren prijem 111 novih \u010dlanova, pozvali na jedinstvo u KO SDA TK\",\"datePublished\":\"2021-11-06T19:00:21+00:00\",\"dateModified\":\"2021-11-06T17:39:52+00:00\",\"mainEntityOfPage\":{\"@id\":\"https:\/\/tuzlainfo.ba\/index.php\/novosti\/item\/153510-io-sda-tuzla-odobren-prijem-111-novih-clanova-pozvali-na-jedinstvo-u-ko-sda-tk\/\"},\"wordCount\":271,\"commentCount\":0,\"publisher\":{\"@id\":\"https:\/\/tuzlainfo.ba\/#organization\"},\"image\":{\"@id\":\"https:\/\/tuzlainfo.ba\/index.php\/novosti\/item\/153510-io-sda-tuzla-odobren-prijem-111-novih-clanova-pozvali-na-jedinstvo-u-ko-sda-tk\/#primaryimage\"},\"thumbnailUrl\":\"https:\/\/tuzlainfo.ba\/wp-content\/uploads\/2021\/11\/0611_IO_SDAtuzla.jpg\",\"keywords\":[\"SDA Tuzla\"],\"articleSection\":[\"Novosti\"],\"inLanguage\":\"bs-BA\"},{\"@type\":\"WebPage\",\"@id\":\"https:\/\/tuzlainfo.ba\/index.php\/novosti\/item\/153510-io-sda-tuzla-odobren-prijem-111-novih-clanova-pozvali-na-jedinstvo-u-ko-sda-tk\/\",\"url\":\"https:\/\/tuzlainfo.ba\/index.php\/novosti\/item\/153510-io-sda-tuzla-odobren-prijem-111-novih-clanova-pozvali-na-jedinstvo-u-ko-sda-tk\/\",\"name\":\"IO SDA Tuzla: Odobren prijem 111 novih \u010dlanova, pozvali na jedinstvo u KO SDA TK - TuzlaInfo.ba\",\"isPartOf\":{\"@id\":\"https:\/\/tuzlainfo.ba\/#website\"},\"primaryImageOfPage\":{\"@id\":\"https:\/\/tuzlainfo.ba\/index.php\/novosti\/item\/153510-io-sda-tuzla-odobren-prijem-111-novih-clanova-pozvali-na-jedinstvo-u-ko-sda-tk\/#primaryimage\"},\"image\":{\"@id\":\"https:\/\/tuzlainfo.ba\/index.php\/novosti\/item\/153510-io-sda-tuzla-odobren-prijem-111-novih-clanova-pozvali-na-jedinstvo-u-ko-sda-tk\/#primaryimage\"},\"thumbnailUrl\":\"https:\/\/tuzlainfo.ba\/wp-content\/uploads\/2021\/11\/0611_IO_SDAtuzla.jpg\",\"datePublished\":\"2021-11-06T19:00:21+00:00\",\"dateModified\":\"2021-11-06T17:39:52+00:00\",\"breadcrumb\":{\"@id\":\"https:\/\/tuzlainfo.ba\/index.php\/novosti\/item\/153510-io-sda-tuzla-odobren-prijem-111-novih-clanova-pozvali-na-jedinstvo-u-ko-sda-tk\/#breadcrumb\"},\"inLanguage\":\"bs-BA\",\"potentialAction\":[{\"@type\":\"ReadAction\",\"target\":[\"https:\/\/tuzlainfo.ba\/index.php\/novosti\/item\/153510-io-sda-tuzla-odobren-prijem-111-novih-clanova-pozvali-na-jedinstvo-u-ko-sda-tk\/\"]}]},{\"@type\":\"ImageObject\",\"inLanguage\":\"bs-BA\",\"@id\":\"https:\/\/tuzlainfo.ba\/index.php\/novosti\/item\/153510-io-sda-tuzla-odobren-prijem-111-novih-clanova-pozvali-na-jedinstvo-u-ko-sda-tk\/#primaryimage\",\"url\":\"https:\/\/tuzlainfo.ba\/wp-content\/uploads\/2021\/11\/0611_IO_SDAtuzla.jpg\",\"contentUrl\":\"https:\/\/tuzlainfo.ba\/wp-content\/uploads\/2021\/11\/0611_IO_SDAtuzla.jpg\",\"width\":799,\"height\":520},{\"@type\":\"BreadcrumbList\",\"@id\":\"https:\/\/tuzlainfo.ba\/index.php\/novosti\/item\/153510-io-sda-tuzla-odobren-prijem-111-novih-clanova-pozvali-na-jedinstvo-u-ko-sda-tk\/#breadcrumb\",\"itemListElement\":[{\"@type\":\"ListItem\",\"position\":1,\"name\":\"Home\",\"item\":\"https:\/\/tuzlainfo.ba\/\"},{\"@type\":\"ListItem\",\"position\":2,\"name\":\"IO SDA Tuzla: Odobren prijem 111 novih \u010dlanova, pozvali na jedinstvo u KO SDA TK\"}]},{\"@type\":\"WebSite\",\"@id\":\"https:\/\/tuzlainfo.ba\/#website\",\"url\":\"https:\/\/tuzlainfo.ba\/\",\"name\":\"TuzlaInfo.ba\",\"description\":\"Tuzla info, gradski informator - Tuzla na dlanu\",\"publisher\":{\"@id\":\"https:\/\/tuzlainfo.ba\/#organization\"},\"potentialAction\":[{\"@type\":\"SearchAction\",\"target\":{\"@type\":\"EntryPoint\",\"urlTemplate\":\"https:\/\/tuzlainfo.ba\/?s={search_term_string}\"},\"query-input\":{\"@type\":\"PropertyValueSpecification\",\"valueRequired\":true,\"valueName\":\"search_term_string\"}}],\"inLanguage\":\"bs-BA\"},{\"@type\":\"Organization\",\"@id\":\"https:\/\/tuzlainfo.ba\/#organization\",\"name\":\"TuzlaInfo.ba\",\"url\":\"https:\/\/tuzlainfo.ba\/\",\"logo\":{\"@type\":\"ImageObject\",\"inLanguage\":\"bs-BA\",\"@id\":\"https:\/\/tuzlainfo.ba\/#\/schema\/logo\/image\/\",\"url\":\"https:\/\/tuzlainfo.ba\/wp-content\/uploads\/2021\/03\/logo-ver-3-1.png\",\"contentUrl\":\"https:\/\/tuzlainfo.ba\/wp-content\/uploads\/2021\/03\/logo-ver-3-1.png\",\"width\":350,\"height\":95,\"caption\":\"TuzlaInfo.ba\"},\"image\":{\"@id\":\"https:\/\/tuzlainfo.ba\/#\/schema\/logo\/image\/\"},\"sameAs\":[\"https:\/\/www.facebook.com\/tuzlainfo.ba\/\"]},{\"@type\":\"Person\",\"@id\":\"https:\/\/tuzlainfo.ba\/#\/schema\/person\/f434e20dc27ea133923aab08451b7f7f\",\"name\":\"nedim\",\"image\":{\"@type\":\"ImageObject\",\"inLanguage\":\"bs-BA\",\"@id\":\"https:\/\/tuzlainfo.ba\/#\/schema\/person\/image\/\",\"url\":\"https:\/\/tuzlainfo.ba\/wp-content\/litespeed\/avatar\/aabad687af24844af817603ac1cbdc4f.jpg?ver=1777306975\",\"contentUrl\":\"https:\/\/tuzlainfo.ba\/wp-content\/litespeed\/avatar\/aabad687af24844af817603ac1cbdc4f.jpg?ver=1777306975\",\"caption\":\"nedim\"},\"description\":\"Tuzlainfo.ba pratite na dru\u0161tvenim mre\u017eama: Facebook, Instagram i Youtube. Svoje pri\u010de, upite i fotografije \u0161aljite na na\u0161u e-mail adresu.\"}]}<\/script>\n<!-- \/ Yoast SEO plugin. -->","yoast_head_json":{"title":"IO SDA Tuzla: Odobren prijem 111 novih \u010dlanova, pozvali na jedinstvo u KO SDA TK - TuzlaInfo.ba","robots":{"index":"index","follow":"follow","max-snippet":"max-snippet:-1","max-image-preview":"max-image-preview:large","max-video-preview":"max-video-preview:-1"},"canonical":"https:\/\/tuzlainfo.ba\/index.php\/novosti\/item\/153510-io-sda-tuzla-odobren-prijem-111-novih-clanova-pozvali-na-jedinstvo-u-ko-sda-tk\/","og_locale":"bs_BA","og_type":"article","og_title":"IO SDA Tuzla: Odobren prijem 111 novih \u010dlanova, pozvali na jedinstvo u KO SDA TK - TuzlaInfo.ba","og_description":"Ove sedmice je u prostorijama GO Stranke demokratske akcije Tuzla odr\u017eana redovna sjednica Izvr\u0161nog odbora.&hellip;","og_url":"https:\/\/tuzlainfo.ba\/index.php\/novosti\/item\/153510-io-sda-tuzla-odobren-prijem-111-novih-clanova-pozvali-na-jedinstvo-u-ko-sda-tk\/","og_site_name":"TuzlaInfo.ba","article_publisher":"https:\/\/www.facebook.com\/tuzlainfo.ba\/","article_published_time":"2021-11-06T19:00:21+00:00","article_modified_time":"2021-11-06T17:39:52+00:00","og_image":[{"width":799,"height":520,"url":"https:\/\/tuzlainfo.ba\/wp-content\/uploads\/2021\/11\/0611_IO_SDAtuzla.jpg","type":"image\/jpeg"}],"author":"nedim","twitter_card":"summary_large_image","twitter_misc":{"Written by":"nedim","Est. reading time":"1 minuta"},"schema":{"@context":"https:\/\/schema.org","@graph":[{"@type":"Article","@id":"https:\/\/tuzlainfo.ba\/index.php\/novosti\/item\/153510-io-sda-tuzla-odobren-prijem-111-novih-clanova-pozvali-na-jedinstvo-u-ko-sda-tk\/#article","isPartOf":{"@id":"https:\/\/tuzlainfo.ba\/index.php\/novosti\/item\/153510-io-sda-tuzla-odobren-prijem-111-novih-clanova-pozvali-na-jedinstvo-u-ko-sda-tk\/"},"author":{"name":"nedim","@id":"https:\/\/tuzlainfo.ba\/#\/schema\/person\/f434e20dc27ea133923aab08451b7f7f"},"headline":"IO SDA Tuzla: Odobren prijem 111 novih \u010dlanova, pozvali na jedinstvo u KO SDA TK","datePublished":"2021-11-06T19:00:21+00:00","dateModified":"2021-11-06T17:39:52+00:00","mainEntityOfPage":{"@id":"https:\/\/tuzlainfo.ba\/index.php\/novosti\/item\/153510-io-sda-tuzla-odobren-prijem-111-novih-clanova-pozvali-na-jedinstvo-u-ko-sda-tk\/"},"wordCount":271,"commentCount":0,"publisher":{"@id":"https:\/\/tuzlainfo.ba\/#organization"},"image":{"@id":"https:\/\/tuzlainfo.ba\/index.php\/novosti\/item\/153510-io-sda-tuzla-odobren-prijem-111-novih-clanova-pozvali-na-jedinstvo-u-ko-sda-tk\/#primaryimage"},"thumbnailUrl":"https:\/\/tuzlainfo.ba\/wp-content\/uploads\/2021\/11\/0611_IO_SDAtuzla.jpg","keywords":["SDA Tuzla"],"articleSection":["Novosti"],"inLanguage":"bs-BA"},{"@type":"WebPage","@id":"https:\/\/tuzlainfo.ba\/index.php\/novosti\/item\/153510-io-sda-tuzla-odobren-prijem-111-novih-clanova-pozvali-na-jedinstvo-u-ko-sda-tk\/","url":"https:\/\/tuzlainfo.ba\/index.php\/novosti\/item\/153510-io-sda-tuzla-odobren-prijem-111-novih-clanova-pozvali-na-jedinstvo-u-ko-sda-tk\/","name":"IO SDA Tuzla: Odobren prijem 111 novih \u010dlanova, pozvali na jedinstvo u KO SDA TK - TuzlaInfo.ba","isPartOf":{"@id":"https:\/\/tuzlainfo.ba\/#website"},"primaryImageOfPage":{"@id":"https:\/\/tuzlainfo.ba\/index.php\/novosti\/item\/153510-io-sda-tuzla-odobren-prijem-111-novih-clanova-pozvali-na-jedinstvo-u-ko-sda-tk\/#primaryimage"},"image":{"@id":"https:\/\/tuzlainfo.ba\/index.php\/novosti\/item\/153510-io-sda-tuzla-odobren-prijem-111-novih-clanova-pozvali-na-jedinstvo-u-ko-sda-tk\/#primaryimage"},"thumbnailUrl":"https:\/\/tuzlainfo.ba\/wp-content\/uploads\/2021\/11\/0611_IO_SDAtuzla.jpg","datePublished":"2021-11-06T19:00:21+00:00","dateModified":"2021-11-06T17:39:52+00:00","breadcrumb":{"@id":"https:\/\/tuzlainfo.ba\/index.php\/novosti\/item\/153510-io-sda-tuzla-odobren-prijem-111-novih-clanova-pozvali-na-jedinstvo-u-ko-sda-tk\/#breadcrumb"},"inLanguage":"bs-BA","potentialAction":[{"@type":"ReadAction","target":["https:\/\/tuzlainfo.ba\/index.php\/novosti\/item\/153510-io-sda-tuzla-odobren-prijem-111-novih-clanova-pozvali-na-jedinstvo-u-ko-sda-tk\/"]}]},{"@type":"ImageObject","inLanguage":"bs-BA","@id":"https:\/\/tuzlainfo.ba\/index.php\/novosti\/item\/153510-io-sda-tuzla-odobren-prijem-111-novih-clanova-pozvali-na-jedinstvo-u-ko-sda-tk\/#primaryimage","url":"https:\/\/tuzlainfo.ba\/wp-content\/uploads\/2021\/11\/0611_IO_SDAtuzla.jpg","contentUrl":"https:\/\/tuzlainfo.ba\/wp-content\/uploads\/2021\/11\/0611_IO_SDAtuzla.jpg","width":799,"height":520},{"@type":"BreadcrumbList","@id":"https:\/\/tuzlainfo.ba\/index.php\/novosti\/item\/153510-io-sda-tuzla-odobren-prijem-111-novih-clanova-pozvali-na-jedinstvo-u-ko-sda-tk\/#breadcrumb","itemListElement":[{"@type":"ListItem","position":1,"name":"Home","item":"https:\/\/tuzlainfo.ba\/"},{"@type":"ListItem","position":2,"name":"IO SDA Tuzla: Odobren prijem 111 novih \u010dlanova, pozvali na jedinstvo u KO SDA TK"}]},{"@type":"WebSite","@id":"https:\/\/tuzlainfo.ba\/#website","url":"https:\/\/tuzlainfo.ba\/","name":"TuzlaInfo.ba","description":"Tuzla info, gradski informator - Tuzla na dlanu","publisher":{"@id":"https:\/\/tuzlainfo.ba\/#organization"},"potentialAction":[{"@type":"SearchAction","target":{"@type":"EntryPoint","urlTemplate":"https:\/\/tuzlainfo.ba\/?s={search_term_string}"},"query-input":{"@type":"PropertyValueSpecification","valueRequired":true,"valueName":"search_term_string"}}],"inLanguage":"bs-BA"},{"@type":"Organization","@id":"https:\/\/tuzlainfo.ba\/#organization","name":"TuzlaInfo.ba","url":"https:\/\/tuzlainfo.ba\/","logo":{"@type":"ImageObject","inLanguage":"bs-BA","@id":"https:\/\/tuzlainfo.ba\/#\/schema\/logo\/image\/","url":"https:\/\/tuzlainfo.ba\/wp-content\/uploads\/2021\/03\/logo-ver-3-1.png","contentUrl":"https:\/\/tuzlainfo.ba\/wp-content\/uploads\/2021\/03\/logo-ver-3-1.png","width":350,"height":95,"caption":"TuzlaInfo.ba"},"image":{"@id":"https:\/\/tuzlainfo.ba\/#\/schema\/logo\/image\/"},"sameAs":["https:\/\/www.facebook.com\/tuzlainfo.ba\/"]},{"@type":"Person","@id":"https:\/\/tuzlainfo.ba\/#\/schema\/person\/f434e20dc27ea133923aab08451b7f7f","name":"nedim","image":{"@type":"ImageObject","inLanguage":"bs-BA","@id":"https:\/\/tuzlainfo.ba\/#\/schema\/person\/image\/","url":"https:\/\/tuzlainfo.ba\/wp-content\/litespeed\/avatar\/aabad687af24844af817603ac1cbdc4f.jpg?ver=1777306975","contentUrl":"https:\/\/tuzlainfo.ba\/wp-content\/litespeed\/avatar\/aabad687af24844af817603ac1cbdc4f.jpg?ver=1777306975","caption":"nedim"},"description":"Tuzlainfo.ba pratite na dru\u0161tvenim mre\u017eama: Facebook, Instagram i Youtube. Svoje pri\u010de, upite i fotografije \u0161aljite na na\u0161u e-mail adresu."}]}},"_links":{"self":[{"href":"https:\/\/tuzlainfo.ba\/index.php\/wp-json\/wp\/v2\/posts\/153510"}],"collection":[{"href":"https:\/\/tuzlainfo.ba\/index.php\/wp-json\/wp\/v2\/posts"}],"about":[{"href":"https:\/\/tuzlainfo.ba\/index.php\/wp-json\/wp\/v2\/types\/post"}],"author":[{"embeddable":true,"href":"https:\/\/tuzlainfo.ba\/index.php\/wp-json\/wp\/v2\/users\/2"}],"replies":[{"embeddable":true,"href":"https:\/\/tuzlainfo.ba\/index.php\/wp-json\/wp\/v2\/comments?post=153510"}],"version-history":[{"count":0,"href":"https:\/\/tuzlainfo.ba\/index.php\/wp-json\/wp\/v2\/posts\/153510\/revisions"}],"wp:featuredmedia":[{"embeddable":true,"href":"https:\/\/tuzlainfo.ba\/index.php\/wp-json\/wp\/v2\/media\/153511"}],"wp:attachment":[{"href":"https:\/\/tuzlainfo.ba\/index.php\/wp-json\/wp\/v2\/media?parent=153510"}],"wp:term":[{"taxonomy":"category","embeddable":true,"href":"https:\/\/tuzlainfo.ba\/index.php\/wp-json\/wp\/v2\/categories?post=153510"},{"taxonomy":"post_tag","embeddable":true,"href":"https:\/\/tuzlainfo.ba\/index.php\/wp-json\/wp\/v2\/tags?post=153510"}],"curies":[{"name":"wp","href":"https:\/\/api.w.org\/{rel}","templated":true}]}}