{"id":153039,"date":"2021-11-02T13:03:36","date_gmt":"2021-11-02T12:03:36","guid":{"rendered":"https:\/\/tuzlainfo.ba\/?p=153039"},"modified":"2021-11-02T13:30:09","modified_gmt":"2021-11-02T12:30:09","slug":"novi-rast-cijena-od-1-januara-skuplje-cigaret","status":"publish","type":"post","link":"https:\/\/tuzlainfo.ba\/index.php\/bosna-i-hercegovina\/item\/153039-novi-rast-cijena-od-1-januara-skuplje-cigaret\/","title":{"rendered":"Novi rast cijena: Od 1. januara skuplje cigarete"},"content":{"rendered":"<p>Upravni odbor Uprave za indirektno oporezivanje (UO UINO) BiH usvojio je na dana\u0161njoj sjednici Odluku o utvr\u0111ivanju specifi\u010dne i minimalne akcize na cigarete i duhan za pu\u0161enje za 2022. godinu.<\/p>\n<p>Prema usvojenoj odluci, koja se zasniva na Zakonu o akcizama u BiH, od 1. januara 2022. godine minimalna akciza iznosit \u0107e 166,50 KM za 1000 komada cigareta, odnosno 3,33 KM za pakovanje ciagreta od 20 komada.<\/p>\n<p>Novom odlukom specifi\u010dna akciza ostala je na istom nivou, odnosno 1,65 KM za pakovanje cigareta od 20 komada dok je minimalna akciza pove\u0107ana sa 3,25 na 3,33 KM za isto pakovanje.<\/p>\n<p>Akciza na duhan za pu\u0161enje utvr\u0111uje se u visini od 80 posto minimalne akcize i iznosit \u0107e 133,20 KM po kilogramu.<\/p>\n<p>Kalkulaciju maloprodajne cijene, formirane shodno ovoj odluci, porezni obveznici du\u017eni su dostaviti nadle\u017enom regionalnom centru UINO do 30. novembra 2021. godine.<\/p>\n<p>&nbsp;<\/p>\n<p>Upravni odbor UINO usvojio je danas i Odluku o utvr\u0111uju koli\u010dine dizel goriva koje se koristi za potrebe rudnika, termoelektrana i \u017eeljeznica na koje se ne pla\u0107a putarina za 2022. godinu.<\/p>\n<p>&nbsp;<\/p>\n<p>Odredbe ove odluke odnose se na dizel gorivo koje koriste rudnici i termoelektrane u procesu proizvodnje i \u017eeljeznice za pogon \u0161inskih vozila i to na odre\u0111enu koli\u010dinu koju odobri UO UINO na prijedlog vlada entiteta i Br\u010dko distrikta.<\/p>\n<p>&nbsp;<\/p>\n<p>Ova odluka primjenjivat \u0107e se od 1.januara 2022. godine, a za njenu provedbu zadu\u017eena je UINO koja \u0107e jednom u tri mjeseca Upravnom odboru podnositi izvje\u0161\u0107a o njenoj realizaciji.<\/p>\n<p>&nbsp;<\/p>\n<p>UO UIO na dana\u0161njoj sjednici, koja je odr\u017eana putem video linka, razmatrao je niz odluka, izmjena i dopuna podzakonskih akata, incijativa te pregled aktivnosti UIO posljednja tri mjeseca gdje je ustanovljeno da su prihodi od PDV-a u zna\u010dajnom porastu u odnosu na isti period pro\u0161le godine.<\/p>\n","protected":false},"excerpt":{"rendered":"<p>Upravni odbor Uprave za indirektno oporezivanje (UO UINO) BiH usvojio je na dana\u0161njoj sjednici Odluku&hellip;<\/p>\n","protected":false},"author":4,"featured_media":153042,"comment_status":"open","ping_status":"closed","sticky":false,"template":"","format":"standard","meta":{"_acf_changed":false,"footnotes":""},"categories":[291,304],"tags":[3201,1927,377],"acf":[],"yoast_head":"<!-- This site is optimized with the Yoast SEO plugin v23.5 - https:\/\/yoast.com\/wordpress\/plugins\/seo\/ -->\n<title>Novi rast cijena: Od 1. januara skuplje cigarete - TuzlaInfo.ba<\/title>\n<meta name=\"robots\" content=\"index, follow, max-snippet:-1, max-image-preview:large, max-video-preview:-1\" \/>\n<link rel=\"canonical\" href=\"https:\/\/tuzlainfo.ba\/index.php\/bosna-i-hercegovina\/item\/153039-novi-rast-cijena-od-1-januara-skuplje-cigaret\/\" \/>\n<meta property=\"og:locale\" content=\"bs_BA\" \/>\n<meta property=\"og:type\" content=\"article\" \/>\n<meta property=\"og:title\" content=\"Novi rast cijena: Od 1. januara skuplje cigarete - TuzlaInfo.ba\" \/>\n<meta property=\"og:description\" content=\"Upravni odbor Uprave za indirektno oporezivanje (UO UINO) BiH usvojio je na dana\u0161njoj sjednici Odluku&hellip;\" \/>\n<meta property=\"og:url\" content=\"https:\/\/tuzlainfo.ba\/index.php\/bosna-i-hercegovina\/item\/153039-novi-rast-cijena-od-1-januara-skuplje-cigaret\/\" \/>\n<meta property=\"og:site_name\" content=\"TuzlaInfo.ba\" \/>\n<meta property=\"article:publisher\" content=\"https:\/\/www.facebook.com\/tuzlainfo.ba\/\" \/>\n<meta property=\"article:published_time\" content=\"2021-11-02T12:03:36+00:00\" \/>\n<meta property=\"article:modified_time\" content=\"2021-11-02T12:30:09+00:00\" \/>\n<meta property=\"og:image\" content=\"https:\/\/tuzlainfo.ba\/wp-content\/uploads\/2021\/11\/inbound3261114244942694275.jpg\" \/>\n\t<meta property=\"og:image:width\" content=\"763\" \/>\n\t<meta property=\"og:image:height\" content=\"426\" \/>\n\t<meta property=\"og:image:type\" content=\"image\/jpeg\" \/>\n<meta name=\"author\" content=\"Tuzla Info\" \/>\n<meta name=\"twitter:card\" content=\"summary_large_image\" \/>\n<meta name=\"twitter:label1\" content=\"Written by\" \/>\n\t<meta name=\"twitter:data1\" content=\"Tuzla Info\" \/>\n\t<meta name=\"twitter:label2\" content=\"Est. reading time\" \/>\n\t<meta name=\"twitter:data2\" content=\"1 minuta\" \/>\n<script type=\"application\/ld+json\" class=\"yoast-schema-graph\">{\"@context\":\"https:\/\/schema.org\",\"@graph\":[{\"@type\":\"Article\",\"@id\":\"https:\/\/tuzlainfo.ba\/index.php\/bosna-i-hercegovina\/item\/153039-novi-rast-cijena-od-1-januara-skuplje-cigaret\/#article\",\"isPartOf\":{\"@id\":\"https:\/\/tuzlainfo.ba\/index.php\/bosna-i-hercegovina\/item\/153039-novi-rast-cijena-od-1-januara-skuplje-cigaret\/\"},\"author\":{\"name\":\"Tuzla Info\",\"@id\":\"https:\/\/tuzlainfo.ba\/#\/schema\/person\/46cad4c57790cbc50781edd14870825a\"},\"headline\":\"Novi rast cijena: Od 1. januara skuplje cigarete\",\"datePublished\":\"2021-11-02T12:03:36+00:00\",\"dateModified\":\"2021-11-02T12:30:09+00:00\",\"mainEntityOfPage\":{\"@id\":\"https:\/\/tuzlainfo.ba\/index.php\/bosna-i-hercegovina\/item\/153039-novi-rast-cijena-od-1-januara-skuplje-cigaret\/\"},\"wordCount\":299,\"commentCount\":0,\"publisher\":{\"@id\":\"https:\/\/tuzlainfo.ba\/#organization\"},\"image\":{\"@id\":\"https:\/\/tuzlainfo.ba\/index.php\/bosna-i-hercegovina\/item\/153039-novi-rast-cijena-od-1-januara-skuplje-cigaret\/#primaryimage\"},\"thumbnailUrl\":\"https:\/\/tuzlainfo.ba\/wp-content\/uploads\/2021\/11\/inbound3261114244942694275.jpg\",\"keywords\":[\"akcize\",\"cigarete\",\"uio\"],\"articleSection\":[\"Bosna i Hercegovina\",\"Istaknuto\"],\"inLanguage\":\"bs-BA\"},{\"@type\":\"WebPage\",\"@id\":\"https:\/\/tuzlainfo.ba\/index.php\/bosna-i-hercegovina\/item\/153039-novi-rast-cijena-od-1-januara-skuplje-cigaret\/\",\"url\":\"https:\/\/tuzlainfo.ba\/index.php\/bosna-i-hercegovina\/item\/153039-novi-rast-cijena-od-1-januara-skuplje-cigaret\/\",\"name\":\"Novi rast cijena: Od 1. januara skuplje cigarete - TuzlaInfo.ba\",\"isPartOf\":{\"@id\":\"https:\/\/tuzlainfo.ba\/#website\"},\"primaryImageOfPage\":{\"@id\":\"https:\/\/tuzlainfo.ba\/index.php\/bosna-i-hercegovina\/item\/153039-novi-rast-cijena-od-1-januara-skuplje-cigaret\/#primaryimage\"},\"image\":{\"@id\":\"https:\/\/tuzlainfo.ba\/index.php\/bosna-i-hercegovina\/item\/153039-novi-rast-cijena-od-1-januara-skuplje-cigaret\/#primaryimage\"},\"thumbnailUrl\":\"https:\/\/tuzlainfo.ba\/wp-content\/uploads\/2021\/11\/inbound3261114244942694275.jpg\",\"datePublished\":\"2021-11-02T12:03:36+00:00\",\"dateModified\":\"2021-11-02T12:30:09+00:00\",\"breadcrumb\":{\"@id\":\"https:\/\/tuzlainfo.ba\/index.php\/bosna-i-hercegovina\/item\/153039-novi-rast-cijena-od-1-januara-skuplje-cigaret\/#breadcrumb\"},\"inLanguage\":\"bs-BA\",\"potentialAction\":[{\"@type\":\"ReadAction\",\"target\":[\"https:\/\/tuzlainfo.ba\/index.php\/bosna-i-hercegovina\/item\/153039-novi-rast-cijena-od-1-januara-skuplje-cigaret\/\"]}]},{\"@type\":\"ImageObject\",\"inLanguage\":\"bs-BA\",\"@id\":\"https:\/\/tuzlainfo.ba\/index.php\/bosna-i-hercegovina\/item\/153039-novi-rast-cijena-od-1-januara-skuplje-cigaret\/#primaryimage\",\"url\":\"https:\/\/tuzlainfo.ba\/wp-content\/uploads\/2021\/11\/inbound3261114244942694275.jpg\",\"contentUrl\":\"https:\/\/tuzlainfo.ba\/wp-content\/uploads\/2021\/11\/inbound3261114244942694275.jpg\",\"width\":763,\"height\":426},{\"@type\":\"BreadcrumbList\",\"@id\":\"https:\/\/tuzlainfo.ba\/index.php\/bosna-i-hercegovina\/item\/153039-novi-rast-cijena-od-1-januara-skuplje-cigaret\/#breadcrumb\",\"itemListElement\":[{\"@type\":\"ListItem\",\"position\":1,\"name\":\"Home\",\"item\":\"https:\/\/tuzlainfo.ba\/\"},{\"@type\":\"ListItem\",\"position\":2,\"name\":\"Novi rast cijena: Od 1. januara skuplje cigarete\"}]},{\"@type\":\"WebSite\",\"@id\":\"https:\/\/tuzlainfo.ba\/#website\",\"url\":\"https:\/\/tuzlainfo.ba\/\",\"name\":\"TuzlaInfo.ba\",\"description\":\"Tuzla info, gradski informator - Tuzla na dlanu\",\"publisher\":{\"@id\":\"https:\/\/tuzlainfo.ba\/#organization\"},\"potentialAction\":[{\"@type\":\"SearchAction\",\"target\":{\"@type\":\"EntryPoint\",\"urlTemplate\":\"https:\/\/tuzlainfo.ba\/?s={search_term_string}\"},\"query-input\":{\"@type\":\"PropertyValueSpecification\",\"valueRequired\":true,\"valueName\":\"search_term_string\"}}],\"inLanguage\":\"bs-BA\"},{\"@type\":\"Organization\",\"@id\":\"https:\/\/tuzlainfo.ba\/#organization\",\"name\":\"TuzlaInfo.ba\",\"url\":\"https:\/\/tuzlainfo.ba\/\",\"logo\":{\"@type\":\"ImageObject\",\"inLanguage\":\"bs-BA\",\"@id\":\"https:\/\/tuzlainfo.ba\/#\/schema\/logo\/image\/\",\"url\":\"https:\/\/tuzlainfo.ba\/wp-content\/uploads\/2021\/03\/logo-ver-3-1.png\",\"contentUrl\":\"https:\/\/tuzlainfo.ba\/wp-content\/uploads\/2021\/03\/logo-ver-3-1.png\",\"width\":350,\"height\":95,\"caption\":\"TuzlaInfo.ba\"},\"image\":{\"@id\":\"https:\/\/tuzlainfo.ba\/#\/schema\/logo\/image\/\"},\"sameAs\":[\"https:\/\/www.facebook.com\/tuzlainfo.ba\/\"]},{\"@type\":\"Person\",\"@id\":\"https:\/\/tuzlainfo.ba\/#\/schema\/person\/46cad4c57790cbc50781edd14870825a\",\"name\":\"Tuzla Info\",\"image\":{\"@type\":\"ImageObject\",\"inLanguage\":\"bs-BA\",\"@id\":\"https:\/\/tuzlainfo.ba\/#\/schema\/person\/image\/\",\"url\":\"https:\/\/tuzlainfo.ba\/wp-content\/litespeed\/avatar\/b6c453a6c38e3654f2e4416c643fc25c.jpg?ver=1777051911\",\"contentUrl\":\"https:\/\/tuzlainfo.ba\/wp-content\/litespeed\/avatar\/b6c453a6c38e3654f2e4416c643fc25c.jpg?ver=1777051911\",\"caption\":\"Tuzla Info\"}}]}<\/script>\n<!-- \/ Yoast SEO plugin. -->","yoast_head_json":{"title":"Novi rast cijena: Od 1. januara skuplje cigarete - TuzlaInfo.ba","robots":{"index":"index","follow":"follow","max-snippet":"max-snippet:-1","max-image-preview":"max-image-preview:large","max-video-preview":"max-video-preview:-1"},"canonical":"https:\/\/tuzlainfo.ba\/index.php\/bosna-i-hercegovina\/item\/153039-novi-rast-cijena-od-1-januara-skuplje-cigaret\/","og_locale":"bs_BA","og_type":"article","og_title":"Novi rast cijena: Od 1. januara skuplje cigarete - TuzlaInfo.ba","og_description":"Upravni odbor Uprave za indirektno oporezivanje (UO UINO) BiH usvojio je na dana\u0161njoj sjednici Odluku&hellip;","og_url":"https:\/\/tuzlainfo.ba\/index.php\/bosna-i-hercegovina\/item\/153039-novi-rast-cijena-od-1-januara-skuplje-cigaret\/","og_site_name":"TuzlaInfo.ba","article_publisher":"https:\/\/www.facebook.com\/tuzlainfo.ba\/","article_published_time":"2021-11-02T12:03:36+00:00","article_modified_time":"2021-11-02T12:30:09+00:00","og_image":[{"width":763,"height":426,"url":"https:\/\/tuzlainfo.ba\/wp-content\/uploads\/2021\/11\/inbound3261114244942694275.jpg","type":"image\/jpeg"}],"author":"Tuzla Info","twitter_card":"summary_large_image","twitter_misc":{"Written by":"Tuzla Info","Est. reading time":"1 minuta"},"schema":{"@context":"https:\/\/schema.org","@graph":[{"@type":"Article","@id":"https:\/\/tuzlainfo.ba\/index.php\/bosna-i-hercegovina\/item\/153039-novi-rast-cijena-od-1-januara-skuplje-cigaret\/#article","isPartOf":{"@id":"https:\/\/tuzlainfo.ba\/index.php\/bosna-i-hercegovina\/item\/153039-novi-rast-cijena-od-1-januara-skuplje-cigaret\/"},"author":{"name":"Tuzla Info","@id":"https:\/\/tuzlainfo.ba\/#\/schema\/person\/46cad4c57790cbc50781edd14870825a"},"headline":"Novi rast cijena: Od 1. januara skuplje cigarete","datePublished":"2021-11-02T12:03:36+00:00","dateModified":"2021-11-02T12:30:09+00:00","mainEntityOfPage":{"@id":"https:\/\/tuzlainfo.ba\/index.php\/bosna-i-hercegovina\/item\/153039-novi-rast-cijena-od-1-januara-skuplje-cigaret\/"},"wordCount":299,"commentCount":0,"publisher":{"@id":"https:\/\/tuzlainfo.ba\/#organization"},"image":{"@id":"https:\/\/tuzlainfo.ba\/index.php\/bosna-i-hercegovina\/item\/153039-novi-rast-cijena-od-1-januara-skuplje-cigaret\/#primaryimage"},"thumbnailUrl":"https:\/\/tuzlainfo.ba\/wp-content\/uploads\/2021\/11\/inbound3261114244942694275.jpg","keywords":["akcize","cigarete","uio"],"articleSection":["Bosna i Hercegovina","Istaknuto"],"inLanguage":"bs-BA"},{"@type":"WebPage","@id":"https:\/\/tuzlainfo.ba\/index.php\/bosna-i-hercegovina\/item\/153039-novi-rast-cijena-od-1-januara-skuplje-cigaret\/","url":"https:\/\/tuzlainfo.ba\/index.php\/bosna-i-hercegovina\/item\/153039-novi-rast-cijena-od-1-januara-skuplje-cigaret\/","name":"Novi rast cijena: Od 1. januara skuplje cigarete - TuzlaInfo.ba","isPartOf":{"@id":"https:\/\/tuzlainfo.ba\/#website"},"primaryImageOfPage":{"@id":"https:\/\/tuzlainfo.ba\/index.php\/bosna-i-hercegovina\/item\/153039-novi-rast-cijena-od-1-januara-skuplje-cigaret\/#primaryimage"},"image":{"@id":"https:\/\/tuzlainfo.ba\/index.php\/bosna-i-hercegovina\/item\/153039-novi-rast-cijena-od-1-januara-skuplje-cigaret\/#primaryimage"},"thumbnailUrl":"https:\/\/tuzlainfo.ba\/wp-content\/uploads\/2021\/11\/inbound3261114244942694275.jpg","datePublished":"2021-11-02T12:03:36+00:00","dateModified":"2021-11-02T12:30:09+00:00","breadcrumb":{"@id":"https:\/\/tuzlainfo.ba\/index.php\/bosna-i-hercegovina\/item\/153039-novi-rast-cijena-od-1-januara-skuplje-cigaret\/#breadcrumb"},"inLanguage":"bs-BA","potentialAction":[{"@type":"ReadAction","target":["https:\/\/tuzlainfo.ba\/index.php\/bosna-i-hercegovina\/item\/153039-novi-rast-cijena-od-1-januara-skuplje-cigaret\/"]}]},{"@type":"ImageObject","inLanguage":"bs-BA","@id":"https:\/\/tuzlainfo.ba\/index.php\/bosna-i-hercegovina\/item\/153039-novi-rast-cijena-od-1-januara-skuplje-cigaret\/#primaryimage","url":"https:\/\/tuzlainfo.ba\/wp-content\/uploads\/2021\/11\/inbound3261114244942694275.jpg","contentUrl":"https:\/\/tuzlainfo.ba\/wp-content\/uploads\/2021\/11\/inbound3261114244942694275.jpg","width":763,"height":426},{"@type":"BreadcrumbList","@id":"https:\/\/tuzlainfo.ba\/index.php\/bosna-i-hercegovina\/item\/153039-novi-rast-cijena-od-1-januara-skuplje-cigaret\/#breadcrumb","itemListElement":[{"@type":"ListItem","position":1,"name":"Home","item":"https:\/\/tuzlainfo.ba\/"},{"@type":"ListItem","position":2,"name":"Novi rast cijena: Od 1. januara skuplje cigarete"}]},{"@type":"WebSite","@id":"https:\/\/tuzlainfo.ba\/#website","url":"https:\/\/tuzlainfo.ba\/","name":"TuzlaInfo.ba","description":"Tuzla info, gradski informator - Tuzla na dlanu","publisher":{"@id":"https:\/\/tuzlainfo.ba\/#organization"},"potentialAction":[{"@type":"SearchAction","target":{"@type":"EntryPoint","urlTemplate":"https:\/\/tuzlainfo.ba\/?s={search_term_string}"},"query-input":{"@type":"PropertyValueSpecification","valueRequired":true,"valueName":"search_term_string"}}],"inLanguage":"bs-BA"},{"@type":"Organization","@id":"https:\/\/tuzlainfo.ba\/#organization","name":"TuzlaInfo.ba","url":"https:\/\/tuzlainfo.ba\/","logo":{"@type":"ImageObject","inLanguage":"bs-BA","@id":"https:\/\/tuzlainfo.ba\/#\/schema\/logo\/image\/","url":"https:\/\/tuzlainfo.ba\/wp-content\/uploads\/2021\/03\/logo-ver-3-1.png","contentUrl":"https:\/\/tuzlainfo.ba\/wp-content\/uploads\/2021\/03\/logo-ver-3-1.png","width":350,"height":95,"caption":"TuzlaInfo.ba"},"image":{"@id":"https:\/\/tuzlainfo.ba\/#\/schema\/logo\/image\/"},"sameAs":["https:\/\/www.facebook.com\/tuzlainfo.ba\/"]},{"@type":"Person","@id":"https:\/\/tuzlainfo.ba\/#\/schema\/person\/46cad4c57790cbc50781edd14870825a","name":"Tuzla Info","image":{"@type":"ImageObject","inLanguage":"bs-BA","@id":"https:\/\/tuzlainfo.ba\/#\/schema\/person\/image\/","url":"https:\/\/tuzlainfo.ba\/wp-content\/litespeed\/avatar\/b6c453a6c38e3654f2e4416c643fc25c.jpg?ver=1777051911","contentUrl":"https:\/\/tuzlainfo.ba\/wp-content\/litespeed\/avatar\/b6c453a6c38e3654f2e4416c643fc25c.jpg?ver=1777051911","caption":"Tuzla Info"}}]}},"_links":{"self":[{"href":"https:\/\/tuzlainfo.ba\/index.php\/wp-json\/wp\/v2\/posts\/153039"}],"collection":[{"href":"https:\/\/tuzlainfo.ba\/index.php\/wp-json\/wp\/v2\/posts"}],"about":[{"href":"https:\/\/tuzlainfo.ba\/index.php\/wp-json\/wp\/v2\/types\/post"}],"author":[{"embeddable":true,"href":"https:\/\/tuzlainfo.ba\/index.php\/wp-json\/wp\/v2\/users\/4"}],"replies":[{"embeddable":true,"href":"https:\/\/tuzlainfo.ba\/index.php\/wp-json\/wp\/v2\/comments?post=153039"}],"version-history":[{"count":0,"href":"https:\/\/tuzlainfo.ba\/index.php\/wp-json\/wp\/v2\/posts\/153039\/revisions"}],"wp:featuredmedia":[{"embeddable":true,"href":"https:\/\/tuzlainfo.ba\/index.php\/wp-json\/wp\/v2\/media\/153042"}],"wp:attachment":[{"href":"https:\/\/tuzlainfo.ba\/index.php\/wp-json\/wp\/v2\/media?parent=153039"}],"wp:term":[{"taxonomy":"category","embeddable":true,"href":"https:\/\/tuzlainfo.ba\/index.php\/wp-json\/wp\/v2\/categories?post=153039"},{"taxonomy":"post_tag","embeddable":true,"href":"https:\/\/tuzlainfo.ba\/index.php\/wp-json\/wp\/v2\/tags?post=153039"}],"curies":[{"name":"wp","href":"https:\/\/api.w.org\/{rel}","templated":true}]}}