{"id":152940,"date":"2021-11-01T19:56:09","date_gmt":"2021-11-01T18:56:09","guid":{"rendered":"https:\/\/tuzlainfo.ba\/?p=152940"},"modified":"2021-11-01T19:56:09","modified_gmt":"2021-11-01T18:56:09","slug":"detalji-nesrece-u-austriji-i-treci-mladic-koji-je-smrtno-stradao-porijeklom-je-iz-bih","status":"publish","type":"post","link":"https:\/\/tuzlainfo.ba\/index.php\/clanci\/sa-svih-strana\/item\/152940-detalji-nesrece-u-austriji-i-treci-mladic-koji-je-smrtno-stradao-porijeklom-je-iz-bih\/","title":{"rendered":"Detalji nesre\u0107e u Austriji: I tre\u0107i mladi\u0107 koji je smrtno stradao porijeklom je iz BiH"},"content":{"rendered":"<p>Sva trojica mladi\u0107a koji su tokom vikenda poginuli u austrijskom Grazu rodom su iz BiH, odnosno Prijedora, Prnjavora i Sarajeva.<\/p>\n<p>Kako je potvr\u0111eno, radi se o \u0110.R. iz Prnjavora (22), B.B. (27) iz Prijedora i F.S. (23), koji je bio dr\u017eavljanin Slovenije, ali je rodom iz Sarajeva.<\/p>\n<p>Tragedija se desila u no\u0107i izme\u0111u subote i nedjelje, oko 2.45, a prema podacima Profesionalne vatrogasne brigade Graz, nesre\u0107a se dogodila na Puntigamer mostu.<\/p>\n<p>Voza\u010d je izgubio kontrolu nad automobilom, koji je sletio s puta, a pritom je probio barijeru te udario u srednji dio mosta.<\/p>\n<p>Potom je upao u vodu i potonuo, a jedno tijelo prilikom slijetanja u vodu ispalo je iz automobila.<\/p>\n<blockquote class=\"wp-embedded-content\" data-secret=\"nS1PEvjOAO\"><p><a href=\"https:\/\/tuzlainfo.ba\/index.php\/clanci\/sa-svih-strana\/item\/152813-stravicna-nesreca-u-grazu-poginula-dva-bosanca-auto-zavrsilo-u-rijeci\/\">Stravi\u010dna nesre\u0107a u Grazu: Poginula dva Bosanca, auto zavr\u0161ilo u rijeci<\/a><\/p><\/blockquote>\n<p><iframe class=\"wp-embedded-content\" sandbox=\"allow-scripts\" security=\"restricted\" style=\"position: absolute; clip: rect(1px, 1px, 1px, 1px);\" title=\"&#8220;Stravi\u010dna nesre\u0107a u Grazu: Poginula dva Bosanca, auto zavr\u0161ilo u rijeci&#8221; &#8212; TuzlaInfo.ba\" src=\"https:\/\/tuzlainfo.ba\/index.php\/clanci\/sa-svih-strana\/item\/152813-stravicna-nesreca-u-grazu-poginula-dva-bosanca-auto-zavrsilo-u-rijeci\/embed\/#?secret=nS1PEvjOAO\" data-secret=\"nS1PEvjOAO\" width=\"600\" height=\"338\" frameborder=\"0\" marginwidth=\"0\" marginheight=\"0\" scrolling=\"no\"><\/iframe><\/p>\n<p>&nbsp;<\/p>\n","protected":false},"excerpt":{"rendered":"<p>Sva trojica mladi\u0107a koji su tokom vikenda poginuli u austrijskom Grazu rodom su iz BiH,&hellip;<\/p>\n","protected":false},"author":2,"featured_media":152814,"comment_status":"open","ping_status":"closed","sticky":false,"template":"","format":"standard","meta":{"_acf_changed":false,"footnotes":""},"categories":[16],"tags":[417,3175],"acf":[],"yoast_head":"<!-- This site is optimized with the Yoast SEO plugin v23.5 - https:\/\/yoast.com\/wordpress\/plugins\/seo\/ -->\n<title>Detalji nesre\u0107e u Austriji: I tre\u0107i mladi\u0107 koji je smrtno stradao porijeklom je iz BiH - TuzlaInfo.ba<\/title>\n<meta name=\"robots\" content=\"index, follow, max-snippet:-1, max-image-preview:large, max-video-preview:-1\" \/>\n<link rel=\"canonical\" href=\"https:\/\/tuzlainfo.ba\/index.php\/clanci\/sa-svih-strana\/item\/152940-detalji-nesrece-u-austriji-i-treci-mladic-koji-je-smrtno-stradao-porijeklom-je-iz-bih\/\" \/>\n<meta property=\"og:locale\" content=\"bs_BA\" \/>\n<meta property=\"og:type\" content=\"article\" \/>\n<meta property=\"og:title\" content=\"Detalji nesre\u0107e u Austriji: I tre\u0107i mladi\u0107 koji je smrtno stradao porijeklom je iz BiH - TuzlaInfo.ba\" \/>\n<meta property=\"og:description\" content=\"Sva trojica mladi\u0107a koji su tokom vikenda poginuli u austrijskom Grazu rodom su iz BiH,&hellip;\" \/>\n<meta property=\"og:url\" content=\"https:\/\/tuzlainfo.ba\/index.php\/clanci\/sa-svih-strana\/item\/152940-detalji-nesrece-u-austriji-i-treci-mladic-koji-je-smrtno-stradao-porijeklom-je-iz-bih\/\" \/>\n<meta property=\"og:site_name\" content=\"TuzlaInfo.ba\" \/>\n<meta property=\"article:publisher\" content=\"https:\/\/www.facebook.com\/tuzlainfo.ba\/\" \/>\n<meta property=\"article:published_time\" content=\"2021-11-01T18:56:09+00:00\" \/>\n<meta property=\"og:image\" content=\"https:\/\/tuzlainfo.ba\/wp-content\/uploads\/2021\/10\/3110_graz.jpg\" \/>\n\t<meta property=\"og:image:width\" content=\"1901\" \/>\n\t<meta property=\"og:image:height\" content=\"1317\" \/>\n\t<meta property=\"og:image:type\" content=\"image\/jpeg\" \/>\n<meta name=\"author\" content=\"nedim\" \/>\n<meta name=\"twitter:card\" content=\"summary_large_image\" \/>\n<meta name=\"twitter:label1\" content=\"Written by\" \/>\n\t<meta name=\"twitter:data1\" content=\"nedim\" \/>\n\t<meta name=\"twitter:label2\" content=\"Est. reading time\" \/>\n\t<meta name=\"twitter:data2\" content=\"1 minuta\" \/>\n<script type=\"application\/ld+json\" class=\"yoast-schema-graph\">{\"@context\":\"https:\/\/schema.org\",\"@graph\":[{\"@type\":\"Article\",\"@id\":\"https:\/\/tuzlainfo.ba\/index.php\/clanci\/sa-svih-strana\/item\/152940-detalji-nesrece-u-austriji-i-treci-mladic-koji-je-smrtno-stradao-porijeklom-je-iz-bih\/#article\",\"isPartOf\":{\"@id\":\"https:\/\/tuzlainfo.ba\/index.php\/clanci\/sa-svih-strana\/item\/152940-detalji-nesrece-u-austriji-i-treci-mladic-koji-je-smrtno-stradao-porijeklom-je-iz-bih\/\"},\"author\":{\"name\":\"nedim\",\"@id\":\"https:\/\/tuzlainfo.ba\/#\/schema\/person\/f434e20dc27ea133923aab08451b7f7f\"},\"headline\":\"Detalji nesre\u0107e u Austriji: I tre\u0107i mladi\u0107 koji je smrtno stradao porijeklom je iz BiH\",\"datePublished\":\"2021-11-01T18:56:09+00:00\",\"dateModified\":\"2021-11-01T18:56:09+00:00\",\"mainEntityOfPage\":{\"@id\":\"https:\/\/tuzlainfo.ba\/index.php\/clanci\/sa-svih-strana\/item\/152940-detalji-nesrece-u-austriji-i-treci-mladic-koji-je-smrtno-stradao-porijeklom-je-iz-bih\/\"},\"wordCount\":142,\"commentCount\":0,\"publisher\":{\"@id\":\"https:\/\/tuzlainfo.ba\/#organization\"},\"image\":{\"@id\":\"https:\/\/tuzlainfo.ba\/index.php\/clanci\/sa-svih-strana\/item\/152940-detalji-nesrece-u-austriji-i-treci-mladic-koji-je-smrtno-stradao-porijeklom-je-iz-bih\/#primaryimage\"},\"thumbnailUrl\":\"https:\/\/tuzlainfo.ba\/wp-content\/uploads\/2021\/10\/3110_graz.jpg\",\"keywords\":[\"crna hronika\",\"graz\"],\"articleSection\":[\"Sa svih strana\"],\"inLanguage\":\"bs-BA\"},{\"@type\":\"WebPage\",\"@id\":\"https:\/\/tuzlainfo.ba\/index.php\/clanci\/sa-svih-strana\/item\/152940-detalji-nesrece-u-austriji-i-treci-mladic-koji-je-smrtno-stradao-porijeklom-je-iz-bih\/\",\"url\":\"https:\/\/tuzlainfo.ba\/index.php\/clanci\/sa-svih-strana\/item\/152940-detalji-nesrece-u-austriji-i-treci-mladic-koji-je-smrtno-stradao-porijeklom-je-iz-bih\/\",\"name\":\"Detalji nesre\u0107e u Austriji: I tre\u0107i mladi\u0107 koji je smrtno stradao porijeklom je iz BiH - TuzlaInfo.ba\",\"isPartOf\":{\"@id\":\"https:\/\/tuzlainfo.ba\/#website\"},\"primaryImageOfPage\":{\"@id\":\"https:\/\/tuzlainfo.ba\/index.php\/clanci\/sa-svih-strana\/item\/152940-detalji-nesrece-u-austriji-i-treci-mladic-koji-je-smrtno-stradao-porijeklom-je-iz-bih\/#primaryimage\"},\"image\":{\"@id\":\"https:\/\/tuzlainfo.ba\/index.php\/clanci\/sa-svih-strana\/item\/152940-detalji-nesrece-u-austriji-i-treci-mladic-koji-je-smrtno-stradao-porijeklom-je-iz-bih\/#primaryimage\"},\"thumbnailUrl\":\"https:\/\/tuzlainfo.ba\/wp-content\/uploads\/2021\/10\/3110_graz.jpg\",\"datePublished\":\"2021-11-01T18:56:09+00:00\",\"dateModified\":\"2021-11-01T18:56:09+00:00\",\"breadcrumb\":{\"@id\":\"https:\/\/tuzlainfo.ba\/index.php\/clanci\/sa-svih-strana\/item\/152940-detalji-nesrece-u-austriji-i-treci-mladic-koji-je-smrtno-stradao-porijeklom-je-iz-bih\/#breadcrumb\"},\"inLanguage\":\"bs-BA\",\"potentialAction\":[{\"@type\":\"ReadAction\",\"target\":[\"https:\/\/tuzlainfo.ba\/index.php\/clanci\/sa-svih-strana\/item\/152940-detalji-nesrece-u-austriji-i-treci-mladic-koji-je-smrtno-stradao-porijeklom-je-iz-bih\/\"]}]},{\"@type\":\"ImageObject\",\"inLanguage\":\"bs-BA\",\"@id\":\"https:\/\/tuzlainfo.ba\/index.php\/clanci\/sa-svih-strana\/item\/152940-detalji-nesrece-u-austriji-i-treci-mladic-koji-je-smrtno-stradao-porijeklom-je-iz-bih\/#primaryimage\",\"url\":\"https:\/\/tuzlainfo.ba\/wp-content\/uploads\/2021\/10\/3110_graz.jpg\",\"contentUrl\":\"https:\/\/tuzlainfo.ba\/wp-content\/uploads\/2021\/10\/3110_graz.jpg\",\"width\":1901,\"height\":1317,\"caption\":\"Sa mjesta nesre\u0107e \/ Foto: Berufsfeuerwehr Graz\"},{\"@type\":\"BreadcrumbList\",\"@id\":\"https:\/\/tuzlainfo.ba\/index.php\/clanci\/sa-svih-strana\/item\/152940-detalji-nesrece-u-austriji-i-treci-mladic-koji-je-smrtno-stradao-porijeklom-je-iz-bih\/#breadcrumb\",\"itemListElement\":[{\"@type\":\"ListItem\",\"position\":1,\"name\":\"Home\",\"item\":\"https:\/\/tuzlainfo.ba\/\"},{\"@type\":\"ListItem\",\"position\":2,\"name\":\"Detalji nesre\u0107e u Austriji: I tre\u0107i mladi\u0107 koji je smrtno stradao porijeklom je iz BiH\"}]},{\"@type\":\"WebSite\",\"@id\":\"https:\/\/tuzlainfo.ba\/#website\",\"url\":\"https:\/\/tuzlainfo.ba\/\",\"name\":\"TuzlaInfo.ba\",\"description\":\"Tuzla info, gradski informator - Tuzla na dlanu\",\"publisher\":{\"@id\":\"https:\/\/tuzlainfo.ba\/#organization\"},\"potentialAction\":[{\"@type\":\"SearchAction\",\"target\":{\"@type\":\"EntryPoint\",\"urlTemplate\":\"https:\/\/tuzlainfo.ba\/?s={search_term_string}\"},\"query-input\":{\"@type\":\"PropertyValueSpecification\",\"valueRequired\":true,\"valueName\":\"search_term_string\"}}],\"inLanguage\":\"bs-BA\"},{\"@type\":\"Organization\",\"@id\":\"https:\/\/tuzlainfo.ba\/#organization\",\"name\":\"TuzlaInfo.ba\",\"url\":\"https:\/\/tuzlainfo.ba\/\",\"logo\":{\"@type\":\"ImageObject\",\"inLanguage\":\"bs-BA\",\"@id\":\"https:\/\/tuzlainfo.ba\/#\/schema\/logo\/image\/\",\"url\":\"https:\/\/tuzlainfo.ba\/wp-content\/uploads\/2021\/03\/logo-ver-3-1.png\",\"contentUrl\":\"https:\/\/tuzlainfo.ba\/wp-content\/uploads\/2021\/03\/logo-ver-3-1.png\",\"width\":350,\"height\":95,\"caption\":\"TuzlaInfo.ba\"},\"image\":{\"@id\":\"https:\/\/tuzlainfo.ba\/#\/schema\/logo\/image\/\"},\"sameAs\":[\"https:\/\/www.facebook.com\/tuzlainfo.ba\/\"]},{\"@type\":\"Person\",\"@id\":\"https:\/\/tuzlainfo.ba\/#\/schema\/person\/f434e20dc27ea133923aab08451b7f7f\",\"name\":\"nedim\",\"image\":{\"@type\":\"ImageObject\",\"inLanguage\":\"bs-BA\",\"@id\":\"https:\/\/tuzlainfo.ba\/#\/schema\/person\/image\/\",\"url\":\"https:\/\/tuzlainfo.ba\/wp-content\/litespeed\/avatar\/aabad687af24844af817603ac1cbdc4f.jpg?ver=1777306975\",\"contentUrl\":\"https:\/\/tuzlainfo.ba\/wp-content\/litespeed\/avatar\/aabad687af24844af817603ac1cbdc4f.jpg?ver=1777306975\",\"caption\":\"nedim\"},\"description\":\"Tuzlainfo.ba pratite na dru\u0161tvenim mre\u017eama: Facebook, Instagram i Youtube. Svoje pri\u010de, upite i fotografije \u0161aljite na na\u0161u e-mail adresu.\"}]}<\/script>\n<!-- \/ Yoast SEO plugin. -->","yoast_head_json":{"title":"Detalji nesre\u0107e u Austriji: I tre\u0107i mladi\u0107 koji je smrtno stradao porijeklom je iz BiH - TuzlaInfo.ba","robots":{"index":"index","follow":"follow","max-snippet":"max-snippet:-1","max-image-preview":"max-image-preview:large","max-video-preview":"max-video-preview:-1"},"canonical":"https:\/\/tuzlainfo.ba\/index.php\/clanci\/sa-svih-strana\/item\/152940-detalji-nesrece-u-austriji-i-treci-mladic-koji-je-smrtno-stradao-porijeklom-je-iz-bih\/","og_locale":"bs_BA","og_type":"article","og_title":"Detalji nesre\u0107e u Austriji: I tre\u0107i mladi\u0107 koji je smrtno stradao porijeklom je iz BiH - TuzlaInfo.ba","og_description":"Sva trojica mladi\u0107a koji su tokom vikenda poginuli u austrijskom Grazu rodom su iz BiH,&hellip;","og_url":"https:\/\/tuzlainfo.ba\/index.php\/clanci\/sa-svih-strana\/item\/152940-detalji-nesrece-u-austriji-i-treci-mladic-koji-je-smrtno-stradao-porijeklom-je-iz-bih\/","og_site_name":"TuzlaInfo.ba","article_publisher":"https:\/\/www.facebook.com\/tuzlainfo.ba\/","article_published_time":"2021-11-01T18:56:09+00:00","og_image":[{"width":1901,"height":1317,"url":"https:\/\/tuzlainfo.ba\/wp-content\/uploads\/2021\/10\/3110_graz.jpg","type":"image\/jpeg"}],"author":"nedim","twitter_card":"summary_large_image","twitter_misc":{"Written by":"nedim","Est. reading time":"1 minuta"},"schema":{"@context":"https:\/\/schema.org","@graph":[{"@type":"Article","@id":"https:\/\/tuzlainfo.ba\/index.php\/clanci\/sa-svih-strana\/item\/152940-detalji-nesrece-u-austriji-i-treci-mladic-koji-je-smrtno-stradao-porijeklom-je-iz-bih\/#article","isPartOf":{"@id":"https:\/\/tuzlainfo.ba\/index.php\/clanci\/sa-svih-strana\/item\/152940-detalji-nesrece-u-austriji-i-treci-mladic-koji-je-smrtno-stradao-porijeklom-je-iz-bih\/"},"author":{"name":"nedim","@id":"https:\/\/tuzlainfo.ba\/#\/schema\/person\/f434e20dc27ea133923aab08451b7f7f"},"headline":"Detalji nesre\u0107e u Austriji: I tre\u0107i mladi\u0107 koji je smrtno stradao porijeklom je iz BiH","datePublished":"2021-11-01T18:56:09+00:00","dateModified":"2021-11-01T18:56:09+00:00","mainEntityOfPage":{"@id":"https:\/\/tuzlainfo.ba\/index.php\/clanci\/sa-svih-strana\/item\/152940-detalji-nesrece-u-austriji-i-treci-mladic-koji-je-smrtno-stradao-porijeklom-je-iz-bih\/"},"wordCount":142,"commentCount":0,"publisher":{"@id":"https:\/\/tuzlainfo.ba\/#organization"},"image":{"@id":"https:\/\/tuzlainfo.ba\/index.php\/clanci\/sa-svih-strana\/item\/152940-detalji-nesrece-u-austriji-i-treci-mladic-koji-je-smrtno-stradao-porijeklom-je-iz-bih\/#primaryimage"},"thumbnailUrl":"https:\/\/tuzlainfo.ba\/wp-content\/uploads\/2021\/10\/3110_graz.jpg","keywords":["crna hronika","graz"],"articleSection":["Sa svih strana"],"inLanguage":"bs-BA"},{"@type":"WebPage","@id":"https:\/\/tuzlainfo.ba\/index.php\/clanci\/sa-svih-strana\/item\/152940-detalji-nesrece-u-austriji-i-treci-mladic-koji-je-smrtno-stradao-porijeklom-je-iz-bih\/","url":"https:\/\/tuzlainfo.ba\/index.php\/clanci\/sa-svih-strana\/item\/152940-detalji-nesrece-u-austriji-i-treci-mladic-koji-je-smrtno-stradao-porijeklom-je-iz-bih\/","name":"Detalji nesre\u0107e u Austriji: I tre\u0107i mladi\u0107 koji je smrtno stradao porijeklom je iz BiH - TuzlaInfo.ba","isPartOf":{"@id":"https:\/\/tuzlainfo.ba\/#website"},"primaryImageOfPage":{"@id":"https:\/\/tuzlainfo.ba\/index.php\/clanci\/sa-svih-strana\/item\/152940-detalji-nesrece-u-austriji-i-treci-mladic-koji-je-smrtno-stradao-porijeklom-je-iz-bih\/#primaryimage"},"image":{"@id":"https:\/\/tuzlainfo.ba\/index.php\/clanci\/sa-svih-strana\/item\/152940-detalji-nesrece-u-austriji-i-treci-mladic-koji-je-smrtno-stradao-porijeklom-je-iz-bih\/#primaryimage"},"thumbnailUrl":"https:\/\/tuzlainfo.ba\/wp-content\/uploads\/2021\/10\/3110_graz.jpg","datePublished":"2021-11-01T18:56:09+00:00","dateModified":"2021-11-01T18:56:09+00:00","breadcrumb":{"@id":"https:\/\/tuzlainfo.ba\/index.php\/clanci\/sa-svih-strana\/item\/152940-detalji-nesrece-u-austriji-i-treci-mladic-koji-je-smrtno-stradao-porijeklom-je-iz-bih\/#breadcrumb"},"inLanguage":"bs-BA","potentialAction":[{"@type":"ReadAction","target":["https:\/\/tuzlainfo.ba\/index.php\/clanci\/sa-svih-strana\/item\/152940-detalji-nesrece-u-austriji-i-treci-mladic-koji-je-smrtno-stradao-porijeklom-je-iz-bih\/"]}]},{"@type":"ImageObject","inLanguage":"bs-BA","@id":"https:\/\/tuzlainfo.ba\/index.php\/clanci\/sa-svih-strana\/item\/152940-detalji-nesrece-u-austriji-i-treci-mladic-koji-je-smrtno-stradao-porijeklom-je-iz-bih\/#primaryimage","url":"https:\/\/tuzlainfo.ba\/wp-content\/uploads\/2021\/10\/3110_graz.jpg","contentUrl":"https:\/\/tuzlainfo.ba\/wp-content\/uploads\/2021\/10\/3110_graz.jpg","width":1901,"height":1317,"caption":"Sa mjesta nesre\u0107e \/ Foto: Berufsfeuerwehr Graz"},{"@type":"BreadcrumbList","@id":"https:\/\/tuzlainfo.ba\/index.php\/clanci\/sa-svih-strana\/item\/152940-detalji-nesrece-u-austriji-i-treci-mladic-koji-je-smrtno-stradao-porijeklom-je-iz-bih\/#breadcrumb","itemListElement":[{"@type":"ListItem","position":1,"name":"Home","item":"https:\/\/tuzlainfo.ba\/"},{"@type":"ListItem","position":2,"name":"Detalji nesre\u0107e u Austriji: I tre\u0107i mladi\u0107 koji je smrtno stradao porijeklom je iz BiH"}]},{"@type":"WebSite","@id":"https:\/\/tuzlainfo.ba\/#website","url":"https:\/\/tuzlainfo.ba\/","name":"TuzlaInfo.ba","description":"Tuzla info, gradski informator - Tuzla na dlanu","publisher":{"@id":"https:\/\/tuzlainfo.ba\/#organization"},"potentialAction":[{"@type":"SearchAction","target":{"@type":"EntryPoint","urlTemplate":"https:\/\/tuzlainfo.ba\/?s={search_term_string}"},"query-input":{"@type":"PropertyValueSpecification","valueRequired":true,"valueName":"search_term_string"}}],"inLanguage":"bs-BA"},{"@type":"Organization","@id":"https:\/\/tuzlainfo.ba\/#organization","name":"TuzlaInfo.ba","url":"https:\/\/tuzlainfo.ba\/","logo":{"@type":"ImageObject","inLanguage":"bs-BA","@id":"https:\/\/tuzlainfo.ba\/#\/schema\/logo\/image\/","url":"https:\/\/tuzlainfo.ba\/wp-content\/uploads\/2021\/03\/logo-ver-3-1.png","contentUrl":"https:\/\/tuzlainfo.ba\/wp-content\/uploads\/2021\/03\/logo-ver-3-1.png","width":350,"height":95,"caption":"TuzlaInfo.ba"},"image":{"@id":"https:\/\/tuzlainfo.ba\/#\/schema\/logo\/image\/"},"sameAs":["https:\/\/www.facebook.com\/tuzlainfo.ba\/"]},{"@type":"Person","@id":"https:\/\/tuzlainfo.ba\/#\/schema\/person\/f434e20dc27ea133923aab08451b7f7f","name":"nedim","image":{"@type":"ImageObject","inLanguage":"bs-BA","@id":"https:\/\/tuzlainfo.ba\/#\/schema\/person\/image\/","url":"https:\/\/tuzlainfo.ba\/wp-content\/litespeed\/avatar\/aabad687af24844af817603ac1cbdc4f.jpg?ver=1777306975","contentUrl":"https:\/\/tuzlainfo.ba\/wp-content\/litespeed\/avatar\/aabad687af24844af817603ac1cbdc4f.jpg?ver=1777306975","caption":"nedim"},"description":"Tuzlainfo.ba pratite na dru\u0161tvenim mre\u017eama: Facebook, Instagram i Youtube. Svoje pri\u010de, upite i fotografije \u0161aljite na na\u0161u e-mail adresu."}]}},"_links":{"self":[{"href":"https:\/\/tuzlainfo.ba\/index.php\/wp-json\/wp\/v2\/posts\/152940"}],"collection":[{"href":"https:\/\/tuzlainfo.ba\/index.php\/wp-json\/wp\/v2\/posts"}],"about":[{"href":"https:\/\/tuzlainfo.ba\/index.php\/wp-json\/wp\/v2\/types\/post"}],"author":[{"embeddable":true,"href":"https:\/\/tuzlainfo.ba\/index.php\/wp-json\/wp\/v2\/users\/2"}],"replies":[{"embeddable":true,"href":"https:\/\/tuzlainfo.ba\/index.php\/wp-json\/wp\/v2\/comments?post=152940"}],"version-history":[{"count":0,"href":"https:\/\/tuzlainfo.ba\/index.php\/wp-json\/wp\/v2\/posts\/152940\/revisions"}],"wp:featuredmedia":[{"embeddable":true,"href":"https:\/\/tuzlainfo.ba\/index.php\/wp-json\/wp\/v2\/media\/152814"}],"wp:attachment":[{"href":"https:\/\/tuzlainfo.ba\/index.php\/wp-json\/wp\/v2\/media?parent=152940"}],"wp:term":[{"taxonomy":"category","embeddable":true,"href":"https:\/\/tuzlainfo.ba\/index.php\/wp-json\/wp\/v2\/categories?post=152940"},{"taxonomy":"post_tag","embeddable":true,"href":"https:\/\/tuzlainfo.ba\/index.php\/wp-json\/wp\/v2\/tags?post=152940"}],"curies":[{"name":"wp","href":"https:\/\/api.w.org\/{rel}","templated":true}]}}