{"id":152922,"date":"2021-11-01T16:20:48","date_gmt":"2021-11-01T15:20:48","guid":{"rendered":"https:\/\/tuzlainfo.ba\/?p=152922"},"modified":"2021-11-01T16:20:48","modified_gmt":"2021-11-01T15:20:48","slug":"njemacka-ce-odlikovati-negatora-genocida-u-srebrenici","status":"publish","type":"post","link":"https:\/\/tuzlainfo.ba\/index.php\/clanci\/sa-svih-strana\/item\/152922-njemacka-ce-odlikovati-negatora-genocida-u-srebrenici\/","title":{"rendered":"Njema\u010dka \u0107e odlikovati negatora genocida u Srebrenici"},"content":{"rendered":"<p>Iz njema\u010dko-bosanskohercegova\u010dke mre\u017ee Pangea ukazali su njema\u010dkom predsjedniku Frank-Walteru Steinmeiru za\u0161to je pogre\u0161na njegova namjera da odlikuje izraelskog histori\u010dara Gideona Greifa.<\/p>\n<p>To su u\u010dinili saop\u0107enjem nakon \u0161to su dobili, kako su naveli, desetine poruka ogor\u010denih sugra\u0111ana iz Njema\u010dke i susjednih dr\u017eava. Istakli su Steinmeieru, koji je zvani\u010dnik Socijaldemokratske partije (SPD), \u0161ta se de\u0161avalo tokom posljednjeg rata u Bosni i Hercegovini, posebno u Srebrenici.<\/p>\n<p>Osim toga, osvrnuli su se i na rad Nezavisne me\u0111unarodne komisije za istra\u017eivanje stradanja naroda u Srebrenici, koji je osnovala Republika Srpska. Upravo je Greif bio na \u010delu ove komisije \u010diji je rad sporan, prenosi Klix.<\/p>\n<p>U Pangei su naglasili da su citirali dijelove iz, kako su istakli, skandaloznog zavr\u0161nog izvje\u0161taja takozvane Nezavisne me\u0111unarodne komisije. Pozvali su se na izjavu zamjenika predsjednika Svjetskog jevrejskog kongresa Menahema Z. Rosensafta, za kojeg su podsjetili da je pro\u0161log ljeta o\u0161tro kritikovao komisiju na \u010dijem je \u010delu bio Greif.<\/p>\n<p>&nbsp;<\/p>\n<p>Pozvali su se i na presude Me\u0111unarodnog krivi\u010dnog suda za biv\u0161u Jugoslaviju (ICTY) i Me\u0111unarodnog suda pravde (ICJ). Napomenuli su i na, kako su ocijenili, \u0161iroj javnosti nepoznate presude njema\u010dkih sudova koji su, pored Srebrenice, krajem 90-ih i po\u010detkom 2000-ih utvrdili genocid i u drugim op\u0107inama u Bosni i Hercegovini u periodu od 1992. do 1995.<\/p>\n<p>Znatne dijelove ovih presuda potvrdio je i, kako su saop\u0107ili, Evropski sud za ljudska prava u Strazburu. Spomenuli su i konkretne sudske predmete poput &#8220;Jorgi\u0107&#8221;, &#8220;Novislav \u0110aji\u0107&#8221; i &#8220;Maksim Sokolovi\u0107&#8221;.<\/p>\n<p>Steinmeieru su preporu\u010dili i projekt oralne historije i intervjue onih koji su pre\u017eivjeli genocid u Srebrenici u Memorijalnom centru Srebrenica, kao i samu posjetu Memorijalnom centru kako bi, kako su naveli u Pangei, na mjestu doga\u0111aja intenzivno razmi\u0161ljao o tome \u0161ta bi odlikovanje negatora genocida zna\u010dilo za ljude koji su izgubili sve tokom jula 1995.<\/p>\n","protected":false},"excerpt":{"rendered":"<p>Iz njema\u010dko-bosanskohercegova\u010dke mre\u017ee Pangea ukazali su njema\u010dkom predsjedniku Frank-Walteru Steinmeiru za\u0161to je pogre\u0161na njegova namjera&hellip;<\/p>\n","protected":false},"author":4,"featured_media":152923,"comment_status":"open","ping_status":"closed","sticky":false,"template":"","format":"standard","meta":{"_acf_changed":false,"footnotes":""},"categories":[16],"tags":[1988,423,3188],"acf":[],"yoast_head":"<!-- This site is optimized with the Yoast SEO plugin v23.5 - https:\/\/yoast.com\/wordpress\/plugins\/seo\/ -->\n<title>Njema\u010dka \u0107e odlikovati negatora genocida u Srebrenici - TuzlaInfo.ba<\/title>\n<meta name=\"robots\" content=\"index, follow, max-snippet:-1, max-image-preview:large, max-video-preview:-1\" \/>\n<link rel=\"canonical\" href=\"https:\/\/tuzlainfo.ba\/index.php\/clanci\/sa-svih-strana\/item\/152922-njemacka-ce-odlikovati-negatora-genocida-u-srebrenici\/\" \/>\n<meta property=\"og:locale\" content=\"bs_BA\" \/>\n<meta property=\"og:type\" content=\"article\" \/>\n<meta property=\"og:title\" content=\"Njema\u010dka \u0107e odlikovati negatora genocida u Srebrenici - TuzlaInfo.ba\" \/>\n<meta property=\"og:description\" content=\"Iz njema\u010dko-bosanskohercegova\u010dke mre\u017ee Pangea ukazali su njema\u010dkom predsjedniku Frank-Walteru Steinmeiru za\u0161to je pogre\u0161na njegova namjera&hellip;\" \/>\n<meta property=\"og:url\" content=\"https:\/\/tuzlainfo.ba\/index.php\/clanci\/sa-svih-strana\/item\/152922-njemacka-ce-odlikovati-negatora-genocida-u-srebrenici\/\" \/>\n<meta property=\"og:site_name\" content=\"TuzlaInfo.ba\" \/>\n<meta property=\"article:publisher\" content=\"https:\/\/www.facebook.com\/tuzlainfo.ba\/\" \/>\n<meta property=\"article:published_time\" content=\"2021-11-01T15:20:48+00:00\" \/>\n<meta property=\"og:image\" content=\"https:\/\/tuzlainfo.ba\/wp-content\/uploads\/2021\/11\/inbound5996926394120247284.jpg\" \/>\n\t<meta property=\"og:image:width\" content=\"750\" \/>\n\t<meta property=\"og:image:height\" content=\"465\" \/>\n\t<meta property=\"og:image:type\" content=\"image\/jpeg\" \/>\n<meta name=\"author\" content=\"Tuzla Info\" \/>\n<meta name=\"twitter:card\" content=\"summary_large_image\" \/>\n<meta name=\"twitter:label1\" content=\"Written by\" \/>\n\t<meta name=\"twitter:data1\" content=\"Tuzla Info\" \/>\n\t<meta name=\"twitter:label2\" content=\"Est. reading time\" \/>\n\t<meta name=\"twitter:data2\" content=\"2 minute\" \/>\n<script type=\"application\/ld+json\" class=\"yoast-schema-graph\">{\"@context\":\"https:\/\/schema.org\",\"@graph\":[{\"@type\":\"Article\",\"@id\":\"https:\/\/tuzlainfo.ba\/index.php\/clanci\/sa-svih-strana\/item\/152922-njemacka-ce-odlikovati-negatora-genocida-u-srebrenici\/#article\",\"isPartOf\":{\"@id\":\"https:\/\/tuzlainfo.ba\/index.php\/clanci\/sa-svih-strana\/item\/152922-njemacka-ce-odlikovati-negatora-genocida-u-srebrenici\/\"},\"author\":{\"name\":\"Tuzla Info\",\"@id\":\"https:\/\/tuzlainfo.ba\/#\/schema\/person\/46cad4c57790cbc50781edd14870825a\"},\"headline\":\"Njema\u010dka \u0107e odlikovati negatora genocida u Srebrenici\",\"datePublished\":\"2021-11-01T15:20:48+00:00\",\"dateModified\":\"2021-11-01T15:20:48+00:00\",\"mainEntityOfPage\":{\"@id\":\"https:\/\/tuzlainfo.ba\/index.php\/clanci\/sa-svih-strana\/item\/152922-njemacka-ce-odlikovati-negatora-genocida-u-srebrenici\/\"},\"wordCount\":330,\"commentCount\":0,\"publisher\":{\"@id\":\"https:\/\/tuzlainfo.ba\/#organization\"},\"image\":{\"@id\":\"https:\/\/tuzlainfo.ba\/index.php\/clanci\/sa-svih-strana\/item\/152922-njemacka-ce-odlikovati-negatora-genocida-u-srebrenici\/#primaryimage\"},\"thumbnailUrl\":\"https:\/\/tuzlainfo.ba\/wp-content\/uploads\/2021\/11\/inbound5996926394120247284.jpg\",\"keywords\":[\"negiranje genocida\",\"njema\u010dka\",\"odlikovanje\"],\"articleSection\":[\"Sa svih strana\"],\"inLanguage\":\"bs-BA\"},{\"@type\":\"WebPage\",\"@id\":\"https:\/\/tuzlainfo.ba\/index.php\/clanci\/sa-svih-strana\/item\/152922-njemacka-ce-odlikovati-negatora-genocida-u-srebrenici\/\",\"url\":\"https:\/\/tuzlainfo.ba\/index.php\/clanci\/sa-svih-strana\/item\/152922-njemacka-ce-odlikovati-negatora-genocida-u-srebrenici\/\",\"name\":\"Njema\u010dka \u0107e odlikovati negatora genocida u Srebrenici - TuzlaInfo.ba\",\"isPartOf\":{\"@id\":\"https:\/\/tuzlainfo.ba\/#website\"},\"primaryImageOfPage\":{\"@id\":\"https:\/\/tuzlainfo.ba\/index.php\/clanci\/sa-svih-strana\/item\/152922-njemacka-ce-odlikovati-negatora-genocida-u-srebrenici\/#primaryimage\"},\"image\":{\"@id\":\"https:\/\/tuzlainfo.ba\/index.php\/clanci\/sa-svih-strana\/item\/152922-njemacka-ce-odlikovati-negatora-genocida-u-srebrenici\/#primaryimage\"},\"thumbnailUrl\":\"https:\/\/tuzlainfo.ba\/wp-content\/uploads\/2021\/11\/inbound5996926394120247284.jpg\",\"datePublished\":\"2021-11-01T15:20:48+00:00\",\"dateModified\":\"2021-11-01T15:20:48+00:00\",\"breadcrumb\":{\"@id\":\"https:\/\/tuzlainfo.ba\/index.php\/clanci\/sa-svih-strana\/item\/152922-njemacka-ce-odlikovati-negatora-genocida-u-srebrenici\/#breadcrumb\"},\"inLanguage\":\"bs-BA\",\"potentialAction\":[{\"@type\":\"ReadAction\",\"target\":[\"https:\/\/tuzlainfo.ba\/index.php\/clanci\/sa-svih-strana\/item\/152922-njemacka-ce-odlikovati-negatora-genocida-u-srebrenici\/\"]}]},{\"@type\":\"ImageObject\",\"inLanguage\":\"bs-BA\",\"@id\":\"https:\/\/tuzlainfo.ba\/index.php\/clanci\/sa-svih-strana\/item\/152922-njemacka-ce-odlikovati-negatora-genocida-u-srebrenici\/#primaryimage\",\"url\":\"https:\/\/tuzlainfo.ba\/wp-content\/uploads\/2021\/11\/inbound5996926394120247284.jpg\",\"contentUrl\":\"https:\/\/tuzlainfo.ba\/wp-content\/uploads\/2021\/11\/inbound5996926394120247284.jpg\",\"width\":750,\"height\":465},{\"@type\":\"BreadcrumbList\",\"@id\":\"https:\/\/tuzlainfo.ba\/index.php\/clanci\/sa-svih-strana\/item\/152922-njemacka-ce-odlikovati-negatora-genocida-u-srebrenici\/#breadcrumb\",\"itemListElement\":[{\"@type\":\"ListItem\",\"position\":1,\"name\":\"Home\",\"item\":\"https:\/\/tuzlainfo.ba\/\"},{\"@type\":\"ListItem\",\"position\":2,\"name\":\"Njema\u010dka \u0107e odlikovati negatora genocida u Srebrenici\"}]},{\"@type\":\"WebSite\",\"@id\":\"https:\/\/tuzlainfo.ba\/#website\",\"url\":\"https:\/\/tuzlainfo.ba\/\",\"name\":\"TuzlaInfo.ba\",\"description\":\"Tuzla info, gradski informator - Tuzla na dlanu\",\"publisher\":{\"@id\":\"https:\/\/tuzlainfo.ba\/#organization\"},\"potentialAction\":[{\"@type\":\"SearchAction\",\"target\":{\"@type\":\"EntryPoint\",\"urlTemplate\":\"https:\/\/tuzlainfo.ba\/?s={search_term_string}\"},\"query-input\":{\"@type\":\"PropertyValueSpecification\",\"valueRequired\":true,\"valueName\":\"search_term_string\"}}],\"inLanguage\":\"bs-BA\"},{\"@type\":\"Organization\",\"@id\":\"https:\/\/tuzlainfo.ba\/#organization\",\"name\":\"TuzlaInfo.ba\",\"url\":\"https:\/\/tuzlainfo.ba\/\",\"logo\":{\"@type\":\"ImageObject\",\"inLanguage\":\"bs-BA\",\"@id\":\"https:\/\/tuzlainfo.ba\/#\/schema\/logo\/image\/\",\"url\":\"https:\/\/tuzlainfo.ba\/wp-content\/uploads\/2021\/03\/logo-ver-3-1.png\",\"contentUrl\":\"https:\/\/tuzlainfo.ba\/wp-content\/uploads\/2021\/03\/logo-ver-3-1.png\",\"width\":350,\"height\":95,\"caption\":\"TuzlaInfo.ba\"},\"image\":{\"@id\":\"https:\/\/tuzlainfo.ba\/#\/schema\/logo\/image\/\"},\"sameAs\":[\"https:\/\/www.facebook.com\/tuzlainfo.ba\/\"]},{\"@type\":\"Person\",\"@id\":\"https:\/\/tuzlainfo.ba\/#\/schema\/person\/46cad4c57790cbc50781edd14870825a\",\"name\":\"Tuzla Info\",\"image\":{\"@type\":\"ImageObject\",\"inLanguage\":\"bs-BA\",\"@id\":\"https:\/\/tuzlainfo.ba\/#\/schema\/person\/image\/\",\"url\":\"https:\/\/tuzlainfo.ba\/wp-content\/litespeed\/avatar\/b6c453a6c38e3654f2e4416c643fc25c.jpg?ver=1777656712\",\"contentUrl\":\"https:\/\/tuzlainfo.ba\/wp-content\/litespeed\/avatar\/b6c453a6c38e3654f2e4416c643fc25c.jpg?ver=1777656712\",\"caption\":\"Tuzla Info\"}}]}<\/script>\n<!-- \/ Yoast SEO plugin. -->","yoast_head_json":{"title":"Njema\u010dka \u0107e odlikovati negatora genocida u Srebrenici - TuzlaInfo.ba","robots":{"index":"index","follow":"follow","max-snippet":"max-snippet:-1","max-image-preview":"max-image-preview:large","max-video-preview":"max-video-preview:-1"},"canonical":"https:\/\/tuzlainfo.ba\/index.php\/clanci\/sa-svih-strana\/item\/152922-njemacka-ce-odlikovati-negatora-genocida-u-srebrenici\/","og_locale":"bs_BA","og_type":"article","og_title":"Njema\u010dka \u0107e odlikovati negatora genocida u Srebrenici - TuzlaInfo.ba","og_description":"Iz njema\u010dko-bosanskohercegova\u010dke mre\u017ee Pangea ukazali su njema\u010dkom predsjedniku Frank-Walteru Steinmeiru za\u0161to je pogre\u0161na njegova namjera&hellip;","og_url":"https:\/\/tuzlainfo.ba\/index.php\/clanci\/sa-svih-strana\/item\/152922-njemacka-ce-odlikovati-negatora-genocida-u-srebrenici\/","og_site_name":"TuzlaInfo.ba","article_publisher":"https:\/\/www.facebook.com\/tuzlainfo.ba\/","article_published_time":"2021-11-01T15:20:48+00:00","og_image":[{"width":750,"height":465,"url":"https:\/\/tuzlainfo.ba\/wp-content\/uploads\/2021\/11\/inbound5996926394120247284.jpg","type":"image\/jpeg"}],"author":"Tuzla Info","twitter_card":"summary_large_image","twitter_misc":{"Written by":"Tuzla Info","Est. reading time":"2 minute"},"schema":{"@context":"https:\/\/schema.org","@graph":[{"@type":"Article","@id":"https:\/\/tuzlainfo.ba\/index.php\/clanci\/sa-svih-strana\/item\/152922-njemacka-ce-odlikovati-negatora-genocida-u-srebrenici\/#article","isPartOf":{"@id":"https:\/\/tuzlainfo.ba\/index.php\/clanci\/sa-svih-strana\/item\/152922-njemacka-ce-odlikovati-negatora-genocida-u-srebrenici\/"},"author":{"name":"Tuzla Info","@id":"https:\/\/tuzlainfo.ba\/#\/schema\/person\/46cad4c57790cbc50781edd14870825a"},"headline":"Njema\u010dka \u0107e odlikovati negatora genocida u Srebrenici","datePublished":"2021-11-01T15:20:48+00:00","dateModified":"2021-11-01T15:20:48+00:00","mainEntityOfPage":{"@id":"https:\/\/tuzlainfo.ba\/index.php\/clanci\/sa-svih-strana\/item\/152922-njemacka-ce-odlikovati-negatora-genocida-u-srebrenici\/"},"wordCount":330,"commentCount":0,"publisher":{"@id":"https:\/\/tuzlainfo.ba\/#organization"},"image":{"@id":"https:\/\/tuzlainfo.ba\/index.php\/clanci\/sa-svih-strana\/item\/152922-njemacka-ce-odlikovati-negatora-genocida-u-srebrenici\/#primaryimage"},"thumbnailUrl":"https:\/\/tuzlainfo.ba\/wp-content\/uploads\/2021\/11\/inbound5996926394120247284.jpg","keywords":["negiranje genocida","njema\u010dka","odlikovanje"],"articleSection":["Sa svih strana"],"inLanguage":"bs-BA"},{"@type":"WebPage","@id":"https:\/\/tuzlainfo.ba\/index.php\/clanci\/sa-svih-strana\/item\/152922-njemacka-ce-odlikovati-negatora-genocida-u-srebrenici\/","url":"https:\/\/tuzlainfo.ba\/index.php\/clanci\/sa-svih-strana\/item\/152922-njemacka-ce-odlikovati-negatora-genocida-u-srebrenici\/","name":"Njema\u010dka \u0107e odlikovati negatora genocida u Srebrenici - TuzlaInfo.ba","isPartOf":{"@id":"https:\/\/tuzlainfo.ba\/#website"},"primaryImageOfPage":{"@id":"https:\/\/tuzlainfo.ba\/index.php\/clanci\/sa-svih-strana\/item\/152922-njemacka-ce-odlikovati-negatora-genocida-u-srebrenici\/#primaryimage"},"image":{"@id":"https:\/\/tuzlainfo.ba\/index.php\/clanci\/sa-svih-strana\/item\/152922-njemacka-ce-odlikovati-negatora-genocida-u-srebrenici\/#primaryimage"},"thumbnailUrl":"https:\/\/tuzlainfo.ba\/wp-content\/uploads\/2021\/11\/inbound5996926394120247284.jpg","datePublished":"2021-11-01T15:20:48+00:00","dateModified":"2021-11-01T15:20:48+00:00","breadcrumb":{"@id":"https:\/\/tuzlainfo.ba\/index.php\/clanci\/sa-svih-strana\/item\/152922-njemacka-ce-odlikovati-negatora-genocida-u-srebrenici\/#breadcrumb"},"inLanguage":"bs-BA","potentialAction":[{"@type":"ReadAction","target":["https:\/\/tuzlainfo.ba\/index.php\/clanci\/sa-svih-strana\/item\/152922-njemacka-ce-odlikovati-negatora-genocida-u-srebrenici\/"]}]},{"@type":"ImageObject","inLanguage":"bs-BA","@id":"https:\/\/tuzlainfo.ba\/index.php\/clanci\/sa-svih-strana\/item\/152922-njemacka-ce-odlikovati-negatora-genocida-u-srebrenici\/#primaryimage","url":"https:\/\/tuzlainfo.ba\/wp-content\/uploads\/2021\/11\/inbound5996926394120247284.jpg","contentUrl":"https:\/\/tuzlainfo.ba\/wp-content\/uploads\/2021\/11\/inbound5996926394120247284.jpg","width":750,"height":465},{"@type":"BreadcrumbList","@id":"https:\/\/tuzlainfo.ba\/index.php\/clanci\/sa-svih-strana\/item\/152922-njemacka-ce-odlikovati-negatora-genocida-u-srebrenici\/#breadcrumb","itemListElement":[{"@type":"ListItem","position":1,"name":"Home","item":"https:\/\/tuzlainfo.ba\/"},{"@type":"ListItem","position":2,"name":"Njema\u010dka \u0107e odlikovati negatora genocida u Srebrenici"}]},{"@type":"WebSite","@id":"https:\/\/tuzlainfo.ba\/#website","url":"https:\/\/tuzlainfo.ba\/","name":"TuzlaInfo.ba","description":"Tuzla info, gradski informator - Tuzla na dlanu","publisher":{"@id":"https:\/\/tuzlainfo.ba\/#organization"},"potentialAction":[{"@type":"SearchAction","target":{"@type":"EntryPoint","urlTemplate":"https:\/\/tuzlainfo.ba\/?s={search_term_string}"},"query-input":{"@type":"PropertyValueSpecification","valueRequired":true,"valueName":"search_term_string"}}],"inLanguage":"bs-BA"},{"@type":"Organization","@id":"https:\/\/tuzlainfo.ba\/#organization","name":"TuzlaInfo.ba","url":"https:\/\/tuzlainfo.ba\/","logo":{"@type":"ImageObject","inLanguage":"bs-BA","@id":"https:\/\/tuzlainfo.ba\/#\/schema\/logo\/image\/","url":"https:\/\/tuzlainfo.ba\/wp-content\/uploads\/2021\/03\/logo-ver-3-1.png","contentUrl":"https:\/\/tuzlainfo.ba\/wp-content\/uploads\/2021\/03\/logo-ver-3-1.png","width":350,"height":95,"caption":"TuzlaInfo.ba"},"image":{"@id":"https:\/\/tuzlainfo.ba\/#\/schema\/logo\/image\/"},"sameAs":["https:\/\/www.facebook.com\/tuzlainfo.ba\/"]},{"@type":"Person","@id":"https:\/\/tuzlainfo.ba\/#\/schema\/person\/46cad4c57790cbc50781edd14870825a","name":"Tuzla Info","image":{"@type":"ImageObject","inLanguage":"bs-BA","@id":"https:\/\/tuzlainfo.ba\/#\/schema\/person\/image\/","url":"https:\/\/tuzlainfo.ba\/wp-content\/litespeed\/avatar\/b6c453a6c38e3654f2e4416c643fc25c.jpg?ver=1777656712","contentUrl":"https:\/\/tuzlainfo.ba\/wp-content\/litespeed\/avatar\/b6c453a6c38e3654f2e4416c643fc25c.jpg?ver=1777656712","caption":"Tuzla Info"}}]}},"_links":{"self":[{"href":"https:\/\/tuzlainfo.ba\/index.php\/wp-json\/wp\/v2\/posts\/152922"}],"collection":[{"href":"https:\/\/tuzlainfo.ba\/index.php\/wp-json\/wp\/v2\/posts"}],"about":[{"href":"https:\/\/tuzlainfo.ba\/index.php\/wp-json\/wp\/v2\/types\/post"}],"author":[{"embeddable":true,"href":"https:\/\/tuzlainfo.ba\/index.php\/wp-json\/wp\/v2\/users\/4"}],"replies":[{"embeddable":true,"href":"https:\/\/tuzlainfo.ba\/index.php\/wp-json\/wp\/v2\/comments?post=152922"}],"version-history":[{"count":0,"href":"https:\/\/tuzlainfo.ba\/index.php\/wp-json\/wp\/v2\/posts\/152922\/revisions"}],"wp:featuredmedia":[{"embeddable":true,"href":"https:\/\/tuzlainfo.ba\/index.php\/wp-json\/wp\/v2\/media\/152923"}],"wp:attachment":[{"href":"https:\/\/tuzlainfo.ba\/index.php\/wp-json\/wp\/v2\/media?parent=152922"}],"wp:term":[{"taxonomy":"category","embeddable":true,"href":"https:\/\/tuzlainfo.ba\/index.php\/wp-json\/wp\/v2\/categories?post=152922"},{"taxonomy":"post_tag","embeddable":true,"href":"https:\/\/tuzlainfo.ba\/index.php\/wp-json\/wp\/v2\/tags?post=152922"}],"curies":[{"name":"wp","href":"https:\/\/api.w.org\/{rel}","templated":true}]}}