{"id":152900,"date":"2021-11-01T18:00:56","date_gmt":"2021-11-01T17:00:56","guid":{"rendered":"https:\/\/tuzlainfo.ba\/?p=152900"},"modified":"2021-11-01T18:46:03","modified_gmt":"2021-11-01T17:46:03","slug":"ponovo-pogorsana-epidemioloska-situacija-u-tk","status":"publish","type":"post","link":"https:\/\/tuzlainfo.ba\/index.php\/novosti\/item\/152900-ponovo-pogorsana-epidemioloska-situacija-u-tk\/","title":{"rendered":"Ponovo pogor\u0161ana epidemiolo\u0161ka situacija u TK"},"content":{"rendered":"<p>Epidemiolo\u0161ka situacija na podru\u010dju Tuzlanskog kantona i dalje se pogor\u0161ava unato\u010d uvedenim restriktivnijim mjerama nego u ostalom dijelu FBiH i svakodnevnim kontrolama policije i inspekcija, saop\u0161tili su na dana\u0161njem sastanku predstavnici institucija zadu\u017eenih za provedbu i kontrolu mjera borbe protiv COVID-19.<\/p>\n<p>U proteklih sedam dana na podru\u010dju Tuzlanskog kantona zabilje\u017eena su 34 smrtna slu\u010daja, kod 1729 osoba je trenutno potvr\u0111en COVID-19, dok je 155 osoba hospitalizirano, od \u010dega je njih 5 priklju\u010deno na mehani\u010dku ventilaciju na Univerzitetsko-klini\u010dkom centru Tuzla, rezime je izvje\u0161taja koji je ministar zdravstva TK Bo\u017eo Juri\u0107 prezentovao na sastanku Koordinacionog tijela Vlade Tuzlanskog kantona za pra\u0107enje stanja i mjera koje su poduzete protiv pandemije COVID-19.<\/p>\n<p>Ono \u0161to posebno zabrinjava je slab odziv gra\u0111ana na vakcinaciju a veliki priliv ne samo COVID-pacijenata na UKC Tuzla i zdravstvene ustanove na primarnom nivou, nagla\u0161eno je ovom prilikom, iscrpljuje zdravstvene radnike i pogor\u0161ava op\u0107u sliku u zdravstvu.<\/p>\n<p>&nbsp;<\/p>\n<p>&nbsp;<\/p>\n","protected":false},"excerpt":{"rendered":"<p>Epidemiolo\u0161ka situacija na podru\u010dju Tuzlanskog kantona i dalje se pogor\u0161ava unato\u010d uvedenim restriktivnijim mjerama nego&hellip;<\/p>\n","protected":false},"author":4,"featured_media":146389,"comment_status":"open","ping_status":"closed","sticky":false,"template":"","format":"standard","meta":{"_acf_changed":false,"footnotes":""},"categories":[304,12,306],"tags":[2629,360],"acf":[],"yoast_head":"<!-- This site is optimized with the Yoast SEO plugin v23.5 - https:\/\/yoast.com\/wordpress\/plugins\/seo\/ -->\n<title>Ponovo pogor\u0161ana epidemiolo\u0161ka situacija u TK - TuzlaInfo.ba<\/title>\n<meta name=\"robots\" content=\"index, follow, max-snippet:-1, max-image-preview:large, max-video-preview:-1\" \/>\n<link rel=\"canonical\" href=\"https:\/\/tuzlainfo.ba\/index.php\/novosti\/item\/152900-ponovo-pogorsana-epidemioloska-situacija-u-tk\/\" \/>\n<meta property=\"og:locale\" content=\"bs_BA\" \/>\n<meta property=\"og:type\" content=\"article\" \/>\n<meta property=\"og:title\" content=\"Ponovo pogor\u0161ana epidemiolo\u0161ka situacija u TK - TuzlaInfo.ba\" \/>\n<meta property=\"og:description\" content=\"Epidemiolo\u0161ka situacija na podru\u010dju Tuzlanskog kantona i dalje se pogor\u0161ava unato\u010d uvedenim restriktivnijim mjerama nego&hellip;\" \/>\n<meta property=\"og:url\" content=\"https:\/\/tuzlainfo.ba\/index.php\/novosti\/item\/152900-ponovo-pogorsana-epidemioloska-situacija-u-tk\/\" \/>\n<meta property=\"og:site_name\" content=\"TuzlaInfo.ba\" \/>\n<meta property=\"article:publisher\" content=\"https:\/\/www.facebook.com\/tuzlainfo.ba\/\" \/>\n<meta property=\"article:published_time\" content=\"2021-11-01T17:00:56+00:00\" \/>\n<meta property=\"article:modified_time\" content=\"2021-11-01T17:46:03+00:00\" \/>\n<meta property=\"og:image\" content=\"https:\/\/tuzlainfo.ba\/wp-content\/uploads\/2021\/08\/3108_maske.jpeg\" \/>\n\t<meta property=\"og:image:width\" content=\"940\" \/>\n\t<meta property=\"og:image:height\" content=\"529\" \/>\n\t<meta property=\"og:image:type\" content=\"image\/jpeg\" \/>\n<meta name=\"author\" content=\"Tuzla Info\" \/>\n<meta name=\"twitter:card\" content=\"summary_large_image\" \/>\n<meta name=\"twitter:label1\" content=\"Written by\" \/>\n\t<meta name=\"twitter:data1\" content=\"Tuzla Info\" \/>\n\t<meta name=\"twitter:label2\" content=\"Est. reading time\" \/>\n\t<meta name=\"twitter:data2\" content=\"1 minuta\" \/>\n<script type=\"application\/ld+json\" class=\"yoast-schema-graph\">{\"@context\":\"https:\/\/schema.org\",\"@graph\":[{\"@type\":\"Article\",\"@id\":\"https:\/\/tuzlainfo.ba\/index.php\/novosti\/item\/152900-ponovo-pogorsana-epidemioloska-situacija-u-tk\/#article\",\"isPartOf\":{\"@id\":\"https:\/\/tuzlainfo.ba\/index.php\/novosti\/item\/152900-ponovo-pogorsana-epidemioloska-situacija-u-tk\/\"},\"author\":{\"name\":\"Tuzla Info\",\"@id\":\"https:\/\/tuzlainfo.ba\/#\/schema\/person\/46cad4c57790cbc50781edd14870825a\"},\"headline\":\"Ponovo pogor\u0161ana epidemiolo\u0161ka situacija u TK\",\"datePublished\":\"2021-11-01T17:00:56+00:00\",\"dateModified\":\"2021-11-01T17:46:03+00:00\",\"mainEntityOfPage\":{\"@id\":\"https:\/\/tuzlainfo.ba\/index.php\/novosti\/item\/152900-ponovo-pogorsana-epidemioloska-situacija-u-tk\/\"},\"wordCount\":172,\"commentCount\":0,\"publisher\":{\"@id\":\"https:\/\/tuzlainfo.ba\/#organization\"},\"image\":{\"@id\":\"https:\/\/tuzlainfo.ba\/index.php\/novosti\/item\/152900-ponovo-pogorsana-epidemioloska-situacija-u-tk\/#primaryimage\"},\"thumbnailUrl\":\"https:\/\/tuzlainfo.ba\/wp-content\/uploads\/2021\/08\/3108_maske.jpeg\",\"keywords\":[\"epidemiolo\u0161ka situacija\",\"tuzlanski kanton\"],\"articleSection\":[\"Istaknuto\",\"Novosti\",\"Preporu\u010dujemo\"],\"inLanguage\":\"bs-BA\"},{\"@type\":\"WebPage\",\"@id\":\"https:\/\/tuzlainfo.ba\/index.php\/novosti\/item\/152900-ponovo-pogorsana-epidemioloska-situacija-u-tk\/\",\"url\":\"https:\/\/tuzlainfo.ba\/index.php\/novosti\/item\/152900-ponovo-pogorsana-epidemioloska-situacija-u-tk\/\",\"name\":\"Ponovo pogor\u0161ana epidemiolo\u0161ka situacija u TK - TuzlaInfo.ba\",\"isPartOf\":{\"@id\":\"https:\/\/tuzlainfo.ba\/#website\"},\"primaryImageOfPage\":{\"@id\":\"https:\/\/tuzlainfo.ba\/index.php\/novosti\/item\/152900-ponovo-pogorsana-epidemioloska-situacija-u-tk\/#primaryimage\"},\"image\":{\"@id\":\"https:\/\/tuzlainfo.ba\/index.php\/novosti\/item\/152900-ponovo-pogorsana-epidemioloska-situacija-u-tk\/#primaryimage\"},\"thumbnailUrl\":\"https:\/\/tuzlainfo.ba\/wp-content\/uploads\/2021\/08\/3108_maske.jpeg\",\"datePublished\":\"2021-11-01T17:00:56+00:00\",\"dateModified\":\"2021-11-01T17:46:03+00:00\",\"breadcrumb\":{\"@id\":\"https:\/\/tuzlainfo.ba\/index.php\/novosti\/item\/152900-ponovo-pogorsana-epidemioloska-situacija-u-tk\/#breadcrumb\"},\"inLanguage\":\"bs-BA\",\"potentialAction\":[{\"@type\":\"ReadAction\",\"target\":[\"https:\/\/tuzlainfo.ba\/index.php\/novosti\/item\/152900-ponovo-pogorsana-epidemioloska-situacija-u-tk\/\"]}]},{\"@type\":\"ImageObject\",\"inLanguage\":\"bs-BA\",\"@id\":\"https:\/\/tuzlainfo.ba\/index.php\/novosti\/item\/152900-ponovo-pogorsana-epidemioloska-situacija-u-tk\/#primaryimage\",\"url\":\"https:\/\/tuzlainfo.ba\/wp-content\/uploads\/2021\/08\/3108_maske.jpeg\",\"contentUrl\":\"https:\/\/tuzlainfo.ba\/wp-content\/uploads\/2021\/08\/3108_maske.jpeg\",\"width\":940,\"height\":529,\"caption\":\"Foto: N1\"},{\"@type\":\"BreadcrumbList\",\"@id\":\"https:\/\/tuzlainfo.ba\/index.php\/novosti\/item\/152900-ponovo-pogorsana-epidemioloska-situacija-u-tk\/#breadcrumb\",\"itemListElement\":[{\"@type\":\"ListItem\",\"position\":1,\"name\":\"Home\",\"item\":\"https:\/\/tuzlainfo.ba\/\"},{\"@type\":\"ListItem\",\"position\":2,\"name\":\"Ponovo pogor\u0161ana epidemiolo\u0161ka situacija u TK\"}]},{\"@type\":\"WebSite\",\"@id\":\"https:\/\/tuzlainfo.ba\/#website\",\"url\":\"https:\/\/tuzlainfo.ba\/\",\"name\":\"TuzlaInfo.ba\",\"description\":\"Tuzla info, gradski informator - Tuzla na dlanu\",\"publisher\":{\"@id\":\"https:\/\/tuzlainfo.ba\/#organization\"},\"potentialAction\":[{\"@type\":\"SearchAction\",\"target\":{\"@type\":\"EntryPoint\",\"urlTemplate\":\"https:\/\/tuzlainfo.ba\/?s={search_term_string}\"},\"query-input\":{\"@type\":\"PropertyValueSpecification\",\"valueRequired\":true,\"valueName\":\"search_term_string\"}}],\"inLanguage\":\"bs-BA\"},{\"@type\":\"Organization\",\"@id\":\"https:\/\/tuzlainfo.ba\/#organization\",\"name\":\"TuzlaInfo.ba\",\"url\":\"https:\/\/tuzlainfo.ba\/\",\"logo\":{\"@type\":\"ImageObject\",\"inLanguage\":\"bs-BA\",\"@id\":\"https:\/\/tuzlainfo.ba\/#\/schema\/logo\/image\/\",\"url\":\"https:\/\/tuzlainfo.ba\/wp-content\/uploads\/2021\/03\/logo-ver-3-1.png\",\"contentUrl\":\"https:\/\/tuzlainfo.ba\/wp-content\/uploads\/2021\/03\/logo-ver-3-1.png\",\"width\":350,\"height\":95,\"caption\":\"TuzlaInfo.ba\"},\"image\":{\"@id\":\"https:\/\/tuzlainfo.ba\/#\/schema\/logo\/image\/\"},\"sameAs\":[\"https:\/\/www.facebook.com\/tuzlainfo.ba\/\"]},{\"@type\":\"Person\",\"@id\":\"https:\/\/tuzlainfo.ba\/#\/schema\/person\/46cad4c57790cbc50781edd14870825a\",\"name\":\"Tuzla Info\",\"image\":{\"@type\":\"ImageObject\",\"inLanguage\":\"bs-BA\",\"@id\":\"https:\/\/tuzlainfo.ba\/#\/schema\/person\/image\/\",\"url\":\"https:\/\/tuzlainfo.ba\/wp-content\/litespeed\/avatar\/b6c453a6c38e3654f2e4416c643fc25c.jpg?ver=1777051911\",\"contentUrl\":\"https:\/\/tuzlainfo.ba\/wp-content\/litespeed\/avatar\/b6c453a6c38e3654f2e4416c643fc25c.jpg?ver=1777051911\",\"caption\":\"Tuzla Info\"}}]}<\/script>\n<!-- \/ Yoast SEO plugin. -->","yoast_head_json":{"title":"Ponovo pogor\u0161ana epidemiolo\u0161ka situacija u TK - TuzlaInfo.ba","robots":{"index":"index","follow":"follow","max-snippet":"max-snippet:-1","max-image-preview":"max-image-preview:large","max-video-preview":"max-video-preview:-1"},"canonical":"https:\/\/tuzlainfo.ba\/index.php\/novosti\/item\/152900-ponovo-pogorsana-epidemioloska-situacija-u-tk\/","og_locale":"bs_BA","og_type":"article","og_title":"Ponovo pogor\u0161ana epidemiolo\u0161ka situacija u TK - TuzlaInfo.ba","og_description":"Epidemiolo\u0161ka situacija na podru\u010dju Tuzlanskog kantona i dalje se pogor\u0161ava unato\u010d uvedenim restriktivnijim mjerama nego&hellip;","og_url":"https:\/\/tuzlainfo.ba\/index.php\/novosti\/item\/152900-ponovo-pogorsana-epidemioloska-situacija-u-tk\/","og_site_name":"TuzlaInfo.ba","article_publisher":"https:\/\/www.facebook.com\/tuzlainfo.ba\/","article_published_time":"2021-11-01T17:00:56+00:00","article_modified_time":"2021-11-01T17:46:03+00:00","og_image":[{"width":940,"height":529,"url":"https:\/\/tuzlainfo.ba\/wp-content\/uploads\/2021\/08\/3108_maske.jpeg","type":"image\/jpeg"}],"author":"Tuzla Info","twitter_card":"summary_large_image","twitter_misc":{"Written by":"Tuzla Info","Est. reading time":"1 minuta"},"schema":{"@context":"https:\/\/schema.org","@graph":[{"@type":"Article","@id":"https:\/\/tuzlainfo.ba\/index.php\/novosti\/item\/152900-ponovo-pogorsana-epidemioloska-situacija-u-tk\/#article","isPartOf":{"@id":"https:\/\/tuzlainfo.ba\/index.php\/novosti\/item\/152900-ponovo-pogorsana-epidemioloska-situacija-u-tk\/"},"author":{"name":"Tuzla Info","@id":"https:\/\/tuzlainfo.ba\/#\/schema\/person\/46cad4c57790cbc50781edd14870825a"},"headline":"Ponovo pogor\u0161ana epidemiolo\u0161ka situacija u TK","datePublished":"2021-11-01T17:00:56+00:00","dateModified":"2021-11-01T17:46:03+00:00","mainEntityOfPage":{"@id":"https:\/\/tuzlainfo.ba\/index.php\/novosti\/item\/152900-ponovo-pogorsana-epidemioloska-situacija-u-tk\/"},"wordCount":172,"commentCount":0,"publisher":{"@id":"https:\/\/tuzlainfo.ba\/#organization"},"image":{"@id":"https:\/\/tuzlainfo.ba\/index.php\/novosti\/item\/152900-ponovo-pogorsana-epidemioloska-situacija-u-tk\/#primaryimage"},"thumbnailUrl":"https:\/\/tuzlainfo.ba\/wp-content\/uploads\/2021\/08\/3108_maske.jpeg","keywords":["epidemiolo\u0161ka situacija","tuzlanski kanton"],"articleSection":["Istaknuto","Novosti","Preporu\u010dujemo"],"inLanguage":"bs-BA"},{"@type":"WebPage","@id":"https:\/\/tuzlainfo.ba\/index.php\/novosti\/item\/152900-ponovo-pogorsana-epidemioloska-situacija-u-tk\/","url":"https:\/\/tuzlainfo.ba\/index.php\/novosti\/item\/152900-ponovo-pogorsana-epidemioloska-situacija-u-tk\/","name":"Ponovo pogor\u0161ana epidemiolo\u0161ka situacija u TK - TuzlaInfo.ba","isPartOf":{"@id":"https:\/\/tuzlainfo.ba\/#website"},"primaryImageOfPage":{"@id":"https:\/\/tuzlainfo.ba\/index.php\/novosti\/item\/152900-ponovo-pogorsana-epidemioloska-situacija-u-tk\/#primaryimage"},"image":{"@id":"https:\/\/tuzlainfo.ba\/index.php\/novosti\/item\/152900-ponovo-pogorsana-epidemioloska-situacija-u-tk\/#primaryimage"},"thumbnailUrl":"https:\/\/tuzlainfo.ba\/wp-content\/uploads\/2021\/08\/3108_maske.jpeg","datePublished":"2021-11-01T17:00:56+00:00","dateModified":"2021-11-01T17:46:03+00:00","breadcrumb":{"@id":"https:\/\/tuzlainfo.ba\/index.php\/novosti\/item\/152900-ponovo-pogorsana-epidemioloska-situacija-u-tk\/#breadcrumb"},"inLanguage":"bs-BA","potentialAction":[{"@type":"ReadAction","target":["https:\/\/tuzlainfo.ba\/index.php\/novosti\/item\/152900-ponovo-pogorsana-epidemioloska-situacija-u-tk\/"]}]},{"@type":"ImageObject","inLanguage":"bs-BA","@id":"https:\/\/tuzlainfo.ba\/index.php\/novosti\/item\/152900-ponovo-pogorsana-epidemioloska-situacija-u-tk\/#primaryimage","url":"https:\/\/tuzlainfo.ba\/wp-content\/uploads\/2021\/08\/3108_maske.jpeg","contentUrl":"https:\/\/tuzlainfo.ba\/wp-content\/uploads\/2021\/08\/3108_maske.jpeg","width":940,"height":529,"caption":"Foto: N1"},{"@type":"BreadcrumbList","@id":"https:\/\/tuzlainfo.ba\/index.php\/novosti\/item\/152900-ponovo-pogorsana-epidemioloska-situacija-u-tk\/#breadcrumb","itemListElement":[{"@type":"ListItem","position":1,"name":"Home","item":"https:\/\/tuzlainfo.ba\/"},{"@type":"ListItem","position":2,"name":"Ponovo pogor\u0161ana epidemiolo\u0161ka situacija u TK"}]},{"@type":"WebSite","@id":"https:\/\/tuzlainfo.ba\/#website","url":"https:\/\/tuzlainfo.ba\/","name":"TuzlaInfo.ba","description":"Tuzla info, gradski informator - Tuzla na dlanu","publisher":{"@id":"https:\/\/tuzlainfo.ba\/#organization"},"potentialAction":[{"@type":"SearchAction","target":{"@type":"EntryPoint","urlTemplate":"https:\/\/tuzlainfo.ba\/?s={search_term_string}"},"query-input":{"@type":"PropertyValueSpecification","valueRequired":true,"valueName":"search_term_string"}}],"inLanguage":"bs-BA"},{"@type":"Organization","@id":"https:\/\/tuzlainfo.ba\/#organization","name":"TuzlaInfo.ba","url":"https:\/\/tuzlainfo.ba\/","logo":{"@type":"ImageObject","inLanguage":"bs-BA","@id":"https:\/\/tuzlainfo.ba\/#\/schema\/logo\/image\/","url":"https:\/\/tuzlainfo.ba\/wp-content\/uploads\/2021\/03\/logo-ver-3-1.png","contentUrl":"https:\/\/tuzlainfo.ba\/wp-content\/uploads\/2021\/03\/logo-ver-3-1.png","width":350,"height":95,"caption":"TuzlaInfo.ba"},"image":{"@id":"https:\/\/tuzlainfo.ba\/#\/schema\/logo\/image\/"},"sameAs":["https:\/\/www.facebook.com\/tuzlainfo.ba\/"]},{"@type":"Person","@id":"https:\/\/tuzlainfo.ba\/#\/schema\/person\/46cad4c57790cbc50781edd14870825a","name":"Tuzla Info","image":{"@type":"ImageObject","inLanguage":"bs-BA","@id":"https:\/\/tuzlainfo.ba\/#\/schema\/person\/image\/","url":"https:\/\/tuzlainfo.ba\/wp-content\/litespeed\/avatar\/b6c453a6c38e3654f2e4416c643fc25c.jpg?ver=1777051911","contentUrl":"https:\/\/tuzlainfo.ba\/wp-content\/litespeed\/avatar\/b6c453a6c38e3654f2e4416c643fc25c.jpg?ver=1777051911","caption":"Tuzla Info"}}]}},"_links":{"self":[{"href":"https:\/\/tuzlainfo.ba\/index.php\/wp-json\/wp\/v2\/posts\/152900"}],"collection":[{"href":"https:\/\/tuzlainfo.ba\/index.php\/wp-json\/wp\/v2\/posts"}],"about":[{"href":"https:\/\/tuzlainfo.ba\/index.php\/wp-json\/wp\/v2\/types\/post"}],"author":[{"embeddable":true,"href":"https:\/\/tuzlainfo.ba\/index.php\/wp-json\/wp\/v2\/users\/4"}],"replies":[{"embeddable":true,"href":"https:\/\/tuzlainfo.ba\/index.php\/wp-json\/wp\/v2\/comments?post=152900"}],"version-history":[{"count":0,"href":"https:\/\/tuzlainfo.ba\/index.php\/wp-json\/wp\/v2\/posts\/152900\/revisions"}],"wp:featuredmedia":[{"embeddable":true,"href":"https:\/\/tuzlainfo.ba\/index.php\/wp-json\/wp\/v2\/media\/146389"}],"wp:attachment":[{"href":"https:\/\/tuzlainfo.ba\/index.php\/wp-json\/wp\/v2\/media?parent=152900"}],"wp:term":[{"taxonomy":"category","embeddable":true,"href":"https:\/\/tuzlainfo.ba\/index.php\/wp-json\/wp\/v2\/categories?post=152900"},{"taxonomy":"post_tag","embeddable":true,"href":"https:\/\/tuzlainfo.ba\/index.php\/wp-json\/wp\/v2\/tags?post=152900"}],"curies":[{"name":"wp","href":"https:\/\/api.w.org\/{rel}","templated":true}]}}