{"id":152764,"date":"2021-10-31T15:45:59","date_gmt":"2021-10-31T14:45:59","guid":{"rendered":"https:\/\/tuzlainfo.ba\/?p=152764"},"modified":"2021-10-31T15:45:59","modified_gmt":"2021-10-31T14:45:59","slug":"ugljevik-lovac-podlegao-povredama-nakon-samoranjavanja","status":"publish","type":"post","link":"https:\/\/tuzlainfo.ba\/index.php\/bosna-i-hercegovina\/item\/152764-ugljevik-lovac-podlegao-povredama-nakon-samoranjavanja\/","title":{"rendered":"Ugljevik: Lovac podlegao povredama nakon samoranjavanja"},"content":{"rendered":"<p>\u0110ojo. T (54) iz Ugljevika podlegao je nakon samoranjavanjem iz lova\u010dke pu\u0161ke, potvr\u0111eno je &#8220;Nezavisinim&#8221;.<\/p>\n<p>Iz Policijske uprave Bijeljina rekli su da je Dom zdravlja Ugljevik u nedjelju ujutru ugljevi\u010dkoj policiji prijavio da je u tu ustanovu bez znakova \u017eivota dovezeno lice iz ove op\u0161tine \u010diji su inicijali \u0110.T., koje je podleglo od rane na stomaku zadobijene, najvjerovatnije, samoranjavanjem iz lova\u010dke pu\u0161ke, Samoranjavanje se dogodilo na podru\u010dju Ugljevika &#8211; rekli su iz PU Biljeljina.<\/p>\n","protected":false},"excerpt":{"rendered":"<p>\u0110ojo. T (54) iz Ugljevika podlegao je nakon samoranjavanjem iz lova\u010dke pu\u0161ke, potvr\u0111eno je &#8220;Nezavisinim&#8221;. Iz Policijske uprave Bijeljina rekli su da je Dom zdravlja Ugljevik u nedjelju ujutru ugljevi\u010dkoj policiji prijavio da je u tu ustanovu bez znakova \u017eivota dovezeno lice iz ove op\u0161tine \u010diji su inicijali \u0110.T., koje je podleglo od rane na [&hellip;]<\/p>\n","protected":false},"author":2,"featured_media":72988,"comment_status":"open","ping_status":"closed","sticky":false,"template":"","format":"standard","meta":{"footnotes":""},"categories":[291],"tags":[417,3171],"class_list":["post-152764","post","type-post","status-publish","format-standard","has-post-thumbnail","hentry","category-bosna-i-hercegovina","tag-crna-hronika","tag-lovac"],"yoast_head":"<!-- This site is optimized with the Yoast SEO plugin v28.3 - https:\/\/yoast.com\/product\/yoast-seo-wordpress\/ -->\n<title>Ugljevik: Lovac podlegao povredama nakon samoranjavanja<\/title>\n<meta name=\"robots\" content=\"index, follow, max-snippet:-1, max-image-preview:large, max-video-preview:-1\" \/>\n<link rel=\"canonical\" href=\"https:\/\/tuzlainfo.ba\/index.php\/bosna-i-hercegovina\/item\/152764-ugljevik-lovac-podlegao-povredama-nakon-samoranjavanja\/\" \/>\n<meta property=\"og:locale\" content=\"bs_BA\" \/>\n<meta property=\"og:type\" content=\"article\" \/>\n<meta property=\"og:title\" content=\"Ugljevik: Lovac podlegao povredama nakon samoranjavanja\" \/>\n<meta property=\"og:description\" content=\"\u0110ojo. T (54) iz Ugljevika podlegao je nakon samoranjavanjem iz lova\u010dke pu\u0161ke, potvr\u0111eno je &#8220;Nezavisinim&#8221;. Iz Policijske uprave Bijeljina rekli su da je Dom zdravlja Ugljevik u nedjelju ujutru ugljevi\u010dkoj policiji prijavio da je u tu ustanovu bez znakova \u017eivota dovezeno lice iz ove op\u0161tine \u010diji su inicijali \u0110.T., koje je podleglo od rane na [&hellip;]\" \/>\n<meta property=\"og:url\" content=\"https:\/\/tuzlainfo.ba\/index.php\/bosna-i-hercegovina\/item\/152764-ugljevik-lovac-podlegao-povredama-nakon-samoranjavanja\/\" \/>\n<meta property=\"og:site_name\" content=\"TuzlaInfo.ba\" \/>\n<meta property=\"article:publisher\" content=\"https:\/\/www.facebook.com\/tuzlainfo.ba\/\" \/>\n<meta property=\"article:published_time\" content=\"2021-10-31T14:45:59+00:00\" \/>\n<meta property=\"og:image\" content=\"https:\/\/tuzlainfo.ba\/wp-content\/uploads\/2019\/09\/sadrzaj_2019_20190901_0509_stop-policija.jpg\" \/>\n\t<meta property=\"og:image:width\" content=\"770\" \/>\n\t<meta property=\"og:image:height\" content=\"429\" \/>\n\t<meta property=\"og:image:type\" content=\"image\/jpeg\" \/>\n<meta name=\"author\" content=\"nedim\" \/>\n<meta name=\"twitter:card\" content=\"summary_large_image\" \/>\n<meta name=\"twitter:label1\" content=\"Written by\" \/>\n\t<meta name=\"twitter:data1\" content=\"nedim\" \/>\n<script type=\"application\/ld+json\" class=\"yoast-schema-graph\">{\"@context\":\"https:\\\/\\\/schema.org\",\"@graph\":[{\"@type\":\"Article\",\"@id\":\"https:\\\/\\\/tuzlainfo.ba\\\/index.php\\\/bosna-i-hercegovina\\\/item\\\/152764-ugljevik-lovac-podlegao-povredama-nakon-samoranjavanja\\\/#article\",\"isPartOf\":{\"@id\":\"https:\\\/\\\/tuzlainfo.ba\\\/index.php\\\/bosna-i-hercegovina\\\/item\\\/152764-ugljevik-lovac-podlegao-povredama-nakon-samoranjavanja\\\/\"},\"author\":{\"name\":\"nedim\",\"@id\":\"https:\\\/\\\/tuzlainfo.ba\\\/#\\\/schema\\\/person\\\/f434e20dc27ea133923aab08451b7f7f\"},\"headline\":\"Ugljevik: Lovac podlegao povredama nakon samoranjavanja\",\"datePublished\":\"2021-10-31T14:45:59+00:00\",\"mainEntityOfPage\":{\"@id\":\"https:\\\/\\\/tuzlainfo.ba\\\/index.php\\\/bosna-i-hercegovina\\\/item\\\/152764-ugljevik-lovac-podlegao-povredama-nakon-samoranjavanja\\\/\"},\"wordCount\":87,\"commentCount\":0,\"publisher\":{\"@id\":\"https:\\\/\\\/tuzlainfo.ba\\\/#organization\"},\"image\":{\"@id\":\"https:\\\/\\\/tuzlainfo.ba\\\/index.php\\\/bosna-i-hercegovina\\\/item\\\/152764-ugljevik-lovac-podlegao-povredama-nakon-samoranjavanja\\\/#primaryimage\"},\"thumbnailUrl\":\"https:\\\/\\\/tuzlainfo.ba\\\/wp-content\\\/uploads\\\/2019\\\/09\\\/sadrzaj_2019_20190901_0509_stop-policija.jpg\",\"keywords\":[\"crna hronika\",\"lovac\"],\"articleSection\":[\"Bosna i Hercegovina\"],\"inLanguage\":\"bs-BA\",\"copyrightYear\":\"2021\",\"copyrightHolder\":{\"@id\":\"https:\\\/\\\/tuzlainfo.ba\\\/#organization\"}},{\"@type\":\"WebPage\",\"@id\":\"https:\\\/\\\/tuzlainfo.ba\\\/index.php\\\/bosna-i-hercegovina\\\/item\\\/152764-ugljevik-lovac-podlegao-povredama-nakon-samoranjavanja\\\/\",\"url\":\"https:\\\/\\\/tuzlainfo.ba\\\/index.php\\\/bosna-i-hercegovina\\\/item\\\/152764-ugljevik-lovac-podlegao-povredama-nakon-samoranjavanja\\\/\",\"name\":\"Ugljevik: Lovac podlegao povredama nakon samoranjavanja\",\"isPartOf\":{\"@id\":\"https:\\\/\\\/tuzlainfo.ba\\\/#website\"},\"primaryImageOfPage\":{\"@id\":\"https:\\\/\\\/tuzlainfo.ba\\\/index.php\\\/bosna-i-hercegovina\\\/item\\\/152764-ugljevik-lovac-podlegao-povredama-nakon-samoranjavanja\\\/#primaryimage\"},\"image\":{\"@id\":\"https:\\\/\\\/tuzlainfo.ba\\\/index.php\\\/bosna-i-hercegovina\\\/item\\\/152764-ugljevik-lovac-podlegao-povredama-nakon-samoranjavanja\\\/#primaryimage\"},\"thumbnailUrl\":\"https:\\\/\\\/tuzlainfo.ba\\\/wp-content\\\/uploads\\\/2019\\\/09\\\/sadrzaj_2019_20190901_0509_stop-policija.jpg\",\"datePublished\":\"2021-10-31T14:45:59+00:00\",\"breadcrumb\":{\"@id\":\"https:\\\/\\\/tuzlainfo.ba\\\/index.php\\\/bosna-i-hercegovina\\\/item\\\/152764-ugljevik-lovac-podlegao-povredama-nakon-samoranjavanja\\\/#breadcrumb\"},\"inLanguage\":\"bs-BA\",\"potentialAction\":[{\"@type\":\"ReadAction\",\"target\":[\"https:\\\/\\\/tuzlainfo.ba\\\/index.php\\\/bosna-i-hercegovina\\\/item\\\/152764-ugljevik-lovac-podlegao-povredama-nakon-samoranjavanja\\\/\"]}]},{\"@type\":\"ImageObject\",\"inLanguage\":\"bs-BA\",\"@id\":\"https:\\\/\\\/tuzlainfo.ba\\\/index.php\\\/bosna-i-hercegovina\\\/item\\\/152764-ugljevik-lovac-podlegao-povredama-nakon-samoranjavanja\\\/#primaryimage\",\"url\":\"https:\\\/\\\/tuzlainfo.ba\\\/wp-content\\\/uploads\\\/2019\\\/09\\\/sadrzaj_2019_20190901_0509_stop-policija.jpg\",\"contentUrl\":\"https:\\\/\\\/tuzlainfo.ba\\\/wp-content\\\/uploads\\\/2019\\\/09\\\/sadrzaj_2019_20190901_0509_stop-policija.jpg\",\"width\":770,\"height\":429,\"caption\":\"0509 stop policija\"},{\"@type\":\"BreadcrumbList\",\"@id\":\"https:\\\/\\\/tuzlainfo.ba\\\/index.php\\\/bosna-i-hercegovina\\\/item\\\/152764-ugljevik-lovac-podlegao-povredama-nakon-samoranjavanja\\\/#breadcrumb\",\"itemListElement\":[{\"@type\":\"ListItem\",\"position\":1,\"name\":\"Home\",\"item\":\"https:\\\/\\\/tuzlainfo.ba\\\/\"},{\"@type\":\"ListItem\",\"position\":2,\"name\":\"Ugljevik: Lovac podlegao povredama nakon samoranjavanja\"}]},{\"@type\":\"WebSite\",\"@id\":\"https:\\\/\\\/tuzlainfo.ba\\\/#website\",\"url\":\"https:\\\/\\\/tuzlainfo.ba\\\/\",\"name\":\"TuzlaInfo.ba\",\"description\":\"Tuzla info, gradski informator - Tuzla na dlanu\",\"publisher\":{\"@id\":\"https:\\\/\\\/tuzlainfo.ba\\\/#organization\"},\"potentialAction\":[{\"@type\":\"SearchAction\",\"target\":{\"@type\":\"EntryPoint\",\"urlTemplate\":\"https:\\\/\\\/tuzlainfo.ba\\\/?s={search_term_string}\"},\"query-input\":{\"@type\":\"PropertyValueSpecification\",\"valueRequired\":true,\"valueName\":\"search_term_string\"}}],\"inLanguage\":\"bs-BA\"},{\"@type\":\"Organization\",\"@id\":\"https:\\\/\\\/tuzlainfo.ba\\\/#organization\",\"name\":\"TuzlaInfo.ba\",\"url\":\"https:\\\/\\\/tuzlainfo.ba\\\/\",\"logo\":{\"@type\":\"ImageObject\",\"inLanguage\":\"bs-BA\",\"@id\":\"https:\\\/\\\/tuzlainfo.ba\\\/#\\\/schema\\\/logo\\\/image\\\/\",\"url\":\"https:\\\/\\\/tuzlainfo.ba\\\/wp-content\\\/uploads\\\/2021\\\/03\\\/logo-ver-3-1.png\",\"contentUrl\":\"https:\\\/\\\/tuzlainfo.ba\\\/wp-content\\\/uploads\\\/2021\\\/03\\\/logo-ver-3-1.png\",\"width\":350,\"height\":95,\"caption\":\"TuzlaInfo.ba\"},\"image\":{\"@id\":\"https:\\\/\\\/tuzlainfo.ba\\\/#\\\/schema\\\/logo\\\/image\\\/\"},\"sameAs\":[\"https:\\\/\\\/www.facebook.com\\\/tuzlainfo.ba\\\/\"]},{\"@type\":\"Person\",\"@id\":\"https:\\\/\\\/tuzlainfo.ba\\\/#\\\/schema\\\/person\\\/f434e20dc27ea133923aab08451b7f7f\",\"name\":\"nedim\",\"image\":{\"@type\":\"ImageObject\",\"inLanguage\":\"bs-BA\",\"@id\":\"https:\\\/\\\/secure.gravatar.com\\\/avatar\\\/5b928a2e7e70a54208d2eb6c1edcb75a5350d6ae97d5f0a701203d456823f6f3?s=96&d=mm&r=g\",\"url\":\"https:\\\/\\\/secure.gravatar.com\\\/avatar\\\/5b928a2e7e70a54208d2eb6c1edcb75a5350d6ae97d5f0a701203d456823f6f3?s=96&d=mm&r=g\",\"contentUrl\":\"https:\\\/\\\/secure.gravatar.com\\\/avatar\\\/5b928a2e7e70a54208d2eb6c1edcb75a5350d6ae97d5f0a701203d456823f6f3?s=96&d=mm&r=g\",\"caption\":\"nedim\"},\"description\":\"Tuzlainfo.ba pratite na dru\u0161tvenim mre\u017eama: Facebook, Instagram i Youtube. Svoje pri\u010de, upite i fotografije \u0161aljite na na\u0161u e-mail adresu.\"}]}<\/script>\n<!-- \/ Yoast SEO plugin. -->","yoast_head_json":{"title":"Ugljevik: Lovac podlegao povredama nakon samoranjavanja","robots":{"index":"index","follow":"follow","max-snippet":"max-snippet:-1","max-image-preview":"max-image-preview:large","max-video-preview":"max-video-preview:-1"},"canonical":"https:\/\/tuzlainfo.ba\/index.php\/bosna-i-hercegovina\/item\/152764-ugljevik-lovac-podlegao-povredama-nakon-samoranjavanja\/","og_locale":"bs_BA","og_type":"article","og_title":"Ugljevik: Lovac podlegao povredama nakon samoranjavanja","og_description":"\u0110ojo. T (54) iz Ugljevika podlegao je nakon samoranjavanjem iz lova\u010dke pu\u0161ke, potvr\u0111eno je &#8220;Nezavisinim&#8221;. Iz Policijske uprave Bijeljina rekli su da je Dom zdravlja Ugljevik u nedjelju ujutru ugljevi\u010dkoj policiji prijavio da je u tu ustanovu bez znakova \u017eivota dovezeno lice iz ove op\u0161tine \u010diji su inicijali \u0110.T., koje je podleglo od rane na [&hellip;]","og_url":"https:\/\/tuzlainfo.ba\/index.php\/bosna-i-hercegovina\/item\/152764-ugljevik-lovac-podlegao-povredama-nakon-samoranjavanja\/","og_site_name":"TuzlaInfo.ba","article_publisher":"https:\/\/www.facebook.com\/tuzlainfo.ba\/","article_published_time":"2021-10-31T14:45:59+00:00","og_image":[{"width":770,"height":429,"url":"https:\/\/tuzlainfo.ba\/wp-content\/uploads\/2019\/09\/sadrzaj_2019_20190901_0509_stop-policija.jpg","type":"image\/jpeg"}],"author":"nedim","twitter_card":"summary_large_image","twitter_misc":{"Written by":"nedim"},"schema":{"@context":"https:\/\/schema.org","@graph":[{"@type":"Article","@id":"https:\/\/tuzlainfo.ba\/index.php\/bosna-i-hercegovina\/item\/152764-ugljevik-lovac-podlegao-povredama-nakon-samoranjavanja\/#article","isPartOf":{"@id":"https:\/\/tuzlainfo.ba\/index.php\/bosna-i-hercegovina\/item\/152764-ugljevik-lovac-podlegao-povredama-nakon-samoranjavanja\/"},"author":{"name":"nedim","@id":"https:\/\/tuzlainfo.ba\/#\/schema\/person\/f434e20dc27ea133923aab08451b7f7f"},"headline":"Ugljevik: Lovac podlegao povredama nakon samoranjavanja","datePublished":"2021-10-31T14:45:59+00:00","mainEntityOfPage":{"@id":"https:\/\/tuzlainfo.ba\/index.php\/bosna-i-hercegovina\/item\/152764-ugljevik-lovac-podlegao-povredama-nakon-samoranjavanja\/"},"wordCount":87,"commentCount":0,"publisher":{"@id":"https:\/\/tuzlainfo.ba\/#organization"},"image":{"@id":"https:\/\/tuzlainfo.ba\/index.php\/bosna-i-hercegovina\/item\/152764-ugljevik-lovac-podlegao-povredama-nakon-samoranjavanja\/#primaryimage"},"thumbnailUrl":"https:\/\/tuzlainfo.ba\/wp-content\/uploads\/2019\/09\/sadrzaj_2019_20190901_0509_stop-policija.jpg","keywords":["crna hronika","lovac"],"articleSection":["Bosna i Hercegovina"],"inLanguage":"bs-BA","copyrightYear":"2021","copyrightHolder":{"@id":"https:\/\/tuzlainfo.ba\/#organization"}},{"@type":"WebPage","@id":"https:\/\/tuzlainfo.ba\/index.php\/bosna-i-hercegovina\/item\/152764-ugljevik-lovac-podlegao-povredama-nakon-samoranjavanja\/","url":"https:\/\/tuzlainfo.ba\/index.php\/bosna-i-hercegovina\/item\/152764-ugljevik-lovac-podlegao-povredama-nakon-samoranjavanja\/","name":"Ugljevik: Lovac podlegao povredama nakon samoranjavanja","isPartOf":{"@id":"https:\/\/tuzlainfo.ba\/#website"},"primaryImageOfPage":{"@id":"https:\/\/tuzlainfo.ba\/index.php\/bosna-i-hercegovina\/item\/152764-ugljevik-lovac-podlegao-povredama-nakon-samoranjavanja\/#primaryimage"},"image":{"@id":"https:\/\/tuzlainfo.ba\/index.php\/bosna-i-hercegovina\/item\/152764-ugljevik-lovac-podlegao-povredama-nakon-samoranjavanja\/#primaryimage"},"thumbnailUrl":"https:\/\/tuzlainfo.ba\/wp-content\/uploads\/2019\/09\/sadrzaj_2019_20190901_0509_stop-policija.jpg","datePublished":"2021-10-31T14:45:59+00:00","breadcrumb":{"@id":"https:\/\/tuzlainfo.ba\/index.php\/bosna-i-hercegovina\/item\/152764-ugljevik-lovac-podlegao-povredama-nakon-samoranjavanja\/#breadcrumb"},"inLanguage":"bs-BA","potentialAction":[{"@type":"ReadAction","target":["https:\/\/tuzlainfo.ba\/index.php\/bosna-i-hercegovina\/item\/152764-ugljevik-lovac-podlegao-povredama-nakon-samoranjavanja\/"]}]},{"@type":"ImageObject","inLanguage":"bs-BA","@id":"https:\/\/tuzlainfo.ba\/index.php\/bosna-i-hercegovina\/item\/152764-ugljevik-lovac-podlegao-povredama-nakon-samoranjavanja\/#primaryimage","url":"https:\/\/tuzlainfo.ba\/wp-content\/uploads\/2019\/09\/sadrzaj_2019_20190901_0509_stop-policija.jpg","contentUrl":"https:\/\/tuzlainfo.ba\/wp-content\/uploads\/2019\/09\/sadrzaj_2019_20190901_0509_stop-policija.jpg","width":770,"height":429,"caption":"0509 stop policija"},{"@type":"BreadcrumbList","@id":"https:\/\/tuzlainfo.ba\/index.php\/bosna-i-hercegovina\/item\/152764-ugljevik-lovac-podlegao-povredama-nakon-samoranjavanja\/#breadcrumb","itemListElement":[{"@type":"ListItem","position":1,"name":"Home","item":"https:\/\/tuzlainfo.ba\/"},{"@type":"ListItem","position":2,"name":"Ugljevik: Lovac podlegao povredama nakon samoranjavanja"}]},{"@type":"WebSite","@id":"https:\/\/tuzlainfo.ba\/#website","url":"https:\/\/tuzlainfo.ba\/","name":"TuzlaInfo.ba","description":"Tuzla info, gradski informator - Tuzla na dlanu","publisher":{"@id":"https:\/\/tuzlainfo.ba\/#organization"},"potentialAction":[{"@type":"SearchAction","target":{"@type":"EntryPoint","urlTemplate":"https:\/\/tuzlainfo.ba\/?s={search_term_string}"},"query-input":{"@type":"PropertyValueSpecification","valueRequired":true,"valueName":"search_term_string"}}],"inLanguage":"bs-BA"},{"@type":"Organization","@id":"https:\/\/tuzlainfo.ba\/#organization","name":"TuzlaInfo.ba","url":"https:\/\/tuzlainfo.ba\/","logo":{"@type":"ImageObject","inLanguage":"bs-BA","@id":"https:\/\/tuzlainfo.ba\/#\/schema\/logo\/image\/","url":"https:\/\/tuzlainfo.ba\/wp-content\/uploads\/2021\/03\/logo-ver-3-1.png","contentUrl":"https:\/\/tuzlainfo.ba\/wp-content\/uploads\/2021\/03\/logo-ver-3-1.png","width":350,"height":95,"caption":"TuzlaInfo.ba"},"image":{"@id":"https:\/\/tuzlainfo.ba\/#\/schema\/logo\/image\/"},"sameAs":["https:\/\/www.facebook.com\/tuzlainfo.ba\/"]},{"@type":"Person","@id":"https:\/\/tuzlainfo.ba\/#\/schema\/person\/f434e20dc27ea133923aab08451b7f7f","name":"nedim","image":{"@type":"ImageObject","inLanguage":"bs-BA","@id":"https:\/\/secure.gravatar.com\/avatar\/5b928a2e7e70a54208d2eb6c1edcb75a5350d6ae97d5f0a701203d456823f6f3?s=96&d=mm&r=g","url":"https:\/\/secure.gravatar.com\/avatar\/5b928a2e7e70a54208d2eb6c1edcb75a5350d6ae97d5f0a701203d456823f6f3?s=96&d=mm&r=g","contentUrl":"https:\/\/secure.gravatar.com\/avatar\/5b928a2e7e70a54208d2eb6c1edcb75a5350d6ae97d5f0a701203d456823f6f3?s=96&d=mm&r=g","caption":"nedim"},"description":"Tuzlainfo.ba pratite na dru\u0161tvenim mre\u017eama: Facebook, Instagram i Youtube. Svoje pri\u010de, upite i fotografije \u0161aljite na na\u0161u e-mail adresu."}]}},"_links":{"self":[{"href":"https:\/\/tuzlainfo.ba\/index.php\/wp-json\/wp\/v2\/posts\/152764","targetHints":{"allow":["GET"]}}],"collection":[{"href":"https:\/\/tuzlainfo.ba\/index.php\/wp-json\/wp\/v2\/posts"}],"about":[{"href":"https:\/\/tuzlainfo.ba\/index.php\/wp-json\/wp\/v2\/types\/post"}],"author":[{"embeddable":true,"href":"https:\/\/tuzlainfo.ba\/index.php\/wp-json\/wp\/v2\/users\/2"}],"replies":[{"embeddable":true,"href":"https:\/\/tuzlainfo.ba\/index.php\/wp-json\/wp\/v2\/comments?post=152764"}],"version-history":[{"count":0,"href":"https:\/\/tuzlainfo.ba\/index.php\/wp-json\/wp\/v2\/posts\/152764\/revisions"}],"wp:featuredmedia":[{"embeddable":true,"href":"https:\/\/tuzlainfo.ba\/index.php\/wp-json\/wp\/v2\/media\/72988"}],"wp:attachment":[{"href":"https:\/\/tuzlainfo.ba\/index.php\/wp-json\/wp\/v2\/media?parent=152764"}],"wp:term":[{"taxonomy":"category","embeddable":true,"href":"https:\/\/tuzlainfo.ba\/index.php\/wp-json\/wp\/v2\/categories?post=152764"},{"taxonomy":"post_tag","embeddable":true,"href":"https:\/\/tuzlainfo.ba\/index.php\/wp-json\/wp\/v2\/tags?post=152764"}],"curies":[{"name":"wp","href":"https:\/\/api.w.org\/{rel}","templated":true}]}}