{"id":152685,"date":"2021-10-30T15:00:26","date_gmt":"2021-10-30T13:00:26","guid":{"rendered":"https:\/\/tuzlainfo.ba\/?p=152685"},"modified":"2021-10-30T15:00:26","modified_gmt":"2021-10-30T13:00:26","slug":"bosanski-heroj-obiljezeno-29-godina-od-pogibije-hajrudina-mesica-kapetana-hajre","status":"publish","type":"post","link":"https:\/\/tuzlainfo.ba\/index.php\/novosti\/item\/152685-bosanski-heroj-obiljezeno-29-godina-od-pogibije-hajrudina-mesica-kapetana-hajre\/","title":{"rendered":"Bosanski heroj: Obilje\u017eeno 29. godina od pogibije Hajrudina Me\u0161i\u0107a &#8211; Kapetana Hajre"},"content":{"rendered":"<p>U mjestu Nezuk kod Sapne obilje\u017eeno je 29 godina od pogibije narodnog heroja i istinskog borca za Bosnu i Hercegovinu Hajrudina Me\u0161i\u0107a &#8211; Kapetana Hajre.<\/p>\n<div>\n<p>Na mjestu pogibije okupili su se predstavnici Oru\u017eanih snaga Bosne i Hercegovine, Islamske zajednice u BiH, delegacije op\u0107ina Teo\u010dak i Sapna, Klub zastupnika u Skup\u0161tini Tuzlanskog kantona SDA s predsjednikom kantonalnog odbora Fahrudinom Skopljakom i ministar za bora\u010dka pitanja u Vladi Tuzlanskog kantona.<\/p>\n<p>&#8211; Danas smo bili na mjestu pogibije kapetana Hajre, polo\u017eili cvije\u0107e, da se nikada ne zaboravi takav heroj &#8211; kazao nam je Skopljak.<\/p>\n<p>Komandant Prve teo\u010danske brigade, brigadni general Hajrudin Me\u0161i\u0107 poginuo je poku\u0161avaju\u0107i da sa Teo\u010danskim lavovima probije koridor spasa prema napa\u0107enom narodu Kamenice i dalje ka Srebrenici.<\/p>\n<p>Hajro je bio, ka\u017eu saborci, istinski bosanski sin, patriota i slavni komandant.<\/p>\n<p>Kapetan Hajro je obavljao niz visokih vojnih komandnih du\u017enosti, me\u0111u kojima i komandant Patriotske lige za sjeveroisto\u010dnu Bosnu, komandant TO Ugljevik-Teo\u010dak, komandant TO Zvornik i komandant Prve teo\u010danske brigade.<\/p>\n<p>Dobitnik je najvi\u0161eg priznanja Zlatni ljiljan i policijskog odlikovanja Medalje za hrabrost. Posthumno je odlikovan Ordenom heroja oslobodila\u010dkog rata i unaprije\u0111en u \u010din brigadnog generala, pi\u0161e Fena.<\/p>\n<\/div>\n","protected":false},"excerpt":{"rendered":"<p>U mjestu Nezuk kod Sapne obilje\u017eeno je 29 godina od pogibije narodnog heroja i istinskog&hellip;<\/p>\n","protected":false},"author":2,"featured_media":152686,"comment_status":"open","ping_status":"closed","sticky":false,"template":"","format":"standard","meta":{"_acf_changed":false,"footnotes":""},"categories":[304,12],"tags":[3161],"acf":[],"yoast_head":"<!-- This site is optimized with the Yoast SEO plugin v23.5 - https:\/\/yoast.com\/wordpress\/plugins\/seo\/ -->\n<title>Bosanski heroj: Obilje\u017eeno 29. godina od pogibije Hajrudina Me\u0161i\u0107a - Kapetana Hajre - TuzlaInfo.ba<\/title>\n<meta name=\"robots\" content=\"index, follow, max-snippet:-1, max-image-preview:large, max-video-preview:-1\" \/>\n<link rel=\"canonical\" href=\"https:\/\/tuzlainfo.ba\/index.php\/novosti\/item\/152685-bosanski-heroj-obiljezeno-29-godina-od-pogibije-hajrudina-mesica-kapetana-hajre\/\" \/>\n<meta property=\"og:locale\" content=\"bs_BA\" \/>\n<meta property=\"og:type\" content=\"article\" \/>\n<meta property=\"og:title\" content=\"Bosanski heroj: Obilje\u017eeno 29. godina od pogibije Hajrudina Me\u0161i\u0107a - Kapetana Hajre - TuzlaInfo.ba\" \/>\n<meta property=\"og:description\" content=\"U mjestu Nezuk kod Sapne obilje\u017eeno je 29 godina od pogibije narodnog heroja i istinskog&hellip;\" \/>\n<meta property=\"og:url\" content=\"https:\/\/tuzlainfo.ba\/index.php\/novosti\/item\/152685-bosanski-heroj-obiljezeno-29-godina-od-pogibije-hajrudina-mesica-kapetana-hajre\/\" \/>\n<meta property=\"og:site_name\" content=\"TuzlaInfo.ba\" \/>\n<meta property=\"article:publisher\" content=\"https:\/\/www.facebook.com\/tuzlainfo.ba\/\" \/>\n<meta property=\"article:published_time\" content=\"2021-10-30T13:00:26+00:00\" \/>\n<meta property=\"og:image\" content=\"https:\/\/tuzlainfo.ba\/wp-content\/uploads\/2021\/10\/3010_hajrudin_mesic.jpg\" \/>\n\t<meta property=\"og:image:width\" content=\"1600\" \/>\n\t<meta property=\"og:image:height\" content=\"1200\" \/>\n\t<meta property=\"og:image:type\" content=\"image\/jpeg\" \/>\n<meta name=\"author\" content=\"nedim\" \/>\n<meta name=\"twitter:card\" content=\"summary_large_image\" \/>\n<meta name=\"twitter:label1\" content=\"Written by\" \/>\n\t<meta name=\"twitter:data1\" content=\"nedim\" \/>\n\t<meta name=\"twitter:label2\" content=\"Est. reading time\" \/>\n\t<meta name=\"twitter:data2\" content=\"1 minuta\" \/>\n<script type=\"application\/ld+json\" class=\"yoast-schema-graph\">{\"@context\":\"https:\/\/schema.org\",\"@graph\":[{\"@type\":\"Article\",\"@id\":\"https:\/\/tuzlainfo.ba\/index.php\/novosti\/item\/152685-bosanski-heroj-obiljezeno-29-godina-od-pogibije-hajrudina-mesica-kapetana-hajre\/#article\",\"isPartOf\":{\"@id\":\"https:\/\/tuzlainfo.ba\/index.php\/novosti\/item\/152685-bosanski-heroj-obiljezeno-29-godina-od-pogibije-hajrudina-mesica-kapetana-hajre\/\"},\"author\":{\"name\":\"nedim\",\"@id\":\"https:\/\/tuzlainfo.ba\/#\/schema\/person\/f434e20dc27ea133923aab08451b7f7f\"},\"headline\":\"Bosanski heroj: Obilje\u017eeno 29. godina od pogibije Hajrudina Me\u0161i\u0107a &#8211; Kapetana Hajre\",\"datePublished\":\"2021-10-30T13:00:26+00:00\",\"dateModified\":\"2021-10-30T13:00:26+00:00\",\"mainEntityOfPage\":{\"@id\":\"https:\/\/tuzlainfo.ba\/index.php\/novosti\/item\/152685-bosanski-heroj-obiljezeno-29-godina-od-pogibije-hajrudina-mesica-kapetana-hajre\/\"},\"wordCount\":224,\"commentCount\":0,\"publisher\":{\"@id\":\"https:\/\/tuzlainfo.ba\/#organization\"},\"image\":{\"@id\":\"https:\/\/tuzlainfo.ba\/index.php\/novosti\/item\/152685-bosanski-heroj-obiljezeno-29-godina-od-pogibije-hajrudina-mesica-kapetana-hajre\/#primaryimage\"},\"thumbnailUrl\":\"https:\/\/tuzlainfo.ba\/wp-content\/uploads\/2021\/10\/3010_hajrudin_mesic.jpg\",\"keywords\":[\"hajrudin me\u0161i\u0107\"],\"articleSection\":[\"Istaknuto\",\"Novosti\"],\"inLanguage\":\"bs-BA\"},{\"@type\":\"WebPage\",\"@id\":\"https:\/\/tuzlainfo.ba\/index.php\/novosti\/item\/152685-bosanski-heroj-obiljezeno-29-godina-od-pogibije-hajrudina-mesica-kapetana-hajre\/\",\"url\":\"https:\/\/tuzlainfo.ba\/index.php\/novosti\/item\/152685-bosanski-heroj-obiljezeno-29-godina-od-pogibije-hajrudina-mesica-kapetana-hajre\/\",\"name\":\"Bosanski heroj: Obilje\u017eeno 29. godina od pogibije Hajrudina Me\u0161i\u0107a - Kapetana Hajre - TuzlaInfo.ba\",\"isPartOf\":{\"@id\":\"https:\/\/tuzlainfo.ba\/#website\"},\"primaryImageOfPage\":{\"@id\":\"https:\/\/tuzlainfo.ba\/index.php\/novosti\/item\/152685-bosanski-heroj-obiljezeno-29-godina-od-pogibije-hajrudina-mesica-kapetana-hajre\/#primaryimage\"},\"image\":{\"@id\":\"https:\/\/tuzlainfo.ba\/index.php\/novosti\/item\/152685-bosanski-heroj-obiljezeno-29-godina-od-pogibije-hajrudina-mesica-kapetana-hajre\/#primaryimage\"},\"thumbnailUrl\":\"https:\/\/tuzlainfo.ba\/wp-content\/uploads\/2021\/10\/3010_hajrudin_mesic.jpg\",\"datePublished\":\"2021-10-30T13:00:26+00:00\",\"dateModified\":\"2021-10-30T13:00:26+00:00\",\"breadcrumb\":{\"@id\":\"https:\/\/tuzlainfo.ba\/index.php\/novosti\/item\/152685-bosanski-heroj-obiljezeno-29-godina-od-pogibije-hajrudina-mesica-kapetana-hajre\/#breadcrumb\"},\"inLanguage\":\"bs-BA\",\"potentialAction\":[{\"@type\":\"ReadAction\",\"target\":[\"https:\/\/tuzlainfo.ba\/index.php\/novosti\/item\/152685-bosanski-heroj-obiljezeno-29-godina-od-pogibije-hajrudina-mesica-kapetana-hajre\/\"]}]},{\"@type\":\"ImageObject\",\"inLanguage\":\"bs-BA\",\"@id\":\"https:\/\/tuzlainfo.ba\/index.php\/novosti\/item\/152685-bosanski-heroj-obiljezeno-29-godina-od-pogibije-hajrudina-mesica-kapetana-hajre\/#primaryimage\",\"url\":\"https:\/\/tuzlainfo.ba\/wp-content\/uploads\/2021\/10\/3010_hajrudin_mesic.jpg\",\"contentUrl\":\"https:\/\/tuzlainfo.ba\/wp-content\/uploads\/2021\/10\/3010_hajrudin_mesic.jpg\",\"width\":1600,\"height\":1200},{\"@type\":\"BreadcrumbList\",\"@id\":\"https:\/\/tuzlainfo.ba\/index.php\/novosti\/item\/152685-bosanski-heroj-obiljezeno-29-godina-od-pogibije-hajrudina-mesica-kapetana-hajre\/#breadcrumb\",\"itemListElement\":[{\"@type\":\"ListItem\",\"position\":1,\"name\":\"Home\",\"item\":\"https:\/\/tuzlainfo.ba\/\"},{\"@type\":\"ListItem\",\"position\":2,\"name\":\"Bosanski heroj: Obilje\u017eeno 29. godina od pogibije Hajrudina Me\u0161i\u0107a &#8211; Kapetana Hajre\"}]},{\"@type\":\"WebSite\",\"@id\":\"https:\/\/tuzlainfo.ba\/#website\",\"url\":\"https:\/\/tuzlainfo.ba\/\",\"name\":\"TuzlaInfo.ba\",\"description\":\"Tuzla info, gradski informator - Tuzla na dlanu\",\"publisher\":{\"@id\":\"https:\/\/tuzlainfo.ba\/#organization\"},\"potentialAction\":[{\"@type\":\"SearchAction\",\"target\":{\"@type\":\"EntryPoint\",\"urlTemplate\":\"https:\/\/tuzlainfo.ba\/?s={search_term_string}\"},\"query-input\":{\"@type\":\"PropertyValueSpecification\",\"valueRequired\":true,\"valueName\":\"search_term_string\"}}],\"inLanguage\":\"bs-BA\"},{\"@type\":\"Organization\",\"@id\":\"https:\/\/tuzlainfo.ba\/#organization\",\"name\":\"TuzlaInfo.ba\",\"url\":\"https:\/\/tuzlainfo.ba\/\",\"logo\":{\"@type\":\"ImageObject\",\"inLanguage\":\"bs-BA\",\"@id\":\"https:\/\/tuzlainfo.ba\/#\/schema\/logo\/image\/\",\"url\":\"https:\/\/tuzlainfo.ba\/wp-content\/uploads\/2021\/03\/logo-ver-3-1.png\",\"contentUrl\":\"https:\/\/tuzlainfo.ba\/wp-content\/uploads\/2021\/03\/logo-ver-3-1.png\",\"width\":350,\"height\":95,\"caption\":\"TuzlaInfo.ba\"},\"image\":{\"@id\":\"https:\/\/tuzlainfo.ba\/#\/schema\/logo\/image\/\"},\"sameAs\":[\"https:\/\/www.facebook.com\/tuzlainfo.ba\/\"]},{\"@type\":\"Person\",\"@id\":\"https:\/\/tuzlainfo.ba\/#\/schema\/person\/f434e20dc27ea133923aab08451b7f7f\",\"name\":\"nedim\",\"image\":{\"@type\":\"ImageObject\",\"inLanguage\":\"bs-BA\",\"@id\":\"https:\/\/tuzlainfo.ba\/#\/schema\/person\/image\/\",\"url\":\"https:\/\/tuzlainfo.ba\/wp-content\/litespeed\/avatar\/aabad687af24844af817603ac1cbdc4f.jpg?ver=1777306975\",\"contentUrl\":\"https:\/\/tuzlainfo.ba\/wp-content\/litespeed\/avatar\/aabad687af24844af817603ac1cbdc4f.jpg?ver=1777306975\",\"caption\":\"nedim\"},\"description\":\"Tuzlainfo.ba pratite na dru\u0161tvenim mre\u017eama: Facebook, Instagram i Youtube. Svoje pri\u010de, upite i fotografije \u0161aljite na na\u0161u e-mail adresu.\"}]}<\/script>\n<!-- \/ Yoast SEO plugin. -->","yoast_head_json":{"title":"Bosanski heroj: Obilje\u017eeno 29. godina od pogibije Hajrudina Me\u0161i\u0107a - Kapetana Hajre - TuzlaInfo.ba","robots":{"index":"index","follow":"follow","max-snippet":"max-snippet:-1","max-image-preview":"max-image-preview:large","max-video-preview":"max-video-preview:-1"},"canonical":"https:\/\/tuzlainfo.ba\/index.php\/novosti\/item\/152685-bosanski-heroj-obiljezeno-29-godina-od-pogibije-hajrudina-mesica-kapetana-hajre\/","og_locale":"bs_BA","og_type":"article","og_title":"Bosanski heroj: Obilje\u017eeno 29. godina od pogibije Hajrudina Me\u0161i\u0107a - Kapetana Hajre - TuzlaInfo.ba","og_description":"U mjestu Nezuk kod Sapne obilje\u017eeno je 29 godina od pogibije narodnog heroja i istinskog&hellip;","og_url":"https:\/\/tuzlainfo.ba\/index.php\/novosti\/item\/152685-bosanski-heroj-obiljezeno-29-godina-od-pogibije-hajrudina-mesica-kapetana-hajre\/","og_site_name":"TuzlaInfo.ba","article_publisher":"https:\/\/www.facebook.com\/tuzlainfo.ba\/","article_published_time":"2021-10-30T13:00:26+00:00","og_image":[{"width":1600,"height":1200,"url":"https:\/\/tuzlainfo.ba\/wp-content\/uploads\/2021\/10\/3010_hajrudin_mesic.jpg","type":"image\/jpeg"}],"author":"nedim","twitter_card":"summary_large_image","twitter_misc":{"Written by":"nedim","Est. reading time":"1 minuta"},"schema":{"@context":"https:\/\/schema.org","@graph":[{"@type":"Article","@id":"https:\/\/tuzlainfo.ba\/index.php\/novosti\/item\/152685-bosanski-heroj-obiljezeno-29-godina-od-pogibije-hajrudina-mesica-kapetana-hajre\/#article","isPartOf":{"@id":"https:\/\/tuzlainfo.ba\/index.php\/novosti\/item\/152685-bosanski-heroj-obiljezeno-29-godina-od-pogibije-hajrudina-mesica-kapetana-hajre\/"},"author":{"name":"nedim","@id":"https:\/\/tuzlainfo.ba\/#\/schema\/person\/f434e20dc27ea133923aab08451b7f7f"},"headline":"Bosanski heroj: Obilje\u017eeno 29. godina od pogibije Hajrudina Me\u0161i\u0107a &#8211; Kapetana Hajre","datePublished":"2021-10-30T13:00:26+00:00","dateModified":"2021-10-30T13:00:26+00:00","mainEntityOfPage":{"@id":"https:\/\/tuzlainfo.ba\/index.php\/novosti\/item\/152685-bosanski-heroj-obiljezeno-29-godina-od-pogibije-hajrudina-mesica-kapetana-hajre\/"},"wordCount":224,"commentCount":0,"publisher":{"@id":"https:\/\/tuzlainfo.ba\/#organization"},"image":{"@id":"https:\/\/tuzlainfo.ba\/index.php\/novosti\/item\/152685-bosanski-heroj-obiljezeno-29-godina-od-pogibije-hajrudina-mesica-kapetana-hajre\/#primaryimage"},"thumbnailUrl":"https:\/\/tuzlainfo.ba\/wp-content\/uploads\/2021\/10\/3010_hajrudin_mesic.jpg","keywords":["hajrudin me\u0161i\u0107"],"articleSection":["Istaknuto","Novosti"],"inLanguage":"bs-BA"},{"@type":"WebPage","@id":"https:\/\/tuzlainfo.ba\/index.php\/novosti\/item\/152685-bosanski-heroj-obiljezeno-29-godina-od-pogibije-hajrudina-mesica-kapetana-hajre\/","url":"https:\/\/tuzlainfo.ba\/index.php\/novosti\/item\/152685-bosanski-heroj-obiljezeno-29-godina-od-pogibije-hajrudina-mesica-kapetana-hajre\/","name":"Bosanski heroj: Obilje\u017eeno 29. godina od pogibije Hajrudina Me\u0161i\u0107a - Kapetana Hajre - TuzlaInfo.ba","isPartOf":{"@id":"https:\/\/tuzlainfo.ba\/#website"},"primaryImageOfPage":{"@id":"https:\/\/tuzlainfo.ba\/index.php\/novosti\/item\/152685-bosanski-heroj-obiljezeno-29-godina-od-pogibije-hajrudina-mesica-kapetana-hajre\/#primaryimage"},"image":{"@id":"https:\/\/tuzlainfo.ba\/index.php\/novosti\/item\/152685-bosanski-heroj-obiljezeno-29-godina-od-pogibije-hajrudina-mesica-kapetana-hajre\/#primaryimage"},"thumbnailUrl":"https:\/\/tuzlainfo.ba\/wp-content\/uploads\/2021\/10\/3010_hajrudin_mesic.jpg","datePublished":"2021-10-30T13:00:26+00:00","dateModified":"2021-10-30T13:00:26+00:00","breadcrumb":{"@id":"https:\/\/tuzlainfo.ba\/index.php\/novosti\/item\/152685-bosanski-heroj-obiljezeno-29-godina-od-pogibije-hajrudina-mesica-kapetana-hajre\/#breadcrumb"},"inLanguage":"bs-BA","potentialAction":[{"@type":"ReadAction","target":["https:\/\/tuzlainfo.ba\/index.php\/novosti\/item\/152685-bosanski-heroj-obiljezeno-29-godina-od-pogibije-hajrudina-mesica-kapetana-hajre\/"]}]},{"@type":"ImageObject","inLanguage":"bs-BA","@id":"https:\/\/tuzlainfo.ba\/index.php\/novosti\/item\/152685-bosanski-heroj-obiljezeno-29-godina-od-pogibije-hajrudina-mesica-kapetana-hajre\/#primaryimage","url":"https:\/\/tuzlainfo.ba\/wp-content\/uploads\/2021\/10\/3010_hajrudin_mesic.jpg","contentUrl":"https:\/\/tuzlainfo.ba\/wp-content\/uploads\/2021\/10\/3010_hajrudin_mesic.jpg","width":1600,"height":1200},{"@type":"BreadcrumbList","@id":"https:\/\/tuzlainfo.ba\/index.php\/novosti\/item\/152685-bosanski-heroj-obiljezeno-29-godina-od-pogibije-hajrudina-mesica-kapetana-hajre\/#breadcrumb","itemListElement":[{"@type":"ListItem","position":1,"name":"Home","item":"https:\/\/tuzlainfo.ba\/"},{"@type":"ListItem","position":2,"name":"Bosanski heroj: Obilje\u017eeno 29. godina od pogibije Hajrudina Me\u0161i\u0107a &#8211; Kapetana Hajre"}]},{"@type":"WebSite","@id":"https:\/\/tuzlainfo.ba\/#website","url":"https:\/\/tuzlainfo.ba\/","name":"TuzlaInfo.ba","description":"Tuzla info, gradski informator - Tuzla na dlanu","publisher":{"@id":"https:\/\/tuzlainfo.ba\/#organization"},"potentialAction":[{"@type":"SearchAction","target":{"@type":"EntryPoint","urlTemplate":"https:\/\/tuzlainfo.ba\/?s={search_term_string}"},"query-input":{"@type":"PropertyValueSpecification","valueRequired":true,"valueName":"search_term_string"}}],"inLanguage":"bs-BA"},{"@type":"Organization","@id":"https:\/\/tuzlainfo.ba\/#organization","name":"TuzlaInfo.ba","url":"https:\/\/tuzlainfo.ba\/","logo":{"@type":"ImageObject","inLanguage":"bs-BA","@id":"https:\/\/tuzlainfo.ba\/#\/schema\/logo\/image\/","url":"https:\/\/tuzlainfo.ba\/wp-content\/uploads\/2021\/03\/logo-ver-3-1.png","contentUrl":"https:\/\/tuzlainfo.ba\/wp-content\/uploads\/2021\/03\/logo-ver-3-1.png","width":350,"height":95,"caption":"TuzlaInfo.ba"},"image":{"@id":"https:\/\/tuzlainfo.ba\/#\/schema\/logo\/image\/"},"sameAs":["https:\/\/www.facebook.com\/tuzlainfo.ba\/"]},{"@type":"Person","@id":"https:\/\/tuzlainfo.ba\/#\/schema\/person\/f434e20dc27ea133923aab08451b7f7f","name":"nedim","image":{"@type":"ImageObject","inLanguage":"bs-BA","@id":"https:\/\/tuzlainfo.ba\/#\/schema\/person\/image\/","url":"https:\/\/tuzlainfo.ba\/wp-content\/litespeed\/avatar\/aabad687af24844af817603ac1cbdc4f.jpg?ver=1777306975","contentUrl":"https:\/\/tuzlainfo.ba\/wp-content\/litespeed\/avatar\/aabad687af24844af817603ac1cbdc4f.jpg?ver=1777306975","caption":"nedim"},"description":"Tuzlainfo.ba pratite na dru\u0161tvenim mre\u017eama: Facebook, Instagram i Youtube. Svoje pri\u010de, upite i fotografije \u0161aljite na na\u0161u e-mail adresu."}]}},"_links":{"self":[{"href":"https:\/\/tuzlainfo.ba\/index.php\/wp-json\/wp\/v2\/posts\/152685"}],"collection":[{"href":"https:\/\/tuzlainfo.ba\/index.php\/wp-json\/wp\/v2\/posts"}],"about":[{"href":"https:\/\/tuzlainfo.ba\/index.php\/wp-json\/wp\/v2\/types\/post"}],"author":[{"embeddable":true,"href":"https:\/\/tuzlainfo.ba\/index.php\/wp-json\/wp\/v2\/users\/2"}],"replies":[{"embeddable":true,"href":"https:\/\/tuzlainfo.ba\/index.php\/wp-json\/wp\/v2\/comments?post=152685"}],"version-history":[{"count":0,"href":"https:\/\/tuzlainfo.ba\/index.php\/wp-json\/wp\/v2\/posts\/152685\/revisions"}],"wp:featuredmedia":[{"embeddable":true,"href":"https:\/\/tuzlainfo.ba\/index.php\/wp-json\/wp\/v2\/media\/152686"}],"wp:attachment":[{"href":"https:\/\/tuzlainfo.ba\/index.php\/wp-json\/wp\/v2\/media?parent=152685"}],"wp:term":[{"taxonomy":"category","embeddable":true,"href":"https:\/\/tuzlainfo.ba\/index.php\/wp-json\/wp\/v2\/categories?post=152685"},{"taxonomy":"post_tag","embeddable":true,"href":"https:\/\/tuzlainfo.ba\/index.php\/wp-json\/wp\/v2\/tags?post=152685"}],"curies":[{"name":"wp","href":"https:\/\/api.w.org\/{rel}","templated":true}]}}