{"id":152611,"date":"2021-10-29T22:00:31","date_gmt":"2021-10-29T20:00:31","guid":{"rendered":"https:\/\/tuzlainfo.ba\/?p=152611"},"modified":"2021-10-29T20:18:25","modified_gmt":"2021-10-29T18:18:25","slug":"sutra-u-galeriji-mandzic-promocije-knjige-hronika-kulture-tradicije-i-zabave-u-tuzli-osobe-i-dogadjaji-2020","status":"publish","type":"post","link":"https:\/\/tuzlainfo.ba\/index.php\/uncategorized\/item\/152611-sutra-u-galeriji-mandzic-promocije-knjige-hronika-kulture-tradicije-i-zabave-u-tuzli-osobe-i-dogadjaji-2020\/","title":{"rendered":"Sutra u Galeriji Mand\u017ei\u0107 promocije knjige &#8220;Hronika kulture, tradicije i zabave u Tuzli \u2013 osobe i doga\u0111aji 2020.&#8221;"},"content":{"rendered":"<p>Publikacija &#8220;Hronika kulture, tradicije i zabave u Tuzli \u2013 osobe i doga\u0111aji 2020.&#8221; bit \u0107e promovisana u subotu 30.10.2021. u 12 sati u Galeriji Mand\u017ei\u0107.<\/p>\n<p>Autor knjige Tihomir Kne\u017ei\u010dek hronolo\u0161ki prikazuje, na dnevnoj osnovi, doga\u0111aje, mjesta i vremena odr\u017eavanja doga\u0111aja, kao i glavne aktere u doga\u0111ajima.<\/p>\n<p>Autor se fokusirao na osobe i doga\u0111aje u oblasti kulture i tradicije u toku 2020. godine kad je evidentirano 1536 doga\u0111aja, a samo 20 dana u godini u Tuzli nije bilo evidentiranih doga\u0111aja.<\/p>\n<p>Zanimljivost hronike je prikaz uticaja restrikcija nametnutih prisustvom virusnih pandemija \u0161to je rezultovalo odga\u0111anjem planiranih doga\u0111aja, obustavom programa zbog zatvaranja javnih prostora i prelaskom kulturnih sadr\u017eaja sa programa u\u017eivo u virtualni prostor putem interneta.<\/p>\n<p>Promotori knjige su Sabina Me\u0161i\u0107, urednica portala Tuzlarije.net i akademik Enver Mand\u017ei\u0107.<\/p>\n<p>&nbsp;<\/p>\n","protected":false},"excerpt":{"rendered":"<p>Publikacija &#8220;Hronika kulture, tradicije i zabave u Tuzli \u2013 osobe i doga\u0111aji 2020.&#8221; bit \u0107e&hellip;<\/p>\n","protected":false},"author":4,"featured_media":152612,"comment_status":"open","ping_status":"closed","sticky":false,"template":"","format":"standard","meta":{"_acf_changed":false,"footnotes":""},"categories":[11,1],"tags":[3154,1486],"acf":[],"yoast_head":"<!-- This site is optimized with the Yoast SEO plugin v23.5 - https:\/\/yoast.com\/wordpress\/plugins\/seo\/ -->\n<title>Sutra u Galeriji Mand\u017ei\u0107 promocije knjige &quot;Hronika kulture, tradicije i zabave u Tuzli \u2013 osobe i doga\u0111aji 2020.&quot; - TuzlaInfo.ba<\/title>\n<meta name=\"robots\" content=\"index, follow, max-snippet:-1, max-image-preview:large, max-video-preview:-1\" \/>\n<link rel=\"canonical\" href=\"https:\/\/tuzlainfo.ba\/index.php\/uncategorized\/item\/152611-sutra-u-galeriji-mandzic-promocije-knjige-hronika-kulture-tradicije-i-zabave-u-tuzli-osobe-i-dogadjaji-2020\/\" \/>\n<meta property=\"og:locale\" content=\"bs_BA\" \/>\n<meta property=\"og:type\" content=\"article\" \/>\n<meta property=\"og:title\" content=\"Sutra u Galeriji Mand\u017ei\u0107 promocije knjige &quot;Hronika kulture, tradicije i zabave u Tuzli \u2013 osobe i doga\u0111aji 2020.&quot; - TuzlaInfo.ba\" \/>\n<meta property=\"og:description\" content=\"Publikacija &#8220;Hronika kulture, tradicije i zabave u Tuzli \u2013 osobe i doga\u0111aji 2020.&#8221; bit \u0107e&hellip;\" \/>\n<meta property=\"og:url\" content=\"https:\/\/tuzlainfo.ba\/index.php\/uncategorized\/item\/152611-sutra-u-galeriji-mandzic-promocije-knjige-hronika-kulture-tradicije-i-zabave-u-tuzli-osobe-i-dogadjaji-2020\/\" \/>\n<meta property=\"og:site_name\" content=\"TuzlaInfo.ba\" \/>\n<meta property=\"article:publisher\" content=\"https:\/\/www.facebook.com\/tuzlainfo.ba\/\" \/>\n<meta property=\"article:published_time\" content=\"2021-10-29T20:00:31+00:00\" \/>\n<meta property=\"article:modified_time\" content=\"2021-10-29T18:18:25+00:00\" \/>\n<meta property=\"og:image\" content=\"https:\/\/tuzlainfo.ba\/wp-content\/uploads\/2021\/10\/inbound552896544508860671.jpg\" \/>\n\t<meta property=\"og:image:width\" content=\"562\" \/>\n\t<meta property=\"og:image:height\" content=\"471\" \/>\n\t<meta property=\"og:image:type\" content=\"image\/jpeg\" \/>\n<meta name=\"author\" content=\"Tuzla Info\" \/>\n<meta name=\"twitter:card\" content=\"summary_large_image\" \/>\n<meta name=\"twitter:label1\" content=\"Written by\" \/>\n\t<meta name=\"twitter:data1\" content=\"Tuzla Info\" \/>\n\t<meta name=\"twitter:label2\" content=\"Est. reading time\" \/>\n\t<meta name=\"twitter:data2\" content=\"1 minuta\" \/>\n<script type=\"application\/ld+json\" class=\"yoast-schema-graph\">{\"@context\":\"https:\/\/schema.org\",\"@graph\":[{\"@type\":\"Article\",\"@id\":\"https:\/\/tuzlainfo.ba\/index.php\/uncategorized\/item\/152611-sutra-u-galeriji-mandzic-promocije-knjige-hronika-kulture-tradicije-i-zabave-u-tuzli-osobe-i-dogadjaji-2020\/#article\",\"isPartOf\":{\"@id\":\"https:\/\/tuzlainfo.ba\/index.php\/uncategorized\/item\/152611-sutra-u-galeriji-mandzic-promocije-knjige-hronika-kulture-tradicije-i-zabave-u-tuzli-osobe-i-dogadjaji-2020\/\"},\"author\":{\"name\":\"Tuzla Info\",\"@id\":\"https:\/\/tuzlainfo.ba\/#\/schema\/person\/46cad4c57790cbc50781edd14870825a\"},\"headline\":\"Sutra u Galeriji Mand\u017ei\u0107 promocije knjige &#8220;Hronika kulture, tradicije i zabave u Tuzli \u2013 osobe i doga\u0111aji 2020.&#8221;\",\"datePublished\":\"2021-10-29T20:00:31+00:00\",\"dateModified\":\"2021-10-29T18:18:25+00:00\",\"mainEntityOfPage\":{\"@id\":\"https:\/\/tuzlainfo.ba\/index.php\/uncategorized\/item\/152611-sutra-u-galeriji-mandzic-promocije-knjige-hronika-kulture-tradicije-i-zabave-u-tuzli-osobe-i-dogadjaji-2020\/\"},\"wordCount\":156,\"commentCount\":0,\"publisher\":{\"@id\":\"https:\/\/tuzlainfo.ba\/#organization\"},\"image\":{\"@id\":\"https:\/\/tuzlainfo.ba\/index.php\/uncategorized\/item\/152611-sutra-u-galeriji-mandzic-promocije-knjige-hronika-kulture-tradicije-i-zabave-u-tuzli-osobe-i-dogadjaji-2020\/#primaryimage\"},\"thumbnailUrl\":\"https:\/\/tuzlainfo.ba\/wp-content\/uploads\/2021\/10\/inbound552896544508860671.jpg\",\"keywords\":[\"Galerija Mand\u017ei\u0107\",\"promocija knjige\"],\"articleSection\":[\"Najave i doga\u0111aji\",\"Uncategorized\"],\"inLanguage\":\"bs-BA\"},{\"@type\":\"WebPage\",\"@id\":\"https:\/\/tuzlainfo.ba\/index.php\/uncategorized\/item\/152611-sutra-u-galeriji-mandzic-promocije-knjige-hronika-kulture-tradicije-i-zabave-u-tuzli-osobe-i-dogadjaji-2020\/\",\"url\":\"https:\/\/tuzlainfo.ba\/index.php\/uncategorized\/item\/152611-sutra-u-galeriji-mandzic-promocije-knjige-hronika-kulture-tradicije-i-zabave-u-tuzli-osobe-i-dogadjaji-2020\/\",\"name\":\"Sutra u Galeriji Mand\u017ei\u0107 promocije knjige \\\"Hronika kulture, tradicije i zabave u Tuzli \u2013 osobe i doga\u0111aji 2020.\\\" - TuzlaInfo.ba\",\"isPartOf\":{\"@id\":\"https:\/\/tuzlainfo.ba\/#website\"},\"primaryImageOfPage\":{\"@id\":\"https:\/\/tuzlainfo.ba\/index.php\/uncategorized\/item\/152611-sutra-u-galeriji-mandzic-promocije-knjige-hronika-kulture-tradicije-i-zabave-u-tuzli-osobe-i-dogadjaji-2020\/#primaryimage\"},\"image\":{\"@id\":\"https:\/\/tuzlainfo.ba\/index.php\/uncategorized\/item\/152611-sutra-u-galeriji-mandzic-promocije-knjige-hronika-kulture-tradicije-i-zabave-u-tuzli-osobe-i-dogadjaji-2020\/#primaryimage\"},\"thumbnailUrl\":\"https:\/\/tuzlainfo.ba\/wp-content\/uploads\/2021\/10\/inbound552896544508860671.jpg\",\"datePublished\":\"2021-10-29T20:00:31+00:00\",\"dateModified\":\"2021-10-29T18:18:25+00:00\",\"breadcrumb\":{\"@id\":\"https:\/\/tuzlainfo.ba\/index.php\/uncategorized\/item\/152611-sutra-u-galeriji-mandzic-promocije-knjige-hronika-kulture-tradicije-i-zabave-u-tuzli-osobe-i-dogadjaji-2020\/#breadcrumb\"},\"inLanguage\":\"bs-BA\",\"potentialAction\":[{\"@type\":\"ReadAction\",\"target\":[\"https:\/\/tuzlainfo.ba\/index.php\/uncategorized\/item\/152611-sutra-u-galeriji-mandzic-promocije-knjige-hronika-kulture-tradicije-i-zabave-u-tuzli-osobe-i-dogadjaji-2020\/\"]}]},{\"@type\":\"ImageObject\",\"inLanguage\":\"bs-BA\",\"@id\":\"https:\/\/tuzlainfo.ba\/index.php\/uncategorized\/item\/152611-sutra-u-galeriji-mandzic-promocije-knjige-hronika-kulture-tradicije-i-zabave-u-tuzli-osobe-i-dogadjaji-2020\/#primaryimage\",\"url\":\"https:\/\/tuzlainfo.ba\/wp-content\/uploads\/2021\/10\/inbound552896544508860671.jpg\",\"contentUrl\":\"https:\/\/tuzlainfo.ba\/wp-content\/uploads\/2021\/10\/inbound552896544508860671.jpg\",\"width\":562,\"height\":471},{\"@type\":\"BreadcrumbList\",\"@id\":\"https:\/\/tuzlainfo.ba\/index.php\/uncategorized\/item\/152611-sutra-u-galeriji-mandzic-promocije-knjige-hronika-kulture-tradicije-i-zabave-u-tuzli-osobe-i-dogadjaji-2020\/#breadcrumb\",\"itemListElement\":[{\"@type\":\"ListItem\",\"position\":1,\"name\":\"Home\",\"item\":\"https:\/\/tuzlainfo.ba\/\"},{\"@type\":\"ListItem\",\"position\":2,\"name\":\"Sutra u Galeriji Mand\u017ei\u0107 promocije knjige &#8220;Hronika kulture, tradicije i zabave u Tuzli \u2013 osobe i doga\u0111aji 2020.&#8221;\"}]},{\"@type\":\"WebSite\",\"@id\":\"https:\/\/tuzlainfo.ba\/#website\",\"url\":\"https:\/\/tuzlainfo.ba\/\",\"name\":\"TuzlaInfo.ba\",\"description\":\"Tuzla info, gradski informator - Tuzla na dlanu\",\"publisher\":{\"@id\":\"https:\/\/tuzlainfo.ba\/#organization\"},\"potentialAction\":[{\"@type\":\"SearchAction\",\"target\":{\"@type\":\"EntryPoint\",\"urlTemplate\":\"https:\/\/tuzlainfo.ba\/?s={search_term_string}\"},\"query-input\":{\"@type\":\"PropertyValueSpecification\",\"valueRequired\":true,\"valueName\":\"search_term_string\"}}],\"inLanguage\":\"bs-BA\"},{\"@type\":\"Organization\",\"@id\":\"https:\/\/tuzlainfo.ba\/#organization\",\"name\":\"TuzlaInfo.ba\",\"url\":\"https:\/\/tuzlainfo.ba\/\",\"logo\":{\"@type\":\"ImageObject\",\"inLanguage\":\"bs-BA\",\"@id\":\"https:\/\/tuzlainfo.ba\/#\/schema\/logo\/image\/\",\"url\":\"https:\/\/tuzlainfo.ba\/wp-content\/uploads\/2021\/03\/logo-ver-3-1.png\",\"contentUrl\":\"https:\/\/tuzlainfo.ba\/wp-content\/uploads\/2021\/03\/logo-ver-3-1.png\",\"width\":350,\"height\":95,\"caption\":\"TuzlaInfo.ba\"},\"image\":{\"@id\":\"https:\/\/tuzlainfo.ba\/#\/schema\/logo\/image\/\"},\"sameAs\":[\"https:\/\/www.facebook.com\/tuzlainfo.ba\/\"]},{\"@type\":\"Person\",\"@id\":\"https:\/\/tuzlainfo.ba\/#\/schema\/person\/46cad4c57790cbc50781edd14870825a\",\"name\":\"Tuzla Info\",\"image\":{\"@type\":\"ImageObject\",\"inLanguage\":\"bs-BA\",\"@id\":\"https:\/\/tuzlainfo.ba\/#\/schema\/person\/image\/\",\"url\":\"https:\/\/tuzlainfo.ba\/wp-content\/litespeed\/avatar\/b6c453a6c38e3654f2e4416c643fc25c.jpg?ver=1777656712\",\"contentUrl\":\"https:\/\/tuzlainfo.ba\/wp-content\/litespeed\/avatar\/b6c453a6c38e3654f2e4416c643fc25c.jpg?ver=1777656712\",\"caption\":\"Tuzla Info\"}}]}<\/script>\n<!-- \/ Yoast SEO plugin. -->","yoast_head_json":{"title":"Sutra u Galeriji Mand\u017ei\u0107 promocije knjige \"Hronika kulture, tradicije i zabave u Tuzli \u2013 osobe i doga\u0111aji 2020.\" - TuzlaInfo.ba","robots":{"index":"index","follow":"follow","max-snippet":"max-snippet:-1","max-image-preview":"max-image-preview:large","max-video-preview":"max-video-preview:-1"},"canonical":"https:\/\/tuzlainfo.ba\/index.php\/uncategorized\/item\/152611-sutra-u-galeriji-mandzic-promocije-knjige-hronika-kulture-tradicije-i-zabave-u-tuzli-osobe-i-dogadjaji-2020\/","og_locale":"bs_BA","og_type":"article","og_title":"Sutra u Galeriji Mand\u017ei\u0107 promocije knjige \"Hronika kulture, tradicije i zabave u Tuzli \u2013 osobe i doga\u0111aji 2020.\" - TuzlaInfo.ba","og_description":"Publikacija &#8220;Hronika kulture, tradicije i zabave u Tuzli \u2013 osobe i doga\u0111aji 2020.&#8221; bit \u0107e&hellip;","og_url":"https:\/\/tuzlainfo.ba\/index.php\/uncategorized\/item\/152611-sutra-u-galeriji-mandzic-promocije-knjige-hronika-kulture-tradicije-i-zabave-u-tuzli-osobe-i-dogadjaji-2020\/","og_site_name":"TuzlaInfo.ba","article_publisher":"https:\/\/www.facebook.com\/tuzlainfo.ba\/","article_published_time":"2021-10-29T20:00:31+00:00","article_modified_time":"2021-10-29T18:18:25+00:00","og_image":[{"width":562,"height":471,"url":"https:\/\/tuzlainfo.ba\/wp-content\/uploads\/2021\/10\/inbound552896544508860671.jpg","type":"image\/jpeg"}],"author":"Tuzla Info","twitter_card":"summary_large_image","twitter_misc":{"Written by":"Tuzla Info","Est. reading time":"1 minuta"},"schema":{"@context":"https:\/\/schema.org","@graph":[{"@type":"Article","@id":"https:\/\/tuzlainfo.ba\/index.php\/uncategorized\/item\/152611-sutra-u-galeriji-mandzic-promocije-knjige-hronika-kulture-tradicije-i-zabave-u-tuzli-osobe-i-dogadjaji-2020\/#article","isPartOf":{"@id":"https:\/\/tuzlainfo.ba\/index.php\/uncategorized\/item\/152611-sutra-u-galeriji-mandzic-promocije-knjige-hronika-kulture-tradicije-i-zabave-u-tuzli-osobe-i-dogadjaji-2020\/"},"author":{"name":"Tuzla Info","@id":"https:\/\/tuzlainfo.ba\/#\/schema\/person\/46cad4c57790cbc50781edd14870825a"},"headline":"Sutra u Galeriji Mand\u017ei\u0107 promocije knjige &#8220;Hronika kulture, tradicije i zabave u Tuzli \u2013 osobe i doga\u0111aji 2020.&#8221;","datePublished":"2021-10-29T20:00:31+00:00","dateModified":"2021-10-29T18:18:25+00:00","mainEntityOfPage":{"@id":"https:\/\/tuzlainfo.ba\/index.php\/uncategorized\/item\/152611-sutra-u-galeriji-mandzic-promocije-knjige-hronika-kulture-tradicije-i-zabave-u-tuzli-osobe-i-dogadjaji-2020\/"},"wordCount":156,"commentCount":0,"publisher":{"@id":"https:\/\/tuzlainfo.ba\/#organization"},"image":{"@id":"https:\/\/tuzlainfo.ba\/index.php\/uncategorized\/item\/152611-sutra-u-galeriji-mandzic-promocije-knjige-hronika-kulture-tradicije-i-zabave-u-tuzli-osobe-i-dogadjaji-2020\/#primaryimage"},"thumbnailUrl":"https:\/\/tuzlainfo.ba\/wp-content\/uploads\/2021\/10\/inbound552896544508860671.jpg","keywords":["Galerija Mand\u017ei\u0107","promocija knjige"],"articleSection":["Najave i doga\u0111aji","Uncategorized"],"inLanguage":"bs-BA"},{"@type":"WebPage","@id":"https:\/\/tuzlainfo.ba\/index.php\/uncategorized\/item\/152611-sutra-u-galeriji-mandzic-promocije-knjige-hronika-kulture-tradicije-i-zabave-u-tuzli-osobe-i-dogadjaji-2020\/","url":"https:\/\/tuzlainfo.ba\/index.php\/uncategorized\/item\/152611-sutra-u-galeriji-mandzic-promocije-knjige-hronika-kulture-tradicije-i-zabave-u-tuzli-osobe-i-dogadjaji-2020\/","name":"Sutra u Galeriji Mand\u017ei\u0107 promocije knjige \"Hronika kulture, tradicije i zabave u Tuzli \u2013 osobe i doga\u0111aji 2020.\" - TuzlaInfo.ba","isPartOf":{"@id":"https:\/\/tuzlainfo.ba\/#website"},"primaryImageOfPage":{"@id":"https:\/\/tuzlainfo.ba\/index.php\/uncategorized\/item\/152611-sutra-u-galeriji-mandzic-promocije-knjige-hronika-kulture-tradicije-i-zabave-u-tuzli-osobe-i-dogadjaji-2020\/#primaryimage"},"image":{"@id":"https:\/\/tuzlainfo.ba\/index.php\/uncategorized\/item\/152611-sutra-u-galeriji-mandzic-promocije-knjige-hronika-kulture-tradicije-i-zabave-u-tuzli-osobe-i-dogadjaji-2020\/#primaryimage"},"thumbnailUrl":"https:\/\/tuzlainfo.ba\/wp-content\/uploads\/2021\/10\/inbound552896544508860671.jpg","datePublished":"2021-10-29T20:00:31+00:00","dateModified":"2021-10-29T18:18:25+00:00","breadcrumb":{"@id":"https:\/\/tuzlainfo.ba\/index.php\/uncategorized\/item\/152611-sutra-u-galeriji-mandzic-promocije-knjige-hronika-kulture-tradicije-i-zabave-u-tuzli-osobe-i-dogadjaji-2020\/#breadcrumb"},"inLanguage":"bs-BA","potentialAction":[{"@type":"ReadAction","target":["https:\/\/tuzlainfo.ba\/index.php\/uncategorized\/item\/152611-sutra-u-galeriji-mandzic-promocije-knjige-hronika-kulture-tradicije-i-zabave-u-tuzli-osobe-i-dogadjaji-2020\/"]}]},{"@type":"ImageObject","inLanguage":"bs-BA","@id":"https:\/\/tuzlainfo.ba\/index.php\/uncategorized\/item\/152611-sutra-u-galeriji-mandzic-promocije-knjige-hronika-kulture-tradicije-i-zabave-u-tuzli-osobe-i-dogadjaji-2020\/#primaryimage","url":"https:\/\/tuzlainfo.ba\/wp-content\/uploads\/2021\/10\/inbound552896544508860671.jpg","contentUrl":"https:\/\/tuzlainfo.ba\/wp-content\/uploads\/2021\/10\/inbound552896544508860671.jpg","width":562,"height":471},{"@type":"BreadcrumbList","@id":"https:\/\/tuzlainfo.ba\/index.php\/uncategorized\/item\/152611-sutra-u-galeriji-mandzic-promocije-knjige-hronika-kulture-tradicije-i-zabave-u-tuzli-osobe-i-dogadjaji-2020\/#breadcrumb","itemListElement":[{"@type":"ListItem","position":1,"name":"Home","item":"https:\/\/tuzlainfo.ba\/"},{"@type":"ListItem","position":2,"name":"Sutra u Galeriji Mand\u017ei\u0107 promocije knjige &#8220;Hronika kulture, tradicije i zabave u Tuzli \u2013 osobe i doga\u0111aji 2020.&#8221;"}]},{"@type":"WebSite","@id":"https:\/\/tuzlainfo.ba\/#website","url":"https:\/\/tuzlainfo.ba\/","name":"TuzlaInfo.ba","description":"Tuzla info, gradski informator - Tuzla na dlanu","publisher":{"@id":"https:\/\/tuzlainfo.ba\/#organization"},"potentialAction":[{"@type":"SearchAction","target":{"@type":"EntryPoint","urlTemplate":"https:\/\/tuzlainfo.ba\/?s={search_term_string}"},"query-input":{"@type":"PropertyValueSpecification","valueRequired":true,"valueName":"search_term_string"}}],"inLanguage":"bs-BA"},{"@type":"Organization","@id":"https:\/\/tuzlainfo.ba\/#organization","name":"TuzlaInfo.ba","url":"https:\/\/tuzlainfo.ba\/","logo":{"@type":"ImageObject","inLanguage":"bs-BA","@id":"https:\/\/tuzlainfo.ba\/#\/schema\/logo\/image\/","url":"https:\/\/tuzlainfo.ba\/wp-content\/uploads\/2021\/03\/logo-ver-3-1.png","contentUrl":"https:\/\/tuzlainfo.ba\/wp-content\/uploads\/2021\/03\/logo-ver-3-1.png","width":350,"height":95,"caption":"TuzlaInfo.ba"},"image":{"@id":"https:\/\/tuzlainfo.ba\/#\/schema\/logo\/image\/"},"sameAs":["https:\/\/www.facebook.com\/tuzlainfo.ba\/"]},{"@type":"Person","@id":"https:\/\/tuzlainfo.ba\/#\/schema\/person\/46cad4c57790cbc50781edd14870825a","name":"Tuzla Info","image":{"@type":"ImageObject","inLanguage":"bs-BA","@id":"https:\/\/tuzlainfo.ba\/#\/schema\/person\/image\/","url":"https:\/\/tuzlainfo.ba\/wp-content\/litespeed\/avatar\/b6c453a6c38e3654f2e4416c643fc25c.jpg?ver=1777656712","contentUrl":"https:\/\/tuzlainfo.ba\/wp-content\/litespeed\/avatar\/b6c453a6c38e3654f2e4416c643fc25c.jpg?ver=1777656712","caption":"Tuzla Info"}}]}},"_links":{"self":[{"href":"https:\/\/tuzlainfo.ba\/index.php\/wp-json\/wp\/v2\/posts\/152611"}],"collection":[{"href":"https:\/\/tuzlainfo.ba\/index.php\/wp-json\/wp\/v2\/posts"}],"about":[{"href":"https:\/\/tuzlainfo.ba\/index.php\/wp-json\/wp\/v2\/types\/post"}],"author":[{"embeddable":true,"href":"https:\/\/tuzlainfo.ba\/index.php\/wp-json\/wp\/v2\/users\/4"}],"replies":[{"embeddable":true,"href":"https:\/\/tuzlainfo.ba\/index.php\/wp-json\/wp\/v2\/comments?post=152611"}],"version-history":[{"count":0,"href":"https:\/\/tuzlainfo.ba\/index.php\/wp-json\/wp\/v2\/posts\/152611\/revisions"}],"wp:featuredmedia":[{"embeddable":true,"href":"https:\/\/tuzlainfo.ba\/index.php\/wp-json\/wp\/v2\/media\/152612"}],"wp:attachment":[{"href":"https:\/\/tuzlainfo.ba\/index.php\/wp-json\/wp\/v2\/media?parent=152611"}],"wp:term":[{"taxonomy":"category","embeddable":true,"href":"https:\/\/tuzlainfo.ba\/index.php\/wp-json\/wp\/v2\/categories?post=152611"},{"taxonomy":"post_tag","embeddable":true,"href":"https:\/\/tuzlainfo.ba\/index.php\/wp-json\/wp\/v2\/tags?post=152611"}],"curies":[{"name":"wp","href":"https:\/\/api.w.org\/{rel}","templated":true}]}}