{"id":152569,"date":"2021-10-29T15:00:49","date_gmt":"2021-10-29T13:00:49","guid":{"rendered":"https:\/\/tuzlainfo.ba\/?p=152569"},"modified":"2021-10-29T12:08:09","modified_gmt":"2021-10-29T10:08:09","slug":"hoce-li-gradnja-bloka-7-u-tuzli-biti-nastavljena-andelija-i-novalic-porucili-da-ne-odustaju","status":"publish","type":"post","link":"https:\/\/tuzlainfo.ba\/index.php\/novosti\/item\/152569-hoce-li-gradnja-bloka-7-u-tuzli-biti-nastavljena-andelija-i-novalic-porucili-da-ne-odustaju\/","title":{"rendered":"Ho\u0107e li gradnja Bloka 7 u Tuzli biti nastavljena: Andelija i Novali\u0107 poru\u010dili da ne odustaju"},"content":{"rendered":"<p>Federacija Bosne i Hercegovina nije odustala od projekta Bloka 7 Termoelektrane Tuzla.<\/p>\n<p>U razgovoru za Federalnu televiziju to je potvrdio Admir Andelija, generalni direktor Elektroprivrede BiH.<\/p>\n<p>-Zadnje informacije su da je Parlament zatra\u017eio od Vlade FBiH da se defini\u0161e model nastavka realizacije ugovora, odnosno da se jasno defini\u0161e u kom smjeru idemo sa realizacijom ovog projekta. Upoznati smo sa \u010dinjenicom da je na\u0161 kineski partner u ovom projektu do\u0161ao u odre\u0111enu vrstu problema, da je njegov glavni isporu\u010dilac opreme odustao. Partner je poku\u0161ao da na\u0111e novog glavnog isporu\u010dioca opreme i predlo\u017eio je jednu kinesku kompaniju. Kada je u pitanju Blok 7 svjedoci smo da takav jedan blok treba i EP BiH i FBiH. Poku\u0161at \u0107emo taj projekat prepakovati na na\u010din da bude realizovan na zadovoljstvo i jednog i drugog partnera i naravno svih gra\u0111ana FBiH, kazao je Andelija.<\/p>\n<p>Izjava Andelije na tragu je rije\u010di Fadila Novali\u0107a, premijera FBiH, koji je prije nekoliko dana u razgovoru sa gra\u0111anima putem Facebooka kazao da nema odustajanja od projekta Bloka 7.<\/p>\n<p>Gradnju su odobrili Vlada FBiH, Parlament FBiH, Elektroprivreda BiH, \u010dak smo dali i avans od 215 miliona KM, jer taj blok je ki\u010dma energetskog sistema. Ipak, projekat je zapao u tehni\u010dku krizu koju \u0107emo rije\u0161iti. Rije\u010d je o opremi ameri\u010dkog General Electrica koji je zatvorio fabrike. Mislim da \u0107e se ta oprema zamijeniti u saradnji s kineskim isporu\u010diocem, vjerovatno \u0107e to biti i jeftinije. Ne dolazi u obzir odustajanje od Bloka 7, poru\u010dio je Novali\u0107.<\/p>\n<p>Nakon \u0161to se General Electric povukao iz zajedni\u010dkog posla u Tuzli, kineske tvrtke China Gezhouba Group Company (CGGC) i China Energy Engineering Group (GEDI) koje su 2014. godine dobile ugovor s Elektroprivredom BiH o gradnji novog bloka termoelektrane, ponudile su u septembru da generatore izrade i isporu\u010de tvrtke Shanghai Boiler Works i Shanghai Electric Group.<\/p>\n<p>Investicija u Tuzli procijenjena je na 1,5 milijardi konvertibilnih maraka odnosno oko 767 miliona eura, a planirano je da se gradi kreditom koji je osigurala kineska Exim banka.<\/p>\n","protected":false},"excerpt":{"rendered":"<p>Federacija Bosne i Hercegovina nije odustala od projekta Bloka 7 Termoelektrane Tuzla. U razgovoru za&hellip;<\/p>\n","protected":false},"author":4,"featured_media":74464,"comment_status":"open","ping_status":"closed","sticky":false,"template":"","format":"standard","meta":{"_acf_changed":false,"footnotes":""},"categories":[304,12],"tags":[3148,2225,492],"acf":[],"yoast_head":"<!-- This site is optimized with the Yoast SEO plugin v23.5 - https:\/\/yoast.com\/wordpress\/plugins\/seo\/ -->\n<title>Ho\u0107e li gradnja Bloka 7 u Tuzli biti nastavljena: Andelija i Novali\u0107 poru\u010dili da ne odustaju - TuzlaInfo.ba<\/title>\n<meta name=\"robots\" content=\"index, follow, max-snippet:-1, max-image-preview:large, max-video-preview:-1\" \/>\n<link rel=\"canonical\" href=\"https:\/\/tuzlainfo.ba\/index.php\/novosti\/item\/152569-hoce-li-gradnja-bloka-7-u-tuzli-biti-nastavljena-andelija-i-novalic-porucili-da-ne-odustaju\/\" \/>\n<meta property=\"og:locale\" content=\"bs_BA\" \/>\n<meta property=\"og:type\" content=\"article\" \/>\n<meta property=\"og:title\" content=\"Ho\u0107e li gradnja Bloka 7 u Tuzli biti nastavljena: Andelija i Novali\u0107 poru\u010dili da ne odustaju - TuzlaInfo.ba\" \/>\n<meta property=\"og:description\" content=\"Federacija Bosne i Hercegovina nije odustala od projekta Bloka 7 Termoelektrane Tuzla. U razgovoru za&hellip;\" \/>\n<meta property=\"og:url\" content=\"https:\/\/tuzlainfo.ba\/index.php\/novosti\/item\/152569-hoce-li-gradnja-bloka-7-u-tuzli-biti-nastavljena-andelija-i-novalic-porucili-da-ne-odustaju\/\" \/>\n<meta property=\"og:site_name\" content=\"TuzlaInfo.ba\" \/>\n<meta property=\"article:publisher\" content=\"https:\/\/www.facebook.com\/tuzlainfo.ba\/\" \/>\n<meta property=\"article:published_time\" content=\"2021-10-29T13:00:49+00:00\" \/>\n<meta property=\"article:modified_time\" content=\"2021-10-29T10:08:09+00:00\" \/>\n<meta property=\"og:image\" content=\"https:\/\/tuzlainfo.ba\/wp-content\/uploads\/2019\/11\/sadrzaj_2019_20190101_01012019_blok_7_termoelektrana.jpg\" \/>\n\t<meta property=\"og:image:width\" content=\"770\" \/>\n\t<meta property=\"og:image:height\" content=\"482\" \/>\n\t<meta property=\"og:image:type\" content=\"image\/jpeg\" \/>\n<meta name=\"author\" content=\"Tuzla Info\" \/>\n<meta name=\"twitter:card\" content=\"summary_large_image\" \/>\n<meta name=\"twitter:label1\" content=\"Written by\" \/>\n\t<meta name=\"twitter:data1\" content=\"Tuzla Info\" \/>\n\t<meta name=\"twitter:label2\" content=\"Est. reading time\" \/>\n\t<meta name=\"twitter:data2\" content=\"2 minute\" \/>\n<script type=\"application\/ld+json\" class=\"yoast-schema-graph\">{\"@context\":\"https:\/\/schema.org\",\"@graph\":[{\"@type\":\"Article\",\"@id\":\"https:\/\/tuzlainfo.ba\/index.php\/novosti\/item\/152569-hoce-li-gradnja-bloka-7-u-tuzli-biti-nastavljena-andelija-i-novalic-porucili-da-ne-odustaju\/#article\",\"isPartOf\":{\"@id\":\"https:\/\/tuzlainfo.ba\/index.php\/novosti\/item\/152569-hoce-li-gradnja-bloka-7-u-tuzli-biti-nastavljena-andelija-i-novalic-porucili-da-ne-odustaju\/\"},\"author\":{\"name\":\"Tuzla Info\",\"@id\":\"https:\/\/tuzlainfo.ba\/#\/schema\/person\/46cad4c57790cbc50781edd14870825a\"},\"headline\":\"Ho\u0107e li gradnja Bloka 7 u Tuzli biti nastavljena: Andelija i Novali\u0107 poru\u010dili da ne odustaju\",\"datePublished\":\"2021-10-29T13:00:49+00:00\",\"dateModified\":\"2021-10-29T10:08:09+00:00\",\"mainEntityOfPage\":{\"@id\":\"https:\/\/tuzlainfo.ba\/index.php\/novosti\/item\/152569-hoce-li-gradnja-bloka-7-u-tuzli-biti-nastavljena-andelija-i-novalic-porucili-da-ne-odustaju\/\"},\"wordCount\":358,\"commentCount\":0,\"publisher\":{\"@id\":\"https:\/\/tuzlainfo.ba\/#organization\"},\"image\":{\"@id\":\"https:\/\/tuzlainfo.ba\/index.php\/novosti\/item\/152569-hoce-li-gradnja-bloka-7-u-tuzli-biti-nastavljena-andelija-i-novalic-porucili-da-ne-odustaju\/#primaryimage\"},\"thumbnailUrl\":\"https:\/\/tuzlainfo.ba\/wp-content\/uploads\/2019\/11\/sadrzaj_2019_20190101_01012019_blok_7_termoelektrana.jpg\",\"keywords\":[\"Admir Andelija\",\"blok 7\",\"fadil novali\u0107\"],\"articleSection\":[\"Istaknuto\",\"Novosti\"],\"inLanguage\":\"bs-BA\"},{\"@type\":\"WebPage\",\"@id\":\"https:\/\/tuzlainfo.ba\/index.php\/novosti\/item\/152569-hoce-li-gradnja-bloka-7-u-tuzli-biti-nastavljena-andelija-i-novalic-porucili-da-ne-odustaju\/\",\"url\":\"https:\/\/tuzlainfo.ba\/index.php\/novosti\/item\/152569-hoce-li-gradnja-bloka-7-u-tuzli-biti-nastavljena-andelija-i-novalic-porucili-da-ne-odustaju\/\",\"name\":\"Ho\u0107e li gradnja Bloka 7 u Tuzli biti nastavljena: Andelija i Novali\u0107 poru\u010dili da ne odustaju - TuzlaInfo.ba\",\"isPartOf\":{\"@id\":\"https:\/\/tuzlainfo.ba\/#website\"},\"primaryImageOfPage\":{\"@id\":\"https:\/\/tuzlainfo.ba\/index.php\/novosti\/item\/152569-hoce-li-gradnja-bloka-7-u-tuzli-biti-nastavljena-andelija-i-novalic-porucili-da-ne-odustaju\/#primaryimage\"},\"image\":{\"@id\":\"https:\/\/tuzlainfo.ba\/index.php\/novosti\/item\/152569-hoce-li-gradnja-bloka-7-u-tuzli-biti-nastavljena-andelija-i-novalic-porucili-da-ne-odustaju\/#primaryimage\"},\"thumbnailUrl\":\"https:\/\/tuzlainfo.ba\/wp-content\/uploads\/2019\/11\/sadrzaj_2019_20190101_01012019_blok_7_termoelektrana.jpg\",\"datePublished\":\"2021-10-29T13:00:49+00:00\",\"dateModified\":\"2021-10-29T10:08:09+00:00\",\"breadcrumb\":{\"@id\":\"https:\/\/tuzlainfo.ba\/index.php\/novosti\/item\/152569-hoce-li-gradnja-bloka-7-u-tuzli-biti-nastavljena-andelija-i-novalic-porucili-da-ne-odustaju\/#breadcrumb\"},\"inLanguage\":\"bs-BA\",\"potentialAction\":[{\"@type\":\"ReadAction\",\"target\":[\"https:\/\/tuzlainfo.ba\/index.php\/novosti\/item\/152569-hoce-li-gradnja-bloka-7-u-tuzli-biti-nastavljena-andelija-i-novalic-porucili-da-ne-odustaju\/\"]}]},{\"@type\":\"ImageObject\",\"inLanguage\":\"bs-BA\",\"@id\":\"https:\/\/tuzlainfo.ba\/index.php\/novosti\/item\/152569-hoce-li-gradnja-bloka-7-u-tuzli-biti-nastavljena-andelija-i-novalic-porucili-da-ne-odustaju\/#primaryimage\",\"url\":\"https:\/\/tuzlainfo.ba\/wp-content\/uploads\/2019\/11\/sadrzaj_2019_20190101_01012019_blok_7_termoelektrana.jpg\",\"contentUrl\":\"https:\/\/tuzlainfo.ba\/wp-content\/uploads\/2019\/11\/sadrzaj_2019_20190101_01012019_blok_7_termoelektrana.jpg\",\"width\":770,\"height\":482,\"caption\":\"01012019 blok 7 termoelektrana\"},{\"@type\":\"BreadcrumbList\",\"@id\":\"https:\/\/tuzlainfo.ba\/index.php\/novosti\/item\/152569-hoce-li-gradnja-bloka-7-u-tuzli-biti-nastavljena-andelija-i-novalic-porucili-da-ne-odustaju\/#breadcrumb\",\"itemListElement\":[{\"@type\":\"ListItem\",\"position\":1,\"name\":\"Home\",\"item\":\"https:\/\/tuzlainfo.ba\/\"},{\"@type\":\"ListItem\",\"position\":2,\"name\":\"Ho\u0107e li gradnja Bloka 7 u Tuzli biti nastavljena: Andelija i Novali\u0107 poru\u010dili da ne odustaju\"}]},{\"@type\":\"WebSite\",\"@id\":\"https:\/\/tuzlainfo.ba\/#website\",\"url\":\"https:\/\/tuzlainfo.ba\/\",\"name\":\"TuzlaInfo.ba\",\"description\":\"Tuzla info, gradski informator - Tuzla na dlanu\",\"publisher\":{\"@id\":\"https:\/\/tuzlainfo.ba\/#organization\"},\"potentialAction\":[{\"@type\":\"SearchAction\",\"target\":{\"@type\":\"EntryPoint\",\"urlTemplate\":\"https:\/\/tuzlainfo.ba\/?s={search_term_string}\"},\"query-input\":{\"@type\":\"PropertyValueSpecification\",\"valueRequired\":true,\"valueName\":\"search_term_string\"}}],\"inLanguage\":\"bs-BA\"},{\"@type\":\"Organization\",\"@id\":\"https:\/\/tuzlainfo.ba\/#organization\",\"name\":\"TuzlaInfo.ba\",\"url\":\"https:\/\/tuzlainfo.ba\/\",\"logo\":{\"@type\":\"ImageObject\",\"inLanguage\":\"bs-BA\",\"@id\":\"https:\/\/tuzlainfo.ba\/#\/schema\/logo\/image\/\",\"url\":\"https:\/\/tuzlainfo.ba\/wp-content\/uploads\/2021\/03\/logo-ver-3-1.png\",\"contentUrl\":\"https:\/\/tuzlainfo.ba\/wp-content\/uploads\/2021\/03\/logo-ver-3-1.png\",\"width\":350,\"height\":95,\"caption\":\"TuzlaInfo.ba\"},\"image\":{\"@id\":\"https:\/\/tuzlainfo.ba\/#\/schema\/logo\/image\/\"},\"sameAs\":[\"https:\/\/www.facebook.com\/tuzlainfo.ba\/\"]},{\"@type\":\"Person\",\"@id\":\"https:\/\/tuzlainfo.ba\/#\/schema\/person\/46cad4c57790cbc50781edd14870825a\",\"name\":\"Tuzla Info\",\"image\":{\"@type\":\"ImageObject\",\"inLanguage\":\"bs-BA\",\"@id\":\"https:\/\/tuzlainfo.ba\/#\/schema\/person\/image\/\",\"url\":\"https:\/\/tuzlainfo.ba\/wp-content\/litespeed\/avatar\/b6c453a6c38e3654f2e4416c643fc25c.jpg?ver=1777051911\",\"contentUrl\":\"https:\/\/tuzlainfo.ba\/wp-content\/litespeed\/avatar\/b6c453a6c38e3654f2e4416c643fc25c.jpg?ver=1777051911\",\"caption\":\"Tuzla Info\"}}]}<\/script>\n<!-- \/ Yoast SEO plugin. -->","yoast_head_json":{"title":"Ho\u0107e li gradnja Bloka 7 u Tuzli biti nastavljena: Andelija i Novali\u0107 poru\u010dili da ne odustaju - TuzlaInfo.ba","robots":{"index":"index","follow":"follow","max-snippet":"max-snippet:-1","max-image-preview":"max-image-preview:large","max-video-preview":"max-video-preview:-1"},"canonical":"https:\/\/tuzlainfo.ba\/index.php\/novosti\/item\/152569-hoce-li-gradnja-bloka-7-u-tuzli-biti-nastavljena-andelija-i-novalic-porucili-da-ne-odustaju\/","og_locale":"bs_BA","og_type":"article","og_title":"Ho\u0107e li gradnja Bloka 7 u Tuzli biti nastavljena: Andelija i Novali\u0107 poru\u010dili da ne odustaju - TuzlaInfo.ba","og_description":"Federacija Bosne i Hercegovina nije odustala od projekta Bloka 7 Termoelektrane Tuzla. U razgovoru za&hellip;","og_url":"https:\/\/tuzlainfo.ba\/index.php\/novosti\/item\/152569-hoce-li-gradnja-bloka-7-u-tuzli-biti-nastavljena-andelija-i-novalic-porucili-da-ne-odustaju\/","og_site_name":"TuzlaInfo.ba","article_publisher":"https:\/\/www.facebook.com\/tuzlainfo.ba\/","article_published_time":"2021-10-29T13:00:49+00:00","article_modified_time":"2021-10-29T10:08:09+00:00","og_image":[{"width":770,"height":482,"url":"https:\/\/tuzlainfo.ba\/wp-content\/uploads\/2019\/11\/sadrzaj_2019_20190101_01012019_blok_7_termoelektrana.jpg","type":"image\/jpeg"}],"author":"Tuzla Info","twitter_card":"summary_large_image","twitter_misc":{"Written by":"Tuzla Info","Est. reading time":"2 minute"},"schema":{"@context":"https:\/\/schema.org","@graph":[{"@type":"Article","@id":"https:\/\/tuzlainfo.ba\/index.php\/novosti\/item\/152569-hoce-li-gradnja-bloka-7-u-tuzli-biti-nastavljena-andelija-i-novalic-porucili-da-ne-odustaju\/#article","isPartOf":{"@id":"https:\/\/tuzlainfo.ba\/index.php\/novosti\/item\/152569-hoce-li-gradnja-bloka-7-u-tuzli-biti-nastavljena-andelija-i-novalic-porucili-da-ne-odustaju\/"},"author":{"name":"Tuzla Info","@id":"https:\/\/tuzlainfo.ba\/#\/schema\/person\/46cad4c57790cbc50781edd14870825a"},"headline":"Ho\u0107e li gradnja Bloka 7 u Tuzli biti nastavljena: Andelija i Novali\u0107 poru\u010dili da ne odustaju","datePublished":"2021-10-29T13:00:49+00:00","dateModified":"2021-10-29T10:08:09+00:00","mainEntityOfPage":{"@id":"https:\/\/tuzlainfo.ba\/index.php\/novosti\/item\/152569-hoce-li-gradnja-bloka-7-u-tuzli-biti-nastavljena-andelija-i-novalic-porucili-da-ne-odustaju\/"},"wordCount":358,"commentCount":0,"publisher":{"@id":"https:\/\/tuzlainfo.ba\/#organization"},"image":{"@id":"https:\/\/tuzlainfo.ba\/index.php\/novosti\/item\/152569-hoce-li-gradnja-bloka-7-u-tuzli-biti-nastavljena-andelija-i-novalic-porucili-da-ne-odustaju\/#primaryimage"},"thumbnailUrl":"https:\/\/tuzlainfo.ba\/wp-content\/uploads\/2019\/11\/sadrzaj_2019_20190101_01012019_blok_7_termoelektrana.jpg","keywords":["Admir Andelija","blok 7","fadil novali\u0107"],"articleSection":["Istaknuto","Novosti"],"inLanguage":"bs-BA"},{"@type":"WebPage","@id":"https:\/\/tuzlainfo.ba\/index.php\/novosti\/item\/152569-hoce-li-gradnja-bloka-7-u-tuzli-biti-nastavljena-andelija-i-novalic-porucili-da-ne-odustaju\/","url":"https:\/\/tuzlainfo.ba\/index.php\/novosti\/item\/152569-hoce-li-gradnja-bloka-7-u-tuzli-biti-nastavljena-andelija-i-novalic-porucili-da-ne-odustaju\/","name":"Ho\u0107e li gradnja Bloka 7 u Tuzli biti nastavljena: Andelija i Novali\u0107 poru\u010dili da ne odustaju - TuzlaInfo.ba","isPartOf":{"@id":"https:\/\/tuzlainfo.ba\/#website"},"primaryImageOfPage":{"@id":"https:\/\/tuzlainfo.ba\/index.php\/novosti\/item\/152569-hoce-li-gradnja-bloka-7-u-tuzli-biti-nastavljena-andelija-i-novalic-porucili-da-ne-odustaju\/#primaryimage"},"image":{"@id":"https:\/\/tuzlainfo.ba\/index.php\/novosti\/item\/152569-hoce-li-gradnja-bloka-7-u-tuzli-biti-nastavljena-andelija-i-novalic-porucili-da-ne-odustaju\/#primaryimage"},"thumbnailUrl":"https:\/\/tuzlainfo.ba\/wp-content\/uploads\/2019\/11\/sadrzaj_2019_20190101_01012019_blok_7_termoelektrana.jpg","datePublished":"2021-10-29T13:00:49+00:00","dateModified":"2021-10-29T10:08:09+00:00","breadcrumb":{"@id":"https:\/\/tuzlainfo.ba\/index.php\/novosti\/item\/152569-hoce-li-gradnja-bloka-7-u-tuzli-biti-nastavljena-andelija-i-novalic-porucili-da-ne-odustaju\/#breadcrumb"},"inLanguage":"bs-BA","potentialAction":[{"@type":"ReadAction","target":["https:\/\/tuzlainfo.ba\/index.php\/novosti\/item\/152569-hoce-li-gradnja-bloka-7-u-tuzli-biti-nastavljena-andelija-i-novalic-porucili-da-ne-odustaju\/"]}]},{"@type":"ImageObject","inLanguage":"bs-BA","@id":"https:\/\/tuzlainfo.ba\/index.php\/novosti\/item\/152569-hoce-li-gradnja-bloka-7-u-tuzli-biti-nastavljena-andelija-i-novalic-porucili-da-ne-odustaju\/#primaryimage","url":"https:\/\/tuzlainfo.ba\/wp-content\/uploads\/2019\/11\/sadrzaj_2019_20190101_01012019_blok_7_termoelektrana.jpg","contentUrl":"https:\/\/tuzlainfo.ba\/wp-content\/uploads\/2019\/11\/sadrzaj_2019_20190101_01012019_blok_7_termoelektrana.jpg","width":770,"height":482,"caption":"01012019 blok 7 termoelektrana"},{"@type":"BreadcrumbList","@id":"https:\/\/tuzlainfo.ba\/index.php\/novosti\/item\/152569-hoce-li-gradnja-bloka-7-u-tuzli-biti-nastavljena-andelija-i-novalic-porucili-da-ne-odustaju\/#breadcrumb","itemListElement":[{"@type":"ListItem","position":1,"name":"Home","item":"https:\/\/tuzlainfo.ba\/"},{"@type":"ListItem","position":2,"name":"Ho\u0107e li gradnja Bloka 7 u Tuzli biti nastavljena: Andelija i Novali\u0107 poru\u010dili da ne odustaju"}]},{"@type":"WebSite","@id":"https:\/\/tuzlainfo.ba\/#website","url":"https:\/\/tuzlainfo.ba\/","name":"TuzlaInfo.ba","description":"Tuzla info, gradski informator - Tuzla na dlanu","publisher":{"@id":"https:\/\/tuzlainfo.ba\/#organization"},"potentialAction":[{"@type":"SearchAction","target":{"@type":"EntryPoint","urlTemplate":"https:\/\/tuzlainfo.ba\/?s={search_term_string}"},"query-input":{"@type":"PropertyValueSpecification","valueRequired":true,"valueName":"search_term_string"}}],"inLanguage":"bs-BA"},{"@type":"Organization","@id":"https:\/\/tuzlainfo.ba\/#organization","name":"TuzlaInfo.ba","url":"https:\/\/tuzlainfo.ba\/","logo":{"@type":"ImageObject","inLanguage":"bs-BA","@id":"https:\/\/tuzlainfo.ba\/#\/schema\/logo\/image\/","url":"https:\/\/tuzlainfo.ba\/wp-content\/uploads\/2021\/03\/logo-ver-3-1.png","contentUrl":"https:\/\/tuzlainfo.ba\/wp-content\/uploads\/2021\/03\/logo-ver-3-1.png","width":350,"height":95,"caption":"TuzlaInfo.ba"},"image":{"@id":"https:\/\/tuzlainfo.ba\/#\/schema\/logo\/image\/"},"sameAs":["https:\/\/www.facebook.com\/tuzlainfo.ba\/"]},{"@type":"Person","@id":"https:\/\/tuzlainfo.ba\/#\/schema\/person\/46cad4c57790cbc50781edd14870825a","name":"Tuzla Info","image":{"@type":"ImageObject","inLanguage":"bs-BA","@id":"https:\/\/tuzlainfo.ba\/#\/schema\/person\/image\/","url":"https:\/\/tuzlainfo.ba\/wp-content\/litespeed\/avatar\/b6c453a6c38e3654f2e4416c643fc25c.jpg?ver=1777051911","contentUrl":"https:\/\/tuzlainfo.ba\/wp-content\/litespeed\/avatar\/b6c453a6c38e3654f2e4416c643fc25c.jpg?ver=1777051911","caption":"Tuzla Info"}}]}},"_links":{"self":[{"href":"https:\/\/tuzlainfo.ba\/index.php\/wp-json\/wp\/v2\/posts\/152569"}],"collection":[{"href":"https:\/\/tuzlainfo.ba\/index.php\/wp-json\/wp\/v2\/posts"}],"about":[{"href":"https:\/\/tuzlainfo.ba\/index.php\/wp-json\/wp\/v2\/types\/post"}],"author":[{"embeddable":true,"href":"https:\/\/tuzlainfo.ba\/index.php\/wp-json\/wp\/v2\/users\/4"}],"replies":[{"embeddable":true,"href":"https:\/\/tuzlainfo.ba\/index.php\/wp-json\/wp\/v2\/comments?post=152569"}],"version-history":[{"count":0,"href":"https:\/\/tuzlainfo.ba\/index.php\/wp-json\/wp\/v2\/posts\/152569\/revisions"}],"wp:featuredmedia":[{"embeddable":true,"href":"https:\/\/tuzlainfo.ba\/index.php\/wp-json\/wp\/v2\/media\/74464"}],"wp:attachment":[{"href":"https:\/\/tuzlainfo.ba\/index.php\/wp-json\/wp\/v2\/media?parent=152569"}],"wp:term":[{"taxonomy":"category","embeddable":true,"href":"https:\/\/tuzlainfo.ba\/index.php\/wp-json\/wp\/v2\/categories?post=152569"},{"taxonomy":"post_tag","embeddable":true,"href":"https:\/\/tuzlainfo.ba\/index.php\/wp-json\/wp\/v2\/tags?post=152569"}],"curies":[{"name":"wp","href":"https:\/\/api.w.org\/{rel}","templated":true}]}}