{"id":152443,"date":"2021-10-28T15:00:50","date_gmt":"2021-10-28T13:00:50","guid":{"rendered":"https:\/\/tuzlainfo.ba\/?p=152443"},"modified":"2021-10-28T11:50:58","modified_gmt":"2021-10-28T09:50:58","slug":"danas-u-tuzli-predstavljanja-knjige-vitomira-pavlovica-usamljeni-stecak-cazima-sarajlia","status":"publish","type":"post","link":"https:\/\/tuzlainfo.ba\/index.php\/najava-dogadaja-2\/item\/152443-danas-u-tuzli-predstavljanja-knjige-vitomira-pavlovica-usamljeni-stecak-cazima-sarajlia\/","title":{"rendered":"Danas u Tuzli predstavljanja knjige Vitomira Pavlovi\u0107a \u02ddUsamljeni ste\u0107ak \u0106azima Sarajli\u0107a\u02dd"},"content":{"rendered":"<p>Danas u 17 sati, u dvorani Narodne i univerzitetske biblioteke &#8220;Dervi\u0161 Su\u0161i\u0107&#8221; Tuzla, bit \u0107e odr\u017ean Oma\u017e kreativcu u povodu izlaska iz \u0161tampe i predstavljanja knjige Vitomira Pavlovi\u0107a &#8220;Usamljeni ste\u0107ak \u0106azima Sarajli\u0107a&#8221;.<\/p>\n<p>U\u010desnici:<\/p>\n<p>Marica Petrovi\u0107, profesorica<\/p>\n<p>Vlado Kero\u0161evi\u0107, glumac<\/p>\n<p>Mladen Bi\u0107ani\u0107, teatrolog<\/p>\n<p>Vitomir Pavlovi\u0107, autor knjige<\/p>\n<p>Nedim Hrustambegovi\u0107, novinar, medijator<\/p>\n","protected":false},"excerpt":{"rendered":"<p>Danas u 17 sati, u dvorani Narodne i univerzitetske biblioteke &#8220;Dervi\u0161 Su\u0161i\u0107&#8221; Tuzla, bit \u0107e&hellip;<\/p>\n","protected":false},"author":4,"featured_media":86672,"comment_status":"open","ping_status":"closed","sticky":false,"template":"","format":"standard","meta":{"_acf_changed":false,"footnotes":""},"categories":[11],"tags":[3139,3140],"acf":[],"yoast_head":"<!-- This site is optimized with the Yoast SEO plugin v23.5 - https:\/\/yoast.com\/wordpress\/plugins\/seo\/ -->\n<title>Danas u Tuzli predstavljanja knjige Vitomira Pavlovi\u0107a \u02ddUsamljeni ste\u0107ak \u0106azima Sarajli\u0107a\u02dd - TuzlaInfo.ba<\/title>\n<meta name=\"robots\" content=\"index, follow, max-snippet:-1, max-image-preview:large, max-video-preview:-1\" \/>\n<link rel=\"canonical\" href=\"https:\/\/tuzlainfo.ba\/index.php\/najava-dogadaja-2\/item\/152443-danas-u-tuzli-predstavljanja-knjige-vitomira-pavlovica-usamljeni-stecak-cazima-sarajlia\/\" \/>\n<meta property=\"og:locale\" content=\"bs_BA\" \/>\n<meta property=\"og:type\" content=\"article\" \/>\n<meta property=\"og:title\" content=\"Danas u Tuzli predstavljanja knjige Vitomira Pavlovi\u0107a \u02ddUsamljeni ste\u0107ak \u0106azima Sarajli\u0107a\u02dd - TuzlaInfo.ba\" \/>\n<meta property=\"og:description\" content=\"Danas u 17 sati, u dvorani Narodne i univerzitetske biblioteke &#8220;Dervi\u0161 Su\u0161i\u0107&#8221; Tuzla, bit \u0107e&hellip;\" \/>\n<meta property=\"og:url\" content=\"https:\/\/tuzlainfo.ba\/index.php\/najava-dogadaja-2\/item\/152443-danas-u-tuzli-predstavljanja-knjige-vitomira-pavlovica-usamljeni-stecak-cazima-sarajlia\/\" \/>\n<meta property=\"og:site_name\" content=\"TuzlaInfo.ba\" \/>\n<meta property=\"article:publisher\" content=\"https:\/\/www.facebook.com\/tuzlainfo.ba\/\" \/>\n<meta property=\"article:published_time\" content=\"2021-10-28T13:00:50+00:00\" \/>\n<meta property=\"article:modified_time\" content=\"2021-10-28T09:50:58+00:00\" \/>\n<meta property=\"og:image\" content=\"https:\/\/tuzlainfo.ba\/wp-content\/uploads\/2021\/02\/sadrzaj_2021_20210101_01012021_biblioteka.jpg\" \/>\n\t<meta property=\"og:image:width\" content=\"1024\" \/>\n\t<meta property=\"og:image:height\" content=\"640\" \/>\n\t<meta property=\"og:image:type\" content=\"image\/jpeg\" \/>\n<meta name=\"author\" content=\"Tuzla Info\" \/>\n<meta name=\"twitter:card\" content=\"summary_large_image\" \/>\n<meta name=\"twitter:label1\" content=\"Written by\" \/>\n\t<meta name=\"twitter:data1\" content=\"Tuzla Info\" \/>\n<script type=\"application\/ld+json\" class=\"yoast-schema-graph\">{\"@context\":\"https:\/\/schema.org\",\"@graph\":[{\"@type\":\"Article\",\"@id\":\"https:\/\/tuzlainfo.ba\/index.php\/najava-dogadaja-2\/item\/152443-danas-u-tuzli-predstavljanja-knjige-vitomira-pavlovica-usamljeni-stecak-cazima-sarajlia\/#article\",\"isPartOf\":{\"@id\":\"https:\/\/tuzlainfo.ba\/index.php\/najava-dogadaja-2\/item\/152443-danas-u-tuzli-predstavljanja-knjige-vitomira-pavlovica-usamljeni-stecak-cazima-sarajlia\/\"},\"author\":{\"name\":\"Tuzla Info\",\"@id\":\"https:\/\/tuzlainfo.ba\/#\/schema\/person\/46cad4c57790cbc50781edd14870825a\"},\"headline\":\"Danas u Tuzli predstavljanja knjige Vitomira Pavlovi\u0107a \u02ddUsamljeni ste\u0107ak \u0106azima Sarajli\u0107a\u02dd\",\"datePublished\":\"2021-10-28T13:00:50+00:00\",\"dateModified\":\"2021-10-28T09:50:58+00:00\",\"mainEntityOfPage\":{\"@id\":\"https:\/\/tuzlainfo.ba\/index.php\/najava-dogadaja-2\/item\/152443-danas-u-tuzli-predstavljanja-knjige-vitomira-pavlovica-usamljeni-stecak-cazima-sarajlia\/\"},\"wordCount\":71,\"commentCount\":0,\"publisher\":{\"@id\":\"https:\/\/tuzlainfo.ba\/#organization\"},\"image\":{\"@id\":\"https:\/\/tuzlainfo.ba\/index.php\/najava-dogadaja-2\/item\/152443-danas-u-tuzli-predstavljanja-knjige-vitomira-pavlovica-usamljeni-stecak-cazima-sarajlia\/#primaryimage\"},\"thumbnailUrl\":\"https:\/\/tuzlainfo.ba\/wp-content\/uploads\/2021\/02\/sadrzaj_2021_20210101_01012021_biblioteka.jpg\",\"keywords\":[\"Narodna biblioteka Dervi\u0161 Su\u0161i\u0107\",\"Oma\u017e\"],\"articleSection\":[\"Najave i doga\u0111aji\"],\"inLanguage\":\"bs-BA\"},{\"@type\":\"WebPage\",\"@id\":\"https:\/\/tuzlainfo.ba\/index.php\/najava-dogadaja-2\/item\/152443-danas-u-tuzli-predstavljanja-knjige-vitomira-pavlovica-usamljeni-stecak-cazima-sarajlia\/\",\"url\":\"https:\/\/tuzlainfo.ba\/index.php\/najava-dogadaja-2\/item\/152443-danas-u-tuzli-predstavljanja-knjige-vitomira-pavlovica-usamljeni-stecak-cazima-sarajlia\/\",\"name\":\"Danas u Tuzli predstavljanja knjige Vitomira Pavlovi\u0107a \u02ddUsamljeni ste\u0107ak \u0106azima Sarajli\u0107a\u02dd - TuzlaInfo.ba\",\"isPartOf\":{\"@id\":\"https:\/\/tuzlainfo.ba\/#website\"},\"primaryImageOfPage\":{\"@id\":\"https:\/\/tuzlainfo.ba\/index.php\/najava-dogadaja-2\/item\/152443-danas-u-tuzli-predstavljanja-knjige-vitomira-pavlovica-usamljeni-stecak-cazima-sarajlia\/#primaryimage\"},\"image\":{\"@id\":\"https:\/\/tuzlainfo.ba\/index.php\/najava-dogadaja-2\/item\/152443-danas-u-tuzli-predstavljanja-knjige-vitomira-pavlovica-usamljeni-stecak-cazima-sarajlia\/#primaryimage\"},\"thumbnailUrl\":\"https:\/\/tuzlainfo.ba\/wp-content\/uploads\/2021\/02\/sadrzaj_2021_20210101_01012021_biblioteka.jpg\",\"datePublished\":\"2021-10-28T13:00:50+00:00\",\"dateModified\":\"2021-10-28T09:50:58+00:00\",\"breadcrumb\":{\"@id\":\"https:\/\/tuzlainfo.ba\/index.php\/najava-dogadaja-2\/item\/152443-danas-u-tuzli-predstavljanja-knjige-vitomira-pavlovica-usamljeni-stecak-cazima-sarajlia\/#breadcrumb\"},\"inLanguage\":\"bs-BA\",\"potentialAction\":[{\"@type\":\"ReadAction\",\"target\":[\"https:\/\/tuzlainfo.ba\/index.php\/najava-dogadaja-2\/item\/152443-danas-u-tuzli-predstavljanja-knjige-vitomira-pavlovica-usamljeni-stecak-cazima-sarajlia\/\"]}]},{\"@type\":\"ImageObject\",\"inLanguage\":\"bs-BA\",\"@id\":\"https:\/\/tuzlainfo.ba\/index.php\/najava-dogadaja-2\/item\/152443-danas-u-tuzli-predstavljanja-knjige-vitomira-pavlovica-usamljeni-stecak-cazima-sarajlia\/#primaryimage\",\"url\":\"https:\/\/tuzlainfo.ba\/wp-content\/uploads\/2021\/02\/sadrzaj_2021_20210101_01012021_biblioteka.jpg\",\"contentUrl\":\"https:\/\/tuzlainfo.ba\/wp-content\/uploads\/2021\/02\/sadrzaj_2021_20210101_01012021_biblioteka.jpg\",\"width\":1024,\"height\":640,\"caption\":\"01012021 biblioteka\"},{\"@type\":\"BreadcrumbList\",\"@id\":\"https:\/\/tuzlainfo.ba\/index.php\/najava-dogadaja-2\/item\/152443-danas-u-tuzli-predstavljanja-knjige-vitomira-pavlovica-usamljeni-stecak-cazima-sarajlia\/#breadcrumb\",\"itemListElement\":[{\"@type\":\"ListItem\",\"position\":1,\"name\":\"Home\",\"item\":\"https:\/\/tuzlainfo.ba\/\"},{\"@type\":\"ListItem\",\"position\":2,\"name\":\"Danas u Tuzli predstavljanja knjige Vitomira Pavlovi\u0107a \u02ddUsamljeni ste\u0107ak \u0106azima Sarajli\u0107a\u02dd\"}]},{\"@type\":\"WebSite\",\"@id\":\"https:\/\/tuzlainfo.ba\/#website\",\"url\":\"https:\/\/tuzlainfo.ba\/\",\"name\":\"TuzlaInfo.ba\",\"description\":\"Tuzla info, gradski informator - Tuzla na dlanu\",\"publisher\":{\"@id\":\"https:\/\/tuzlainfo.ba\/#organization\"},\"potentialAction\":[{\"@type\":\"SearchAction\",\"target\":{\"@type\":\"EntryPoint\",\"urlTemplate\":\"https:\/\/tuzlainfo.ba\/?s={search_term_string}\"},\"query-input\":{\"@type\":\"PropertyValueSpecification\",\"valueRequired\":true,\"valueName\":\"search_term_string\"}}],\"inLanguage\":\"bs-BA\"},{\"@type\":\"Organization\",\"@id\":\"https:\/\/tuzlainfo.ba\/#organization\",\"name\":\"TuzlaInfo.ba\",\"url\":\"https:\/\/tuzlainfo.ba\/\",\"logo\":{\"@type\":\"ImageObject\",\"inLanguage\":\"bs-BA\",\"@id\":\"https:\/\/tuzlainfo.ba\/#\/schema\/logo\/image\/\",\"url\":\"https:\/\/tuzlainfo.ba\/wp-content\/uploads\/2021\/03\/logo-ver-3-1.png\",\"contentUrl\":\"https:\/\/tuzlainfo.ba\/wp-content\/uploads\/2021\/03\/logo-ver-3-1.png\",\"width\":350,\"height\":95,\"caption\":\"TuzlaInfo.ba\"},\"image\":{\"@id\":\"https:\/\/tuzlainfo.ba\/#\/schema\/logo\/image\/\"},\"sameAs\":[\"https:\/\/www.facebook.com\/tuzlainfo.ba\/\"]},{\"@type\":\"Person\",\"@id\":\"https:\/\/tuzlainfo.ba\/#\/schema\/person\/46cad4c57790cbc50781edd14870825a\",\"name\":\"Tuzla Info\",\"image\":{\"@type\":\"ImageObject\",\"inLanguage\":\"bs-BA\",\"@id\":\"https:\/\/tuzlainfo.ba\/#\/schema\/person\/image\/\",\"url\":\"https:\/\/tuzlainfo.ba\/wp-content\/litespeed\/avatar\/b6c453a6c38e3654f2e4416c643fc25c.jpg?ver=1777051911\",\"contentUrl\":\"https:\/\/tuzlainfo.ba\/wp-content\/litespeed\/avatar\/b6c453a6c38e3654f2e4416c643fc25c.jpg?ver=1777051911\",\"caption\":\"Tuzla Info\"}}]}<\/script>\n<!-- \/ Yoast SEO plugin. -->","yoast_head_json":{"title":"Danas u Tuzli predstavljanja knjige Vitomira Pavlovi\u0107a \u02ddUsamljeni ste\u0107ak \u0106azima Sarajli\u0107a\u02dd - TuzlaInfo.ba","robots":{"index":"index","follow":"follow","max-snippet":"max-snippet:-1","max-image-preview":"max-image-preview:large","max-video-preview":"max-video-preview:-1"},"canonical":"https:\/\/tuzlainfo.ba\/index.php\/najava-dogadaja-2\/item\/152443-danas-u-tuzli-predstavljanja-knjige-vitomira-pavlovica-usamljeni-stecak-cazima-sarajlia\/","og_locale":"bs_BA","og_type":"article","og_title":"Danas u Tuzli predstavljanja knjige Vitomira Pavlovi\u0107a \u02ddUsamljeni ste\u0107ak \u0106azima Sarajli\u0107a\u02dd - TuzlaInfo.ba","og_description":"Danas u 17 sati, u dvorani Narodne i univerzitetske biblioteke &#8220;Dervi\u0161 Su\u0161i\u0107&#8221; Tuzla, bit \u0107e&hellip;","og_url":"https:\/\/tuzlainfo.ba\/index.php\/najava-dogadaja-2\/item\/152443-danas-u-tuzli-predstavljanja-knjige-vitomira-pavlovica-usamljeni-stecak-cazima-sarajlia\/","og_site_name":"TuzlaInfo.ba","article_publisher":"https:\/\/www.facebook.com\/tuzlainfo.ba\/","article_published_time":"2021-10-28T13:00:50+00:00","article_modified_time":"2021-10-28T09:50:58+00:00","og_image":[{"width":1024,"height":640,"url":"https:\/\/tuzlainfo.ba\/wp-content\/uploads\/2021\/02\/sadrzaj_2021_20210101_01012021_biblioteka.jpg","type":"image\/jpeg"}],"author":"Tuzla Info","twitter_card":"summary_large_image","twitter_misc":{"Written by":"Tuzla Info"},"schema":{"@context":"https:\/\/schema.org","@graph":[{"@type":"Article","@id":"https:\/\/tuzlainfo.ba\/index.php\/najava-dogadaja-2\/item\/152443-danas-u-tuzli-predstavljanja-knjige-vitomira-pavlovica-usamljeni-stecak-cazima-sarajlia\/#article","isPartOf":{"@id":"https:\/\/tuzlainfo.ba\/index.php\/najava-dogadaja-2\/item\/152443-danas-u-tuzli-predstavljanja-knjige-vitomira-pavlovica-usamljeni-stecak-cazima-sarajlia\/"},"author":{"name":"Tuzla Info","@id":"https:\/\/tuzlainfo.ba\/#\/schema\/person\/46cad4c57790cbc50781edd14870825a"},"headline":"Danas u Tuzli predstavljanja knjige Vitomira Pavlovi\u0107a \u02ddUsamljeni ste\u0107ak \u0106azima Sarajli\u0107a\u02dd","datePublished":"2021-10-28T13:00:50+00:00","dateModified":"2021-10-28T09:50:58+00:00","mainEntityOfPage":{"@id":"https:\/\/tuzlainfo.ba\/index.php\/najava-dogadaja-2\/item\/152443-danas-u-tuzli-predstavljanja-knjige-vitomira-pavlovica-usamljeni-stecak-cazima-sarajlia\/"},"wordCount":71,"commentCount":0,"publisher":{"@id":"https:\/\/tuzlainfo.ba\/#organization"},"image":{"@id":"https:\/\/tuzlainfo.ba\/index.php\/najava-dogadaja-2\/item\/152443-danas-u-tuzli-predstavljanja-knjige-vitomira-pavlovica-usamljeni-stecak-cazima-sarajlia\/#primaryimage"},"thumbnailUrl":"https:\/\/tuzlainfo.ba\/wp-content\/uploads\/2021\/02\/sadrzaj_2021_20210101_01012021_biblioteka.jpg","keywords":["Narodna biblioteka Dervi\u0161 Su\u0161i\u0107","Oma\u017e"],"articleSection":["Najave i doga\u0111aji"],"inLanguage":"bs-BA"},{"@type":"WebPage","@id":"https:\/\/tuzlainfo.ba\/index.php\/najava-dogadaja-2\/item\/152443-danas-u-tuzli-predstavljanja-knjige-vitomira-pavlovica-usamljeni-stecak-cazima-sarajlia\/","url":"https:\/\/tuzlainfo.ba\/index.php\/najava-dogadaja-2\/item\/152443-danas-u-tuzli-predstavljanja-knjige-vitomira-pavlovica-usamljeni-stecak-cazima-sarajlia\/","name":"Danas u Tuzli predstavljanja knjige Vitomira Pavlovi\u0107a \u02ddUsamljeni ste\u0107ak \u0106azima Sarajli\u0107a\u02dd - TuzlaInfo.ba","isPartOf":{"@id":"https:\/\/tuzlainfo.ba\/#website"},"primaryImageOfPage":{"@id":"https:\/\/tuzlainfo.ba\/index.php\/najava-dogadaja-2\/item\/152443-danas-u-tuzli-predstavljanja-knjige-vitomira-pavlovica-usamljeni-stecak-cazima-sarajlia\/#primaryimage"},"image":{"@id":"https:\/\/tuzlainfo.ba\/index.php\/najava-dogadaja-2\/item\/152443-danas-u-tuzli-predstavljanja-knjige-vitomira-pavlovica-usamljeni-stecak-cazima-sarajlia\/#primaryimage"},"thumbnailUrl":"https:\/\/tuzlainfo.ba\/wp-content\/uploads\/2021\/02\/sadrzaj_2021_20210101_01012021_biblioteka.jpg","datePublished":"2021-10-28T13:00:50+00:00","dateModified":"2021-10-28T09:50:58+00:00","breadcrumb":{"@id":"https:\/\/tuzlainfo.ba\/index.php\/najava-dogadaja-2\/item\/152443-danas-u-tuzli-predstavljanja-knjige-vitomira-pavlovica-usamljeni-stecak-cazima-sarajlia\/#breadcrumb"},"inLanguage":"bs-BA","potentialAction":[{"@type":"ReadAction","target":["https:\/\/tuzlainfo.ba\/index.php\/najava-dogadaja-2\/item\/152443-danas-u-tuzli-predstavljanja-knjige-vitomira-pavlovica-usamljeni-stecak-cazima-sarajlia\/"]}]},{"@type":"ImageObject","inLanguage":"bs-BA","@id":"https:\/\/tuzlainfo.ba\/index.php\/najava-dogadaja-2\/item\/152443-danas-u-tuzli-predstavljanja-knjige-vitomira-pavlovica-usamljeni-stecak-cazima-sarajlia\/#primaryimage","url":"https:\/\/tuzlainfo.ba\/wp-content\/uploads\/2021\/02\/sadrzaj_2021_20210101_01012021_biblioteka.jpg","contentUrl":"https:\/\/tuzlainfo.ba\/wp-content\/uploads\/2021\/02\/sadrzaj_2021_20210101_01012021_biblioteka.jpg","width":1024,"height":640,"caption":"01012021 biblioteka"},{"@type":"BreadcrumbList","@id":"https:\/\/tuzlainfo.ba\/index.php\/najava-dogadaja-2\/item\/152443-danas-u-tuzli-predstavljanja-knjige-vitomira-pavlovica-usamljeni-stecak-cazima-sarajlia\/#breadcrumb","itemListElement":[{"@type":"ListItem","position":1,"name":"Home","item":"https:\/\/tuzlainfo.ba\/"},{"@type":"ListItem","position":2,"name":"Danas u Tuzli predstavljanja knjige Vitomira Pavlovi\u0107a \u02ddUsamljeni ste\u0107ak \u0106azima Sarajli\u0107a\u02dd"}]},{"@type":"WebSite","@id":"https:\/\/tuzlainfo.ba\/#website","url":"https:\/\/tuzlainfo.ba\/","name":"TuzlaInfo.ba","description":"Tuzla info, gradski informator - Tuzla na dlanu","publisher":{"@id":"https:\/\/tuzlainfo.ba\/#organization"},"potentialAction":[{"@type":"SearchAction","target":{"@type":"EntryPoint","urlTemplate":"https:\/\/tuzlainfo.ba\/?s={search_term_string}"},"query-input":{"@type":"PropertyValueSpecification","valueRequired":true,"valueName":"search_term_string"}}],"inLanguage":"bs-BA"},{"@type":"Organization","@id":"https:\/\/tuzlainfo.ba\/#organization","name":"TuzlaInfo.ba","url":"https:\/\/tuzlainfo.ba\/","logo":{"@type":"ImageObject","inLanguage":"bs-BA","@id":"https:\/\/tuzlainfo.ba\/#\/schema\/logo\/image\/","url":"https:\/\/tuzlainfo.ba\/wp-content\/uploads\/2021\/03\/logo-ver-3-1.png","contentUrl":"https:\/\/tuzlainfo.ba\/wp-content\/uploads\/2021\/03\/logo-ver-3-1.png","width":350,"height":95,"caption":"TuzlaInfo.ba"},"image":{"@id":"https:\/\/tuzlainfo.ba\/#\/schema\/logo\/image\/"},"sameAs":["https:\/\/www.facebook.com\/tuzlainfo.ba\/"]},{"@type":"Person","@id":"https:\/\/tuzlainfo.ba\/#\/schema\/person\/46cad4c57790cbc50781edd14870825a","name":"Tuzla Info","image":{"@type":"ImageObject","inLanguage":"bs-BA","@id":"https:\/\/tuzlainfo.ba\/#\/schema\/person\/image\/","url":"https:\/\/tuzlainfo.ba\/wp-content\/litespeed\/avatar\/b6c453a6c38e3654f2e4416c643fc25c.jpg?ver=1777051911","contentUrl":"https:\/\/tuzlainfo.ba\/wp-content\/litespeed\/avatar\/b6c453a6c38e3654f2e4416c643fc25c.jpg?ver=1777051911","caption":"Tuzla Info"}}]}},"_links":{"self":[{"href":"https:\/\/tuzlainfo.ba\/index.php\/wp-json\/wp\/v2\/posts\/152443"}],"collection":[{"href":"https:\/\/tuzlainfo.ba\/index.php\/wp-json\/wp\/v2\/posts"}],"about":[{"href":"https:\/\/tuzlainfo.ba\/index.php\/wp-json\/wp\/v2\/types\/post"}],"author":[{"embeddable":true,"href":"https:\/\/tuzlainfo.ba\/index.php\/wp-json\/wp\/v2\/users\/4"}],"replies":[{"embeddable":true,"href":"https:\/\/tuzlainfo.ba\/index.php\/wp-json\/wp\/v2\/comments?post=152443"}],"version-history":[{"count":0,"href":"https:\/\/tuzlainfo.ba\/index.php\/wp-json\/wp\/v2\/posts\/152443\/revisions"}],"wp:featuredmedia":[{"embeddable":true,"href":"https:\/\/tuzlainfo.ba\/index.php\/wp-json\/wp\/v2\/media\/86672"}],"wp:attachment":[{"href":"https:\/\/tuzlainfo.ba\/index.php\/wp-json\/wp\/v2\/media?parent=152443"}],"wp:term":[{"taxonomy":"category","embeddable":true,"href":"https:\/\/tuzlainfo.ba\/index.php\/wp-json\/wp\/v2\/categories?post=152443"},{"taxonomy":"post_tag","embeddable":true,"href":"https:\/\/tuzlainfo.ba\/index.php\/wp-json\/wp\/v2\/tags?post=152443"}],"curies":[{"name":"wp","href":"https:\/\/api.w.org\/{rel}","templated":true}]}}